{"id":18637,"date":"2020-11-26T15:56:28","date_gmt":"2020-11-26T15:56:28","guid":{"rendered":"https:\/\/www.cilip.de\/?p=18637"},"modified":"2020-11-26T15:56:28","modified_gmt":"2020-11-26T15:56:28","slug":"entfristung-der-vorschriften-zur-terrorismusbekaempfung","status":"publish","type":"post","link":"https:\/\/wp-dev.daten.cool\/?p=18637","title":{"rendered":"Entfristung der Vorschriften zur Terrorismusbek\u00e4mpfung"},"content":{"rendered":"<h3>Elke Steven<\/h3>\n<p>Der Bundestag hat am 5. November 2020 der Entfristung von Vorschriften zur Terrorismusbek\u00e4mpfung zugestimmt, die vor allem die Befugnisse der Nachrichtendienste regeln. Das bisherige Gesetz l\u00e4uft am 10. Januar 2021 aus. Nach den Anschl\u00e4gen vom 9. September 2001 in New York war zum 1. Januar 2002 ein Terrorismusbek\u00e4mfpungsgesetz<a href=\"#_ftn1\" name=\"_ftnref1\">[1]<\/a> \u2013 befristet \u2013 in Kraft getreten. Die aktuelle Evaluation aus der Perspektive des Innenministeriums (InGFA) nahm das Institut f\u00fcr Gesetzesfolgenabsch\u00e4tzung und Evaluation zwischen Oktober 2016 und September 2017 vor<a href=\"#_ftn2\" name=\"_ftnref2\">[2]<\/a>. Im Juli 2018 folgte der Bericht, der den Abbau von \u00dcberregulierung fordert. \u00dcber die Entfristungen wird nun im Bundestag wieder unter dem \u00fcblichen Zeitdruck entschieden, obwohl der Bericht des InGFA bereits l\u00e4nger als ein Jahr vorliegt. Drei Tage nach der \u00dcberweisung an den Innenausschuss organisierte dieser eine Sachverst\u00e4ndigen-Anh\u00f6rung, in der vor allem Bedenken zum Ausdruck kamen<a href=\"#_ftn3\" name=\"_ftnref3\">[3]<\/a>. <!--more-->Mehrfach hat das Bundesverfassungsgericht bisher Gesetze zur Terrorismusbek\u00e4mpfung als verfassungswidrig eingestuft. Zuletzt hat es im Mai 2020 in den Entscheidungen zur Ausland-Ausland-Fernmeldeaufkl\u00e4rung des BND und zur Bestandsdatenauskunft die Notwendigkeit einer grundlegenden Reform des Nachrichtendiensterechts deutlich gemacht. Die Entfristung muss erst recht im Kontext all der Gesetze gesehen werden, die aktuell diskutiert und in den n\u00e4chsten Monaten verabschiedet werden sollen: Staatstrojaner f\u00fcr alle Nachrichtendienste, Rasterfahndung bei Kfz-Kennzeichen, Integration von ca. 2.000 weiteren Bundes-, Landes- und Kommunalbeh\u00f6rden in das SIS II Verfahren.<\/p>\n<p>Nicht nur die Digitale Gesellschaft forderte<a href=\"#_ftn4\" name=\"_ftnref4\">[4]<\/a> vor jeder Verabschiedung von Gesetzen im Bereich des Sicherheitsrechts eine \u00dcberwachungsgesamtrechnung oder eine Freiheitsbestandsanalyse<a href=\"#_ftn5\" name=\"_ftnref5\">[5]<\/a>.<\/p>\n<h6><a href=\"#_ftnref1\" name=\"_ftn1\">[1]<\/a> <a href=\"https:\/\/www.bgbl.de\/xaver\/bgbl\/start.xav?start=\/\/*%5B@attr_id=%27bgbl102s0361.pdf%27%5D#__bgbl__%2F%2F*%5B%40attr_id%3D%27bgbl102s0361.pdf%27%5D__1606471639829\">Gesetz zur Bek\u00e4mpfung des internationalen Terrorismus (Terrorismusbek\u00e4mpfungsgesetz) vom 9. Januar 2002, BGBl I S. 361 ff.<\/a><\/h6>\n<h6><a href=\"#_ftnref2\" name=\"_ftn2\">[2]<\/a> <a href=\"https:\/\/dip21.bundestag.de\/dip21\/btd\/19\/233\/1923350.pdf\">https:\/\/dip21.bundestag.de\/dip21\/btd\/19\/233\/1923350.pdf<\/a><\/h6>\n<h6><a href=\"#_ftnref3\" name=\"_ftn3\">[3]<\/a> <a href=\"https:\/\/www.bundestag.de\/dokumente\/textarchiv\/2020\/kw45-de-terrorismusbekaempfung-802464\">https:\/\/www.bundestag.de\/dokumente\/textarchiv\/2020\/kw45-de-terrorismusbekaempfung-802464<\/a><\/h6>\n<h6><a href=\"#_ftnref4\" name=\"_ftn4\">[4]<\/a> <a href=\"https:\/\/digitalegesellschaft.de\/2020\/11\/stellungnahme-im-innenausschuss-entfristung-der-vorschriften-zur-terrorismusbekaempfung\">https:\/\/digitalegesellschaft.de\/2020\/11\/stellungnahme-im-innenausschuss-entfristung-der-vorschriften-zur-terrorismusbekaempfung<\/a><\/h6>\n<h6><a href=\"#_ftnref5\" name=\"_ftn5\">[5]<\/a> <a href=\"https:\/\/www.fiff.de\/publikationen\/fiff-kommunikation\/fk-jhrg-2019\/fk-2019-4\">https:\/\/www.fiff.de\/publikationen\/fiff-kommunikation\/fk-jhrg-2019\/fk-2019-4<\/a><\/h6>\n","protected":false},"excerpt":{"rendered":"<p>Elke Steven Der Bundestag hat am 5. November 2020 der Entfristung von Vorschriften zur Terrorismusbek\u00e4mpfung<\/p>\n","protected":false},"author":2,"featured_media":0,"comment_status":"open","ping_status":"open","sticky":false,"template":"","format":"standard","meta":{"footnotes":""},"categories":[128,146],"tags":[],"class_list":["post-18637","post","type-post","status-publish","format-standard","hentry","category-cilip-124","category-meldungen-inland"],"_links":{"self":[{"href":"https:\/\/wp-dev.daten.cool\/index.php?rest_route=\/wp\/v2\/posts\/18637","targetHints":{"allow":["GET"]}}],"collection":[{"href":"https:\/\/wp-dev.daten.cool\/index.php?rest_route=\/wp\/v2\/posts"}],"about":[{"href":"https:\/\/wp-dev.daten.cool\/index.php?rest_route=\/wp\/v2\/types\/post"}],"author":[{"embeddable":true,"href":"https:\/\/wp-dev.daten.cool\/index.php?rest_route=\/wp\/v2\/users\/2"}],"replies":[{"embeddable":true,"href":"https:\/\/wp-dev.daten.cool\/index.php?rest_route=%2Fwp%2Fv2%2Fcomments&post=18637"}],"version-history":[{"count":0,"href":"https:\/\/wp-dev.daten.cool\/index.php?rest_route=\/wp\/v2\/posts\/18637\/revisions"}],"wp:attachment":[{"href":"https:\/\/wp-dev.daten.cool\/index.php?rest_route=%2Fwp%2Fv2%2Fmedia&parent=18637"}],"wp:term":[{"taxonomy":"category","embeddable":true,"href":"https:\/\/wp-dev.daten.cool\/index.php?rest_route=%2Fwp%2Fv2%2Fcategories&post=18637"},{"taxonomy":"post_tag","embeddable":true,"href":"https:\/\/wp-dev.daten.cool\/index.php?rest_route=%2Fwp%2Fv2%2Ftags&post=18637"}],"curies":[{"name":"wp","href":"https:\/\/api.w.org\/{rel}","templated":true}]}}