{"id":18694,"date":"2020-12-17T10:17:20","date_gmt":"2020-12-17T10:17:20","guid":{"rendered":"https:\/\/www.cilip.de\/?p=18694"},"modified":"2020-12-17T10:17:20","modified_gmt":"2020-12-17T10:17:20","slug":"redaktionsmitteilung-39","status":"publish","type":"post","link":"https:\/\/wp-dev.daten.cool\/?p=18694","title":{"rendered":"Redaktionsmitteilung"},"content":{"rendered":"<p>Hakenkreuz-Postings, Holocaust-Leugnen und Verbreitung verbotener Pornographie. Am 17.Oktober wird bekannt: Polizeianw\u00e4rter*innen f\u00fcr den gehobenen Dienst betrieben eine rechte Chatgruppe \u2013 trotz liberaler Lehrinhalte an der Berliner Hochschule f\u00fcr Wirtschaft und Recht. Am 27. November nahezu der gleiche Vorfall, diesmal bei der Bundeswehr. Dazwischen der \u201et\u00e4gliche Einzellfall\u201c, so die Kritik in sozialen Medien angesichts der sich h\u00e4ufenden Meldungen \u00fcber Polizeigewalt und rechte Netzwerke im Sicherheitsapparat (diese dokumentieren wir online in unserer monatlichen Chronologie der Inneren Sicherheit).<br \/>\nTrotzdem wollen die AfD, einige Unionspolitiker*innen und allen voran Bundesinnenminister Horst Seehofer weiterhin nichts auf die Polizei kommen lassen. <!--more-->Nach langem Ringen stimmte der Minister zwar Ende Oktober einer wissenschaftlichen Betrachtung der Polizei zu. Er betonte allerdings, die Polizei sei blo\u00df ein Spiegelbild der Gesellschaft (als ob das nicht schlimm genug w\u00e4re) und d\u00fcrfe deshalb nicht unter \u201eGeneralverdacht\u201c gestellt werden. Statt einer Rassismus-Studie sollen jetzt der allgemeine Alltagsrassismus und ein \u201ePolizeialltag\u201c untersucht werden.<br \/>\nIn der breiten \u00d6ffentlichkeit ist derweil dank #BlackLivesMatter endlich angekommen, was Kritiker*innen der Sicherheitsbeh\u00f6rden, inklusive CILIP, schon lange betonen: Wir haben ein #Polizeiproblem, mindestens eines. Dies untersucht die vorliegende Ausgabe im Detail und betont die strukturelle Dimension.<\/p>\n<p>***<\/p>\n<p>In der n\u00e4chsten Ausgabe widmet sich B\u00fcrgerrechte &amp; Polizei\/CILIP dann gleich den L\u00f6sungen dieses #Polizeiproblems. Ankn\u00fcpfend an die Debatte um \u201eDefund the Police!\u201c (Streicht der Polizei die Mittel!) und \u00e4ltere abolitionistische Traditionen suchen wir Alternativen zu den Sicherheitsbeh\u00f6rden, wie wir sie kennen.<\/p>\n<h3>Titelbild: Kundgebung am 19. August 2020 in Hanau (Leonhard Lenz, gemeinfrei)<\/h3>\n","protected":false},"excerpt":{"rendered":"<p>Hakenkreuz-Postings, Holocaust-Leugnen und Verbreitung verbotener Pornographie. Am 17.Oktober wird bekannt: Polizeianw\u00e4rter*innen f\u00fcr den gehobenen Dienst<\/p>\n","protected":false},"author":5,"featured_media":18696,"comment_status":"open","ping_status":"open","sticky":false,"template":"","format":"standard","meta":{"footnotes":""},"categories":[128,141],"tags":[],"class_list":["post-18694","post","type-post","status-publish","format-standard","has-post-thumbnail","hentry","category-cilip-124","category-editorials"],"_links":{"self":[{"href":"https:\/\/wp-dev.daten.cool\/index.php?rest_route=\/wp\/v2\/posts\/18694","targetHints":{"allow":["GET"]}}],"collection":[{"href":"https:\/\/wp-dev.daten.cool\/index.php?rest_route=\/wp\/v2\/posts"}],"about":[{"href":"https:\/\/wp-dev.daten.cool\/index.php?rest_route=\/wp\/v2\/types\/post"}],"author":[{"embeddable":true,"href":"https:\/\/wp-dev.daten.cool\/index.php?rest_route=\/wp\/v2\/users\/5"}],"replies":[{"embeddable":true,"href":"https:\/\/wp-dev.daten.cool\/index.php?rest_route=%2Fwp%2Fv2%2Fcomments&post=18694"}],"version-history":[{"count":0,"href":"https:\/\/wp-dev.daten.cool\/index.php?rest_route=\/wp\/v2\/posts\/18694\/revisions"}],"wp:featuredmedia":[{"embeddable":true,"href":"https:\/\/wp-dev.daten.cool\/index.php?rest_route=\/wp\/v2\/media\/18696"}],"wp:attachment":[{"href":"https:\/\/wp-dev.daten.cool\/index.php?rest_route=%2Fwp%2Fv2%2Fmedia&parent=18694"}],"wp:term":[{"taxonomy":"category","embeddable":true,"href":"https:\/\/wp-dev.daten.cool\/index.php?rest_route=%2Fwp%2Fv2%2Fcategories&post=18694"},{"taxonomy":"post_tag","embeddable":true,"href":"https:\/\/wp-dev.daten.cool\/index.php?rest_route=%2Fwp%2Fv2%2Ftags&post=18694"}],"curies":[{"name":"wp","href":"https:\/\/api.w.org\/{rel}","templated":true}]}}