{"id":18852,"date":"2021-01-12T13:48:16","date_gmt":"2021-01-12T13:48:16","guid":{"rendered":"https:\/\/www.cilip.de\/?p=18852"},"modified":"2021-01-12T13:48:16","modified_gmt":"2021-01-12T13:48:16","slug":"europaeische-polizeizusammenarbeit-im-halbdunkel","status":"publish","type":"post","link":"https:\/\/wp-dev.daten.cool\/?p=18852","title":{"rendered":"Europ\u00e4ische Polizeizusammenarbeit im Halbdunkel"},"content":{"rendered":"<p><b>In der \u201ePolice Working Group on Terrorism\u201c (PWGT) organisieren sich heute die politischen Abteilungen von Polizeibeh\u00f6rden aller Schengen-Staaten. Die informelle Gruppe galt 1979 als Antwort auf linke bewaffnete Bewegungen. Nach deren Aufl\u00f6sung wurde ihr Zweck auf \u201epolitische gewaltt\u00e4tige Aktivit\u00e4ten\u201c erweitert.<\/b><\/p>\n<p>Zusammen mit Polizeibeh\u00f6rden aus den Niederlanden, Belgien und Gro\u00dfbritannien hat das Bundeskriminalamt (BKA) 1979 die europ\u00e4ische \u201eInformelle Arbeitsgruppe Terrorismus\u201c gestartet. Als Gr\u00fcndungsdatum gilt der 25. und 26. April, einen Monat zuvor wurde der britische Botschafter Richard Sykes <a href=\"http:\/\/news.bbc.co.uk\/onthisday\/hi\/dates\/stories\/march\/22\/newsid_2543000\/2543867.stm\">in Den Haag get\u00f6tet<\/a>. Zu der Tat hatte sich die irische IRA bekannt, anfangs hielt die Polizei aber auch eine Beteiligung pal\u00e4stinensischer Gruppen oder der deutschen RAF f\u00fcr m\u00f6glich.<\/p>\n<p>Kurz vor der Wahl von Margaret Thatcher zur britischen Premierministerin im Mai 1979 hat die irische National Liberation Army ihren zuk\u00fcnftigen Nordirlandminister mit einer Autobombe get\u00f6tet. In Deutschland ver\u00fcbten IRA-Kommandos zu dieser Zeit <a href=\"https:\/\/www.spiegel.de\/spiegel\/print\/d-14319350.html\">Anschl\u00e4ge auf britische Soldaten<\/a>, in Belgien versuchte die RAF den NATO-Oberbefehlshaber in Europa in die Luft zu sprengen. Grund genug also f\u00fcr die Abteilung \u201eTerrorismus\u201c des BKA, sich wie die militanten Gruppen ebenfalls international besser zu vernetzen. <!--more--><\/p>\n<h4>Ausdehnung der RAF-Fahndungen auf Westeuropa<\/h4>\n<p>In welche Zeit die Gr\u00fcndung der \u201eInformelle Arbeitsgruppe Terrorismus\u201c gefallen ist hat G\u00fcnther Scheicher, damals Abteilungspr\u00e4sident beim BKA, in einem Vortrag <a href=\"https:\/\/www.bka.de\/SharedDocs\/Downloads\/DE\/DasBKA\/Historie\/05_STVeranstaltungRedeScheicher.pdf\">auf der BKA-Herbsttagung 2011 erl\u00e4utert<\/a>. Die damalige BKA-Abteilung \u201eTerrorismus\u201c hatte fast 400 MitarbeiterInnen, 44 Personen wurden im Zusammenhang mit der RAF mit Haftbefehl gesucht, die ErmittlerInnen rechneten 1.100 Person zu ihrem engeren Umfeld. 1979 war auch das Jahr, in dem erstmals auf Grundlage der Rasterfahndung eine Festnahme in einer \u201ekonspirativen Wohnung\u201c der RAF erfolgte.<\/p>\n<p>Zu den neuen Ma\u00dfnahmen geh\u00f6rte die Ausdehnung der BKA-Fahndungen auf Westeuropa. Die polizeiliche Zusammenarbeit erfolgte \u00fcber Kan\u00e4le des Ausw\u00e4rtigen Amtes, ab 1985 \u00fcber das <a href=\"https:\/\/www.cilip.de\/1991\/12\/26\/trevi-ein-standardbildendes-pilotprojekt\/\">TREVI-Netzwerk<\/a> und mithilfe von Interpol. Am wichtigsten sei laut Schleicher aber \u201edas Verh\u00e4ltnis von Polizei zu Polizei\u201c gewesen. Die internationale Kooperation hat Fr\u00fcchte getragen, von den 35 Festnahmen zwischen 1977 bis 1980 erfolgten 23 im Ausland.<\/p>\n<h4>Politisch motivierte Kriminalit\u00e4t \u201eeinschlie\u00dflich extremistischer Straftaten\u201c<\/h4>\n<p>Bis zur Jahrtausendwende haben sich <a href=\"https:\/\/www.bpb.de\/geschichte\/deutsche-geschichte\/geschichte-der-raf\/49302\/das-ende-der-raf\">die RAF<\/a> und fast alle in Europa agierenden bewaffneten Gruppen der 70er und 80er Jahre aufgel\u00f6st. Die \u201eInformelle Arbeitsgruppe Terrorismus\u201c verzichtet aber bis heute nicht auf ihre Struktur. Heute firmiert die informelle Vernetzung als \u201ePolice Working Group on Terrorism\u201c (PWGT). Teilnehmende sind alle EU-Mitgliedstaaten sowie Island, Norwegen und die Schweiz.<\/p>\n<p>W\u00e4hrend 1979 noch <a href=\"https:\/\/dip21.bundestag.de\/dip21\/btd\/17\/134\/1713440.pdf\">\u201eaktuelle Fragen zur Fahndung nach Terroristen\u201c<\/a> im Vordergrund standen, dient der Zusammenschluss mittlerweile dem gesamten Bereich der Politisch motivierten Kriminalit\u00e4t \u201eeinschlie\u00dflich extremistischer Straftaten\u201c. Damit hat die Gruppe eine \u00e4hnliche Wandlung vollzogen wie das BKA, deren Abteilung \u201eTerrorismus\u201c 1994 in Ab\u00adtei\u00adlung \u201ePo\u00adli\u00adzei\u00adli\u00adcher Staats\u00adschutz&#8220; (ST) <a href=\"https:\/\/www.bka.de\/DE\/DasBKA\/Historie\/GeschichteDesBKA\/geschichteDesBKA_node.html?cms_date=1990\">umbenannt wurde<\/a> und ihre Arbeit von der Strafverfolgung zunehmend ins Vorfeld der \u201eGefahrenabwehr\u201c verlagerte.<\/p>\n<h4>Konferenzen im Mai und November<\/h4>\n<p>Den neuen politischen Kurs hatten die Beteiligten 2000 in einem Memorandum of Understanding vereinbart. Inhaltlich sollte die PWGT zuk\u00fcnftig nicht nur terroristische, sondern auch \u201epolitische gewaltt\u00e4tige Aktivit\u00e4ten\u201c verhindern. Zwei Mal im Jahr (immer im Mai und November) trifft sich die PWGT zur Konferenz, dort werden \u201eaktuelle Geschehnisse und Ph\u00e4nomene mit Bezug zur Politisch motivierten Kriminalit\u00e4t\u201c behandelt.<\/p>\n<p>Anders als die \u201eCounter Terrorism Group\u201c (CTG), <a href=\"https:\/\/netzpolitik.org\/2019\/eu-arbeitet-ohne-mandat-mit-europaeischen-geheimdiensten-zusammen\/\">in der sich seit 2001 europ\u00e4ische Inlandsgeheimdienste vernetzen<\/a>, verf\u00fcgt die PWGT nicht \u00fcber einen rotierenden Vorsitz. Die Entscheidung dar\u00fcber, wo die n\u00e4chste Konferenz stattfindet, erfolgt dem Bundesinnenministerium zufolge \u201eauf Grundlage von Freiwilligenmeldungen\u201c. Dieses \u201eGastgeberland\u201c legt die Tagesordnung fest, einzelne PWGT-Mitglieder k\u00f6nnen Betr\u00e4ge zu \u201eThemen aus dem Ph\u00e4nomenbereich des internationalen Terrorismus\/Extremismus\u201c anmelden.<\/p>\n<h4>Ab 1999 Informationssystem zur \u201eoperativen Zusammenarbeit\u201c<\/h4>\n<p>In der Regel werden bei den Konferenzen besondere Ereignisse vorgetragen. 2004 referierte die spanische Polizei 2004 in Warschau zu den Anschl\u00e4gen in Madrid, 2013 hielt das BKA in Wien einen Vortrag zum \u201eNationalsozialistischen Untergrund\u201c. Auf der Tagesordnung standen dort au\u00dferdem \u201eReisebewegungen potenzieller Terroristen nach Syrien\u201c. Die Treffen behandeln aber auch organisatorische Fragen. So wurden etwa in Warschau drei EU-Mitgliedstaaten, die damals an der PWGT teilnehmen wollten, zun\u00e4chst <a href=\"https:\/\/publications.parliament.uk\/pa\/ld200405\/ldselect\/ldeucom\/53\/4102703.htm\">in den Rang <span style=\"color: #000080\"><span lang=\"zxx\"><u>von <\/u><\/span><\/span>Beobachtern erhoben<\/a>.<\/p>\n<p>Die anfangs eher strategische Vernetzung dient sp\u00e4testens seit 20 Jahren auch \u201ezur operativen Zusammenarbeit\u201c. Die angeschlossenen Beh\u00f6rden haben ab 1999 ein dezentrales System eingerichtet, um \u201eInformationen zu Zwischenf\u00e4llen schnell und genau auszutauschen\u201c. Wieder kam Initiative aus Deutschland, als \u201etechnischer Ausrichter\u201c fungierte laut dem Bundesinnenministerium das BKA. Das System nutzt den Europolkanal SIENA und ist bis zur Geheimhaltungsstufe \u201eVS-Geheim\u201c freigegeben. Weitere Details sind dazu nicht bekannt, neben einem \u201eKryptoger\u00e4t\u201c ben\u00f6tigt die Anlage aber eigene \u201eSoft- und Hardware\u201c. Derzeit arbeitet die PWGT <a href=\"http:\/\/dipbt.bundestag.de\/doc\/btd\/19\/072\/1907268.pdf\">laut dem Bundesinnenministerium<\/a> an der \u201eErneuerung\/Beschaffung des kryptierten Kommunikationssystems\u201c. Es soll zus\u00e4tzlich zu dem SIENA-Kanal eingerichtet werden, Ziel und Zweck der neuen Vernetzung erl\u00e4utert das Ministerium nicht.<\/p>\n<h4>Ausschreibung in nationalen Datenbanken<\/h4>\n<p>Wenn die Staatsschutzabteilung im BKA \u00fcber den PWGT-Kanal Informationen zu verd\u00e4chtigen Personen erh\u00e4lt, k\u00f6nnen diese in deutschen Zentral- und Verbunddateien ausgeschrieben werden. Bekannt wurde diese Praxis in Deutschland ausschlie\u00dflich im Rahmen linker, grenz\u00fcberschreitender Proteste wie dem <a href=\"https:\/\/netzpolitik.org\/2014\/informationelle-fremdbestimmung-kampf-gegen-eintrag-in-polizeidatenbank-wegen-demonstration-freiheit-statt-angst\/\">Grenzcamp in Br\u00fcssel 2010<\/a> oder dem <a href=\"http:\/\/dip21.bundestag.de\/dip21\/btd\/18\/133\/1813345.pdf\">G20-Gipfel 2017 in Hamburg<\/a>. Dort hat das BKA in seiner Funktion als Zentralstelle Personendaten \u00fcber \u201epolizeibekannte\u201c international agierende linke AktivistInnen \u00fcber den PWGT-Kanal erhalten. Neben zahlreichen Schengen-Staaten waren an diesem Austausch Beh\u00f6rden der Vereinigten Staaten beteiligt. M\u00f6glich ist auch, die Informationen zur Ausschreibung nach <a href=\"https:\/\/eur-lex.europa.eu\/legal-content\/DE\/TXT\/HTML\/?uri=CELEX:32007D0533&amp;from=de\">Artikel 36 des SIS-II-Ratsbeschlusses<\/a> zur \u201everdeckten Kontrolle\u201c oder \u201egezielten Kontrolle\u201c zu nutzen.<\/p>\n<p>Beim PWGT-Treffen 2018 in Slowenien hatte die EU-Grenzagentur Frontex einen Vortrag gehalten. Regelm\u00e4\u00dfig wird aber nur Europol zur PWGT eingeladen. Die EU-Polizeiagentur verf\u00fcgt dort \u00fcber einen \u201eBeobachter-\/Gaststatus\u201c. \u00dcber eine Anbindung an das Informationssystem der PWGT verf\u00fcgt Europol nicht, die Agentur k\u00f6nnte aber trotzdem Daten von dort erhalten. Dies legt jedenfalls eine <a href=\"https:\/\/www.europarl.europa.eu\/doceo\/document\/E-7-2013-005552-ASW_DE.html\">Antwort der EU-Kommission<\/a> auf eine parlamentarische Anfrage nahe, wonach Europol nur dann von den Informationen Gebrauch macht, \u201ewenn diese Daten offiziell \u00fcbermittelt werden\u201c.<\/p>\n<h4>\u201eGestaltender Einfluss\u201c auf Europol<\/h4>\n<p><a href=\"http:\/\/dipbt.bundestag.de\/doc\/btd\/18\/118\/1811893.pdf\">Dem Bundesinnenministerium zufolge<\/a> k\u00f6nnte die PWGT zuk\u00fcnftig \u201edurch eine Integration in die Strukturen der Europol-Zusammenarbeit gest\u00e4rkt werden\u201c. Somit w\u00e4re die informelle Gruppe \u201enicht mehr auf einen Informations- und Erfahrungsaustausch reduziert\u201c. Demnach k\u00f6nnte die PWGT <a href=\"https:\/\/www.andrej-hunko.de\/start\/download\/dokumente\/934-schriftliche-frage-zum-positionspapier-des-bka-fuer-eine-verbesserte-bekaempfung-des-terrorismus-in-europa\">\u201egestaltenden Einfluss auf die Aufgabenerledigung [bei Europol] nehmen\u201c<\/a>. Europol soll daf\u00fcr innerhalb seines Antiterrorismus-Zentrums (ECTC) ein \u201eBeratungs-\/ Programmgremium\u201c einzurichten, dem die PWGT beitreten k\u00f6nnte. Dieses Gremium k\u00f6nnte \u201eparallel zu einem operativ ausgerichteten\u201c Team von Verbindungsbeamt*innen agieren.<\/p>\n<p>Von ihrem anf\u00e4nglichen Hinterzimmer-Charakter hat sich die PWGT zu einer festen Struktur der operativen Polizeizusammenarbeit in Europa und dar\u00fcber hinaus entwickelt. Ihre Daseinsberechtigung ist v\u00f6llig unklar, zumal sich mit der Polizeiagentur <a href=\"https:\/\/www.europol.europa.eu\/activities-services\/services-support\">Europol und ihren Datenbanken<\/a>, den <a href=\"https:\/\/www.europol.europa.eu\/careers-procurement\/how-to-apply\/europol-national-units-of-european-member-states\">Heads of Europol National Units<\/a> (HENUs), der<a href=\"https:\/\/www.europol.europa.eu\/general-terms\/european-police-chiefs-convention-epcc\"> Konferenz der europ\u00e4ischen Polizeichefs<\/a> (EPCC) oder dem <a href=\"https:\/\/www.consilium.europa.eu\/de\/council-eu\/preparatory-bodies\/standing-committee-operational-cooperation-internal-security\/\">St\u00e4ndigen Ausschuss f\u00fcr die operative Zusammenarbeit im Bereich der inneren Sicherheit<\/a> (COSI)\u00a0 inzwischen mehrere formal beschlossene Strukturen in der europ\u00e4ischen Polizeizusammenarbeit etabliert haben. Mit dem Schengener Informationssystem, dem bald <a href=\"https:\/\/netzpolitik.org\/2020\/europaeische-kriminalaemter-einigen-sich-auf-gesichtserkennungssystem\/\">ausgeweiteten Pr\u00fcm-Verbund<\/a> und dem geplanten <a href=\"https:\/\/netzpolitik.org\/2020\/qroc-eu-polizeien-planen-neues-informationssystem\/\">QROC<\/a> gibt es zudem ausreichend Kommunikationsnetze im EU-Rahmen.<\/p>\n<p>Laut dem Bundesinnenministerium ist es aber gerade das Halbdunkel, das die Vernetzung in der PWGT weiterhin attraktiv macht. Demnach ist das \u201eHerstellen und die Pflege pers\u00f6nlicher Kontakte\u201c im Rahmen der halbj\u00e4hrlichen Konferenzen \u201edie Basis einer vertrauensvollen polizeilichen Zusammenarbeit\u201c.<\/p>\n<p><em>Beitragsbild: Simon Teune (CC-BY-NC).<\/em><\/p>\n","protected":false},"excerpt":{"rendered":"<p>In der \u201ePolice Working Group on Terrorism\u201c (PWGT) organisieren sich heute die politischen Abteilungen von<\/p>\n","protected":false},"author":3,"featured_media":18855,"comment_status":"open","ping_status":"open","sticky":false,"template":"","format":"standard","meta":{"footnotes":""},"categories":[5],"tags":[309,569,771,1171],"class_list":["post-18852","post","type-post","status-publish","format-standard","has-post-thumbnail","hentry","category-blog","tag-bundeskriminalamt","tag-europol","tag-informelle-arbeitsgruppe-terrorismus","tag-pwgt"],"_links":{"self":[{"href":"https:\/\/wp-dev.daten.cool\/index.php?rest_route=\/wp\/v2\/posts\/18852","targetHints":{"allow":["GET"]}}],"collection":[{"href":"https:\/\/wp-dev.daten.cool\/index.php?rest_route=\/wp\/v2\/posts"}],"about":[{"href":"https:\/\/wp-dev.daten.cool\/index.php?rest_route=\/wp\/v2\/types\/post"}],"author":[{"embeddable":true,"href":"https:\/\/wp-dev.daten.cool\/index.php?rest_route=\/wp\/v2\/users\/3"}],"replies":[{"embeddable":true,"href":"https:\/\/wp-dev.daten.cool\/index.php?rest_route=%2Fwp%2Fv2%2Fcomments&post=18852"}],"version-history":[{"count":0,"href":"https:\/\/wp-dev.daten.cool\/index.php?rest_route=\/wp\/v2\/posts\/18852\/revisions"}],"wp:featuredmedia":[{"embeddable":true,"href":"https:\/\/wp-dev.daten.cool\/index.php?rest_route=\/wp\/v2\/media\/18855"}],"wp:attachment":[{"href":"https:\/\/wp-dev.daten.cool\/index.php?rest_route=%2Fwp%2Fv2%2Fmedia&parent=18852"}],"wp:term":[{"taxonomy":"category","embeddable":true,"href":"https:\/\/wp-dev.daten.cool\/index.php?rest_route=%2Fwp%2Fv2%2Fcategories&post=18852"},{"taxonomy":"post_tag","embeddable":true,"href":"https:\/\/wp-dev.daten.cool\/index.php?rest_route=%2Fwp%2Fv2%2Ftags&post=18852"}],"curies":[{"name":"wp","href":"https:\/\/api.w.org\/{rel}","templated":true}]}}