{"id":18879,"date":"2021-02-13T08:56:51","date_gmt":"2021-02-13T08:56:51","guid":{"rendered":"https:\/\/www.cilip.de\/?p=18879"},"modified":"2021-02-13T08:56:51","modified_gmt":"2021-02-13T08:56:51","slug":"chronologie-januar-2021","status":"publish","type":"post","link":"https:\/\/wp-dev.daten.cool\/?p=18879","title":{"rendered":"Chronologie Januar 2021"},"content":{"rendered":"<h3>zusammengestellt von Otto Diederichs<\/h3>\n<p>1. Januar: <b>Antisemitismus:<\/b> In der Innenstadt von Offenbach (Hessen) <a href=\"https:\/\/www.faz.net\/aktuell\/gesellschaft\/kriminalitaet\/offenbach-mann-soll-rabbiner-antisemitisch-beleidigt-haben-17130237.html\">beleidigt ein Mann<\/a> einen Rabbiner und seine Kinder antisemitisch. Zeugen rufen die Polizei, die den Mann vorl\u00e4ufig festnimmt. <a href=\"https:\/\/www.morgenpost.de\/berlin\/polizeibericht\/article231266282\/Berlin-Kreuzberg-Brand-in-Hochhaus-ausgebrochen.html\">Am 4. Januar<\/a> beleidigt ein Betrunkener einen anderen Mann antisemitisch und greift ihn danach etwas sp\u00e4ter mit einem Messer an; er wird festgenommen. Durch Presseberichte wird <a href=\"https:\/\/www.spiegel.de\/panorama\/justiz\/hamburg-angriff-vor-synagoge-ermittler-halten-taeter-fuer-schuldunfaehig-a-b4af0127-2ba0-4a45-a2bf-b0c7e65f5db3\">am 8. Januar<\/a> bekannt, dass die Staatsanwaltschaft (StA) Hamburg bei einem Mann, der im Oktober 2020 vor der Hamburger Synagoge einen Mann mit Kippa mit einem Klappspaten angegriffen hat, kein antisemitisches Motiv erkennt; er sei psychisch krank und damit schuldunf\u00e4hig. <a href=\"https:\/\/www.spiegel.de\/panorama\/justiz\/nuernberg-polizei-klaert-jahrelange-serie-von-postkarten-hatespeech-auf-a-dc784887-2074-463c-a30d-6a3e890df961\">Am 11. Januar<\/a> kann die bayerische Polizei eine seit 2016 laufende Serie von antisemitischen und rechtsextremen Hassbotschaften mit Postkarten aufkl\u00e4ren; der T\u00e4ter ist gest\u00e4ndig. Er hatte \u00fcber 40 Postkarten an eine Zeitung und an Privatpersonen verschickt. <a href=\"https:\/\/www.zeit.de\/news\/2021-01\/18\/adrenochrom-bis-zog-broschuere-ueber-verschwoerungserzaehlungen\">Am 18. Januar<\/a> ver\u00f6ffentlicht die bayerische Recherche- und Informationsstelle Antisemitismus (RIAS) eine Brosch\u00fcre \u00fcber antisemitische Verschw\u00f6rungsthesen. Danach kam es bayernweit von Januar bis Ende Oktober 2020 insgesamt zu 58 Vorf\u00e4llen. Durch den Jahresbericht 2020 der Berliner Antisemitismus-Beauftragten wird <a href=\"https:\/\/www.berliner-zeitung.de\/news\/jahresbericht-corona-pandemie-fuehrte-zu-konjunktur-antisemitischer-theorien-li.135625\">am 26. Januar<\/a> bekannt, dass im vergangenen Jahr in Berlin 417 Verfahren wegen Antisemitismus eingeleitet wurden (2019: 386).<!--more--><\/p>\n<p>2. Januar: <b>Rechtsradikale Polizist*innen:<\/b> Berlins Innensenator Andreas Geisel (SPD) teilt mit, dass derzeit gegen 47 Polizeibeamt*innen Disziplinarverfahren wegen des <a href=\"https:\/\/www.tagesspiegel.de\/berlin\/polizei-justiz\/die-meisten-faelle-werden-von-kollegen-gemeldet-bei-der-berliner-polizei-laufen-47-verfahren-wegen-extremistischer-aeusserungen\/26763218.html\">Verdachts rechtsradikaler oder rassistischer \u00c4u\u00dferungen<\/a> gef\u00fchrt werden; davon f\u00fcnf bis sechs mit dem Ziel der Dienstentfernung. <a href=\"https:\/\/www.spiegel.de\/panorama\/berlin-24-strafverfahren-gegen-polizisten-wegen-rechtsextremistischer-vorfaelle-a-a1d6bdd6-7d08-475c-925e-ced5bf58acd2\">Am 20. Januar<\/a> gibt Berlins Innenstaatssekret\u00e4r Torsten Akmann (SPD) bekannt, dass die Berliner Polizei im vergangenen Jahr 24 Strafverfahren wegen rechtsradikaler Vorf\u00e4lle gegen ihre Beamt*innen eingeleitet hat.<\/p>\n<p><b>Demonstrationen gegen Corona-Auflagen:<\/b> Auf dem Berliner Alexanderplatz versammeln sich mehr als ein Dutzend <a href=\"https:\/\/www.morgenpost.de\/bezirke\/mitte\/article231253424\/Querdenker-tanzen-und-singen-ohne-Abstand-am-Alex.html\">Corona-Leugner*innen und tanzen und singen ohne Mundschutz<\/a> oder Abstandsregeln. Die Polizei \u00fcberpr\u00fcft Personalien und schreibt Anzeigen. <a href=\"https:\/\/www.spiegel.de\/panorama\/justiz\/a73-bei-erlangen-polizei-loest-corona-protestblockade-auf-autobahn-auf-a-bbc07085-426f-46d6-8769-635ec0eaaeed\">Am 7. Januar<\/a> stoppt die Polizei auf einer Autobahn bei N\u00fcrnberg (Bayern) einen langsam fahrenden Fahrzeugkonvoi von Corona-Leugner*innen. Es werden Anzeigen wegen N\u00f6tigung und Gef\u00e4hrdung des Stra\u00dfenverkehrs gefertigt. In M\u00fcnchen (Bayern) treffen sich <a href=\"https:\/\/www.abendzeitung-muenchen.de\/muenchen\/autokorso-durch-muenchen-aus-protest-gegen-corona-lockdown-art-697207\">am 9. Januar<\/a> 160 Personen in 87 Fahrzeugen und fahren im Zickzackkurs durch die Stadt. Zu Zwischenf\u00e4llen kommt es nicht. Vor dem Privatgrundst\u00fcck von Sachsens Ministerpr\u00e4sident Michael Kretschmer (CDU) in Gro\u00dfsch\u00f6nau demonstrieren <a href=\"https:\/\/www.spiegel.de\/politik\/deutschland\/sachsen-coronaleugner-protestieren-vor-michael-kretschmers-haus-a-48f298a5-56de-42dd-9bdf-171c63448b99\">am 10. Januar<\/a> etwa 30 Corona-Leugner*innen. <a href=\"https:\/\/www.morgenpost.de\/berlin\/polizeibericht\/article231308056\/Blindgaenger-an-B2-entdeckt-Vorbereitung-zur-Entschaerfung.html\">Am 11. Januar<\/a> f\u00e4hrt in Berlin ein Autokorso von Corona-Leugner*innen mit eingeschalteten Warnblinkanlagen und laut hupend durch mehrere Stadtteile. In einer Bar in Berlin treffen sich <a href=\"https:\/\/www.tagesspiegel.de\/berlin\/polizei-loest-versammlung-vor-laufender-kamera-auf-corona-verharmloser-streamen-parteigruendung-in-berliner-bar\/26819364.html\">am 14. Januar<\/a> \u00fcber 20 Corona-Leugner*innen zu einer Parteigr\u00fcndung und streamen dies live im Internet. Da dabei keine Hygieneregeln eingehalten werden, l\u00f6st die Polizei die Veranstaltung nach zwei Stunden auf. <a href=\"https:\/\/www.tagesspiegel.de\/berlin\/corona-verharmloser-in-berliner-bar-parteigruendung-via-livestream-polizei-loest-auch-zweites-treffen-auf\/26819364.html\">Am 15. Januar<\/a> versuchen sie es erneut, auch diese Veranstaltung l\u00f6st die Polizei schnell auf. Der Barbetreiber muss mit einem Bu\u00dfgeld von 25.000 EUR rechnen; zudem <a href=\"https:\/\/www.welt.de\/vermischtes\/article224400844\/Berliner-Bar-Mietvertrag-nach-Versammlung-von-Querdenkern-gekuendigt.html\">k\u00fcndigte ihm der Vermieter<\/a> den Mietvertrag f\u00fcr die Bar. Durch Presseberichte wird <a href=\"https:\/\/www.faz.net\/aktuell\/politik\/inland\/corona-demonstration-nach-krawall-am-reichstag-rund-30-ermittlungsverfahren-17149057.html\">am 16. Januar<\/a> bekannt, dass die Berliner Polizei gegen 40 Personen, die Ende August 2020 im Rahmen einer Anti-Corona-Demonstration versucht hatten, den Reichstag zu st\u00fcrmen, ein <a href=\"https:\/\/www.faz.net\/aktuell\/politik\/inland\/corona-demonstration-nach-krawall-am-reichstag-rund-30-ermittlungsverfahren-17149057.html\">Ermittlungsverfahren<\/a> eingeleitet hat; \u00fcberwiegend wegen Landfriedensbruch. Aber auch wegen anderer Vorw\u00fcrfe wird ermittelt. Trotz Verboten demonstrieren in F\u00fcrth und Erlangen (beide Bayern) jeweils etwa 100 Personen gegen die Corona-Ma\u00dfnahmen; die <a href=\"https:\/\/www.sueddeutsche.de\/bayern\/corona-bayern-news-fuerth-erlangen-demo-verbot-1.5170384\">Polizei l\u00f6st die Veranstaltungen<\/a> auf und erstattet Anzeigen. Am 18. Januar ver\u00f6ffentlicht die bayerische Recherche- und Informationsstelle Antisemitismus (RIAS) eine <a href=\"https:\/\/www.zeit.de\/news\/2021-01\/18\/adrenochrom-bis-zog-broschuere-ueber-verschwoerungserzaehlungen\">Brosch\u00fcre \u00fcber antisemitische Verschw\u00f6rungsthesen<\/a>. Danach kam es von Januar bis Ende Oktober 2020 insbesondere bei Anti-Corona-Demonstrationen zu 46 Vorf\u00e4llen. <a href=\"https:\/\/www.tagesspiegel.de\/berlin\/querdenker-erneut-in-berliner-bar-polizei-genehmigt-veranstaltung-mit-hygienekonzept\/26841790.html\">Am 21. Januar<\/a> treffen sich mehrere Berliner Corona-Leugner*innen erneut zur Parteigr\u00fcndung in der Bar; die Versammlung ist diesmal mit einem Hygienekonzept angemeldet und wird von der Polizei geduldet. Als die Polizei <a href=\"https:\/\/www.welt.de\/vermischtes\/article224907347\/Mittelfranken-Verletzte-Polizisten-nach-Maskenkontrolle-bei-Corona-Demo-Autokorso-auf-A7-verhindert.html\">am 22. Januar<\/a> bei einer Anti-Corona-Demonstration in Unterfranken eine Frau wegen Versto\u00df gegen die Maskenpflicht kontrollieren will, kommt es zu Handgreiflichkeiten mit rund 20 Corona-Leugner*innen. Drei Beamte werden dabei verletzt, einer muss im Krankenhaus behandelt werden. Anzeigen wegen Landfriedensbruch und Widerstand werden gefertigt. Auch auf einer weiteren Demonstration auf einer Autobahn kommt es zu Auseinandersetzungen. <a href=\"https:\/\/www.juris.de\/jportal\/portal\/t\/cb8\/page\/homerl.psml?nid=jnachr-JUNA210100260&amp;cmsuri=%2Fjuris%2Fde%2Fnachrichten%2Fzeigenachricht.jsp\">Am 24. Januar<\/a> best\u00e4tigt der Verwaltungsgerichtshof (VGH) M\u00fcnchen (Bayern) die Auflagen f\u00fcr eine Anti-Corona-Demonstration an diesem Tag und die Begrenzung der Teilnehmendenzahl auf 200 (Az: 10 CS 21.249). Nach Polizeiangaben nahmen <a href=\"https:\/\/www.spiegel.de\/panorama\/gesellschaft\/muenchen-querdenken-demo-ueberschreitet-erlaubte-teilnehmerzahl-a-22eee5b0-5743-4ebf-a9fb-bf3cf2c458c0\">dennoch etwa 300 Personen<\/a> daran teil. Bei einer Anti-Corona-Kundgebung von 50 Menschen in Frankfurt\/M. (Hessen) am <a href=\"https:\/\/www.fr.de\/frankfurt\/frankfurt-corona-demonstration-querdenker-069-antisemitismus-polizei-blaulicht-zeugen-bornheim-zr-90182838.html\">26. Januar<\/a> fallen auch antisemitische Schuldzuweisungen; die Polizei ermittelt. In Butzbach (beide Hessen) marschieren <a href=\"https:\/\/www.fr.de\/rhein-main\/querdenken-marschiert-90184226.html\">am selben Tag<\/a> etwa 70 Personen durch die Innenstadt. In einem Autokorso mit mehreren 100 Teilnehmer*innen demonstrieren <a href=\"https:\/\/www.spiegel.de\/panorama\/gesellschaft\/stuttgart-querdenken-buendnis-demonstriert-wieder-mit-autokorso-a-2059dd1a-d52f-4f51-a086-b30f2d9459da\">am 27. Januar<\/a> Corona-Leugner*innen in Stuttgart (Baden-W\u00fcrttemberg). Die baden-w\u00fcrttembergische Anti-Corona-Bewegung wird inzwischen vom <a href=\"https:\/\/www.spiegel.de\/politik\/deutschland\/verfassungsschutz-will-querdenker-beobachten-a-0f598ca4-5981-4592-8588-3ce1494f6699\">Landesamt f\u00fcr Verfassungsschutz (LfV) beobachtet<\/a>. <a href=\"https:\/\/www.tagesspiegel.de\/berlin\/corona-demo-an-der-siegessaeule-hunderte-querdenker-und-rechtsextreme-protestieren-in-berlin-mitte\/26870042.html\">Am 31. Januar<\/a> demonstrieren etwa 500 Corona-Leugner*innen in Berlin, ihnen schlie\u00dft sich unterwegs ein Autokorso an. Ebenfalls am 31. Januar kommt es in M\u00fcnchen (Bayern) zu einer <a href=\"https:\/\/www.juris.de\/jportal\/portal\/t\/d66\/page\/homerl.psml?nid=jnachr-JUNA210200384&amp;cmsuri=%2Fjuris%2Fde%2Fnachrichten%2Fzeigenachricht.jsp\">Kundgebung mit mehreren 100 Teilnehmer*innen<\/a> vor dem bayerischen VGH. Eine Demonstration durch die Innenstadt hatte der VGH zuvor verboten (Az: 10 CS 21.323); die Versammlung jedoch \u00fcber die g\u00fcltige Ausgangssperre hinaus genehmigt. Am Hauptbahnhof kommt es zu einer <a href=\"https:\/\/www.sueddeutsche.de\/muenchen\/muenchen-corona-demo-querdenker-gericht-1.5191394\">unangemeldeten Demonstration.<\/a><\/p>\n<p><b>Umweltdemonstrationen:<\/b> Bei einer Protestaktion gegen den <a href=\"https:\/\/www.faz.net\/aktuell\/gesellschaft\/kriminalitaet\/polizei-entdeckt-brandsatz-und-nagelbretter-17130856.html\">Autobahnausbau im Dannenr\u00f6der Wald (Hessen)<\/a> stellt die Polizei auf der gerodeten Schneise ein Zelt sowie zwei in den Boden eingegrabene Nagelbretter und einen Brandsatz fest; in einem Baum befindet sich in einer H\u00e4ngematte ein Aktivist. Die Gegenst\u00e4nde werden entfernt, der Umweltsch\u00fctzer aus Sicherheitsgr\u00fcnden vorerst geduldet. Durch Presseberichte wird <a href=\"https:\/\/www.faz.net\/aktuell\/gesellschaft\/kriminalitaet\/a49-gegnerin-in-u-haft-polizisten-getreten-und-gebissen-17137122.html\">am 8. Januar<\/a> bekannt, dass die StA Gie\u00dfen (Hessen) einen Haftbefehl wegen des Tatverdachts der gef\u00e4hrlichen K\u00f6rperverletzung f\u00fcr eine Aktivistin gegen den Autobahnausbau erlassen hat. Der Frau wird vorgeworfen, bei ihrer Festnahme einen Beamten getreten und einen anderen gebissen zu haben; sie wurde in Untersuchungshaft genommen. Durch Presseberichte wird <a href=\"https:\/\/www.fr.de\/rhein-main\/hessen-protest-im-danneroeder-forst-geht-weiter-90171643.html\">am 17. Januar<\/a> bekannt, dass der Polizei aktuell vier Protestcamps im Forst bekannt sind. <a href=\"https:\/\/www.fr.de\/rhein-main\/danneroder-wald-protest-gegenweitere-rodungen-90175472.html\">Am 20. Januar<\/a> kommt es bei Baumf\u00e4llarbeiten f\u00fcr den Weiterbau der Autobahn zu einer erneuten Spontandemonstration, die die Arbeiten blockiert; es bleibt friedlich. Im hessischen Landtag berichtet Landesinnenminister Peter Beuth (CDU) <a href=\"https:\/\/www.fr.de\/rhein-main\/landespolitik\/hessens-minister-beuth-ist-erleichtert-nach-polizeieinsatz-im-dannenroeder-forst-90176847.html\">am 21. Januar<\/a>, dass bei den Polizeieins\u00e4tzen im Dannenr\u00f6der Forst 20 Beamt*innen durch Angriffe von Protestierenden verletzt wurden.<\/p>\n<p>3. Januar: <b>Polizeisch\u00fcsse:<\/b> In Berlin randaliert ein Mann und schl\u00e4gt mit einer Axt auf Autos ein. Als Polizeibeamt*innen ihn zu Boden bringen, greift sein Hund sie an; ein <a href=\"https:\/\/www.tagesspiegel.de\/berlin\/polizei-justiz\/polizeimeldungen-aus-berlin-und-brandenburg-mann-randaliert-mit-axt-polizist-schiesst-auf-seinen-hund-\/25616846.html\">Beamter schie\u00dft auf ihn<\/a> und verletzt ihn. Aus einer parlamentarischen Anfrage der Linksfraktion im Berliner Abgeordnetenhaus geht <a href=\"https:\/\/www.tagesspiegel.de\/berlin\/dienstwaffen-im-einsatz-127-mal-schoss-die-polizei-im-jahr-2020-eine-frau-starb\/26782432.html\">am 8. Januar<\/a> hervor, dass Berliner Polizist*innen im Jahr 2020 insgesamt 127 Mal von ihrer Dienstwaffe Gebrauch machten. <a href=\"https:\/\/www.spiegel.de\/panorama\/justiz\/rendsburg-autofahrer-haelt-auf-polizisten-zu-verfolgungsjagd-auf-der-a7-a-cfef7fcf-0df0-49f5-9625-d6c159cdb89f\">Am 21. Januar<\/a> durchbricht ein Autofahrer eine Verkehrskontrolle bei Rendsburg (Schleswig-Holstein) und fl\u00fcchtet. Als er auch eine zweite Sperre durchbrechen will, schie\u00dfen die Beamt*innen auf die Reifen des Fahrzeugs; eine Polizistin wird bei dem Einsatz verletzt. In Duisburg (NRW) erschie\u00dft <a href=\"https:\/\/www.spiegel.de\/panorama\/justiz\/duisburg-polizei-erschiesst-aggressiven-schaeferhund-am-ruhrufer-a-f032a914-8020-481d-8486-293533e0ffd5\">am 24. Januar<\/a> ein Polizeibeamter einen aggressiven Hund, der seine Besitzerin und einen anderen Menschen angegriffen und schwer verletzt hatte. <a href=\"https:\/\/www.spiegel.de\/panorama\/solingen-16-jaehriger-fluechtet-im-auto-vor-der-polizei-a-74591767-da9d-4c10-8528-4aad8b36bf36\">Am 26. Januar<\/a> wollen Zivilpolizist*innen auf der Autobahn bei Solingen (NRW) ein Fahrzeug \u00fcberpr\u00fcfen dessen Kennzeichen als gestohlen gemeldet sind. Der jugendliche Fahrer versucht zu fl\u00fcchten und schleift dabei einen Beamten mehrere Meter mit. Daraufhin schie\u00dfen die Beamt*innen auf die Reifen des Wagens, der dann einige Kilometer weiter von einem anderen Polizeifahrzeug gestoppt wird. Der Fahrer fl\u00fcchtet trotz eines Warnschusses in ein Waldst\u00fcck und wird sp\u00e4ter daheim festgenommen.<\/p>\n<p><b>Angriffe auf Polizist*innen:<\/b> In Hannover (Niedersachsen) wird die Polizei gerufen, weil von <a href=\"https:\/\/www.welt.de\/vermischtes\/article223655146\/Hannover-Schuesse-vom-Balkon-Mutter-und-Sohn-angezeigt.html\">einem Balkon geschossen<\/a> wird. Als die Beamt*innen eintreffen, werden sie von einem jungen Mann und seiner Mutter angegriffen. Zwei Schreckschusswaffen werden sichergestellt und Anzeigen gefertigt. Durch Presseberichte wird <a href=\"https:\/\/taz.de\/Mutmassliche-Polizeigewalt-in-Essen\/!5742324\/\">am 6. Januar<\/a> bekannt, dass ein Amtsgericht (AG) in Essen (NRW) zwei schwarze M\u00e4nner, die w\u00e4hrend einer Verkehrskontrolle im Dezember 2019 Widerstand geleistet und Polizisten angegriffen haben sollen, freispricht. Aus Tonaufnahmen des Vorfalls geht hervor, dass die Gewalt ausschlie\u00dflich von den Beamten ausging; die Ermittlungen wegen K\u00f6rperverletzung im Amt laufen noch. Die Beamten sollen zudem in einen rassistisch motivierten Vorfall im M\u00e4rz 2020 beteiligt gewesen sein. Bei zwei Corona-Kontrollen in Berlin <a href=\"https:\/\/www.tagesspiegel.de\/berlin\/sie-wollten-auf-die-maskenpflicht-hinweisen-polizisten-bei-corona-kontrolle-in-berlin-kreuzberg-angegriffen\/26784764.html\">am 9. Januar<\/a> werden Polizeibeamt*innen angegriffen; einer muss im Krankenhaus behandelt werden. <a href=\"https:\/\/www.spiegel.de\/panorama\/justiz\/dortmund-streit-unter-bruedern-eskaliert-drei-maenner-gehen-auf-polizisten-los-a-2d5a3a3b-dbbf-4a30-9818-61e56f0fc030\">Am gleichen Tag<\/a> werden in Dortmund (NRW) Polizeibeamt*innen, die einen betrunkenen Mann in Gewahrsam nehmen wollen, von dessen zwei Br\u00fcdern angegriffen; gegen alle drei M\u00e4nner werden Anzeigen erstattet. In Halle\/Saale (Sachsen-Anhalt) greift <a href=\"https:\/\/www.spiegel.de\/panorama\/justiz\/halle-saale-mann-ohne-mundschutz-und-ticket-schlaegt-polizist-a-7b3c2dc0-c149-4205-84a0-f6968acc73ef\">am 14. Januar<\/a> ein Schwarzfahrer ohne Corona-Mundschutz an einer Stra\u00dfenbahnhaltestelle Polizist*innen an und schl\u00e4gt einen Beamten. Er wird vorl\u00e4ufig festgenommen. Nach einer K\u00f6rperverletzung wollen in Berlin <a href=\"https:\/\/www.morgenpost.de\/berlin\/polizeibericht\/article231344240\/Mit-Messer-gedroht-Geld-aus-Kasse-einer-Baeckerei-geraubt.html\">am 15. Januar<\/a> zwei Zivilpolizist*innen drei junge M\u00e4nner \u00fcberpr\u00fcfen. Einer von ihnen schl\u00e4gt der Polizistin eine Flasche gegen den Kopf w\u00e4hrend ein anderer auf ihren Kollegen einschl\u00e4gt; der dritte fl\u00fcchtet. Hinzukommende Beamt*innen nehmen die Schl\u00e4ger in Gewahrsam; die Angegriffenen treten vom Dienst ab. <a href=\"https:\/\/www.spiegel.de\/panorama\/justiz\/corona-party-bei-osnabrueck-feiernde-greifen-polizisten-an-a-60bd9dc5-9f06-41e5-a063-e8df16501692\">Am 24. Januar<\/a> gibt die Polizei in Osnabr\u00fcck (Niedersachsen) bekannt, dass bei der Aufl\u00f6sung einer illegalen Party von sechs betrunkenen M\u00e4nnern diese die Beamt*innen heftig angegriffen hatten; ein Beamter musste vom Dienst abtreten. Die StA Augsburg (Bayern) teilt am <a href=\"https:\/\/www.abendzeitung-muenchen.de\/bayern\/anklage-wegen-versuchten-totschlags-an-polizisten-art-701374https:\/\/www.abendzeitung-muenchen.de\/bayern\/anklage-wegen-versuchten-totschlags-an-polizisten-art-701374\">am 26. Januar<\/a> mit, dass sie einen Ladendieb, der im Juni 2020 Polizist*innen mit einem Messer angegriffen hatte, wegen versuchten Totschlags angeklagt hat. Er war damals von den Beamt*innen mit Sch\u00fcssen gestoppt und schwer verletzt worden; die Sch\u00fcsse waren von der StA als Notwehr eingestuft worden.<\/p>\n<p>4. Januar: <b>Prozesse gegen Polizist*innen:<\/b> Vor dem AG in Weimar (Th\u00fcringen) beginnt der Prozess gegen einen Polizeibeamten wegen <a href=\"https:\/\/www.sueddeutsche.de\/panorama\/prozesse-weimar-prozess-um-geheimnisverrat-debatte-um-alltag-bei-polizei-dpa.urn-newsml-dpa-com-20090101-210103-99-884964\">Verrat von Dienstgeheimnissen<\/a>. Er soll in den Jahren 2017\/2018 in mindestens 35 F\u00e4llen Informationen an Dritte weitergegeben haben. <a href=\"https:\/\/www1.wdr.de\/nachrichten\/rheinland\/duesseldorf-polizisten-vor-gericht-koerperverletzung-100.html\">Am 27. Januar<\/a> verurteilt das AG D\u00fcsseldorf (NRW) zwei Polizeibeamte wegen K\u00f6rperverletzung im Amt zu Bew\u00e4hrungsstrafen zwischen sechs und neun Monaten sowie Schmerzensgeldzahlungen zwischen 2.500 und 3.000 EUR an das Opfer. Sie hatten den Mann im Oktober 2017 derartig geschlagen, dass er mehrere Knochenbr\u00fcche im Gesicht erlitt.<\/p>\n<p>5. Januar: <b>K\u00f6rperverletzung im Amt:<\/b> In Berlin zeigt ein Polizeibeamter einen Kollegen an, der nach einer Verfolgungsfahrt den gestellten Fahrer <a href=\"https:\/\/www1.wdr.de\/nachrichten\/rheinland\/duesseldorf-polizisten-vor-gericht-koerperverletzung-100.html\">bei der Festnahme misshandelt<\/a> haben soll. Gegen den Beamten wird ermittelt.<\/p>\n<p><b>Taser:<\/b> Durch Presseberichte wird bekannt, dass der Taser von der Polizei in Rheinland-Pfalz in der Zeit von Ende 2018 bis Ende 2019 <a href=\"https:\/\/www.faz.net\/aktuell\/gesellschaft\/kriminalitaet\/auch-nrw-testet-taser-im-polizeieinsatz-17131917.html\">insgesamt 139 Mal eingesetzt<\/a> wurde, wobei \u00fcberwiegend bereits eine Androhung zur Entsch\u00e4rfung der Situation ausreichte. Das Innenministerium in Mainz bewertet die Erprobung des Tasers daher positiv.<\/p>\n<p>6. Januar: <b>Polizeilicher Todesschuss:<\/b> In M\u00fclheim\/Ruhr (NRW) wird die Polizei gerufen, weil in einem Mehrfamilienhaus \u201elaute Knallger\u00e4usche\u201c geh\u00f6rt werden. Als die Beamt*innen ankommen, treffen sie im Hausflur auf einen <a href=\"https:\/\/rp-online.de\/nrw\/panorama\/polizeieeinsatz-muelheim-an-der-ruhr-schiesserei-mit-bewaffneten-mann-tatverdaechtiger-tot_aid-55546675\">Mann mit einem Gewehr<\/a>. Bei dem anschlie\u00dfenden Schusswaffengebrauch wird der Mann t\u00f6dlich getroffen und verstirbt vor Ort.<\/p>\n<p><b>Asyl: <\/b>Durch Presseberichte wird bekannt, dass im Jahr 2020 insgesamt 491 <a href=\"https:\/\/www.tagesspiegel.de\/berlin\/jahresbilanz-2020-zu-jungen-gefluechteten-familien-schickten-500-kinder-nach-berlin\/26774804.html\">unbegleitete Kinder<\/a> in Berlin angekommen sind; haupts\u00e4chlich aus Afghanistan. <a href=\"https:\/\/www.spiegel.de\/politik\/deutschland\/zahl-der-asylantraege-ist-im-corona-jahr-2020-deutlich-zurueckgegangen-a-16c52edd-d661-4d36-af74-9a28ed9fb13e\">Am 10. Januar<\/a> gibt das Bundesinnenministerium bekannt, dass im vergangenen Jahr 102.581 Menschen einen Asylantrag in Deutschland gestellt haben (2019: 142.509); mit 25.373 Antr\u00e4gen waren die meisten von ihnen aus Syrien (Afghanistan: 8.051 \/ Irak: 7.366 \/ ungekl\u00e4rt: 2.878). <a href=\"https:\/\/www.tagesspiegel.de\/berlin\/eine-pandemie-bringt-flucht-nicht-zum-erliegen-berlin-hat-2020-ein-viertel-weniger-asylsuchende-aufgenommen\/26790978.html\">Am 12. Januar<\/a> teilt das Berliner Landesamt f\u00fcr Fl\u00fcchtlingsangelegenheiten mit, dass 2020 in der Stadt insgesamt 4.589 Asylsuchende registriert wurden (2019: 6.314 \/ 2015: etwa 55.000). Der Europ\u00e4ische Gerichtshof (EuGH) entscheidet <a href=\"https:\/\/www.welt.de\/politik\/article224341384\/Europaeischer-Gerichtshof-schuetzt-minderjaehrige-Migranten-besser.html\">am 14. Januar<\/a>, dass minderj\u00e4hrige Fl\u00fcchtlinge nur dann in ihr Heimatland abgeschoben werden d\u00fcrfen, wenn dort \u201eeine geeignete Aufnahmem\u00f6glichkeit\u201c vorhanden ist. Geklagt hatte ein 15-j\u00e4hriger Ghanaer. Durch eine parlamentarische Anfrage der Linksfraktion im Bundestag wird <a href=\"https:\/\/www.faz.net\/aktuell\/politik\/inland\/deutschland-uebernimmt-weniger-schiffbruechige-als-zugesagt-17145310.html\">am gleichen Tag<\/a> bekannt, dass die Bundesrepublik seit Juni 2018 statt der zugesagten 1.314 Bootsfl\u00fcchtlinge nur 845 aufgenommen hat.<\/p>\n<p>7. Januar: <b>Dschihadismus:<\/b> In M\u00fcnchen (Bayern), Ulm (Baden-W\u00fcrttemberg) und Delmenhorst (Niedersachsen) nimmt die Polizei drei mutma\u00dfliche <a href=\"https:\/\/www.spiegel.de\/politik\/deutschland\/islamisten-festgenommen-razzia-gegen-mutmassliche-terror-finanziers-a-7405a490-3e0d-46db-b511-db8d8b8a0b9c\">Finanziers einer islamistischen Terrormiliz<\/a> fest. Die Bundesanwaltschaft (BAW) ermittelt. <a href=\"https:\/\/www.faz.net\/aktuell\/politik\/inland\/wiesbaden-mutmasslicher-terrorfinanzierer-in-u-haft-17152191.html\">Am 15. Januar<\/a> wird in Wiesbaden (Hessen) ein vierter Mann unter diesem Verdacht festgenommen und Haftbefehl erlassen.<\/p>\n<p>8. Januar: <b>Rechtsextremistischer Mordanschlag in Halle<\/b>: Vor dem <a href=\"https:\/\/www.spiegel.de\/panorama\/terroranschlag-in-halle-einsatzleiter-raeumt-fehler-ein-a-d11e49f3-08ee-4e94-a312-2dd012836a0d\">Untersuchungsausschuss des Landtages von Sachsen-Anhalt<\/a> r\u00e4umt der Einsatzleiter des Polizeieinsatzes nach dem Anschlag auf die Synagoge in Halle ein, bei dem Einsatz habe es M\u00e4ngel beim Opferschutz gegeben. Bei dem Anschlag im Oktober 2019 waren zwei Menschen erschossen und mehrere verletzt worden.<\/p>\n<p><b>Verschwundene Munition:<\/b> Durch Presseberichte wird bekannt, dass die Bundeswehr nach <a href=\"https:\/\/www.spiegel.de\/politik\/deutschland\/ksk-munition-bei-bundeswehr-geheimoperation-verschwunden-a-00000000-0002-0001-0000-000174784594\">rund 1.700 Schuss verschwundener Munition<\/a> ihres Kommandos Spezialkr\u00e4fte (KSK) sucht.<\/p>\n<p>10. Januar: <b>Kriminelle Polizist*innen:<\/b> Die Berliner Polizei teilt mit, dass sie einem ihrer Polizeianw\u00e4rter die Dienstgesch\u00e4fte verboten hat. Der Mann steht im Verdacht <a href=\"https:\/\/www.morgenpost.de\/berlin\/polizeibericht\/article231309622\/Polizeianwaerter-als-Drogenhaendler-unter-Verdacht.html\">mit Drogen gehandelt<\/a> zu haben; entsprechende Beweismittel waren bei einer Wohnungsdurchsuchung gefunden worden. <a href=\"https:\/\/www.tagesspiegel.de\/berlin\/polizei-justiz\/auto-gestohlen-bei-juwelier-eingebrochen-berliner-polizist-soll-in-bayern-mehrere-schwere-straftaten-begangen-haben\/26851900.html\">Am 19. Januar<\/a> nimmt die Berliner Polizei einen Kollegen fest, der zuvor zusammen mit einem Komplizen in Bayern ein Auto gestohlen und in ein Juweliergesch\u00e4ft eingebrochen war. Auf die Spur gekommen war ihm die bayerische Polizei \u00fcber ein ebenfalls gestohlenes Smartphone. <a href=\"https:\/\/www.morgenpost.de\/berlin\/polizeibericht\/article231384167\/Ueberfall-auf-Ikea-Geldtransporter-Tatwaffe-gefunden.html\">Am 22. Januar<\/a> gibt die Berliner Polizei bekannt, dass sie einen ihrer Auszubildenden wegen \u201ewiederholten Fehlverhaltens\u201c entlassen hat. Er steht im Verdacht der N\u00f6tigung und der Verbreitung gewaltverherrlichender und beleidigender WhatsApp-Nachrichten. Beweismittel wurden beschlagnahmt.<\/p>\n<p><b>Organisierte Kriminalit\u00e4t (OK): <\/b>Nahe der deutsch-d\u00e4nischen Grenze<b> <\/b>nimmt die Polizei den Betreiber <a href=\"https:\/\/www.sueddeutsche.de\/digital\/darkmarket-razzia-darknet-1.5171976\">eines gro\u00dfen Darknet-Drogenmarktes<\/a> fest. Am 11. Januar \u00fcbernimmt die StA Koblenz (Rheinland-Pfalz) das weitere Verfahren. Die Darknet-Seite wird abgeschaltet; auch in mehreren anderen Staaten werden Server sichergestellt. Auf die Spur gekommen waren die Ermittler*innen ihm durch die Festnahme des Betreibers eines gro\u00dfen Darknet-Bunkers in Traben-Trabach (Rheinland-Pfalz) im September 2019. Nach Ansicht des Bundeskriminalamt (BKA), die <a href=\"https:\/\/www.spiegel.de\/panorama\/justiz\/berlin-laut-bka-dreh-und-angelpunkt-von-menschenschleusern-aus-vietnam-a-677499c5-b8aa-4a5b-8717-6a0675da16e2\">am 18. Januar<\/a> bekannt wird, ist Berlin \u201eDreh-und Angelpunkt\u201c vietnamesischer Menschenh\u00e4ndler*innen, von dem aus illegal eingeschleuste Personen innerhalb von Deutschland und Westeuropa weiter vermittelt werden. <a href=\"https:\/\/www.spiegel.de\/panorama\/justiz\/magdeburg-mutmassliches-urkundenfaelscher-netzwerk-aufgedeckt-razzien-und-festnahmen-a-5e284de7-9d01-4725-8cd5-65170f3a4877\">Am 20. Januar<\/a> durchsucht die Bundespolizei (BPol) vier Objekte von Urkundenf\u00e4lschern in Magdeburg (Sachsen-Anhalt), umfangreiche Beweismittel werden sichergestellt. Drei M\u00e4nner werden festgenommen; sie hatten \u00fcber das Darknet gef\u00e4lschte Ausweispapiere mehrerer Staaten und andere Dokumente verkauft.<\/p>\n<p><b>Repression gegen linken Aktivismus:<\/b> In Berlin beteiligen sich rund 1.000 Menschen an einer Gedenkdemonstration f\u00fcr die ermordeten Kommunistenf\u00fchrer*innen Karl-Liebknecht und Rosa Luxemburg. Vor Beginn kommt es zu Rangeleien mit der Polizei, die als verboten geltende <a href=\"https:\/\/www.tagesspiegel.de\/berlin\/pfefferspray-einsatz-und-festnahmen-in-berlin-rangeleien-mit-polizei-bei-linksradikaler-demo\/26784298.html\">Fahnen der einstigen DDR-Jugendorganisation FDJ sicherstellt<\/a>. Dabei werden auch B\u00f6ller gez\u00fcndet und Flaschen auf die Beamt*innen geworfen. 32 Personen werden vor\u00fcbergehend festgenommen und <a href=\"https:\/\/www.morgenpost.de\/berlin\/polizeibericht\/article231298896\/Rangeleien-vor-Luxemburg-Liebknecht-Gedenkdemo.html)\">56 Strafanzeigen erstattet<\/a>, 17 Polizist*innen werden verletzt. In Eisenach (Th\u00fcringen) schlagen Unbekannte die Fenster eines, als Treffpunkt der Neonazi-Szene, stadtbekannten Lokals ein und versuchen einen<a href=\"https:\/\/www.spiegel.de\/panorama\/justiz\/eisenach-anschlag-auf-rechten-szenetreff-politiker-fordern-aufklaerung-a-9c3c1048-10e4-47c4-b3be-d71eedf1f852\"> selbstgebauten Sprengsatz<\/a> zu entz\u00fcnden. Durch Presseberichte wird <a href=\"https:\/\/taz.de\/Karlsruhe-zu-Polizeibeleidigungen\/!5744448\/\">am 15. Januar<\/a> bekannt, dass das Bundesverfassungsgericht (BVerfG) ein Urteil des AG G\u00f6ttingen (Niedersachsen) best\u00e4tigt hat, wonach die Beleidigung einer \u201e\u00fcberschaubaren Personengruppe\u201c der Polizei strafbar ist (Az: 1 BvR 842\/19).<\/p>\n<p>11. Januar: <b>Bundesnachrichtendienst (BND):<\/b> Durch Presseberichte wird bekannt, dass der Europ\u00e4ische Gerichtshof f\u00fcr Menschenrechte (EGMR) eine Klage der Journalistenorganisation \u201e<a href=\"https:\/\/www.sueddeutsche.de\/politik\/bundesnachrichtendienst-egmr-geheimdienst-1.5169941\">Reporter ohne Grenzen\u201c gegen den BND<\/a> wegen des Verdachtes der millionenfachen \u00dcberwachung deutscher E-Mails zur Entscheidung angenommen hat. Mit der Annahme dieser Klage war die Organisation 2013 beim Bundesverwaltungsgericht (BVerwG) und 2017 vor dem BVerfG zuvor gescheitert.<\/p>\n<p><b>Alternative f\u00fcr Deutschland (AfD):<\/b> Durch Presseberichte wird bekannt, dass gegen einen <a href=\"https:\/\/www.pnn.de\/brandenburg\/-corona-party-in-cottbus-brandenburgs-afd-vizechef-soll-polizisten-bedroht-haben\/26788496.html\">Brandenburger AfD-Landtagsabgeordneten<\/a> wegen Bedrohung von Polizeibeamt*innen ermittelt wird. Der Mann war im Dezember 2020 an der Party einer Parteikollegin beteiligt, die wegen Versto\u00df gegen die Infektionsregeln aufgel\u00f6st worden war. <a href=\"https:\/\/www.tagesspiegel.de\/berlin\/nach-verdachtsfall-einstufung-afd-brandenburg-klagt-gegen-beobachtung-durch-verfassungsschutz\/26828260.html\">Am 19. Januar<\/a> reicht der AfD-Landesverband Brandenburg beim Landesverfassungsgericht (LVerfG) Klage gegen seine Beobachtung durch das LfV ein und beantragt gleichzeitig beim Verwaltungsgericht (VG) Potsdam Rechtsschutz bis zu einer Entscheidung. Durch Presseberichte wird <a href=\"https:\/\/www.berliner-zeitung.de\/mensch-metropole\/berliner-verfassungsschuetzer-afd-verstoesst-nicht-gegen-das-grundgesetz-li.134027\">am 20. Januar<\/a> bekannt, dass das LfV Berlin in einem Gutachten zur AfD-Beobachtung f\u00fcr den Berliner Landesverband die Kriterien f\u00fcr eine Beobachtung nicht erf\u00fcllt sieht. Da das Gutachten zuvor an die Berliner AfD-Fraktion durchgestochen wurde, wird der LfV-Referatsleiter f\u00fcr Rechtsextremismus bis auf weiteres <a href=\"https:\/\/taz.de\/AfD-Affaere-beim-Verfassungsschutz-Berlin\/!5745957\/\">\u201evon seiner Dienstverpflichtung freigestellt\u201c<\/a>, weiterhin wird in der Innenverwaltung Technik gesichert und <a href=\"https:\/\/www.tagesspiegel.de\/berlin\/afd-gutachten-affaere-berlins-innensenator-stellt-verfassungsschutz-beamten-frei-daten-gesichert\/26846070.html\">Strafanzeige gegen Unbekannt wegen Geheimnisverrat<\/a> erstattet. Ebenfalls durch Presseberichte wird <a href=\"https:\/\/www.faz.net\/aktuell\/politik\/inland\/hessische-afd-scheitert-mit-eilantrag-gegen-verfassungsschutz-bericht-17157991.html\">am 21. Januar<\/a> bekannt, dass die hessische AfD mit einer Unterlassungsklage gegen ihre Nennung im Jahresbericht 2020 des LfV vor dem VG Wiesbaden (Hessen) gescheitert ist. <a href=\"https:\/\/www.spiegel.de\/politik\/deutschland\/afd-horst-seehofer-laesst-verfassungsschutz-gutachten-genau-pruefen-a-00000000-0002-0001-0000-000174972851\">Am 22. Januar<\/a> wird durch Presseberichte bekannt, dass Bundesinnenminister Horst Seehofer (CSU) Jurist*innen des Innenministeriums angewiesen hat, gemeinsam mit Expert*innen des Bundesamt f\u00fcr Verfassungsschutz (BfV) das bisher geheime Gutachten f\u00fcr eine Verfassungsschutz-Beobachtung der gesamten AfD noch einmal genau auf seine Rechtssicherheit zu pr\u00fcfen.<a href=\"https:\/\/www.tagesspiegel.de\/berlin\/frueherer-parteichef-in-brandenburg-gericht-weist-antrag-von-kalbitz-gegen-rauswurf-aus-der-afd-zurueck\/26842502.html\"> Am gleichen Tag<\/a> weist das Kammergericht (KG) Berlin den Antrag des Brandenburger Landtagsabgeordneten und fr\u00fcheren AfD-Landesvorsitzenden Andreas Kalbitz gegen seinen Parteiausschluss zur\u00fcck. <a href=\"https:\/\/www.tagesspiegel.de\/berlin\/ex-hdj-mann-im-landtag-brandenburger-afd-verschafft-rechtsextremisten-job-im-corona-ausschuss\/26844588.html\">Ebenfalls am 22. Januar<\/a> wird durch Presseberichte bekannt, dass die AfD-Fraktion im Landtag von Potsdam (Brandenburg) ein ehemaliges Mitglied der rechtsextremen Heimattreuen Deutschen Jugend (HDJ) als Mitarbeiter in einem Untersuchungsausschuss eingestellt hat. <a href=\"https:\/\/www.spiegel.de\/politik\/deutschland\/afd-sachsen-anhalt-landesamt-fuer-verfassungsschutz-stuft-afd-als-verdachtsfall-ein-a-da7983a0-4109-4fa3-965d-be28d52a90b0\">Am 25. Januar<\/a> informiert das LfV Sachsen-Anhalt das Parlamentarische Kontrollgremium (PKgr) des Landtages, dass es den AfD-Landesverband als rechtsextremen Verdachtsfall eingestuft hat. <a href=\"https:\/\/www.sueddeutsche.de\/bayern\/bayern-landtag-verfassungsschutz-afd-andreas-winhart-1.5185004\">Am gleichen Tag<\/a> reicht ein bayerischer AfD-Landtagsabgeordneter vor dem VG M\u00fcnchen (Bayern) Beschwerde gegen seine Beobachtung durch das LfV im Jahr 2018 ein. Durch Presseberichte wird <a href=\"https:\/\/www.fr.de\/rhein-main\/hessen-neonazi-anfuehrer-christian-wenzel-kandidatur-afd-kommunalwahl-kassel-90180297.html\">am 26. Januar<\/a> zudem bekannt, dass der hessische AfD-Landesverband einen langj\u00e4hrigen Neonazi-Anf\u00fchrer f\u00fcr die Kommunalwahl aufgestellt hat. Das VG K\u00f6ln (NRW) lehnt <a href=\"https:\/\/www.sueddeutsche.de\/politik\/afd-fluegel-verfassungsschutz-1.5186465\">am 26. Januar<\/a> zudem einen Eilantrag der AfD ab, mit dem es dem BfV verboten werden sollte, \u00f6ffentlich bekannt zu geben, dass der rechtsradikale \u201eFl\u00fcgel\u201c der Partei bis zu seiner Aufl\u00f6sung etwa 7.000 Mitglieder hatte. <a href=\"https:\/\/www.sueddeutsche.de\/politik\/afd-gericht-verfassungsschutz-1.5188234\">Am 27. Januar<\/a> lehnt das VG K\u00f6ln auch einen AfD-Eilantrag ab, der dem BfV untersagen sollte, die Partei als \u201eVerdachtsfall\u201c oder \u201egesichert extremistische Bestrebung\u201c einzustufen.<\/p>\n<p>12. Januar: <b>Abschiebungen:<\/b> Erneut startet ein <a href=\"https:\/\/www.fr.de\/rhein-main\/landespolitik\/hessen-junger-afghane-kann-bleiben-90167928.html\">Flugzeug mit 26 Afghan*innen nach Kabul<\/a>. <a href=\"https:\/\/taz.de\/Lage-von-Gefluechteten-in-Griechenland\/!5747039\/\">Am 22. Januar<\/a> entscheidet das Oberverwaltungsgericht (OVG) M\u00fcnster (NRW), dass das Bundesamt f\u00fcr Migration und Fl\u00fcchtlinge (BAMF) Fl\u00fcchtlinge, die bereits in Griechenland anerkannt wurden, nicht wieder in dieses EU-Land abschieben darf, weil dort die grundlegendsten Bed\u00fcrfnisse nicht erf\u00fcllt werden k\u00f6nnen. <a href=\"https:\/\/www.fr.de\/rhein-main\/darmstadt\/hessen-vervierfacht-plaetze-in-abschiebegefaengnis-in-darmstadt-90185883.html\">Am 29. Januar<\/a> teilt Hessens Innenminister Peter Beuth (CDU) mit, dass die Haftpl\u00e4tze im Darmst\u00e4dter Abschiebegef\u00e4ngnis von 20 auf 80 erh\u00f6ht wurden.<\/p>\n<p><b>S\u00e4chsisches Polizeigesetz:<\/b> Eine Sozialarbeiterin und f\u00fcnf weitere Personen legen <a href=\"https:\/\/www.freiepresse.de\/vogtland\/plauen\/plauenerin-zieht-gegen-polizeigesetz-vor-das-bundesverfassungsgericht-artikel11290776\">Beschwerde gegen das s\u00e4chsische Polizeigesetz<\/a> ein.<\/p>\n<p>13. Januar: <b>Verfassungsschutzpr\u00e4sident entlassen:<\/b> Mecklenburg-Vorpommerns Innenminister Torsten Renz (CDU) versetzt den <a href=\"https:\/\/www.spiegel.de\/panorama\/mecklenburg-vorpommern-innenminister-torsten-renz-entlaesst-landesverfassungsschutz-chef-reinhard-mueller-a-920baa0a-6c51-4f4a-9024-fe5ea1fd5106\">LfV-Pr\u00e4sidenten Reinhard M\u00fcller in den einstweiligen Ruhestand.<\/a> Hintergrund ist das Agieren des LfV mit Informationen zum Weihnachtsmarkt-Attentat in Berlin im Dezember 2016. Nachfolger wird der Vizepr\u00e4sident des Landeskriminalamt (LKA) Thomas Krense.<\/p>\n<p><b>Frontex:<\/b> In nicht\u00f6ffentlicher Sitzung befragt der Bundestagsinnenausschuss den Chef der europ\u00e4ischen Grenzschutzbeh\u00f6rde Frontex, Fabrice Leggeri, zu <a href=\"https:\/\/www.spiegel.de\/politik\/deutschland\/frontex-abgeordnete-im-bundestag-verlangen-aufklaerung-ueber-illegale-pushbacks-a-826d283c-075b-4da4-ac0c-373e0112876e\">illegalen Zur\u00fcckweisungen von Fl\u00fcchtlingen in der \u00c4g\u00e4is<\/a>, an der auch deutsche BPol-Beamt*innen beteiligt waren. In der Angelegenheit hat auch die EU-Antibetrugsbeh\u00f6rde Ermittlungen gegen Frontex eingeleitet. Durch Presseberichte wird <a href=\"https:\/\/www.spiegel.de\/politik\/ausland\/frontex-skandal-fabrice-leggeri-behindert-pushback-ermittlungen-a-fbece717-caa8-4308-9317-0d5e4cb7cce2\">am 21. Januar<\/a> bekannt, dass der Frontex-Verwaltungsrat dem Frontex-Chef Leggeri in einem internen Bericht vorwirft, die Aufkl\u00e4rung der Vorw\u00fcrfe zu verschleppen; f\u00fcnf Vorf\u00e4lle m\u00fcssen noch untersucht werden.<\/p>\n<p><b>Rechtsradikalismus bei der Bundeswehr:<\/b> Durch Presseberichte wird bekannt, dass die Bundeswehr im Umfeld des KSK wegen mutma\u00dflicher Vetternwirtschaft ermittelt. Dabei soll das KSK zwischen 2014 und 2019 regelm\u00e4\u00dfig auf der Farm eines ehemaligen <a href=\"https:\/\/www.spiegel.de\/politik\/deutschland\/bundeswehr-ermittler-pruefen-verdaechtige-wuestentrips-des-ksk-a-7315c4f7-a0cc-48fc-863c-40fa074bd2c3\">KSK-Majors in Namibia W\u00fcstentrainings<\/a> durchgef\u00fchrt haben; im Gegenzug sollen einige Soldaten zu privaten Safaris eingeladen worden sein. Aufgefallen war die Kumpanei bei Ermittlungen gegen einen rechten Soldaten, in dessen Garten im Fr\u00fchjahr 2020 ein illegales Waffenlager enrdeckt worden war. <a href=\"https:\/\/www.rnz.de\/nachrichten\/mosbach_artikel,-illegales-schiesstraining-in-neckarelz-angeklagter-mit-einspruch-erfolgreich-_arid,611695.html\">Am 18. Januar<\/a> spricht das AG Mosbach (Baden-W\u00fcrttemberg) einen Bundeswehr-Unteroffizier vom Vorwurf des unerlaubten Waffenf\u00fchrens frei. Der Mann hatte im Juni 2018 an einem illegalen Schie\u00dftraining des rechten Vereins \u201eUniter\u201c teilgenommen. Dass er daf\u00fcr eine waffenrechtliche Erlaubnis h\u00e4tte haben m\u00fcssen, sei ihm unbekannt gewesen, so der Angeklagte. Vor dem Landgericht (LG) Leipzig (Sachsen) beginnt <a href=\"https:\/\/www.spiegel.de\/politik\/deutschland\/bundeswehr-ksk-soldat-gibt-lagerung-von-waffen-zu-a-315841b3-a090-44ea-85e1-c3d2665da40c\">am 22. Januar<\/a> der Prozess gegen den rechtsextremistischen KSK-Soldaten, in dessen Garten im Mai 2020 ein Waffenversteck gefunden worden war, wegen Versto\u00df gegen das Kriegswaffenkontrollgesetz und anderer Delikte. Der Mann ist gest\u00e4ndig, erkl\u00e4rt jedoch, er habe das Waffen- und Munitionsdepot angelegt um Engp\u00e4sse bei der Bundeswehr ausgleichen zu k\u00f6nnen. <a href=\"https:\/\/www.spiegel.de\/panorama\/justiz\/leipzig-ksk-ausbilder-vor-gericht-sprengstoff-war-offenbar-einsatzbereit-a-5e6ef58f-20e0-474c-ba25-361fd4b2b9cf\">Am 29. Januar<\/a> erkl\u00e4rt ein Sachverst\u00e4ndiger den aufgefundenen Sprengstoff als voll einsatzf\u00e4hig.<\/p>\n<p><b>Rechtsextremismus: <\/b>Unbekannte beschmieren in der Nacht 12 Fahrzeuge, H\u00e4user, Schaufenster und ein Weltkriegsdenkmal in Kelsterbach (Hessen) mit <a href=\"https:\/\/www.fr.de\/rhein-main\/kreis-gross-gerau\/kelsterbach-ort116049\/kelsterbach-frankfurt-qanon-trump-graffiti-staatsschutz-ermittlung-rechtsextreme-verschwoerungstheorie-polizei-zr-90167053.html\">Donald-Trump-Schriftz\u00fcgen.<\/a> <a href=\"https:\/\/www.spiegel.de\/panorama\/justiz\/duesseldorf-wehrhahn-anschlag-bgh-bestaetigt-freispruch-a-a3f6e10d-91a5-4b73-9436-2e47490d1a28\">Am 14. Januar:<\/a> spricht der Bundesgerichtshof (BGH) einen Rechtsextremisten vom Bombenanschlag auf eine Gruppe osteurop\u00e4ischer Sprachsch\u00fcler*innen im Juli 2000 auf einem S-Bahnhof in D\u00fcsseldorf (NRW) mangels Beweisen frei. Er best\u00e4tigt damit den Freispruch des LG D\u00fcsseldorf vom Juli 2018 (Az: 3 StR 124\/20). <a href=\"https:\/\/www.spiegel.de\/politik\/deutschland\/hildesheim-gericht-spricht-22-jaehrigen-vom-vorwurf-der-anschlagsplanung-frei-a-0261dd17-999d-458e-9faf-7455942f9061\">Am gleichen Tag<\/a> spricht das LG Hildesheim (Niedersachsen) einen Mann vom Vorwurf der Anschlagsplanung auf Muslime ebenfalls aus Mangel an Beweisen frei. F\u00fcr schuldig befunden wird er lediglich der Beleidigung und Bedrohung in zwei F\u00e4llen. Ebenfalls <a href=\"https:\/\/www.spiegel.de\/panorama\/justiz\/chemnitz-angriff-auf-wirt-von-juedischem-restaurant-anklage-erhoben-a-9f6775b7-c9d9-45a1-b3d1-ac797caec8c1\">am 14. Januar<\/a> gibt die Generalstaatsanwaltschaft (GStA) Dresden (Sachsen) bekannt, dass sie Anklage gegen einen Rechtsextremisten wegen gef\u00e4hrlicher K\u00f6rperverletzung, schwerem Landfriedensbruch und Sachbesch\u00e4digung erhebt. Er soll im August 2018 mit anderen einen Angriff auf ein j\u00fcdisches Restaurant in Chemnitz (Sachsen) ver\u00fcbt und den Wirt antisemitisch beschimpft haben. Auf einem Berliner U-Bahnhof zeigt <a href=\"https:\/\/www.morgenpost.de\/berlin\/polizeibericht\/article231360070\/Linienbus-streift-Radfahrer-58-Jaehriger-schwer-verletzt.html\">am 18. Januar<\/a> ein Mann den Hitlergru\u00df und ruft eine Nazi-Parole. Nach der Aufnahme seiner Personalien erh\u00e4lt er einen Platzverweis. Ebenso ein Mann, der in einem Einkaufszentrum Schaufensterscheiben mit Hakenkreuzen beschmiert. Die BAW erhebt <a href=\"https:\/\/www.tagesspiegel.de\/politik\/brandanschlaege-auf-politiker-oder-muslime-geplant-bundesanwaltschaft-erhebt-erstmals-anklage-gegen-rechtsextreme-einzeltaeterin\/26856382.html)\">am 19. Januar<\/a> Anklage gegen eine rechtsextremistische Einzelt\u00e4terin wegen Vorbereitung einer schweren staatsgef\u00e4hrdenden Gewalttat, Bedrohung mit einem Verbrechen und weiterer Delikte. <a href=\"https:\/\/www.tagesspiegel.de\/berlin\/beschwerde-der-berliner-staatsanwaltschaft-abgewiesen-neukoellner-neonazi-sebastian-t-kommt-aus-der-untersuchungshaft-frei\/26842898.html\">Am 22. Januar<\/a> hebt das LG Berlin den Haftbefehl f\u00fcr einen Hauptverd\u00e4chtigen einer mehrj\u00e4hrigen Anschlagsserie in der Stadt auf und entl\u00e4sst ihn aus der Untersuchungshaft. In mehreren St\u00e4dten in Sachsen kommt es <a href=\"https:\/\/www.freiepresse.de\/nachrichten\/sachsen\/polizei-ermittelt-zu-rechtsextremen-straftaten-in-dresden-artikel11311720\">am gleichen Tag<\/a> zu rechtsextremistischen Vorf\u00e4llen \u2013 vom Hitlergru\u00df bis zu einem Angriff auf einen syrischen Paketboten. Die Polizei ermittelt. <a href=\"https:\/\/www.spiegel.de\/panorama\/justiz\/dresden-mutmassliche-unterstuetzer-der-gruppe-freital-raeumen-vorwuerfe-ein-a-53b1f97d-cf92-4a78-8734-dfff1d212194\">Am 26. Januar<\/a> beginnt vor dem Oberlandesgericht (OLG) Dresden (Sachsen) der Prozess gegen zwei M\u00e4nner und eine Frau aus dem Umfeld der rechtsextremen \u201eGruppe Freital\u201c wegen Unterst\u00fctzung einer terroristischen Vereinigung. Die Angeklagten r\u00e4umen die ihnen zur Last gelegten Vorw\u00fcrfe weitgehend ein.<b> <\/b><\/p>\n<p><b>Stuttgarter Krawallnacht:<\/b> Vor der Jugendkammer des LG Stuttgart (Baden-W\u00fcrttemberg) beginnt der <a href=\"https:\/\/www.spiegel.de\/panorama\/justiz\/stuttgart-zwei-maenner-wegen-versuchten-totschlags-in-krawallnacht-vor-gericht-a-bb7b0e21-3298-4567-961f-7e5ef5e70c80\">Prozess gegen zwei Jugendliche<\/a> wegen versuchten Totschlags. Ihnen wird vorgeworfen in der Stuttgarter Krawallnacht im Juni 2020 mehrfach gegen den Kopf eines am Boden liegenden Studenten getreten zu haben.<\/p>\n<p><b>Ermittlungen gegen Polizeibeamt*innen:<\/b> Das Polizeipr\u00e4sidium Augsburg (Bayern) suspendiert einen seiner Beamten, nachdem er <a href=\"https:\/\/www.abendzeitung-muenchen.de\/bayern\/kripo-beamter-nach-rede-bei-corona-gegnern-suspendiert-art-698523\">am 3. Januar<\/a> bei einer Anti-Corona-Demonstration in N\u00fcrnberg als Redner aufgetreten war und behauptet hatte, die Polizei treffe seit Beginn der Pandemie \u201ezigtausende von rechtswidrigen Ma\u00dfnahmen\u201c und Vergleiche zur Volkspolizei der ehemaligen DDR gezogen hatte. Gegen den Mann wurde wegen \u00e4hnlicher Vorf\u00e4lle bereits seit August 2020 ein Disziplinarverfahren gef\u00fchrt. Zudem wird bekannt, dass auch das Pr\u00e4sidium Mittelfranken einen Beamten wegen einer Anti-Corona-Demonstration suspendiert hat. <a href=\"https:\/\/www.fr.de\/rhein-main\/hessen-protest-im-danneroeder-forst-geht-weiter-90171643.html\">Am 17. Januar<\/a> wird durch Presseberichte bekannt, dass das Polizeipr\u00e4sidium Mittelhessen in Zusammenhang mit der R\u00e4umung von Protestcamps im Dannenr\u00f6der Forst \u201eeine einstellige Anzahl an Strafanzeigen\u201c gegen Kolleg*innen f\u00fchrt; darunter auch wegen sexueller Bel\u00e4stigung. Um einen Kollegen in den Ruhestand zu verabschieden, veranstalten Polizist*innen in K\u00f6ln (NRW) <a href=\"https:\/\/www.spiegel.de\/panorama\/justiz\/koeln-polizisten-verabschieden-kollegen-mit-nicht-genehmigter-kolonnenfahrt-a-2cf1aa85-eefc-431d-b750-051935608995\">am 20. Januar<\/a> einen Blaulicht-Konvoi mit Polizeimotorr\u00e4dern, einem Sonderfahrzeug und einem Wasserwerfer. Gegen zahlreiche Beamt*innen werden dienst- und strafrechtliche Ermittlungen eingeleitet. Durch Presseberichte wird <a href=\"https:\/\/www.morgenpost.de\/berlin\/article231373833\/Waffen-Eklat-bei-der-Berliner-Polizei.html\">am 21. Januar<\/a> bekannt, dass ein Mitarbeiter des Objektschutzes der Berliner Polizei einem Kollegen die Pistole auf die Brust gesetzt und ihn bedroht hat. Gegen den Mann wird ermittelt, seine Waffe musste er abgeben. Ebenfalls durch Presseberichte wird <a href=\"https:\/\/www.spiegel.de\/panorama\/polizei-schueler-in-bayern-feiern-corona-party-zusammen-mit-dem-ausbilder-a-28f9d90a-ec76-4ca4-a00b-ddbd7eecdfff\">am 22. Januar<\/a> bekannt, dass gegen Auszubildende der bayerischen BPol wegen Verst\u00f6\u00dfen gegen die Infektionsschutzverordnung ermittelt wird. Die Beamt*innen hatten im Dezember 2020 in einer Kaserne in K\u00f6nigsbrunn (Bayern) eine Abschlussfeier ohne Abstands- und Maskenregeln veranstaltet. Ihr Ausbilder wurde versetzt. Durch Presseberichte wird <a href=\"https:\/\/taz.de\/Nach-Todesschuessen-in-Bremen\/!5743512\/\">am 28. Januar<\/a> bekannt, dass die Ermittlungen gegen einen Beamten, der bei einem Einsatz in Bremen im Juni 2020 einen Mann erschossen hatte, wieder aufgenommen werden. Grund hierf\u00fcr ist ein neu aufgetauchtes Video.<\/p>\n<p><b>Schleuserkriminalit\u00e4t:<\/b> Am Grenz\u00fcbergang zu \u00d6sterreich in Bad F\u00fcssing (Bayern) versucht ein Autofahrer sich durch <a href=\"https:\/\/www.abendzeitung-muenchen.de\/bayern\/mutmasslicher-schleuser-nach-autounfall-gefasst-art-698659\">Vollgas einer Kontrolle zu entziehen<\/a> und verursacht dabei einen Unfall. Der Fahrer wird festgenommen, die im Fahrzeug befindlichen sieben Syrer werden nach \u00d6sterreich zur\u00fcckgewiesen. Ebenfalls in Bayern nehmen BPol-Beamt*innen <a href=\"https:\/\/www.abendzeitung-muenchen.de\/bayern\/bundespolizei-ertappt-schleuser-aus-der-republik-moldau-art-698982\">am gleichen Tag<\/a> am Grenz\u00fcbergang bei Selb drei moldavische Schleuser fest; die 26 geschleusten Personen werden in die Tschechische Republik abgeschoben. <a href=\"https:\/\/www.sueddeutsche.de\/panorama\/schleuser-fluechtlinge-polizei-1.5178803\">Am 19. Januar<\/a> durchsuchen BPol-Beamt*innen in mehreren Bundesl\u00e4ndern 11 Objekte einer internationalen Schleuserbande, sieben Haftbefehle werden vollstreckt.<\/p>\n<p>15. Januar: <b>Justizskandale:<\/b> Durch eine parlamentarische Anfrage der FDP-Fraktion im hessischen Landtag wird bekannt, dass gegen einen vom Dienst suspendierten <a href=\"https:\/\/www.fr.de\/rhein-main\/justizskandal-zieht-kreise-90170767.html\">Oberstaatsanwalt (OStA) vier weitere Ermittlungsverfahren<\/a> eingeleitet wurden. Gegen den Mann, der im Verdacht steht, seit 2005 Schmiergelder f\u00fcr externe medizinische Gutachten erhalten zu haben, wird nun auch wegen N\u00f6tigung und Betrug ermittelt.<\/p>\n<p><b>Rassistische Handlungen:<\/b> Nach dem Abpfiff des Fu\u00dfballspiels des FC Union Berlin gegen Bayer Leverkusen <a href=\"https:\/\/www.spiegel.de\/sport\/fussball\/bundesliga-nadiem-amiri-von-bayer-leverkusen-gegen-union-berlin-offenbar-rassistisch-beleidigt-a-1bc59836-f305-4f3b-8a40-fb3a9631ce80\">beleidigt ein Union-Spieler seinen Gegenspieler rassistisch<\/a>. <a href=\"https:\/\/www.tagesspiegel.de\/berlin\/nach-rassistischer-attacke-in-berlin-kreuzberg-cdu-bezirkspolitiker-tritt-als-ausschusschef-zurueck-und-schiebt-verhalten-auf-alkohol\/26826904.html\">Am 17. Januar<\/a> beleidigt in Berlin ein betrunkener CDU-Bezirksverordneter den Inhaber eines Imbisses rassistisch und randaliert. Gegen ihn wird ein Ermittlungsverfahren eingeleitet. Durch Presseberichte wird <a href=\"https:\/\/www.spiegel.de\/sport\/fussball\/florian-huebner-von-union-berlin-gesperrt-beleidigung-ja-aber-wohl-kein-rassismus-a-35caeb0b-36ff-4437-a571-50c9ca051234\">am 21. Januar<\/a> bekannt, dass das Sportgericht des DFB den Union-Spieler f\u00fcr zwei Spiele gesperrt hat. F\u00fcr eine rassistische Beleidigung h\u00e4tte das Gericht jedoch keine Anhaltspunkte gefunden.<\/p>\n<p>16. Januar: <strong>Bewaffnete Gruppen der 80er Jahre:<\/strong> Bei Baumschnittarbeiten bei Seevetal (Niedersachsen) finden Waldarbeiter*innen ein im Boden vergrabenes Plastikfass mit <a href=\"https:\/\/www.faz.net\/aktuell\/politik\/inland\/waldarbeiter-entdecken-moegliches-raf-depot-in-niedersachsen-17149911.html\">mutma\u00dflichen RAF-Schriftst\u00fccken<\/a> aus den 1980er Jahren und weitere verd\u00e4chtige Gef\u00e4\u00dfe. Der Fundort wird von der Polizei nach weiteren Depots abgesucht. Nach einer ersten Sichtung der Inhalte teilt die Polizei am Abend in einem internen Vermerk mit, dass es sich auch um Materialien der <a href=\"https:\/\/www.spiegel.de\/panorama\/gesellschaft\/erddepot-in-seevetal-erste-auswertung-deutet-auf-bunker-der-revolutionaere-zellen-hin-a-c0e1580a-7a52-4c00-a423-d83f2d1b4013)\">Gruppe \u201eRevolution\u00e4re Zellen\u201c (RZ)<\/a> handeln k\u00f6nnte.<\/p>\n<p>19. Januar: <b>Terrorgruppe \u201eNationalsozialistischer Untergrund\u201c (NSU):<\/b> Die BAW beantragt beim BGH f\u00fcr den engsten Vertrauten des NSU-M\u00f6rdertrios, den <a href=\"https:\/\/www.sueddeutsche.de\/politik\/nsu-mitwisser-nicht-nur-freund-1.5179308\">Neonazi Andr\u00e9 E.<\/a>, das Urteil des OLG M\u00fcnchen (Bayern) von zweieinhalb Jahren Haft aufzuheben und eine neue Hauptverhandlung anzusetzen.<\/p>\n<p><b>Video\u00fcberwachung:<\/b> Das VG K\u00f6ln (NRW) entscheidet, dass die Polizei die <a href=\"https:\/\/www.juris.de\/jportal\/portal\/t\/10ho\/page\/homerl.psml?nid=jnachr-JUNA210100172&amp;cmsuri=%2Fjuris%2Fde%2Fnachrichten%2Fzeigenachricht.jsp\">Video\u00fcberwachung eines Platzes solange einstellen<\/a> muss, bis \u00fcber die Klage eines B\u00fcrgers gegen diese \u00dcberwachung entschieden wurde (Az: 20 L 2340\/19).<\/p>\n<p><b>Drogenfahndung:<\/b> Die bayerische Zentralstelle Cybercrime in Bamberg teilt mit, dass gegen zwei M\u00e4nner und eine Frau Anklage erhoben wurde. Sie sollen im <a href=\"https:\/\/www.abendzeitung-muenchen.de\/bayern\/anklage-mutmasslicher-betreiber-eines-darknet-drogenshops-art-699516\">Darknet mehr als 51 kg Marihuana<\/a> verkauft haben.<a href=\"https:\/\/www.spiegel.de\/panorama\/justiz\/sachsen-hunderte-polizisten-durchsuchen-wohnungen-mutmasslicher-drogenhaendler-a-e61095d9-6b99-4b3c-963b-11f0b78d243d\"> Am 27. Januar<\/a> durchsucht die Polizei in Dresden und Leipzig (beide Sachsen) zahlreiche Geb\u00e4ude wegen des bandenm\u00e4\u00dfigen Drogenhandels. Es kommt zu mehreren Festnahmen.<\/p>\n<p>22. Januar: <b>Extremismusbeauftragte der Polizei:<\/b> Die Kriminaloberr\u00e4tin <a href=\"https:\/\/www.berliner-zeitung.de\/mensch-metropole\/extremismusbeauftragte-rechtsextremismus-polizei-rassismus-studie-knoepnadel-li.133808?pid=true\">Svea Kn\u00f6pnadel wird Extremismusbeauftragte der Berliner Polizei<\/a>. Damit ist Berlin nach NRW das zweite Bundesland mit einem\/r Extremismusbeauftragten.<\/p>\n<p><b>Datenschutz:<\/b> Durch eine parlamentarische Anfrage der Linksfraktion im hessischen Landtag wird bekannt, dass die Polizei in mindestens 13 F\u00e4llen <a href=\"https:\/\/www.fr.de\/rhein-main\/landespolitik\/polizei-in-hessen-nutzte-gaestelisten-90178280.html\">G\u00e4stelisten von Hotels und Restaurants zu Strafverfolgungszwecken<\/a> genutzt hat.<\/p>\n<p><b>Angriffe auf Obdachlose:<\/b> Die Polizei in Augsburg (Bayern) teilt mit, dass sie einen Mann festgenommen hat, der im Dezember <a href=\"https:\/\/www.abendzeitung-muenchen.de\/bayern\/nach-tod-eines-obdachlosen-verdaechtiger-festgenommen-art-700503\">2020 einen Obdachlosen zu Tode geschlagen<\/a> und getreten hatte. In Berlin wirft in den fr\u00fchen Morgenstunden <a href=\"https:\/\/www.tagesspiegel.de\/berlin\/polizei-justiz\/polizeimeldungen-aus-berlin-und-brandenburg-mann-greift-schlafende-obdachlose-an-und-wirft-e-scooter\/25616846.html\">des 31. Januar<\/a> ein Unbekannter einen E-Scooter auf einen schlafenden Obdachlosen; auf einen zweiten tritt er ein bis ihn ein Zeuge stoppt. Daraufhin fl\u00fcchtet der T\u00e4ter.<\/p>\n<p>24. Januar: <b>Grenzkontrollen:<\/b> Nachdem die Bundesregierung 32 L\u00e4nder als Hochrisikogebiete der Corona-Pandemie erkl\u00e4rt hat, <a href=\"https:\/\/www.welt.de\/politik\/deutschland\/article224928185\/Corona-Schutzmassnahmen-Bundespolizei-verschaerft-Grenzkontrollen.html\">versch\u00e4rft die BPol die Grenzkontrollen,<\/a> insbesondere auf den Flugh\u00e4fen Frankfurt\/M. (Hessen) und M\u00fcnchen (Bayern). In einer internen Bilanz verzeichnet die BPol f\u00fcr diesen Tag allein am Flughafen Frankfurt\/M. <a href=\"https:\/\/www.spiegel.de\/politik\/deutschland\/bundespolizei-registriert-zahlreiche-verstoesse-gegen-neue-einreiseregeln-a-7b61898a-b2d0-4c77-bbb4-00d9858e26bb\">64 Verst\u00f6\u00dfe gegen den verpflichtenden Corona-Test<\/a> und am 25. Januar wiederum 63 Verst\u00f6\u00dfe. <a href=\"https:\/\/www.welt.de\/politik\/deutschland\/article225305525\/Corona-Mutation-Kontrollluecke-bei-den-neuen-Reiseeinschraenkungen.html\">Am 30. Januar<\/a> treten versch\u00e4rfte Reisebeschr\u00e4nkungen f\u00fcr f\u00fcnf L\u00e4nder mit besonders starker Verbreitung der neuen Corona-Mutationen in Kraft.<\/p>\n<p><b>Presseangriffe:<\/b> Durch eine parlamentarische Anfrage der Gr\u00fcnen-Bundestagsfraktion wird bekannt, dass es 2020 zu <a href=\"https:\/\/taz.de\/Angriffe-auf-Journalistinnen\/!5743093\/\">insgesamt 252 Angriffen auf Journalist*innen<\/a> gekommen ist. Diese reichen von Bedrohung, N\u00f6tigung und K\u00f6rperverletzung bis zu Brandstiftung und Raub. 144 Angriffe gelten als rechts motiviert.<\/p>\n<p>26. Januar: <b>Ermittlungen gegen Dschihadist*innen:<\/b> In vier St\u00e4dten in Rheinland-Pfalz durchsucht die Polizei <a href=\"https:\/\/www.spiegel.de\/politik\/deutschland\/rheinland-pfalz-razzia-bei-mutmasslichen-is-unterstuetzern-a-18af455e-978f-4b9a-a45f-b44b908a3ffd\">sieben Wohnungen von mutma\u00dflichen Unterst\u00fctzer*innen des Islamischen Staat (IS)<\/a>, die zwischen 2016\/2017 Gelder an den IS \u00fcberwiesen haben sollen. Zu Festnahmen kommt es nicht.<\/p>\n<p><b>Kindesmissbrauch:<\/b> In 10 Bundesl\u00e4ndern f\u00fchrt die Polizei eine <a href=\"https:\/\/www.spiegel.de\/panorama\/justiz\/bergisch-gladbach-bundesweite-durchsuchungen-wegen-des-verdachts-auf-kinderpornografie-a-21c04d9d-4656-4916-9461-6df64ef77ddf\">Razzia gegen 65 Verd\u00e4chtige<\/a> durch, die Aufnahmen von Kindesmissbrauch besessen und verbreitet haben sollen; zu Festnahmen kommt es nicht. <a href=\"https:\/\/www.faz.net\/aktuell\/gesellschaft\/kriminalitaet\/wohnungsdurchsuchungen-in-hessen-schlag-gegen-kinderpornographie-17166097.html\">Am gleichen Tag<\/a> durchsucht die Polizei in Hessen die Wohnungen von 33 Personen unter dem Vorwurf des Besitzes und Erwerb von Kinderpornografie sowie sexuellem Missbrauch von Kindern. Eine gro\u00dfe Anzahl von Datentr\u00e4gern wird sichergestellt.<\/p>\n<p>27. Januar: <b>Cybercrime:<\/b> BKA und Generalstaatsanwaltschaft (GStA) geben bekannt, dass in Zusammenarbeit mit mehreren ausl\u00e4ndischen Beh\u00f6rden die <a href=\"https:\/\/www.tagesspiegel.de\/politik\/auch-berlin-war-von-angriffen-betroffen-bka-schaltet-hochgefaehrliche-schadsoftware-emotet-aus\/26857198.html\">Infrastruktur einer internationalen gef\u00e4hrlichen Schadsoftware \u201ezerschlagen\u201c<\/a> wurde, mittels der eine hohe Anzahl von IT-Systemen von Unternehmen, Beh\u00f6rden und Institutionen infiziert wurden. Allein in Deutschland wurden 17 Server beschlagnahmt.<\/p>\n<p><b>Fu\u00dfball-Hooligans:<\/b> Das VG Sigmaringen (Baden-W\u00fcrttemberg) erkl\u00e4rt eine <a href=\"https:\/\/www.fr.de\/frankfurt\/eintracht-fans-gewinnen-klage-gegen-polizei-90183004.html\">Video\u00fcberwachung von Hooligans mit Drohnen<\/a> w\u00e4hrend eines DFB-Pokalspiels im August 2018 f\u00fcr rechtswidrig, da damit auch andere Personen erfasst w\u00fcrden. Die Betroffenen m\u00fcssten jedoch wissen, dass sie aufgenommen werden (Az: 14 K 7613\/18).<\/p>\n<p><b>G20-Gipfel:<\/b> Durch Presseberichte wird bekannt, dass ein <a href=\"https:\/\/taz.de\/G20-Prozess-in-Hamburg-geplatzt\/!5743401\/\">Prozess gegen f\u00fcnf Angeklagte wegen der Ausschreitungen beim G20-Gipfel 2017 vor dem LG Hamburg aufgrund der Corona-Beschr\u00e4nkungen geplatzt<\/a> ist. Den zur Tatzeit minderj\u00e4hrigen Angeklagten aus verschiedenen deutschen St\u00e4dten wurde vorgeworfen, bei einer gewaltt\u00e4tigen Demonstration mitgelaufen, jedoch nicht an Straftaten beteiligt zu sein. Bereits Mitte Dezember 2020 waren die Prozesstermine ausgesetzt worden.<\/p>\n<p>28. Januar: <b>Rechtsextremer Mordanschlag:<\/b> Im <a href=\"https:\/\/www.spiegel.de\/panorama\/justiz\/fall-walter-luebcke-stephan-ernst-wegen-mordes-zu-lebenslanger-haft-verurteilt-a-b76e48b0-4853-4087-afdb-29c747f9d6a9\">Prozess um den Mord an dem Kasseler Regierungspr\u00e4sidenten Walter L\u00fcbcke<\/a> (CDU) im Juni 2019 verurteilt das OLG Frankfurt\/M. (Hessen) den Hauptangeklagten zu einer lebenslangen Haftstrafe; eine anschlie\u00dfende Sicherungsverwahrung beh\u00e4lt sich das Gericht vor. Der Mitangeklagte wird vom Vorwurf der Beihilfe freigesprochen; wegen Versto\u00df gegen das Waffengesetz erh\u00e4lt er eine Bew\u00e4hrungsstrafe von anderthalb Jahren. Die <a href=\"https:\/\/www.welt.de\/politik\/deutschland\/article225192397\/Mordfall-Walter-Luebcke-Stephan-Ernst-verurteilt-Opferfamilie-enttaeuscht.html\">StA k\u00fcndigt Berufung dagegen an.<\/a><br \/>\n<b><\/b><\/p>\n<p><b>Rechtsradikaler Mordanschlag in Hanau: <\/b>Durch Presseberichte wird bekannt, dass die <a href=\"https:\/\/www.fr.de\/rhein-main\/terroranschlag-in-hanau-kein-anschluss-unter-110-90184281.html\">Notrufzentrale der Polizei<\/a> in Hanau (Hessen) am Tattag des Mordanschlages im Februar 2020 wegen Unterbesetzung f\u00fcr viele Anrufer*innen nicht erreichbar war. Auch wurden die Anrufe nicht automatisch weitergeleitet.<\/p>\n<p><b>Rechtsradikale und rassistische Angriffe auf Fl\u00fcchtlingsheime:<\/b> In Saarlouis (Saarland) <a href=\"https:\/\/www.spiegel.de\/politik\/deutschland\/mord-an-samuel-yeboah-im-jahr-1991-tatverdaechtiger-demonstrierte-mit-nsu-terroristen-a-2ee3a50f-c805-499d-aabe-2c85f77f372f\">durchsucht die Polizei die Wohnung und den Arbeitsplatz eines stadtbekannten Rechtsextremisten.<\/a> Er steht im Verdacht im Jahr 1991 einen Brandanschlag auf eine Fl\u00fcchtlingsunterkunft in der Stadt ver\u00fcbt zu haben, bei dem ein ghanaischer Fl\u00fcchtling verbrannte und einige andere schwer verletzt wurden.<a href=\"https:\/\/www.spiegel.de\/politik\/deutschland\/saarland-fahnder-ermitteln-mutmasslichen-taeter-eines-rassistischen-brandanschlags-im-jahr-1991-a-8a1758f0-ed24-475a-b451-b84e6fe11403\"> Festgenommen wurde der Mann vorerst nicht.<\/a><\/p>\n<p><b>Prozesse von Kriegsverbrechern:<\/b> Der BGH entscheidet, dass die BAW auch weiterhin <a href=\"https:\/\/www.faz.net\/aktuell\/politik\/inland\/auslaendische-kriegsverbrechen-bundesgerichtshof-urteilt-zur-staatenimmunitaet-17170052.html\">Kriegsverbrecher und Folterer aus anderen Staaten<\/a> vor Gericht bringen kann.<\/p>\n<p>31. Januar: <b>Homophobe Handlungen:<\/b> In Berlin rei\u00dft ein Mann einen<a href=\"https:\/\/www.morgenpost.de\/berlin\/polizeibericht\/article231450033\/Neukoelln-Polizei-loest-Trauerfeier-mit-24-Gaesten-in-Drei-Zimmer-Wohnung-auf.html\"> Kondolenzkranz an einer Gedenktafel<\/a> f\u00fcr w\u00e4hrend des Nationalsozialismus get\u00f6teter Homosexueller ab. In der N\u00e4he wird ein stark alkoholisierter Mann als mutma\u00dflicher T\u00e4ter festgestellt.<\/p>\n<p><em>Beitragsbild: <a href=\"https:\/\/www.presseportal.de\/blaulicht\/pm\/117696\/4089807\">Polizeipr\u00e4sidium Rheinpfalz<\/a>.<\/em><\/p>\n","protected":false},"excerpt":{"rendered":"<p>zusammengestellt von Otto Diederichs 1. Januar: Antisemitismus: In der Innenstadt von Offenbach (Hessen) beleidigt ein<\/p>\n","protected":false},"author":2,"featured_media":18899,"comment_status":"open","ping_status":"open","sticky":false,"template":"","format":"standard","meta":{"footnotes":""},"categories":[6],"tags":[820,1094,1186,1195],"class_list":["post-18879","post","type-post","status-publish","format-standard","has-post-thumbnail","hentry","category-chronologien","tag-justiz","tag-polizei","tag-rassismus","tag-rechtsextremismus"],"_links":{"self":[{"href":"https:\/\/wp-dev.daten.cool\/index.php?rest_route=\/wp\/v2\/posts\/18879","targetHints":{"allow":["GET"]}}],"collection":[{"href":"https:\/\/wp-dev.daten.cool\/index.php?rest_route=\/wp\/v2\/posts"}],"about":[{"href":"https:\/\/wp-dev.daten.cool\/index.php?rest_route=\/wp\/v2\/types\/post"}],"author":[{"embeddable":true,"href":"https:\/\/wp-dev.daten.cool\/index.php?rest_route=\/wp\/v2\/users\/2"}],"replies":[{"embeddable":true,"href":"https:\/\/wp-dev.daten.cool\/index.php?rest_route=%2Fwp%2Fv2%2Fcomments&post=18879"}],"version-history":[{"count":0,"href":"https:\/\/wp-dev.daten.cool\/index.php?rest_route=\/wp\/v2\/posts\/18879\/revisions"}],"wp:featuredmedia":[{"embeddable":true,"href":"https:\/\/wp-dev.daten.cool\/index.php?rest_route=\/wp\/v2\/media\/18899"}],"wp:attachment":[{"href":"https:\/\/wp-dev.daten.cool\/index.php?rest_route=%2Fwp%2Fv2%2Fmedia&parent=18879"}],"wp:term":[{"taxonomy":"category","embeddable":true,"href":"https:\/\/wp-dev.daten.cool\/index.php?rest_route=%2Fwp%2Fv2%2Fcategories&post=18879"},{"taxonomy":"post_tag","embeddable":true,"href":"https:\/\/wp-dev.daten.cool\/index.php?rest_route=%2Fwp%2Fv2%2Ftags&post=18879"}],"curies":[{"name":"wp","href":"https:\/\/api.w.org\/{rel}","templated":true}]}}