{"id":18882,"date":"2021-02-02T10:10:25","date_gmt":"2021-02-02T10:10:25","guid":{"rendered":"https:\/\/www.cilip.de\/?p=18882"},"modified":"2021-02-02T10:10:25","modified_gmt":"2021-02-02T10:10:25","slug":"polizeiliche-todesschuesse-2019","status":"publish","type":"post","link":"https:\/\/wp-dev.daten.cool\/?p=18882","title":{"rendered":"Polizeiliche Todessch\u00fcsse 2019"},"content":{"rendered":"<h3>Von Otto Diederichs<\/h3>\n<p><strong>15 Menschen starben durch Polizeisch\u00fcsse, 30 wurden verletzt. Die Ver\u00f6ffentlichung der Statistik verz\u00f6gert sich nach offizieller Darstellung durch die Corona-Pandemie. Doch auch weitere Gr\u00fcnde spielen hierbei eine Rolle.<\/strong><\/p>\n<p>Insgesamt 62 Sch\u00fcsse auf Personen verzeichnet die offizielle Schusswaffengebrauchsstatistik f\u00fcr das Jahr 2019. Das sind acht Sch\u00fcsse mehr als im Vorjahr. Get\u00f6tet wurden dabei 15 Menschen und weitere 30 wurden verletzt. Damit ist die Zahl der Get\u00f6teten im Vergleich zu 2018 wieder angestiegen.<a href=\"#_ftn1\" name=\"_ftnref1\">[1]<\/a><\/p>\n<p>Demgegen\u00fcber verzeichnet die auf Zeitungswertungen basierende CILIP-Fallsammlung nur 13 Todesf\u00e4lle. Die Differenz war nicht zu kl\u00e4ren, da die \u201eDeutsche Hochschule f\u00fcr Polizei\u201c (DHPol) f\u00fcr die offizielle Statistik lediglich nackte Zahlen ohne Orts- und Zeitangaben angibt.<!--more--><\/p>\n<h4>Offizielle Zahlen<\/h4>\n<p>Von den insgesamt 62 auf Menschen abgegebenen Polizeisch\u00fcssen gelten 47 als Notwehr\/Nothilfe, von denen 12 t\u00f6dlich verliefen und 23 zu Verletzungen des polizeilichen Gegen\u00fcbers f\u00fchrten. 14 Sch\u00fcsse (davon drei weitere t\u00f6dliche und sieben mit einem Verletzten), werden als Verhinderung von Verbrechen oder \u201egleichwertigen Vergehen\u201c eingestuft. Ein weiterer Schuss galt der Fluchtvereitelung. Einer dieser Sch\u00fcsse wurde als unzul\u00e4ssiger Schusswaffengebrauch bewertet.<a href=\"#_ftn2\" name=\"_ftnref2\">[2]<\/a><\/p>\n<p>Des Weiteren verzeichnet die DHPol-Statistik 44 Warn- und 56 unbeabsichtigte Schussabgaben. Wie gew\u00f6hnlich erfolgte die Mehrzahl der Sch\u00fcsse auch 2019 mit 15.433 auf gef\u00e4hrliche, kranke oder verletzte Tiere. 42 Sch\u00fcsse wurden auf Sachen abgegeben, davon wurden vier als unzul\u00e4ssig eingestuft.<\/p>\n<h4>Eine Achterbahnfahrt<\/h4>\n<p>Die Anforderung der offiziellen Statistik gestaltete sich diesmal noch schwieriger als gewohnt. Eigentlich sind die L\u00e4nderpolizeien gehalten, ihre Daten innerhalb der ersten drei Monate des Folgejahres an die DHPol zu \u00fcbermitteln; eine Praxis, die bereits des L\u00e4ngeren nicht mehr funktioniert. In Anbetracht dessen richtete CILIP seine erste telefonische Anfrage erst Ende Mai an die DHPol. Mit Verweis auf die \u201eaktuelle Situation\u201c, womit die Corona-Pandemie gemeint war, wurde mitgeteilt, dass noch nicht alle Daten f\u00fcr die Erfassung vorl\u00e4gen. Zudem, so hie\u00df es, werde die Statistik von der DHPol nicht mehr herausgegeben. F\u00fcr diese Anfragen sei fortan der \u201eUnterausschuss F\u00fchrung, Einsatz, Kriminalit\u00e4tsbek\u00e4mpfung\u201c (UA FEK), der seinerseits der Innenministerkonferenz(IMK) untersteht, als formeller Auftraggeber der Statistik zust\u00e4ndig.<a href=\"#sdfootnote5sym\">5<\/a>Die dortige Anfrage wurde noch am selben Tag beantwortet: Der UA FEK \u201ehat nicht die Befugnis, \u00fcber die Freigabe dieser Statistik zu entscheiden\u201c. Im Weiteren wurde an die Innenministerkonferenz verwiesen.<a href=\"#_ftn3\" name=\"_ftnref3\">[3]<\/a><\/p>\n<p>Die Anfrage bei der IMK wurdemit dem Verweis an die DHPol beantwortet. Diese sei gebeten worden, die Statistik nach Fertigstellung zur Verf\u00fcgung zu stellen.<a href=\"#_ftn4\" name=\"_ftnref4\">[4]<\/a>Auf die erneute Anfrage bei der DHPol in M\u00fcnster erfolgte die Mitteilung, dass immer noch nicht alle notwendigen Meldungen vorl\u00e4gen. Die s\u00e4umigen Bundesl\u00e4nder seien aber angemahnt worden. Allerdings werde CILIP die Statistik \u201evon uns nicht mehr erhalten\u201c. Hierzu gebe es eine Weisung des Vorgesetzten.<a href=\"#_ftn5\" name=\"_ftnref5\">[5]<\/a><\/p>\n<p>Zwei Wochen sp\u00e4ter teilt der UAFEK mit, nachdem die aktuelle Innenministerkonferenz nunmehr beendet sei, habe man mit der dortigen Gesch\u00e4ftsstelle noch einmal er\u00f6rtert, \u201ein welcher Form die Schusswaffengebrauchsstatistik der \u00d6ffentlichkeit zug\u00e4nglich gemacht wird\u201c. F\u00fcr 2019 sei die Statistik allerdings noch in der Erarbeitung und mit der Fertigstellung sei erst \u201eim sp\u00e4ten zweiten Halbjahr\u201c zu rechnen. Des Weiteren m\u00f6ge man sich direkt an die IMK wenden, \u201eum das weitere Vorgehen abzustimmen\u201c.<a href=\"#_ftn6\" name=\"_ftnref6\">[6]<\/a><\/p>\n<p>Anfang September kam schlie\u00dflich die Information, die Statistik sei fertiggestellt und an den IMK-Vorsitzenden zur Freigabe \u00fcbermittelt worden. Eine Ver\u00f6ffentlichung finde allerdings nur auf Anfrage statt, und nur CILIP sei diesbez\u00fcglich bislang vermerkt.<a href=\"#_ftn7\" name=\"_ftnref7\">[7]<\/a> Mit Datum vom 4. September traf die Statistik dann in der Redaktion ein.<a href=\"#_ftn8\" name=\"_ftnref8\">[8]<\/a>Sie hat offenbar eine l\u00e4ngere Odyssee hinter sich, denn sie datiert bereits auf den 9. Juli 2020.<\/p>\n<p>Eine neuerliche Anfrage an die DHPol nach dem Informations-Freiheitsgesetz (IFG) brachte Anfang November Klarheit in das Auskunfts-Wirrwarr. Dort hei\u00dft es: \u201eDie Innenministerkonferenz hat in ihrer Sitzung am 13.06.1984 festgelegt, dass die Statistik von der DHPol erstellt und vom Vorsitzenden der IMK ver\u00f6ffentlicht wird. Dieser Beschluss war in Vergessenheit geraten und wurde 2019 wieder in Kraft gesetzt\u201c.<a href=\"#_ftn9\" name=\"_ftnref9\">[9]<\/a><\/p>\n<h4>Weitere Verwirrungen<\/h4>\n<p>Zu zus\u00e4tzlicher Verwirrung hatten im Vorfeld ein Artikel im \u201eSpiegel\u201c und ein Bericht der online Plattform \u201estatista\u201c beigetragen. Unter Bezug auf die \u201eBild am Sonntag\u201c(BamS) meldete der \u201eSpiegel\u201c bereits Mitte Juni \u2013 offenbar ungepr\u00fcft \u2013 eine Gesamtzahl von 67 Polizeisch\u00fcssen und 14 Toten.<a href=\"#_ftn10\" name=\"_ftnref10\">[10]<\/a> Die BamShatte auf die \u201eStatistiken der Bundesl\u00e4nder sowie der Bundespolizei\u201c verwiesen, die zu diesem Zeitpunkt aber noch nicht vorlagen. Diese Informationen \u00fcbernahm einen Tag sp\u00e4ter dann auch \u201estatista\u201c.<a href=\"#_ftn11\" name=\"_ftnref11\">[11]<\/a> Die Zahl der Verletzten wurde im Spiegel mit 29 angegeben, w\u00e4hrend die offizielle Statistik sp\u00e4ter 30 meldet.<\/p>\n<p><a href=\"http:\/\/www.cilip.de\/wp-content\/uploads\/2021\/02\/Polizeiliche-Todesschuesse-2019-1.png\"><img loading=\"lazy\" decoding=\"async\" class=\"aligncenter size-full wp-image-18885\" src=\"https:\/\/www.cilip.de\/wp-content\/uploads\/2021\/02\/Polizeiliche-Todesschuesse-2019-1.png\" alt=\"\" width=\"1016\" height=\"633\" srcset=\"https:\/\/wp-dev.daten.cool\/wp-content\/uploads\/2021\/02\/Polizeiliche-Todesschuesse-2019-1.png 1016w, https:\/\/wp-dev.daten.cool\/wp-content\/uploads\/2021\/02\/Polizeiliche-Todesschuesse-2019-1-300x187.png 300w, https:\/\/wp-dev.daten.cool\/wp-content\/uploads\/2021\/02\/Polizeiliche-Todesschuesse-2019-1-768x478.png 768w\" sizes=\"auto, (max-width: 1016px) 100vw, 1016px\" \/><\/a> <a href=\"http:\/\/www.cilip.de\/wp-content\/uploads\/2021\/02\/Polizeiliche-Todesschuesse-2019-2.png\"><img loading=\"lazy\" decoding=\"async\" class=\"aligncenter size-full wp-image-18886\" src=\"https:\/\/www.cilip.de\/wp-content\/uploads\/2021\/02\/Polizeiliche-Todesschuesse-2019-2.png\" alt=\"\" width=\"1012\" height=\"631\" srcset=\"https:\/\/wp-dev.daten.cool\/wp-content\/uploads\/2021\/02\/Polizeiliche-Todesschuesse-2019-2.png 1012w, https:\/\/wp-dev.daten.cool\/wp-content\/uploads\/2021\/02\/Polizeiliche-Todesschuesse-2019-2-300x187.png 300w, https:\/\/wp-dev.daten.cool\/wp-content\/uploads\/2021\/02\/Polizeiliche-Todesschuesse-2019-2-768x479.png 768w\" sizes=\"auto, (max-width: 1012px) 100vw, 1012px\" \/><\/a> <a href=\"http:\/\/www.cilip.de\/wp-content\/uploads\/2021\/02\/Polizeiliche-Todesschuesse-2019-3.png\"><img loading=\"lazy\" decoding=\"async\" class=\"aligncenter size-full wp-image-18887\" src=\"https:\/\/www.cilip.de\/wp-content\/uploads\/2021\/02\/Polizeiliche-Todesschuesse-2019-3.png\" alt=\"\" width=\"1014\" height=\"634\" srcset=\"https:\/\/wp-dev.daten.cool\/wp-content\/uploads\/2021\/02\/Polizeiliche-Todesschuesse-2019-3.png 1014w, https:\/\/wp-dev.daten.cool\/wp-content\/uploads\/2021\/02\/Polizeiliche-Todesschuesse-2019-3-300x188.png 300w, https:\/\/wp-dev.daten.cool\/wp-content\/uploads\/2021\/02\/Polizeiliche-Todesschuesse-2019-3-768x480.png 768w\" sizes=\"auto, (max-width: 1014px) 100vw, 1014px\" \/><\/a> <a href=\"http:\/\/www.cilip.de\/wp-content\/uploads\/2021\/02\/Polizeiliche-Todesschuesse-2019-4.png\"><img loading=\"lazy\" decoding=\"async\" class=\"aligncenter size-full wp-image-18888\" src=\"https:\/\/www.cilip.de\/wp-content\/uploads\/2021\/02\/Polizeiliche-Todesschuesse-2019-4.png\" alt=\"\" width=\"1015\" height=\"630\" srcset=\"https:\/\/wp-dev.daten.cool\/wp-content\/uploads\/2021\/02\/Polizeiliche-Todesschuesse-2019-4.png 1015w, https:\/\/wp-dev.daten.cool\/wp-content\/uploads\/2021\/02\/Polizeiliche-Todesschuesse-2019-4-300x186.png 300w, https:\/\/wp-dev.daten.cool\/wp-content\/uploads\/2021\/02\/Polizeiliche-Todesschuesse-2019-4-768x477.png 768w\" sizes=\"auto, (max-width: 1015px) 100vw, 1015px\" \/><\/a><\/p>\n<h6><a href=\"#_ftnref1\" name=\"_ftn1\">[1]<\/a>\u00a0\u00a0\u00a0\u00a0\u00a0 vgl. B\u00fcrgerrechte &amp; Polizei\/Cilip 120 (November 2019), S. 78-83<\/h6>\n<h6><a href=\"#_ftnref2\" name=\"_ftn2\">[2]<\/a>\u00a0\u00a0\u00a0\u00a0 alle Angaben nach: F\u00e4lle von Polizeilichem Schusswaffengebrauch f\u00fcr das Jahr 2019 v. 9.7.2020<\/h6>\n<h6><a href=\"#_ftnref3\" name=\"_ftn3\">[3]<\/a>\u00a0\u00a0\u00a0\u00a0 E-Mail v. 4.6.2020<\/h6>\n<h6><a href=\"#_ftnref4\" name=\"_ftn4\">[4]<\/a>\u00a0\u00a0\u00a0\u00a0 E-Mail v. 6.6.2020<\/h6>\n<h6><a href=\"#_ftnref5\" name=\"_ftn5\">[5]<\/a>\u00a0\u00a0\u00a0\u00a0 telefonische Auskunft der DHPol v. 10.6.2020<\/h6>\n<h6><a href=\"#_ftnref6\" name=\"_ftn6\">[6]<\/a>\u00a0\u00a0\u00a0\u00a0 E-Mail v. 22.6.2020<\/h6>\n<h6><a href=\"#_ftnref7\" name=\"_ftn7\">[7]<\/a>\u00a0\u00a0\u00a0\u00a0 telefonische Auskunft v. 2.9.2020<\/h6>\n<h6><a href=\"#_ftnref8\" name=\"_ftn8\">[8]<\/a>\u00a0\u00a0\u00a0\u00a0 E-Mail v. 4.9.2020<\/h6>\n<h6><a href=\"#_ftnref9\" name=\"_ftn9\">[9]<\/a>\u00a0\u00a0\u00a0\u00a0 E-Mail v. 2.11.2020<\/h6>\n<h6><a href=\"#_ftnref10\" name=\"_ftn10\">[10]<\/a>\u00a0\u00a0 Der Spiegel v. 14.6.2020<\/h6>\n<h6><a href=\"#_ftnref11\" name=\"_ftn11\">[11]<\/a>\u00a0\u00a0\u00a0 <a href=\"https:\/\/de.statista.com\/statistik\/daten\/studie\/706648\/umfrage\/durch-polizisten-getoetete-menschen-in-deutschland\">https:\/\/de.statista.com\/statistik\/daten\/studie\/706648\/umfrage\/durch-polizisten-getoetete-menschen-in-deutschland<\/a><\/h6>\n","protected":false},"excerpt":{"rendered":"<p>Von Otto Diederichs 15 Menschen starben durch Polizeisch\u00fcsse, 30 wurden verletzt. Die Ver\u00f6ffentlichung der Statistik<\/p>\n","protected":false},"author":2,"featured_media":0,"comment_status":"open","ping_status":"open","sticky":false,"template":"","format":"standard","meta":{"footnotes":""},"categories":[128,147],"tags":[774,820,1094,1437],"class_list":["post-18882","post","type-post","status-publish","format-standard","hentry","category-cilip-124","category-polizeiliche-todesschuesse","tag-innenministerkonferenz","tag-justiz","tag-polizei","tag-todesschuesse"],"_links":{"self":[{"href":"https:\/\/wp-dev.daten.cool\/index.php?rest_route=\/wp\/v2\/posts\/18882","targetHints":{"allow":["GET"]}}],"collection":[{"href":"https:\/\/wp-dev.daten.cool\/index.php?rest_route=\/wp\/v2\/posts"}],"about":[{"href":"https:\/\/wp-dev.daten.cool\/index.php?rest_route=\/wp\/v2\/types\/post"}],"author":[{"embeddable":true,"href":"https:\/\/wp-dev.daten.cool\/index.php?rest_route=\/wp\/v2\/users\/2"}],"replies":[{"embeddable":true,"href":"https:\/\/wp-dev.daten.cool\/index.php?rest_route=%2Fwp%2Fv2%2Fcomments&post=18882"}],"version-history":[{"count":0,"href":"https:\/\/wp-dev.daten.cool\/index.php?rest_route=\/wp\/v2\/posts\/18882\/revisions"}],"wp:attachment":[{"href":"https:\/\/wp-dev.daten.cool\/index.php?rest_route=%2Fwp%2Fv2%2Fmedia&parent=18882"}],"wp:term":[{"taxonomy":"category","embeddable":true,"href":"https:\/\/wp-dev.daten.cool\/index.php?rest_route=%2Fwp%2Fv2%2Fcategories&post=18882"},{"taxonomy":"post_tag","embeddable":true,"href":"https:\/\/wp-dev.daten.cool\/index.php?rest_route=%2Fwp%2Fv2%2Ftags&post=18882"}],"curies":[{"name":"wp","href":"https:\/\/api.w.org\/{rel}","templated":true}]}}