{"id":18948,"date":"2021-04-04T17:59:16","date_gmt":"2021-04-04T17:59:16","guid":{"rendered":"https:\/\/www.cilip.de\/?p=18948"},"modified":"2021-04-04T17:59:16","modified_gmt":"2021-04-04T17:59:16","slug":"terroristische-online-inhalte-im-europaparlament","status":"publish","type":"post","link":"https:\/\/wp-dev.daten.cool\/?p=18948","title":{"rendered":"Terroristische Online-Inhalte im Europaparlament"},"content":{"rendered":"<h3>Tom Jennissen<\/h3>\n<p>Gegen die Verabschiedung der Verordnung zur Bek\u00e4mpfung terroristischer Online-Inhalte (TERREG-VO) durch das Europaparlament am 28. April 2021 haben sich zahlreiche zivilgesellschaftliche Gruppierungen in einem offenen Brief an die Abgeordneten gewandt.<a href=\"#_ftn1\" name=\"_ftnref1\">[1]<\/a> Die Unterzeichnenden, zu denen neben Organisationen wie Amnesty International, Human Rights Watch und Reporter ohne Grenzen vor allem netzpolitische Akteure wie European Digital Rights oder die deutsche Wikimedia geh\u00f6ren, warnen vor den Gefahren f\u00fcr die Meinungsfreiheit im Internet und dem Untergraben rechtsstaatlicher Grunds\u00e4tze. Bereits der im September 2018 vorgelegte Vorschlag der EU-Kommission<a href=\"#_ftn2\" name=\"_ftnref2\">[2]<\/a> hatte massive Kritik auf sich gezogen. Dieser sah unter anderem die Verpflichtung von Service-Providern zur automatisierten \u00dcberwachung s\u00e4mtlicher hochgeladener Daten auf sogenannte \u201eterroristische Inhalte\u201c vor. <!--more-->Kritiker*innen sahen darin nicht nur einen Dammbruch zur umfassenden Regulierung des Internets, sondern auch konkrete Gefahren f\u00fcr die Presse- und Meinungsfreiheit, da die automatisierte Filterung und L\u00f6schung nicht zwischen verherrlichender Propaganda und legitimer Berichterstattung und Dokumentation unterscheiden kann. Die ausdr\u00fcckliche Verpflichtung zum Einsatz von Uploadfiltern wurde zwar im Verlauf der Verhandlungen gestrichen, doch sieht auch die abschlie\u00dfende Fassung \u201etechnische und operative Ma\u00dfnahmen\u201c der Service-Provider vor, ihrer gem\u00e4\u00df Art. 5 der Verordnung bestehenden Verpflichtung nachzukommen, \u201ezu verhindern, dass \u00fcber (ihre) Dienste terroristische Inhalte \u00f6ffentlich verbreitet werden.\u201c<\/p>\n<p>Ein weiterer zentraler Kritikpunkt ist die Einf\u00fchrung grenz\u00fcberschreitender sanktionsbew\u00e4hrter Entfernungsanordnungen. Die Verordnung sieht vor, dass von den Mitgliedstaaten zu bezeichnende Beh\u00f6rden dazu berechtigt sind auch Provider, die ihren Sitz bzw. ihre EU-Vertre\u00adtung in einem anderen Mitgliedstaat haben, zur Entfernung von Inhalten innerhalb einer Stunde nach Anordnung verpflichten zu k\u00f6nnen. Nicht nur angesichts der laufenden Vertragsverletzungsverfahren gegen einzel\u00adne Mitgliedstaaten wegen Verst\u00f6\u00dfen gegen rechtsstaatliche Grunds\u00e4tze st\u00f6\u00dft eine derart Entgrenzung der Zugriffsm\u00f6glichkeiten nationaler Be\u00adh\u00f6rden auf grundlegende Kritik.<\/p>\n<h6><a href=\"#_ftnref1\" name=\"_ftn1\">[1]<\/a> \u00a0\u00a0\u00a0\u00a0 <a href=\"https:\/\/www.liberties.eu\/en\/stories\/terrorist-content-regulation-open-letter-to-meps\/43410\">https:\/\/www.liberties.eu\/en\/stories\/terrorist-content-regulation-open-letter-to-meps\/43410<\/a><\/h6>\n<h6><a href=\"#_ftnref2\" name=\"_ftn2\">[2]<\/a> \u00a0\u00a0\u00a0 Vorschlag f\u00fcr eine Verordnung zur Verhinderung der Verbreitung terroristischer Online-Inhalte, COM(2018) 640<\/h6>\n","protected":false},"excerpt":{"rendered":"<p>Tom Jennissen Gegen die Verabschiedung der Verordnung zur Bek\u00e4mpfung terroristischer Online-Inhalte (TERREG-VO) durch das Europaparlament<\/p>\n","protected":false},"author":2,"featured_media":0,"comment_status":"open","ping_status":"open","sticky":false,"template":"","format":"standard","meta":{"footnotes":""},"categories":[129,145],"tags":[],"class_list":["post-18948","post","type-post","status-publish","format-standard","hentry","category-cilip-125","category-meldungen-europa"],"_links":{"self":[{"href":"https:\/\/wp-dev.daten.cool\/index.php?rest_route=\/wp\/v2\/posts\/18948","targetHints":{"allow":["GET"]}}],"collection":[{"href":"https:\/\/wp-dev.daten.cool\/index.php?rest_route=\/wp\/v2\/posts"}],"about":[{"href":"https:\/\/wp-dev.daten.cool\/index.php?rest_route=\/wp\/v2\/types\/post"}],"author":[{"embeddable":true,"href":"https:\/\/wp-dev.daten.cool\/index.php?rest_route=\/wp\/v2\/users\/2"}],"replies":[{"embeddable":true,"href":"https:\/\/wp-dev.daten.cool\/index.php?rest_route=%2Fwp%2Fv2%2Fcomments&post=18948"}],"version-history":[{"count":0,"href":"https:\/\/wp-dev.daten.cool\/index.php?rest_route=\/wp\/v2\/posts\/18948\/revisions"}],"wp:attachment":[{"href":"https:\/\/wp-dev.daten.cool\/index.php?rest_route=%2Fwp%2Fv2%2Fmedia&parent=18948"}],"wp:term":[{"taxonomy":"category","embeddable":true,"href":"https:\/\/wp-dev.daten.cool\/index.php?rest_route=%2Fwp%2Fv2%2Fcategories&post=18948"},{"taxonomy":"post_tag","embeddable":true,"href":"https:\/\/wp-dev.daten.cool\/index.php?rest_route=%2Fwp%2Fv2%2Ftags&post=18948"}],"curies":[{"name":"wp","href":"https:\/\/api.w.org\/{rel}","templated":true}]}}