{"id":19087,"date":"2021-05-05T15:33:17","date_gmt":"2021-05-05T15:33:17","guid":{"rendered":"https:\/\/www.cilip.de\/?p=19087"},"modified":"2021-05-05T15:33:17","modified_gmt":"2021-05-05T15:33:17","slug":"chronologie-april-2021","status":"publish","type":"post","link":"https:\/\/wp-dev.daten.cool\/?p=19087","title":{"rendered":"Chronologie April 2021"},"content":{"rendered":"<h3>Zusammengestellt von Otto Diederichs<\/h3>\n<p>1. April: <b>Polizeisch\u00fcsse:<\/b> In Euskirchen (NRW) nimmt ein Mann einen Hotelangestellten als Geisel und verlangt L\u00f6segeld. Die Polizei <a href=\"https:\/\/www.sueddeutsche.de\/panorama\/euskirchen-geiselnahme-polizei-1.5253557\">\u00fcberw\u00e4ltigt den T\u00e4ter<\/a> durch einen Schuss in die H\u00fcfte. In Krumbach (Bayern) h\u00e4lt sich am gleichen Tag ein Mann unbefugt auf einem fremden Grundst\u00fcck auf und weigert sich, dieses zu verlassen. Als er eine Polizistin mit einem spitzes Gegenstand angreift, <a href=\"https:\/\/www.abendzeitung-muenchen.de\/bayern\/mann-bei-polizeieinsatz-durch-schuss-schwer-verletzt-art-717740\">schie\u00dft ihr Kollege<\/a> mehrfach auf den Mann und verletzt ihn schwer. In Hilden (NRW) bedroht ein Mann Polizeibeamte mit einem Schwert, die Beamten schie\u00dfen ihm daraufhin ins Bein. Er kommt schwerverletzt <a href=\"https:\/\/www.spiegel.de\/panorama\/justiz\/hilden-mann-soll-polizisten-mit-schwert-bedroht-haben-a-b2886380-b488-4c7d-bb78-f48f4672ce38\">ins Krankenhaus<\/a>. <a href=\"https:\/\/www.abendzeitung-muenchen.de\/bayern\/attacke-auf-vater-und-polizei-haftbefehl-gegen-sohn-art-722737\">Am 21. April<\/a> greift in Bayreuth (Bayern) ein Mann seinen Vater an und verbarrikadiert sich dann in seinem Zimmer. Als Polizisten das Zimmer st\u00fcrmen, greift er sie mit einem Messer an. Dann schie\u00dft ihm ein Beamter in die Hand. In Ha\u00dffurt (Bayern) geben Polizeibeamte <a href=\"https:\/\/www.abendzeitung-muenchen.de\/bayern\/kripo-stoppt-drogenuebergabe-mit-warnschuessen-art-723738\">am 22. April<\/a> bei der Festnahme von Drogenh\u00e4ndlern zwei Warnsch\u00fcsse ab um deren Flucht zu stoppen. Vier Verd\u00e4chtige werden festgenommen; 7,5 kg Marihuana und eine gr\u00f6\u00dfere Menge Bargeld werden sichergestellt. Bei einer Fahrzeugkontrolle in Berlin schie\u00dft <a href=\"https:\/\/www.morgenpost.de\/berlin\/polizeibericht\/article232128471\/Frau-stirbt-bei-Brand-in-Einfamilienhaus-in-Mueggelheim.html\">am 24. April<\/a> ein Polizeibeamter auf die Motorhaube des Wagens, als der Fahrer angeblich pl\u00f6tzlich auf ihn zu beschleunigt; dieser kann fl\u00fcchten. <!--more--><\/p>\n<p><b>Angriffe auf Polizist*innen: <\/b>Als Polizeibeamte in einem Berliner Park Corona-Regeln durchsetzen wollen, werden sie von mehreren Jugendlichen angegriffen und mit Steinen beworfen. Einige Personen werden <a href=\"https:\/\/www.morgenpost.de\/berlin\/polizeibericht\/article231951117\/Patient-stirbt-bei-Brand-in-Berliner-Krankenhaus.html\">vor\u00fcbergehend festgenommen<\/a>. <a href=\"https:\/\/www.fr.de\/rhein-main\/darmstadt\/fast-taeglich-eine-attacke-gegen-einsatzkraefte-in-suedhessen-90456641.html\">Am 12. April<\/a> wird durch Presseberichte bekannt, dass im Zust\u00e4ndigkeitsbereich des P\u00f6lizeipr\u00e4sidiums S\u00fcdhessen in den letzten drei Jahren j\u00e4hrlich etwa 300 Angriffe auf Polizist*innen gez\u00e4hlt wurden. Laut der <a href=\"https:\/\/www.spiegel.de\/panorama\/justiz\/polizeiliche-kriminalstatistik-schlechte-zeiten-fuer-einbrecher-gute-zeiten-fuer-betrueger-a-7e470950-a97b-4613-8a4e-d142dc4d8109\">am 15. April<\/a> vorgestellten Polizeilichen Kriminalit\u00e4tsstatistik (PKS) soll es 2020 bundesweit zu etwa 15.800 Angriffen auf Polizist*innen gekommen sein. <a href=\"https:\/\/www.welt.de\/vermischtes\/article230489833\/Aschaffenburg-Corona-Polizisten-bei-Maskenkontrolle-angegriffen.html\">Am 18. April<\/a> greift in Aschaffenburg (Bayern) eine Gruppe von etwa 30 Personen die Polizist*innen an, als diese sie kontrollieren wollen. Auf dem Flughafen Frankfurt\/M. Hessen) ruft eine Crew <a href=\"https:\/\/www.fr.de\/frankfurt\/flughafen-frankfurt-coronavirus-maske-eskalation-corona-flugzeug-flieger-reisen-crew-polizisten-verletzt-zr-90475755.html\">am 25. April<\/a> die Bundespolizei (BPol) weil eine Frau sich beharrlich weigert, eine Mund-Nasen-Maske zu tragen oder das Flugzeug zu verlassen. Die eintreffenden Beamten greift sie an und kratzt sie. Gegen die Frau wird ein Ermittlungsverfahren eingeleitet. Bei einer nicht angemeldeten Anti-Corona-Demonstration <a href=\"https:\/\/www.spiegel.de\/panorama\/schmalkalden-in-thueringen-polizisten-bei-coronademo-verletzt-a-16739f57-03db-4224-83b0-bc4e5709941b\">am 26. April<\/a> mit 60 Teilnehmer*innen in Schmalkalden (Th\u00fcringen) greifen mehrere Personen die Polizisten an, die Personalien feststellen und die Hygiene-Regeln durchsetzen wollen. Zwei Beamte m\u00fcssen im Krankenhaus behandelt werden.<\/p>\n<p><b>Rechtsradikalismus:<\/b> Durch Presseberichte wird bekannt, dass die Staatsanwaltschaft (StA) Saarbr\u00fccken (Saarland) aufgrund eines Rechtshilfeersuchens der \u00f6sterreichischen StA in Salzburg R\u00e4umlichkeiten des NPD-Bundesvorsitzenden <a href=\"https:\/\/www.spiegel.de\/politik\/deutschland\/frank-franz-razzia-bei-npd-chef-a-685c023f-dc04-40fd-8ef8-3209b85f2fcb\">durchsuchen lie\u00df<\/a>; Gesch\u00e4ftsunterlagen und Datentr\u00e4ger wurden beschlagnahmt. Hintergrund ist ein Ermittlungsverfahren wegen Untreue, Bankrott und Geldw\u00e4sche. <a href=\"https:\/\/www.morgenpost.de\/berlin\/polizeibericht\/article231962253\/Blaulicht-Blog-Laubenbrand-in-Berlin-Heinersdorf.html\">Am 4. April<\/a> wird die Polizei in Berlin zu einem Nachbarschaftsstreit gerufen. Als die Beamt*innen eintreffen, entbl\u00f6\u00dft der Mann gerade sein Ges\u00e4\u00df, zeigt den Hitlergru\u00df und ruft nationalsozialistische und antisemitische Parolen. Er wird festgenommen und wegen seiner Aggressivit\u00e4t in Gewahrsam gehalten. In Hamburg zeigt <a href=\"https:\/\/www.presseportal.de\/blaulicht\/pm\/70254\/4891810\">am 17. April<\/a> ein Mann einer BPol-Streife mehrfach den Hitlergru\u00df und beleidigt sie. Gegen seine Festnahme leistet er erheblichen Widerstand. <a href=\"https:\/\/www.morgenpost.de\/berlin\/polizeibericht\/article232156711\/Taxifahrer-faehrt-volksverhetzenden-Fahrgast-zur-Polizei.html\">Am 28. April<\/a> beleidigt in Berlin ein betrunkener Fahrgast einen Taxifahrer mehrfach volksverhetzend und k\u00fcndigt an, die Fahrt nicht zu bezahlen. Der Taxifahrer f\u00e4hrt mit ihm zur Polizei und erstattet Anzeige.<\/p>\n<p><b>Verschwundene Munition:<\/b> In der Aff\u00e4re um verschwundene Munition beim Kommando Spezialkr\u00e4fte (KSK) hat die StA T\u00fcbingen (Baden-W\u00fcrttemberg) Ermittlungen gegen deren Kommandeur <a href=\"https:\/\/taz.de\/Munitionsaffaere-bei-Militaer-Eliteeinheit\/!5763913\/\">aufgenommen<\/a>. Er hatte den Soldaten die M\u00f6glichkeit gegeben, verschwundene oder entwendete Munition anonym und straffrei zur\u00fcck zu geben. <a href=\"https:\/\/www.spiegel.de\/panorama\/justiz\/sachsen-lka-chef-petric-kleine-und-abteilungsleiter-verlieren-ihre-jobs-a-ffd325b2-e4b0-46c4-bb7d-d3c1fa9b56f5\">Am 7. April<\/a> teilt Sachsens Innenminister Roland W\u00f6ller (CDU) mit, dass er den Leiter des Landeskriminalamtes (LKA) und den, f\u00fcr die Spezialeinheiten zust\u00e4ndigen Abteilungsleiter entlassen hat. Hintergrund sei ein nicht genehmigtes Schie\u00dftraining der Einheiten bei einem privaten, mutma\u00dflich rechtsextremistischen, Anbieter im Jahr 2018, dass die Beamten mit mindestens 7.000 Schuss gestohlener Munition bezahlt hatten. Durch Presseberichte wird <a href=\"https:\/\/www.lvz.de\/Region\/Mitteldeutschland\/Aufstieg-im-Innenministerium-Woeller-befoerdert-abgesetzten-LKA-Chef\">am 13. April<\/a> bekannt, dass der LKA-Chef ins Innenministerium \u00fcbernommen und bef\u00f6rdert wurde. Durch Presseberichte wird <a href=\"https:\/\/www.welt.de\/politik\/deutschland\/article230093235\/Munitionsskandal-Ermittlungen-gegen-bayerische-Polizisten.html\">am 10. April<\/a> bekannt, dass auch die StA M\u00fcnchen (Bayern) Ermittlungen gegen mehrere Beamte bayerischer Spezialeinheiten aufgenommen hat, die Schie\u00df\u00fcbungen auf dem Schie\u00dfplatz eines rechtsextremistischen Betreibers in Mecklenburg-Vorpommern durchgef\u00fchrt hatten; bei einer dortigen Durchsuchung waren 90 Patronen ihrer Munition gefunden worden. <a href=\"https:\/\/www.spiegel.de\/panorama\/justiz\/bayerische-polizisten-sollen-munition-unterschlagen-haben-a-ad661cb1-bd7a-4268-aa50-3db78680d579\">Am 28. April<\/a> durchsuchen Polizeibeamt*innen in N\u00fcrnberg und Augsburg (beide Bayern) die Dienststellen und eine Wohnung von Beamten Des Spezialeinsatzkommandos (SEK). Gegen zwei Beamte wird konkret ermittelt, aber auch bei weiteren Beamten werden Munitionsunterschlagungen untersucht.<\/p>\n<p><b>Rassistische Angriffe:<\/b> In einer B\u00e4ckerei in Berlin macht die dunkelh\u00e4utige Angestellte einen Mann auf die Maskenpflicht aufmerksam. Daraufhin beleidigt er sie rassistisch und verl\u00e4sst das Gesch\u00e4ft. Wenig sp\u00e4ter kommt er zur\u00fcck, schl\u00e4gt und tritt der Schwangeren in den Unterleib. <a href=\"https:\/\/www.tagesspiegel.de\/berlin\/rassistisch-beleidigt-und-geschlagen-mann-attackiert-schwangere-mitarbeiterin-in-baeckerei-in-berlin-charlottenburg\/27064334.html\">Er wird festgenommen<\/a> und erkennungsdienstlich behandelt. <a href=\"https:\/\/www.tagesspiegel.de\/berlin\/vorfall-in-neukoellner-aldi-filiale-kunde-wird-im-supermarkt-rassistisch-beleidigt-mitarbeiter-entlassen\/27127584.html\">Am 22. April<\/a> wird in einem Supermarkt in Berlin ein Deutsch-Ghanaer von einem anderen Kunden rassistisch beleidigt und von einem Mitarbeiter mit einem Pappkarton beworfen. Anwesende Security-Mitarbeiter greifen nicht ein; schlie\u00dflich wird das Opfer des Ladens verwiesen. In einer Stra\u00dfenbahn in Erfurt (Th\u00fcringen) <a href=\"https:\/\/www.faz.net\/aktuell\/gesellschaft\/kriminalitaet\/brutaler-rassistischer-angriff-auf-jugendlichen-in-erfurter-tram-17312973.html\">beleidigt ein Mann<\/a> einen jungen Syrer rassistisch, bespuckt ihn und greift ihn an, wobei das Opfer leicht verletzt wird. Der T\u00e4ter kann zun\u00e4chst fl\u00fcchten, wird jedoch wenige Tage sp\u00e4ter festgenommen. <a href=\"https:\/\/www.morgenpost.de\/berlin\/polizeibericht\/article232141759\/Frau-bei-rassistischem-Uebergriff-in-Friedrichshain-verletzt.html\">Am 26. April<\/a> werden in einer Berliner B\u00e4ckerei zwei Verk\u00e4uferinnen von einem Randalierer rassistisch beleidigt und angegriffen; der Mann wird festgenommen. Erneut wird <a href=\"https:\/\/www.morgenpost.de\/berlin\/polizeibericht\/article232164667\/Grunewald-Radfahrer-bei-Unfall-schwer-verletzt.html\">am 28. April<\/a> in Berlin eine Familie von einem Mann rassistisch beleidigt und mit einer Flasche beworfen; zudem ruft der Mann Nazi-Parolen.<\/p>\n<p>2. April: <b>K\u00f6rperverletzung im Amt:<\/b> In Frankfurt\/M. (Hessen) schl\u00e4gt ein Polizeibeamter einem Mann, der keine Mund-Nase-Maske tr\u00e4gt weil er telefoniert, von hinten hart auf die Schulter, <a href=\"https:\/\/www.fr.de\/frankfurt\/frankfurt-polizei-antisemitismus-judenausweis-polizeigewalt-verleumdung-operplatz-90317189.html\">packt ihn und rei\u00dft ihn herum<\/a>. Im weiteren Verlauf fragt er ihn dann nach seinem \u201eJuden-Ausweis\u201c. Der Mann erstattet danach Dienstaufsichtsbeschwerde und Anzeige wegen K\u00f6rperverletzung im Amt, Beleidigung und Volksverhetzung. Die Polizei bestreitet die Vorw\u00fcrfe; die beteiligten Beamten erstatten ihrerseits Anzeige wegen Verleumdung. Durch Pressever\u00f6ffentlichungen wird <a href=\"https:\/\/www.fr.de\/rhein-main\/landespolitik\/wichtiges-beweisvideo-bei-der-polizei-im-hessischen-idstein-geloescht-90404661.html\">am 9. April<\/a> bekannt, dass im Fall eines Mannes, der in Idstein (Hessen) nach Handgreiflichkeiten mit der Polizei bei seiner Festnahme, Anzeige gegen die Beamt*innen erstattet hatte, dass Video einer \u00dcberwachungskamera \u00fcberspielt wurde. Durch eine parlamentarische Anfrage der Linksfraktion in der Hamburger B\u00fcrgerschaft wird <a href=\"https:\/\/taz.de\/Einsatz-gegen-schwarze-Jugendliche\/!5762716\/\">am 26. April<\/a> bekannt, dass der Einsatz von 12 Polizist*innen gegen zwei Schwarze Jugendliche Anfang des Monats f\u00fcr die Beamt*innen keine Konsequenzen haben wird. Einer der Jugendlichen hatte auf einer Kundgebung gegen rassistische Polizeikontrollen eine Rede gehalten. Auf dem Heimweg waren er und sein Bruder von den Beamt*innen abgefangen worden; der Jugendliche musste anschlie\u00dfend im Krankenhaus behandelt werden.<\/p>\n<p>3. April: <b>Demonstrationen gegen Corona-Auflagen:<\/b> Am Jahrestag ihrer \u201eQuerdenker\u201c-Bewegung versammeln sich in Stuttgart (Baden-W\u00fcrttemberg) <a href=\"https:\/\/www.welt.de\/politik\/deutschland\/article229704415\/Querdenker-Demo-in-Stuttgart-Bierzeltstimmung-und-Diktatur-Plakate.html\">zwischen 10.000 und 15.000 Corona-Leugner*innen<\/a>; Schutzma\u00dfnahmen werden konsequent missachtet. Rund 250 der Verst\u00f6\u00dfe werden mit Ordnungswidrigkeitsma\u00dfnahmen <a href=\"https:\/\/www.tagesspiegel.de\/gesellschaft\/ex-afd-mann-scherzt-mit-stuttgarter-beamten-polizisten-lachen-nach-ratten-beleidigung-gegen-landtagsdirektor\/27066990.html\">geahndet<\/a>. Insgesamt sind <a href=\"https:\/\/www.spiegel.de\/panorama\/gesellschaft\/corona-tausende-querdenker-protestieren-in-stuttgart-a-ab00d1dd-2674-4d5c-b687-a18b4fd5815b\">10 Kundgebungen und Demonstrationen angemeldet<\/a>. <a href=\"https:\/\/www.abendzeitung-muenchen.de\/muenchen\/friedensaktivisten-und-corona-kritiker-so-lief-das-demo-wochenende-in-muenchen-art-717815\">Am 4. April<\/a> versammeln sich in M\u00fcnchen (Bayern) rund 60 Corona-Leugner*innen; es bleibt friedlich. Bei einer Anti-Corona-Demonstration mit rund 350 Teilnehmer*innen <a href=\"https:\/\/www.tagesspiegel.de\/berlin\/hitlergruss-kein-abstand-und-alte-bekannte-zahlreiche-verstoesse-gegen-corona-auflagen-bei-demo-am-ostermontag-in-berlin\/27070962.html\">am 5. April<\/a> in Berlin leitet die Polizei neun Strafermittlungen wegen versuchter Gefangenenbefreiung, Widerstand und falscher Gesundheitszeugnisse ein; au\u00dferdem werden 41 Verfahren wegen Versto\u00df gegen die Hygieneverordnung eingeleitet. <a href=\"https:\/\/verwaltungsgericht-karlsruhe.justiz-bw.de\/pb\/,Lde\/Startseite\/Presse\/Rastatt_+Verbot+einer+Demonstration+bestaetigt\/?LISTPAGE=9106435\">Am 9. April<\/a> best\u00e4tigt das Verwaltungsgericht (VG) Karlsruhe das Verbot einer Anti-Corona-Demonstration in Rastatt (beide Baden-W\u00fcrttemberg) (Az: 10 K 13.07\/21). Mit Stra\u00dfensperren, Wasserwerfern und R\u00e4umpanzern verhindert die Polizei <a href=\"https:\/\/www.welt.de\/vermischtes\/article230106265\/Leipzig-und-Halle-Querdenken-Demo-verhindert-1700-Polizisten-im-Einsatz.html\">am 10. April<\/a> eine verbotene Anti-Corona-Demonstration in Leipzig ebenso wie die Ausweich-Demonstration in Halle (beide Sachsen). Das S\u00e4chsische Oberverwaltungsgericht (OVG) hat das Verbot der Stadt zuvor per Eilverfahren best\u00e4tigt. (Az: <a href=\"https:\/\/www.juris.de\/jportal\/portal\/t\/8pi\/page\/homerl.psml?nid=jnachr-JUNA210401357&amp;cmsuri=%2Fjuris%2Fde%2Fnachrichten%2Fzeigenachricht.jsp\">6 B 177\/21<\/a>). In Berlin demonstrieren <a href=\"https:\/\/www.tagesspiegel.de\/berlin\/attestfaelschung-widerstand-beleidigung-41-strafanzeigen-und-eine-festnahme-bei-corona-demo-in-berlin\/25655678.html\">am gleichen Tag<\/a> etwa 250 Corona-Leugner*Innen; die Polizei fertigt 41 Strafanzeigen wegen Attestf\u00e4lschungen, Beleidigung und Sachbesch\u00e4digung, ein Mann wird wegen Widerstand festgenommen. Auch bei der Anti-Corona-Demonstration in Frankfurt\/M. (Hessen) <a href=\"https:\/\/www.fr.de\/frankfurt\/frankfurt-querdenker-demo-sonntag-ffm-corona-hessischer-rundfunk-gleichgeschaltete-medien-kritik-news-90357542.html\">am 11. April<\/a> mit 400 Menschen wird ein Mann festgenommen. <a href=\"https:\/\/www.morgenpost.de\/berlin\/polizeibericht\/article232032873\/Berlin-Pizzabote-bei-Raubueberfall-schwer-verletzt.html\">Am 13. April<\/a> demonstrieren in Berlin erneut rund 400 Menschen, 58 Personen werden vor\u00fcbergehend festgenommen, 16 Straf- und 37 Ordnungswidrigkeitsverfahren werden eingeleitet. <a href=\"https:\/\/www.welt.de\/politik\/deutschland\/article230255985\/Corona-Demo-in-Berlin-Demonstranten-drohen-Polizisten-mit-Erschiessung.html\">Am selben Tag<\/a> findet in Zittau eine unangemeldete Demonstration mit etwa 500 Menschen statt, mehrere Strafanzeigen werden gefertigt und Platzverweise erteilt. Weitere Demonstrationen mit einigen 100 Personen finden in Chemnitz, Freiberg und Zw\u00f6nitz (alle Sachsen) statt. In Mecklenburg-Vorpommern demonstrieren insgesamt rund 600 Corona-Leugner*innen in Rostock, Ludwigslust, Wismar, Teterow, Stralsund, Neubrandenburg, Greifswald, Waren\/M\u00fcritz und Benz\/Usedom. <a href=\"https:\/\/www.welt.de\/politik\/deutschland\/article230289163\/Dresden-Querdenken-Demo-am-Samstag-verboten.html\">Am gleichen Tag<\/a> verbietet die Stadt Dresden (Sachsen) unter Verweis auf die Ereignisse in Stuttgart (Baden-W\u00fcrttemberg) und Kassel (Hessen) eine f\u00fcr das Wochenende geplante Anti-Corona-Demonstration (Az: <a href=\"https:\/\/www.juris.de\/jportal\/portal\/t\/fnj\/page\/homerl.psml?nid=jnachr-JUNA210401459&amp;cmsuri=%2Fjuris%2Fde%2Fnachrichten%2Fzeigenachricht.jsp\">6 L 283\/21<\/a>). In Aschaffenburg (Bayern) demonstrieren <a href=\"https:\/\/www.welt.de\/vermischtes\/article230489833\/Aschaffenburg-Corona-Polizisten-bei-Maskenkontrolle-angegriffen.html\">am 14. April<\/a> etwa100 Menschen gegen die Corona-Auflagen. <a href=\"https:\/\/www.spiegel.de\/panorama\/justiz\/gericht-bestaetigt-querdenker-demos-in-kempten-wird-verboten-a-a5e5969b-1983-4ba5-a2fb-ede6b7dba864\">Am 15. April<\/a> best\u00e4tigt der Bayerische Verwaltungsgerichtshof (VGH) das Verbot des VG Augsburg von zwei Anti-Corona-Demonstrationen in Kempten (beide Bayern) wegen der Infektionsgefahr (Az: 10 CS 21.1113). <a href=\"https:\/\/www.welt.de\/vermischtes\/article230489833\/Aschaffenburg-Corona-Polizisten-bei-Maskenkontrolle-angegriffen.html\">Am 16. April<\/a> demonstrieren in Aschaffenburg (Bayern) erneut 160 Corona-Leugner*innen. Am gleichen Tag best\u00e4tigt das OVG Sachsen das Verbot der Stadt Dresden f\u00fcr die Demonstration am n\u00e4chsten Tag (Az: <a href=\"https:\/\/www.juris.de\/jportal\/portal\/t\/1c2d\/page\/homerl.psml?nid=jnachr-JUNA210401494&amp;cmsuri=%2Fjuris%2Fde%2Fnachrichten%2Fzeigenachricht.jsp\">6 B 186\/21<\/a>). Dennoch demonstrieren <a href=\"https:\/\/www.spiegel.de\/panorama\/justiz\/corona-proteste-grossaufgebote-der-polizei-in-stuttgart-und-dresden-im-einsatz-a-d1281e4a-b391-4a49-b183-6ee713392d8a\">am 17. April<\/a> dort rund 50 Menschen gegen die Corona-Verordnungen; die Polizei erteilt Platzverweise. Auch in etlichen anderen St\u00e4dten demonstrieren <a href=\"https:\/\/www.sueddeutsche.de\/bayern\/corona-bayern-news-querdenker-demo-kempten-1.5261759?reduced=true\">am 17. April<\/a> Corona-Leugner*innen: Trotz des Verbots versammeln sich in Kempten (Bayern) etwa 1.000 Personen, die Polizei l\u00f6st die Versammlung auf. In Stuttgart (Baden-W\u00fcrttemberg) demonstrieren trotz Verbot <a href=\"https:\/\/www.spiegel.de\/panorama\/justiz\/corona-proteste-hunderte-anzeigen-nach-demos-in-stuttgart-a-1c0f5c65-fb3b-4d73-b26b-399b49e65110\">ebenfalls \u00fcber 700 Menschen<\/a>, Die Polizei stellt Hunderte Verst\u00f6\u00dfe gegen die Maskenpflicht fest (Gegendemonstration: 400). An einer Demonstration vor dem Berliner Bundesgesundheitsministerium <a href=\"https:\/\/www.tagesspiegel.de\/berlin\/corona-demos-in-mehreren-staedten-deutlich-weniger-teilnehmer-bei-querdenker-protest-in-berlin-als-erwartet\/27105866.html\">beteiligen sich etwa 400 Personen<\/a>; es kommt zu Rangeleien mit der Polizei 69 Personen werden <a href=\"https:\/\/www.berliner-zeitung.de\/news\/corona-demo-in-berlin-eskaliert-polizei-nimmt-69-teilnehmer-fest-li.153498\">festgenommen<\/a>. In Wiesbaden (Hessen) kommt es zu gleich <a href=\"https:\/\/www.fr.de\/rhein-main\/wiesbaden\/corona-querdenken-demo-wiesbaden-polizei-stadt-demonstration-kundgebung-coronavirus-zr-90462396.html\">mehreren Demonstrationen<\/a> mit zwischen 20 und bis zu 1.200 Personen; insgesamt werden von der Polizei 10 Straf- und 106 Ordnungswidrigkeitsanzeigen gefertigt, 112 Platzverweise ereilt und 11 Personen vor\u00fcbergehend festgenommen. Etwa 8.000 Menschen, darunter auch AfD-Politiker*innen und Rechtsextremist*innen, demonstrieren <a href=\"https:\/\/www.tagesspiegel.de\/berlin\/polizei-justiz\/rechte-youtuber-afd-esoteriker-querdenker-protest-gegen-bundes-notbremse-ohne-maske-mit-gewalt\/27118962.html\">am 21. April<\/a> in Berlin im Regierungsviertel in mehreren Aufz\u00fcgen gegen das neue Infektionsschutzgesetz. Vier Ansammlungen waren bereits im Vorfeld verboten worden. Als die Polizei die \u00fcbrigen Demonstration am Mittag aufl\u00f6st, <a href=\"https:\/\/www.morgenpost.de\/berlin\/article232101399\/corona-demos-berlin-bilanz-festnahmen-verletzte.html\">eskaliert die Situation<\/a>, es kommt zu Stein- und Flaschenw\u00fcrfen, 30 Polizist*innen werden verletzt und insgesamt 250 Personen <a href=\"https:\/\/www.tagesspiegel.de\/berlin\/corona-proteste-in-berlin-250-festnahmen-bei-querdenker-demos-anwohner-applaudieren-polizei\/27115806.html\">festgenommen<\/a>. In Berlin findet <a href=\"https:\/\/www.tagesspiegel.de\/berlin\/-querdenker-protest-in-berlin-kreuzberg-gegendemonstranten-blockieren-demo-zug-250-polizisten-im-einsatz\/27128634.html\">am 24. April<\/a> erneut eine Anti-Corona-Demonstration mit einer Teilnehmer*innen-Zahl im \u201eunteren dreistelligen Bereich\u201c statt. Drei Gegendemonstrationen mit \u00fcber 100 Teilnehmer*innen stellen sich dagegen. Ebenfalls am 24. April verbietet das OVG Sachsen eine f\u00fcr den gleichen Tag in Chemnitz angemeldete Demonstration (Az: <a href=\"https:\/\/www.juris.de\/jportal\/portal\/t\/100p\/page\/homerl.psml?nid=jnachr-JUNA210401633&amp;cmsuri=%2Fjuris%2Fde%2Fnachrichten%2Fzeigenachricht.jsp\">6 B 204\/21<\/a>) und best\u00e4tigt damit ein vorheriges Verbot des VG Chemnitz (beide Sachsen) (Az: <a href=\"https:\/\/www.juris.de\/jportal\/portal\/t\/100p\/page\/homerl.psml?nid=jnachr-JUNA210401630&amp;cmsuri=%2Fjuris%2Fde%2Fnachrichten%2Fzeigenachricht.jsp\">7 L 192\/21<\/a>). In Wiesbaden (Hessen) beteiligen sich <a href=\"https:\/\/www.fr.de\/rhein-main\/landespolitik\/protest-gegen-afd-demo-in-wiesbaden-90482115.html\">am 26. April<\/a> etwa 160 Personen an einer AfD-Kundgebung zur \u201eCorona-Notbremse\u201c; 70 Personen demonstrieren dagegen. <a href=\"https:\/\/www.tagesspiegel.de\/berlin\/unterstuetzung-fuer-querdenker-berliner-afd-erklaert-sich-zum-parlamentarischen-arm-der-anti-corona-proteste\/27146908.html\">Am 30. April<\/a> wird durch Presseberichte bekannt, dass sich der Berliner AfD-Landesverband zum \u201eparlamentarischen Arm\u201c der Anti-Corona-Bewegung erkl\u00e4rt hat. Am sp\u00e4ten Abend des <a href=\"https:\/\/www.fr.de\/rhein-main\/darmstadt\/darmstadt-neue-testzentren-oeffnen-90245235.html\">gleichen Tages<\/a> versammeln sich in Darmstadt (Hessen) etwa 250 Corona-Leugner*innen zu einer Kundgebung. Eine Rednerin vergleicht die anwesenden Polizist*innen dabei mit KZ-Aufsehern; die Polizei leitet Ermittlungen ein (Gegendemonstrant*innen: 75).<\/p>\n<p><b>Rechtsextremismus:<\/b> Durch <a href=\"https:\/\/www.spiegel.de\/panorama\/justiz\/hamburger-feuerwehr-mehrere-rechtsextreme-verdachtsfaelle-a-0e676741-b726-4ef3-b1f0-cd9282c9a4d8\">Presseberichte<\/a> wird bekannt, dass in Bremen mehrere Feuerwehrleute im Verdacht des Rechtsextremismus stehen. Gegen f\u00fcnf von ihnen wurden disziplinarische Ermittlungen eingeleitet; einem weiteren wurde au\u00dferdem das F\u00fchren der Dienstgesch\u00e4fte verboten. Durch eine parlamentarische Anfrage der Linksfraktion im Berliner Abgeordnetenhaus wird <a href=\"https:\/\/www.welt.de\/politik\/deutschland\/article229994863\/In-nur-einem-Jahr-Hakenkreuze-brennende-Autos-150-rechte-Straftaten-in-Neukoelln.html\">am 8. April<\/a> bekannt, dass die Polizei von M\u00e4rz 2020 bis M\u00e4rz 2021 in nur einem Berliner Stadtbezirk \u00fcber 150 rechtsextremistische Straftaten registriert hat, darunter f\u00fcnf Brandstiftungen. Vor dem Oberlandesgericht (OLG) Stuttgart (Baden-W\u00fcrttemberg) beginnt <a href=\"https:\/\/www.berliner-zeitung.de\/politik-gesellschaft\/stammheim-prozess-nur-spruecheklopfer-oder-gefaehrliche-rechtsterroristen-li.151837\">am 13. April<\/a> der Prozess gegen 12 mutma\u00dfliche Mitglieder der rechtsextremistischen \u201eGruppe S\u201c wegen Bildung einer rechtsterroristischen Vereinigung, illegalen Waffenbesitz und Vorbereitung schwerer staatsgef\u00e4hrdender Gewalttaten. Ebenfalls <a href=\"https:\/\/www.tagesspiegel.de\/berlin\/islamhasser-in-berlin-verurteilt-amtsgericht-tiergarten-verhaengt-haftstrafe-fuer-bau-von-sprengsaetzen\/27091782.html\">am 13. April<\/a> verurteilt ein Berliner Amtsgericht (AG) einen Mann, der Sprengs\u00e4tze gebaut hatte um damit mutma\u00dflich Muslime anzugreifen, zu einer Haftstrafe von einem Jahr und vier Monaten. Durch eine parlamentarische Anfrage der Linksfraktion im Berliner Abgeordnetenhaus wird <a href=\"https:\/\/leute.tagesspiegel.de\/neukoelln\/macher\/2021\/04\/14\/167259\/155-rechte-straftaten-in-neun-monaten-registriert\/\">am 14. April<\/a> bekannt, dass die Polizei zwischen Juni 2020 und M\u00e4rz 2021 in der Stadt insgesamt 155 rechtsextremistische Straftaten registriert hat, darunter acht Gewaltdelikte. In M\u00fcnchen (Bayern) stellt Landesinnenminister Joachim Herrmann (CSU) <a href=\"https:\/\/www.sueddeutsche.de\/bayern\/bayern-verfassungsschutzbericht-2020-rechtsextremismus-1.5269138\">am 19. April<\/a> den Verfassungsschutzbericht 2020 vor. Danach registrierte das Landesamt f\u00fcr Verfassungsschutz (LfV) im vergangenen Jahr insgesamt 2.455 rechtsextremistische Straftaten in Bayern, darunter 81 Gewalttaten. <a href=\"https:\/\/taz.de\/Rechtsextreme-Treffpunkte\/!5763522\/\">Am 29. April<\/a> wird durch eine parlamentarische Anfrage der Linken-Bundestagsfraktion bekannt, dass dem Bundesinnenministerium bundesweit aktuell 174 Objekte bekannt sind, in denen sich die rechtsextreme Szene vernetzt (2018: 146). Davon liegen die meisten mit 27 Immobilien in Sachsen-Anhalt (Sachsen: 23 \/ Bayern: 18 \/ Brandenburg: 18 \/ NRW: 14 \/ Th\u00fcringen: 14).<\/p>\n<p><b>Rassistische Handlungen:<\/b> In Hildesheim (Niedersachsen) <a href=\"https:\/\/www.welt.de\/politik\/deutschland\/article229783243\/Hildesheim-Unbekannter-wirft-mit-Stein-Fenster-von-Ditib-Moschee-ein.html\">wirft ein Unbekannter einen Stein<\/a> in das Fenster einer t\u00fcrkischen Moschee, danach fl\u00fcchtet er. <a href=\"https:\/\/www.morgenpost.de\/berlin\/polizeibericht\/article232043107\/Auto-rast-in-Leitplanke-der-A100.html\">Am 14. April<\/a> beleidigt in Berlin ein Schwarzfahrer zwei Fahrkartenkontrolleure rassistisch; die Polizei stellt seine Personalien fest. Wiederum in Berlin wird <a href=\"https:\/\/www.morgenpost.de\/berlin\/polizeibericht\/article232164667\/Grunewald-Radfahrer-bei-Unfall-schwer-verletzt.html\">am 28. April<\/a> eine Frau von einem Unbekannten rassistisch beleidigt. Vor dem Eintreffen der Polizei kann er fl\u00fcchten.<\/p>\n<p>6. April: <b>Verfassungsschutz:<\/b> Durch <a href=\"https:\/\/taz.de\/Verfassungsschutz-blickt-nach-links\/!5758856\/\">Presseberichte<\/a> wird bekannt, dass das LfV Niedersachsen drei Mitglieder der Partei \u201eDie Linke\u201c dar\u00fcber informiert hat, dass es sie durch V-Leute beobachtet hat. Zu dieser Information ist das LfV nach Abschluss einer Ma\u00dfnahme gesetzlich verpflichtet. <a href=\"https:\/\/www.tagesschau.de\/investigativ\/br-recherche\/polizist-verfassungsschutz-corona-101.html\">Am 7. April<\/a> wird ebenfalls durch Presseberichte bekannt, dass das LfV Bayern einen pensionierten Polizisten beobachtet, der auf Veranstaltungen von Corona-Leugner*innen regelm\u00e4\u00dfig Polizeibeamt*innen zum Widerstand aufruft. Im Verfassungsschutzausschuss des Berliner Abgeordnetenhauses erkl\u00e4rt Innensenator Andreas Geisel (SPD) <a href=\"https:\/\/www.tagesspiegel.de\/berlin\/beobachtung-der-corona-proteste-berliner-verfassungsschutz-stuft-teile-der-querdenker-als-verdachtsfall-ein\/27093452.html\">am 14. April<\/a>, dass das LfV Teile der Anti-Corona-Bewegung wegen zunehmender Radikalisierung als Verdachtsfall eingestuft hat. <a href=\"https:\/\/www.fr.de\/rhein-main\/landespolitik\/hessen-bedienstete-des-verfassungsschutzes-durchleuchtet-90463506.html\">Am 16. April<\/a> wird durch eine parlamentarische Anfrage der AfD-Fraktion im Hessischen Landtag bekannt, dass in den vergangenen sechs Jahren im LfV kein rechts- und auch kein linksextremer Vorfall bekannt wurde. Die dortigen Mitarbeiter*innen w\u00fcrden alle 10 Jahre vollst\u00e4ndig \u00fcberpr\u00fcft, \u201eein gewisses Restrisiko\u201c k\u00f6nne jedoch nicht ausgeschlossen werden. Bundesinnenminister Horst Seehofer (CSU) teilt <a href=\"https:\/\/www.spiegel.de\/politik\/deutschland\/verfassungsschutz-beobachtet-corona-leugner-szene-jetzt-bundesweit-a-43cd4bde-718f-4393-b7d1-835eb3e2dd7a\">am 28. April<\/a> mit, dass das Bundesamt f\u00fcr Verfassungsschutz (BfV) mehrere Gruppierungen der Corona-Leugner-Bewegung zum \u201eSammelbeobachtungsobjekt\u201c erkl\u00e4rt hat und bundesweit unter Beobachtung stellt. Hierf\u00fcr wurde eine neue Kategorie \u201eVerfassungsschutzrelevante Delegitimierung des Staates\u201c <a href=\"https:\/\/www.welt.de\/politik\/deutschland\/article230715105\/Bundesverfassungsschutz-beobachtet-Teile-von-Querdenker-Bewegung.html\">geschaffen<\/a>. Aufgrund einer Presseanfrage best\u00e4tigt auch das LfV Hessen <a href=\"https:\/\/www.fr.de\/rhein-main\/landespolitik\/querdenken-in-hessen-unter-beobachtung-90481868.html\">am 30. April<\/a>, dass dort ab sofort einzelne Gruppen und Personen der Corona-Leugner-Bewegung unter Beobachtung gestellt wurden.<\/p>\n<p>7. April: <b>Sammelabschiebung:<\/b> Vom Berliner Flughafen werden 20 M\u00e4nner nach Afghanistan <a href=\"https:\/\/www.tagesspiegel.de\/berlin\/innenverwaltung-korrigiert-abgeordnete-berlin-war-an-sammelabschiebung-nach-afghanistan-nicht-beteiligt\/27078300.html\">abgeschoben<\/a>. Es ist die 38. Sammelabschiebung seit Dezember 2016 350 Menschen <a href=\"https:\/\/www.tagesspiegel.de\/berlin\/blockade-am-berliner-ber-sammelabschiebung-nach-afghanistan-flieger-gestartet\/27074844.html\">protestieren dagegen<\/a>.<b> <\/b>Aus Hessen werden am 20. April 40 Menschen nach Pakistan <a href=\"https:\/\/www.fr.de\/rhein-main\/landespolitik\/abschiebung-pakistan-von-den-familien-getrennt-bleiberecht-90466439.html\">abgeschoben<\/a>. Vor dem Abschiebegef\u00e4ngnis in Darmstadt protestieren rund 100 Menschen dagegen.<\/p>\n<p>8. April: <b>Umweltdemonstrationen:<\/b> Die StA Frankfurt\/M. (Hessen) teilt mit, dass gegen die KlimaaktivistInnen, die sich vor einem halbes Jahr von Autobahnbr\u00fccken abgeseilt hatten, um gegen einen Weiterbau im Dannenr\u00f6der Forst zu protestieren, Anklage wegen N\u00f6tigung erhoben wurde. Im Forst beginnt unterdessen <a href=\"https:\/\/www.fr.de\/rhein-main\/landespolitik\/anklage-wegen-abseilaktion-90357668.html\">am 9. April<\/a> ein mehrt\u00e4giges Klimacamp. <a href=\"https:\/\/www.faz.net\/aktuell\/politik\/inland\/urteil-protestcamp-am-hambacher-forst-muss-geraeumt-werden-17296880.html\">Am 16. April<\/a> entscheidet das VG Aachen (NRW), dass eine R\u00e4umungsverf\u00fcgung vom November 2018 rechtm\u00e4\u00dfig ist und ein Protestcamp gegen die Rodung des Hamberger Forstes auf einer Privatwiese abgebaut werden muss. Gegen das Urteil ist Berufung m\u00f6glich (Az: 5 K 3922\/18). <b> <\/b><\/p>\n<p><b>Organisierte Kriminalit\u00e4t (OK):<\/b> In Berlin und Brandenburg <a href=\"https:\/\/www.tagesspiegel.de\/berlin\/geldwaesche-in-millionenhoehe-ermittler-fassen-internationale-anlagebetrueger-in-berlin-und-brandenburg\/27079810.html\">durchsuchen Polizeibeamt*innen<\/a> 13 Objekte einer Geldw\u00e4scherbande; vier Verd\u00e4chtige werden festgenommen. Gegen sie wird wegen gewerbsm\u00e4\u00dfigem internationalen Anlagebetrug ermittelt. <a href=\"https:\/\/www.tagesspiegel.de\/berlin\/organisierte-kriminalitaet-mehr-menschenhandel-weniger-einbrueche-staatsanwaltschaft-stellt-lagebericht-vor\/27109196.html\">Am 19. April<\/a> stellt Berlins Justizsenator Dirk Behrendt (Gr\u00fcne) das OK-Lagebild vor. Demnach hat die StA 2020 insgesamt 121,677 Mio. EUR rechtskr\u00e4ftig einziehen lassen und 75 Immobilien beschlagnahmt (2018: 77).<\/p>\n<p><b>Ermittlungen gegen Polizeibeamt*innen:<\/b> Die StA Oldenburg teilt mit, dass sie ein Ermittlungsverfahren gegen einen Polizeibeamten und Rettungssanit\u00e4ter <a href=\"https:\/\/www.ndr.de\/nachrichten\/niedersachsen\/oldenburg_ostfriesland\/Tod-in-Polizeigewahrsam-Staatsanwaltschaft-ermittelt,delmenhorst1036.html\">eingeleitet hat<\/a>. Hintergrund ist die Festnahme eines mutma\u00dflichen Drogenh\u00e4ndlers Anfang M\u00e4rz in einem Park in Delmenhorst (beide Niedersachsen). Der war nach seiner Festnahme im Polizeigewahrsam, laut einem neuen Gutachten, vermutlich an einem \u201esauerstoffbedingten Herz-Kreislauf-Versagen\u201c verstorben. Durch <a href=\"https:\/\/www.spiegel.de\/politik\/deutschland\/kai-christ-ruecktritt-des-thueringer-gdp-chefs-nach-vorwurf-sexueller-uebergriffe-a-76d61ba0-b036-4e6e-9693-8ce8f359b99c\">Presseberichte<\/a> wird am 24. April bekannt, dass der Vorsitzende der Gewerkschaft der Polizei (GdP) in Th\u00fcringen von seinem Amt zur\u00fcckgetreten ist. Hintergrund sind Ermittlungen der StA Erfurt gegen ihn wegen sexueller Bel\u00e4stigung einer Kollegin. <b><\/b>Ebenfalls durch <a href=\"https:\/\/www.morgenpost.de\/politik\/inland\/article232137581\/Niedersachsen-entlaesst-Polizistin-wegen-Reichsbuerger-Naehe.html\">Presseberichte<\/a> wird bekannt, dass das OVG L\u00fcneburg die Entlassung einer Polizeibeamtin der Direktion Braunschweig (beide Niedersachsen) wegen N\u00e4he zur \u201eReichsb\u00fcrger\u201c-Bewegung f\u00fcr rechtens erkl\u00e4rt; das Urteil ist rechtskr\u00e4ftig (Az: Az.:3 LD 1\/20). Das nieders\u00e4chsische Innenministerium <a href=\"https:\/\/www.ndr.de\/nachrichten\/niedersachsen\/braunschweig_harz_goettingen\/Urteil-Reichsbuergerin-aus-Polizeidienst-entlassen,reichsbuerger370.html\">f\u00fchrt noch weitere \u00e4hnliche Verfahren<\/a> gegen mutma\u00dfliche \u201eReichsb\u00fcrger*innen\u201c bei der Polizei.<\/p>\n<p>9. April: <b>Kriminelle Polizist*innen:<\/b> Durch <a href=\"https:\/\/taz.de\/Plagiat-eines-Fachhochschul-Dozenten\/!5759267\/\">Presseberichte<\/a> wird bekannt, dass ein Dozent der Polizei-Fachhochschule Altenholz (Schleswig-Holstein) im Herbst 2020 die Hausarbeit einer Kriminalistik-Studentin unter seinem Namen in einer Fachzeitschrift ver\u00f6ffentlicht hat. Konsequenzen der Fachhochschule gab es nicht. <a href=\"https:\/\/www.spiegel.de\/panorama\/justiz\/muenchen-erste-anklage-im-drogenskandal-der-polizei-a-283eba0a-c259-480d-94be-acbec6784961\">Am 29. April<\/a> erhebt die StA M\u00fcnchen (Bayern) in der Drogenaff\u00e4re bei der bayerischen Polizei Anklage gegen den ersten Beamten wegen Erwerb und Besitz von Bet\u00e4ubungsmitteln und Verwahrungsbruch. Insgesamt wird gegen 37 Beamt*innen ermittelt; sechs Verfahren wurden unterdessen eingestellt, weitere gegen Geldauflagen eingestellt. Im September 2020 hatte es Razzien gegeben, weil Beamt*innen beschlagnahmte Drogen nicht in der Asservatenkammer abgegeben hatten.<\/p>\n<p>12. April: <b>Prozesse gegen Polizist*innen:<\/b> Das AG M\u00fcnchen <a href=\"https:\/\/www.sueddeutsche.de\/muenchen\/muenchen-polizist-corona-demo-urteil-karl-hilz-1.5262148\">verurteilt einen pensionierten Polizisten<\/a>, der auf einer Anti-Corona-Demonstration im November 2020 keine Mund-Nase-Maske getragen und ein Taschenmesser mitgef\u00fchrt hatte, zu einer Geldstrafe von 10.000 EUR. Vor dem AG Frankfurt\/M. (Hessen) beginnt <a href=\"https:\/\/www.faz.net\/aktuell\/gesellschaft\/kriminalitaet\/prozess-gegen-zwei-polizisten-eintracht-fan-ueber-die-bande-geschubst-17309238.html\">am 23. April<\/a> der Prozess gegen zwei Polizisten wegen fahrl\u00e4ssiger K\u00f6rperverletzung im Amt. Sie hatten im Februar 2019 einen randalierenden Fu\u00dfball-Hooligan \u00fcber eine Bande geschubst, wobei der Mann einen Wirbelbruch erlitt. In einem vorangegangenen Zivilprozess waren die Beamten bereits zu einer Schmerzensgeldzahlung von 7.000 EUR verurteilt worden. <a href=\"https:\/\/www.sueddeutsche.de\/bayern\/traunstein-polizist-rassismus-strafvereitelung-urteil-1.5276973\">Am 26. April<\/a> verurteilt das Landgericht (LG) Traunstein (Bayern) einen Staatsschutz-Beamten wegen Strafvereitelung im Amt zu einer 10-monatigen Haftstrafe auf Bew\u00e4hrung. Der Mann hatte gegen einen Kollegen, der rassistische Chats im Internet verbreitet hatte, kein Ermittlungsverfahren eingeleitet.<\/p>\n<p>13. April: <b>Drogenfahndung:<\/b> In Berlin <a href=\"https:\/\/www.berliner-zeitung.de\/news\/polizeibericht-berlin\/razzia-gegen-drogenbande-polizei-berlin-nimmt-mehrere-verdaechtige-fest-li.152474\">durchsucht die Polizei<\/a> 15 Objekte einer mutma\u00dflichen Drogenbande, die in gro\u00dfem Stil mit Kokain, Marihuana und Amphetaminen gehandelt haben soll, acht Personen werden festgenommen. <a href=\"https:\/\/www.tagesspiegel.de\/berlin\/grossrazzia-im-berliner-drogenmilieu-400-polizisten-durchsuchten-mehr-als-30-wohnungen-zwoelf-festnahmen\/27094102.html\">Am 14. April<\/a> finden weitere Durchsuchungen statt, 12 weitere Verd\u00e4chtige werden festgenommen, gr\u00f6\u00dfere Mengen Bargeld und weitere Beweismittel werden beschlagnahmt. <a href=\"https:\/\/www.spiegel.de\/panorama\/justiz\/muenchen-berlin-aachen-zoll-zerschlaegt-drogenring-18-festnahmen-a-a70d46eb-5988-471c-9e0e-cf331b755a48\">Am 23. April<\/a> teilen Zoll in M\u00fcnchen (Bayern) und die StA Aachen (NRW) mit, dass bei der Aktion bundesweit insgesamt 30 Objekte durchsucht und 18 Verd\u00e4chtige in Untersuchungshaft genommen wurden.<\/p>\n<p>15. April: <b>Dschihadist*innen:<\/b> Vor dem LG Berlin <a href=\"https:\/\/www.tagesspiegel.de\/berlin\/wahnhaft-religioese-und-islamistische-motive-prozess-nach-anschlag-auf-berliner-stadtautobahn-beginnt\/27096312.html\">beginnt der Prozess<\/a> gegen einen Mann, der im August 2020 auf der Berliner Stadtautobahn mit seinem Auto gezielt Jagd auf Motorradfahrer gemacht und zahlreiche andere Fahrzeuge gerammt hatte. Bei dem mutma\u00dflichen islamistischen Anschlag wurden mehrere Menschen verletzt, davon drei schwer. <a href=\"https:\/\/taz.de\/Urteil-gegen-Frau-aus-Leverkusen\/!5768218\">Am 21. April<\/a> verurteilt das OLG D\u00fcsseldorf (NRW) eine Syrien-R\u00fcckkehrerin wegen Mitgliedschaft in der Terrorgruppe \u201eIslamischer Staat\u201c (IS) zu einer Haftstrafe von vier Jahren und drei Monaten; die Frau hatte ein Teilgest\u00e4ndnis abgelegt. Das Berliner Kammergericht (KG) verurteilt <a href=\"https:\/\/www.tagesspiegel.de\/berlin\/nach-online-dating-in-den-krieg-haftstrafe-fuer-berliner-is-unterstuetzerin\/27126490.html\">am 23. April<\/a> eine IS-Unterst\u00fctzerin zu einer Haftstrafe von zwei Jahren und 10 Monaten, gegen das Urteil ist Revision m\u00f6glich. Durch <a href=\"https:\/\/www.spiegel.de\/politik\/deutschland\/islamischer-staat-haftbefehl-gegen-mutmasslichen-geldbeschaffer-erlassen-a-ef31d937-11e5-4dd3-9b42-f1264cf080f8\">Presseberichte<\/a> wird am 25. April bekannt, dass der Generalbundesanwalt gegen einen Iraker Haftbefehl wegen IS-Mitgliedschaft und Vorbereitung einer schweren staatsgef\u00e4hrdenden Gewalttat erlassen hat. Der Mann gilt als zentrale Gestalt bei der Geldbeschaffung f\u00fcr den IS.<\/p>\n<p><b>Rockerkriminalit\u00e4t:<\/b> In Nordrhein-Westfalen <a href=\"https:\/\/www.spiegel.de\/panorama\/justiz\/bandidos-verein-der-rocker-verboten-razzien-in-nordrhein-westfalen-a-17e32ec4-0756-480c-b6b0-b5a99fff8605\">durchsucht die Polizei<\/a> 28 Objekte von zwei, den \u201eBandidos\u201c zugeh\u00f6rige Rockergruppen und stellt 12 Motorr\u00e4der, acht Kutten und weiteres sicher. Die G,ruppen in Hohenlimburg\/Witten und Hagen werden verboten und aufgel\u00f6st, \u201eweil es sich um eine kriminelle Vereinigung handelt\u201c, so Landesinnenminister Herbert Reul (CDU).<\/p>\n<p><b>Polizeiliche Kriminalstatistik (PKS):<\/b> Bundesinnenminister Horst Seehofer (CSU) <a href=\"https:\/\/www.spiegel.de\/panorama\/justiz\/polizeiliche-kriminalstatistik-schlechte-zeiten-fuer-einbrecher-gute-zeiten-fuer-betrueger-a-7e470950-a97b-4613-8a4e-d142dc4d8109\">stellt die PKS vor<\/a>. Danach registrierten die Polizeien 2020 insgesamt rund 5,31 Mio. Straftaten (Gewaltkriminalit\u00e4t: 176.672 \/ Kindesmissbrauch: 14.594 \/ Straftaten nach dem Infektionsschutzgesetz: 6.779).<\/p>\n<p><b>Marode Berliner Schie\u00dfst\u00e4nde:<\/b> In Berlin demonstrieren Dutzende Polizist*innen <a href=\"https:\/\/www.berliner-zeitung.de\/news\/demo-in-berlin-polizisten-machen-autokorso-fuer-tote-kollegen-li.152800\">als schwarze &#8222;Sensenm\u00e4nner&#8220;<\/a> verkleidet mit nachgebauten S\u00e4rgen f\u00fcr h\u00f6here h\u00f6here Entsch\u00e4digungssummen f\u00fcr durch marode, schlecht gel\u00fcftete Schie\u00dfst\u00e4nde erkrankte Kolleg*innen. Schie\u00dftrainer*innen waren deshalb an Krebs erkrankt, 18 verstorben.<\/p>\n<p>16. April: <b>Rechtsextremistischer Mordanschlag in Halle<\/b>: Der parlamentarische Untersuchungsausschuss im Sachsen-Anhaltischen Landtag <a href=\"https:\/\/www.spiegel.de\/panorama\/justiz\/halle-anschlag-untersuchungsausschuss-kritisiert-polizeiarbeit-a-76d545c8-e222-45fd-9229-bf9aa2575f79\">legt seinen Abschlussbericht vor<\/a>. Darin werden die polizeilichen Notrufkapazit\u00e4ten und der Umgang der Polizei mit den \u00dcberlebenden des Synagogen-Anschlags vom Oktober 2019 bem\u00e4ngelt.<\/p>\n<p>18. April: <b>Asyl:<\/b> Durch <a href=\"https:\/\/www.tagesspiegel.de\/politik\/migration-nach-europa-von-724-minderjaehrigen-gefluechteten-in-deutschland-fehlt-jede-spur\/27106832.html\">Presserecherchen<\/a> wird bekannt, dass in Deutschland zwischen 2018 und 2020 insgesamt 7.806 unbegleitete minderj\u00e4hrige Fl\u00fcchtlingskinder als vermisst gemeldet wurden (Europa: 18.292). Nach BKA-Angaben gelten in der Bundesrepublik 724 von ihnen weiterhin als vermisst. <a href=\"https:\/\/www.welt.de\/politik\/ausland\/article230625223\/EU-Kommission-Deutschland-Spitzenreiter-bei-Asylantraegen.html\">Am 24. April<\/a> wird durch Presseberichte unter Bezug auf einen vertraulichen EU-Bericht hervor, dass im ersten Vierteljahr in Deutschland insgesamt 26.240 Asylantr\u00e4ge gestellt wurden. Vor dem AG Kitzingen (Bayern) beginnt <a href=\"https:\/\/www.abendzeitung-muenchen.de\/bayern\/kloster-gewaehrt-fluechtling-asyl-prozess-gegen-einen-moench-art-723387\">am 25. April<\/a> der Prozesse gegen einen Benediktiner-M\u00f6nch, der einen von Abschiebung bedrohtem Pal\u00e4stinenser im August 2020 Kirchenasyl gew\u00e4hrt hatte. <a href=\"https:\/\/www.sueddeutsche.de\/bayern\/muensterschwarzach-kirchenasyl-moench-urteil-1.5276231\">Am 26. April<\/a> spricht das Gericht den Mann frei.<\/p>\n<p>19. April: <b>Antisemitismus:<\/b> Die Berliner Recherche- und Informationsstelle (RIAS) <a href=\"https:\/\/www.rbb24.de\/politik\/beitrag\/2021\/04\/antisemitische-vorfaelle-berlin-2020-rias.html\">gibt bekannt<\/a>, dass sie im vergangenen Jahr insgesamt 1.004 antisemitische Vorf\u00e4lle in der Hauptstadt registriert hat. Darunter waren 17 Angriffe, 51 Bedrohungen und 43 Sachbesch\u00e4digungen. Demgegen\u00fcber hat das Bundeskriminalamt (BKA) bundesweit <a href=\"https:\/\/www.tagesspiegel.de\/berlin\/vermehrt-angriffe-aus-verschwoerungsideologischen-milieu-jeden-tag-drei-antisemitische-vorfaelle-in-berlin\/27103364.html\">lediglich 352 Vorf\u00e4lle registriert<\/a>.<\/p>\n<p>20. April: <b>Rechtsradikale Polizist*innen:<\/b> Im Innenausschuss des Bundestages <a href=\"https:\/\/www.sueddeutsche.de\/politik\/bka-ermittlungen-personenschuetzer-1.5269968\">berichten<\/a> der Innenstaatssekret\u00e4r und der BKA-Pr\u00e4sident \u00fcber Ermittlungen gegen Personensch\u00fctzer der Sicherungsgruppe, die f\u00fcr den Schutz von Politiker*innen zust\u00e4ndig ist. Dabei geht es um eine Chatgruppe, in der rassistische und sexistische Inhalte ausgetauscht werden, um Bedrohungen, verschwundene Munition und andere Vorw\u00fcrfe. 10 Disziplinar- und drei Strafverfahren <a href=\"https:\/\/www.tagesspiegel.de\/politik\/rechte-affaere-beim-bka-hitlergruss-und-rassistische-chats\/27112858.html\">wurden eingeleitet<\/a>. So soll ein Beamter den Hitlergru\u00df gezeigt und ein anderer Enthauptungsvideos ins Internet gestellt haben. Die Ermittlungen <a href=\"https:\/\/www.faz.net\/aktuell\/politik\/inland\/berliner-staatsanwaltschaft-ermittelt-gegen-bka-beamte-17302921.html\">f\u00fchrt die StA Berlin<\/a>. <a href=\"https:\/\/www.abendzeitung-muenchen.de\/bayern\/bundespolizist-wegen-hitlergruss-vor-gericht-urteil-art-723384\">Am 25. April<\/a> verurteilt das LG Traunstein (Bayern) einen BPol-Beamten wegen Zeigen des Hitlergru\u00dfes. Der Mann war bereits zuvor von einem anderen Gericht zu einer Geldstrafe verurteilt worden und hatte dagegen Berufung eingelegt.<\/p>\n<p>\u201e<b>Asylskandal\u201c:<\/b> Das LG Bremen stellt das Verfahren gegen die fr\u00fchere Leiterin der Bremer Au\u00dfenstelle des Bundesamtes f\u00fcr Migration und Fl\u00fcchtlinge (Bamf) <a href=\"https:\/\/taz.de\/Bremer-Bamf-Prozess\/!5763392\/\">wegen Geringf\u00fcgigkeit<\/a> mit einer Auflage zur Zahlung von 10.000 EUR ein. Angeklagt war die Frau urspr\u00fcnglich wegen Verst\u00f6\u00dfen gegen das Dienstgeheimnis, Datenf\u00e4lschung und Vorteilsnahme. So sollte sie unter anderem in mehreren 100 F\u00e4llen Asylbewerber zu Unrecht anerkannt haben. Das LG lie\u00df jedoch einen Bruchteil der urspr\u00fcnglichen Anklage zu.<\/p>\n<p><b>Mordanklage nach Brandanschlag auf SEK-Beamten:<\/b> Das LG Regensburg (Bayern) <a href=\"https:\/\/www.sueddeutsche.de\/bayern\/regensburg-prozess-sek-brandanschlag-polizei-urteil-1.5270572\">verurteilt einen Mann<\/a>, der im Juni 2020 Brands\u00e4tze aus dem Fenster geworfen und eine Brandfalle in seiner Wohnung aufgebaut hatte, wegen versuchten Mordes zu einer siebenj\u00e4hrigen Haftstrafe. Bei der Erst\u00fcrmung der Wohnung war ein SEK-Beamter dort hinein geraten.<\/p>\n<p>21. April: <b>Racial Profiling:<\/b> Durch eine parlamentarische Anfrage der Linksfraktion im Bundestag <a href=\"https:\/\/www.tagesspiegel.de\/politik\/diskriminierende-kontrollen-polizei-geht-kaum-gegen-racial-profiling-vor\/27113458.html\">wird bekannt<\/a>, dass es 2020 zu insgesamt rund 2,5 Mio. \u201everdachtsunabh\u00e4ngige\u201c oder \u201eanlasslose Kontrollen\u201c durch die BPol gekommen ist (2019: rund 3. Mio). Dabei sei es zu 55 Beschwerden wegen diskriminierender Kontrollen gegeben, 45 gelten als \u201eunbegr\u00fcndet\u201c, acht sind noch in der Bearbeitung.<\/p>\n<p>22. April: <b>Taser:<\/b> Durch <a href=\"https:\/\/www1.wdr.de\/nachrichten\/ruhrgebiet\/taser-einsatz-polizei-dortmund-102.html\">Presseberichte<\/a> wird bekannt, dass die Polizei in Dortmund (NRW) zweimal kurz hintereinander mit einem Taser auf einen alkoholisierten aggressiven Mann geschossen hat. Seit Jahresbeginn wird der Taser-Einsatz dort getestet.<\/p>\n<p>23. April: <b>Rechtsextremer Mordanschlag in Istha\/ Wolfhagen:<\/b> Vor dem Untersuchungsausschuss des Hessischen Landtages <a href=\"https:\/\/www.faz.net\/aktuell\/politik\/inland\/mordfall-luebcke-hat-das-fruehwarnsystem-versagt-17309472.html\">sagt ein Gutachter aus<\/a>, dass das LfV den sp\u00e4teren M\u00f6rder des Kasseler Regierungspr\u00e4sidenten Walter L\u00fcbcke (CDU) durchaus weiter h\u00e4tte beobachten k\u00f6nnen statt dessen Akte 2015 zu sperren; zumal der LfV-Leiter den Mann als \u201ebrandgef\u00e4hrlich\u201c eingesch\u00e4tzt hatte. Der Ausschuss untersucht m\u00f6gliche Fehler der Sicherheitsbeh\u00f6rden, insbesondere des LfV. L\u00fcbcke war 2019 auf der Terrasse seines Hauses erschossen worden; der T\u00e4ter, ein bekannter Neonazi sp\u00e4ter zu einer lebenslangen Freiheitsstrafe verurteilt worden.<\/p>\n<p>25. April: <b>Rechtsradikalismus bei der Bundeswehr:<\/b> Durch <a href=\"https:\/\/www.welt.de\/politik\/deutschland\/article230641579\/Bundeswehr-verweigert-aktuelle-Zahlen-zum-Rechtsextremismus.html\">Presseberichte<\/a> wird bekannt, dass die Bundeswehr auf eine parlamentarische Anfrage nach aktuellen Zahlen zu rechtsradikalen Verdachtsf\u00e4llen bei den Soldat*innen die Antwort verweigert hat. Zu Jahresbeginn war die Zahl noch mit 477 angegeben worden.<\/p>\n<h3>Beitragsbild: Polizist auf St. Pauli liest &#8222;12 Dinge die Du tun kannst, statt Polizei zu rufen&#8220;.<\/h3>\n","protected":false},"excerpt":{"rendered":"<p>Zusammengestellt von Otto Diederichs 1. April: Polizeisch\u00fcsse: In Euskirchen (NRW) nimmt ein Mann einen Hotelangestellten<\/p>\n","protected":false},"author":2,"featured_media":19069,"comment_status":"open","ping_status":"open","sticky":false,"template":"","format":"standard","meta":{"footnotes":""},"categories":[6],"tags":[216,820,1094,1132,1186,1195],"class_list":["post-19087","post","type-post","status-publish","format-standard","has-post-thumbnail","hentry","category-chronologien","tag-antisemitismus","tag-justiz","tag-polizei","tag-polizeischuesse","tag-rassismus","tag-rechtsextremismus"],"_links":{"self":[{"href":"https:\/\/wp-dev.daten.cool\/index.php?rest_route=\/wp\/v2\/posts\/19087","targetHints":{"allow":["GET"]}}],"collection":[{"href":"https:\/\/wp-dev.daten.cool\/index.php?rest_route=\/wp\/v2\/posts"}],"about":[{"href":"https:\/\/wp-dev.daten.cool\/index.php?rest_route=\/wp\/v2\/types\/post"}],"author":[{"embeddable":true,"href":"https:\/\/wp-dev.daten.cool\/index.php?rest_route=\/wp\/v2\/users\/2"}],"replies":[{"embeddable":true,"href":"https:\/\/wp-dev.daten.cool\/index.php?rest_route=%2Fwp%2Fv2%2Fcomments&post=19087"}],"version-history":[{"count":0,"href":"https:\/\/wp-dev.daten.cool\/index.php?rest_route=\/wp\/v2\/posts\/19087\/revisions"}],"wp:featuredmedia":[{"embeddable":true,"href":"https:\/\/wp-dev.daten.cool\/index.php?rest_route=\/wp\/v2\/media\/19069"}],"wp:attachment":[{"href":"https:\/\/wp-dev.daten.cool\/index.php?rest_route=%2Fwp%2Fv2%2Fmedia&parent=19087"}],"wp:term":[{"taxonomy":"category","embeddable":true,"href":"https:\/\/wp-dev.daten.cool\/index.php?rest_route=%2Fwp%2Fv2%2Fcategories&post=19087"},{"taxonomy":"post_tag","embeddable":true,"href":"https:\/\/wp-dev.daten.cool\/index.php?rest_route=%2Fwp%2Fv2%2Ftags&post=19087"}],"curies":[{"name":"wp","href":"https:\/\/api.w.org\/{rel}","templated":true}]}}