{"id":19135,"date":"2021-06-07T13:52:36","date_gmt":"2021-06-07T13:52:36","guid":{"rendered":"https:\/\/www.cilip.de\/?p=19135"},"modified":"2021-06-07T13:52:36","modified_gmt":"2021-06-07T13:52:36","slug":"gesichtserkennung-in-zeiten-kuenstlicher-intelligenz","status":"publish","type":"post","link":"https:\/\/wp-dev.daten.cool\/?p=19135","title":{"rendered":"Gesichtserkennung in Zeiten &#8222;K\u00fcnstlicher Intelligenz&#8220;"},"content":{"rendered":"<p>Die ersten Versuche mit automatisierter Gesichtserkennung datieren aus den 1960er Jahren, inzwischen hat die Technik eine Reihe von Verbesserungen erfahren. Trotzdem ist die Falscherkennungsrate hoch, die Software ist rassistisch und vorurteilsbeladen. Mit Clearview, PimEyes oder FindFace h\u00e4lt sie dennoch Einzug in den digitalen Alltag und wird etwa dazu benutzt, massenhaft Bilder aus dem Netz nach Gesichtern durchsuchbar zu machen \u2013 selbstverst\u00e4ndlich ohne die Einwilligung der betroffenen Nutzer*innen.<\/p>\n<blockquote class=\"alignright\"><p>29. Juni 2021, 19 Uhr<br \/>\nRegenbogenfabrik, Lausitzer Stra\u00dfe 22, Berlin-Kreuzberg<br \/>\n(U1, U3 G\u00f6rlitzer Bahnhof)<\/p>\n<p>Bei schlechtem Wetter indoor ohne Publikum, schaut dazu <a href=\"https:\/\/twitter.com\/cilip_de\">bei uns auf Twitter<\/a><\/p>\n<p>Im Stream auf dem <a href=\"https:\/\/www.youtube.com\/watch?v=tukYow32Z_o\">YouTube-Kanal der Regenbogenfabrik<\/a><\/p><\/blockquote>\n<p>Die Europ\u00e4ische Kommission hat k\u00fcrzlich einen Vorschlag f\u00fcr eine Verordnung vorgelegt, die \u201ealle Arten biometrischer Fernidentifizierungssysteme\u201c verbieten soll. Gleichzeitig wird das geplante Verbot aber stark eingeschr\u00e4nkt, indem die Polizei entsprechende Systeme nutzen d\u00fcrfte, um vermisste Kinder zu finden, eine \u201eterroristische Bedrohung abzuwenden\u201c oder schwere Straftaten zu verfolgen. Vermutlich werden sich viele EU-Mitgliedstaaten im Ministerrat auch gegen jede Regulierung aussprechen.<\/p>\n<p><a href=\"https:\/\/twitter.com\/F_Kaltheuner\"><strong>Frederike Kaltheuner<\/strong><\/a> leitet den European AI Fund, eine Initiative zur St\u00e4rkung der Zivilgesellschaft in Europa, <strong><a href=\"https:\/\/twitter.com\/bildoperationen\">Roland Meyer<\/a><\/strong> hat in seinem Buch \u201eGesichtserkennung\u201c (Wagenbach 2021) die Geschichte und Gegenwart der Technologie nachgezeichnet. Mit ihnen wollen wir dar\u00fcber diskutieren, wie die Entwicklung selbstlernender Verfahren die Problematik der \u201ebiometrischen&#8220; Identifizierung weiter versch\u00e4rfen wird, wie automatisierte Gesichtserkennung bereits jetzt unseren Alltag bestimmt und welche Initiativen sich dagegen formiert haben.<\/p>\n<h3>Beitragsbild: <a href=\"https:\/\/paolocirio.net\/work\/capture\/capture-action-paris.php\">Performance des franz\u00f6sischen\u00a0 Aktionsk\u00fcnstlers Paolo Cirio<\/a>, vielen Dank f\u00fcr die freundliche Genehmigung!<\/h3>\n","protected":false},"excerpt":{"rendered":"<p>Die ersten Versuche mit automatisierter Gesichtserkennung datieren aus den 1960er Jahren, inzwischen hat die Technik<\/p>\n","protected":false},"author":2,"featured_media":19123,"comment_status":"open","ping_status":"open","sticky":false,"template":"","format":"standard","meta":{"footnotes":""},"categories":[150],"tags":[],"class_list":["post-19135","post","type-post","status-publish","format-standard","has-post-thumbnail","hentry","category-veranstaltungen"],"_links":{"self":[{"href":"https:\/\/wp-dev.daten.cool\/index.php?rest_route=\/wp\/v2\/posts\/19135","targetHints":{"allow":["GET"]}}],"collection":[{"href":"https:\/\/wp-dev.daten.cool\/index.php?rest_route=\/wp\/v2\/posts"}],"about":[{"href":"https:\/\/wp-dev.daten.cool\/index.php?rest_route=\/wp\/v2\/types\/post"}],"author":[{"embeddable":true,"href":"https:\/\/wp-dev.daten.cool\/index.php?rest_route=\/wp\/v2\/users\/2"}],"replies":[{"embeddable":true,"href":"https:\/\/wp-dev.daten.cool\/index.php?rest_route=%2Fwp%2Fv2%2Fcomments&post=19135"}],"version-history":[{"count":0,"href":"https:\/\/wp-dev.daten.cool\/index.php?rest_route=\/wp\/v2\/posts\/19135\/revisions"}],"wp:featuredmedia":[{"embeddable":true,"href":"https:\/\/wp-dev.daten.cool\/index.php?rest_route=\/wp\/v2\/media\/19123"}],"wp:attachment":[{"href":"https:\/\/wp-dev.daten.cool\/index.php?rest_route=%2Fwp%2Fv2%2Fmedia&parent=19135"}],"wp:term":[{"taxonomy":"category","embeddable":true,"href":"https:\/\/wp-dev.daten.cool\/index.php?rest_route=%2Fwp%2Fv2%2Fcategories&post=19135"},{"taxonomy":"post_tag","embeddable":true,"href":"https:\/\/wp-dev.daten.cool\/index.php?rest_route=%2Fwp%2Fv2%2Ftags&post=19135"}],"curies":[{"name":"wp","href":"https:\/\/api.w.org\/{rel}","templated":true}]}}