{"id":19144,"date":"2021-06-14T18:05:47","date_gmt":"2021-06-14T18:05:47","guid":{"rendered":"https:\/\/www.cilip.de\/?p=19144"},"modified":"2021-06-14T18:05:47","modified_gmt":"2021-06-14T18:05:47","slug":"vereint-gegen-verschluesselung","status":"publish","type":"post","link":"https:\/\/wp-dev.daten.cool\/?p=19144","title":{"rendered":"Vereint gegen Verschl\u00fcsselung"},"content":{"rendered":"<p>Die Europ\u00e4ische Union soll einen \u201ekoh\u00e4renten Regelungsrahmen\u201c zum polizeilichen Zugang zu Ende-zu-Ende-verschl\u00fcsselter Kommunikation verabschieden;die portugiesische EU-Ratspr\u00e4sidentschaft hat dazu in einer Mitteilung einen Fahrplan vorgelegt.<a href=\"#_ftn1\" name=\"_ftnref1\">[1]<\/a> Er basiert auf\u00a0 einer Entschlie\u00dfung sowie Schlussfolgerungen zur Entschl\u00fcsselung, die der Ministerrat f\u00fcr Inneres unter deutscher Ratspr\u00e4sidentschaft im Dezember verabschiedet hatte.<a href=\"#_ftn2\" name=\"_ftnref2\">[2]<\/a> Ein wichtiger Meilenstein darin ist ein \u201eVorschlag f\u00fcr das weitere Vorgehen\u201c, den die EU-Kommission bis 2022 ausarbeiten will.<!--more--><\/p>\n<p>Wie der Rat forderte auch die Kommission in ihrer Mitteilung \u00fcber eine \u201eEU-Strategie zur Bek\u00e4mpfung der organisierten Kriminalit\u00e4t 2021-2025\u201c vom April dieses Jahres, dass Strafverfolgungs- und Justizbeh\u00f6rden \u201esowohl online als auch offline\u201c auf verschl\u00fcsselte Inhalte zugreifen d\u00fcrfen.<a href=\"#_ftn3\" name=\"_ftnref3\">[3]<\/a> Beklagt wird ein \u201eNischenmarkt f\u00fcr verschl\u00fcsselte Kommunikationsger\u00e4te\u201c, der nach den j\u00fcngsten Razzien gegen die Kommunikationsdienste Encrochat und SkyECC offenkundig wurde. Sie sollen in gro\u00dfem Umfang f\u00fcr die Vorbereitung und Durchf\u00fchrung von Straftaten genutzt worden sein. Beide Firmen wurden \u00adunter Mithilfe des franz\u00f6sischen Geheimdienstes gehackt, anschlie\u00dfend erhielten europ\u00e4ische Polizei- und Justizbeh\u00f6rden Millionen abgefangener Nachrichten f\u00fcr Ermittlungen und Anklagen.<\/p>\n<p>Im vergangenen Jahr hatte die Kommission technische Verfahren zum Zugang zu verschl\u00fcsselten Dateianh\u00e4ngen untersuchen lassen. Dies betrifft Mitteilungen, die \u00fcber Messengerdienste wie WhatsApp oder Signal versandt werden. Die Anbieter k\u00f6nnten verpflichtet werden, eine entschl\u00fcsselte Kopie auf ihren Servern vorr\u00e4tig zu halten. Denkbar w\u00e4re auch, dass die Apps vor dem Versand einer Datei einen Hashwert errechnen, der unverschl\u00fcsselt mitgeschickt wird. Dieser \u201edigitale Finger\u00adabdruck\u201c w\u00fcrde mit bereits bekannten, als strafw\u00fcrdig betrachteten Fotos oder Videos abgeglichen. Die Kommission will damit zun\u00e4chst Straftaten gegen die sexuelle Selbstbestimmung von Kindern verfolgen.<\/p>\n<p>Die EU-Regulierung n\u00e4hme auch Ger\u00e4tehersteller in die Pflicht. Verweigern diese ihre Mitarbeit, k\u00f6nnte ihnen das Gesch\u00e4ft in der EU untersagt werden. F\u00fcr welche Straftaten das Gesetz gelten soll, l\u00e4sst die Mitteilung offen. Im Text sind Terrorismus, schwere organisierte Kriminalit\u00e4t, der Handel mit illegalen Substanzen und Geldw\u00e4sche erw\u00e4hnt.<\/p>\n<h6><a href=\"#_ftnref1\" name=\"_ftn1\">[1]<\/a>\u00a0\u00a0\u00a0\u00a0\u00a0 Ratsdok. 8519\/21 v. 12.5.2021, <a href=\"http:\/\/www.statewatch.org\/media\/2385\/eu-council-encryption-next-steps-8519-21.pdf\">www.statewatch.org\/media\/2385\/eu-council-encryption-next-steps-8519-21.pdf<\/a><\/h6>\n<h6><a href=\"#_ftnref2\" name=\"_ftn2\">[2]<\/a>\u00a0\u00a0\u00a0\u00a0 vgl. Monroy, M.: F\u00fcnf Jahre Kampf gegen Ende-zu-Ende-Verschl\u00fcsselung, netzpolitik.org v. 2.12.2021<\/h6>\n<h6><a href=\"#_ftnref3\" name=\"_ftn3\">[3]<\/a>\u00a0\u00a0\u00a0\u00a0 Kommissionsdokument COM(2021) 170 final v. 14.4.2021<\/h6>\n","protected":false},"excerpt":{"rendered":"<p>Die Europ\u00e4ische Union soll einen \u201ekoh\u00e4renten Regelungsrahmen\u201c zum polizeilichen Zugang zu Ende-zu-Ende-verschl\u00fcsselter Kommunikation verabschieden;die portugiesische<\/p>\n","protected":false},"author":3,"featured_media":0,"comment_status":"open","ping_status":"open","sticky":false,"template":"","format":"standard","meta":{"footnotes":""},"categories":[130,145],"tags":[],"class_list":["post-19144","post","type-post","status-publish","format-standard","hentry","category-cilip-126","category-meldungen-europa"],"_links":{"self":[{"href":"https:\/\/wp-dev.daten.cool\/index.php?rest_route=\/wp\/v2\/posts\/19144","targetHints":{"allow":["GET"]}}],"collection":[{"href":"https:\/\/wp-dev.daten.cool\/index.php?rest_route=\/wp\/v2\/posts"}],"about":[{"href":"https:\/\/wp-dev.daten.cool\/index.php?rest_route=\/wp\/v2\/types\/post"}],"author":[{"embeddable":true,"href":"https:\/\/wp-dev.daten.cool\/index.php?rest_route=\/wp\/v2\/users\/3"}],"replies":[{"embeddable":true,"href":"https:\/\/wp-dev.daten.cool\/index.php?rest_route=%2Fwp%2Fv2%2Fcomments&post=19144"}],"version-history":[{"count":0,"href":"https:\/\/wp-dev.daten.cool\/index.php?rest_route=\/wp\/v2\/posts\/19144\/revisions"}],"wp:attachment":[{"href":"https:\/\/wp-dev.daten.cool\/index.php?rest_route=%2Fwp%2Fv2%2Fmedia&parent=19144"}],"wp:term":[{"taxonomy":"category","embeddable":true,"href":"https:\/\/wp-dev.daten.cool\/index.php?rest_route=%2Fwp%2Fv2%2Fcategories&post=19144"},{"taxonomy":"post_tag","embeddable":true,"href":"https:\/\/wp-dev.daten.cool\/index.php?rest_route=%2Fwp%2Fv2%2Ftags&post=19144"}],"curies":[{"name":"wp","href":"https:\/\/api.w.org\/{rel}","templated":true}]}}