{"id":19189,"date":"2021-07-06T18:29:37","date_gmt":"2021-07-06T18:29:37","guid":{"rendered":"https:\/\/www.cilip.de\/?p=19189"},"modified":"2021-07-06T18:29:37","modified_gmt":"2021-07-06T18:29:37","slug":"chronologie-juni-2021","status":"publish","type":"post","link":"https:\/\/wp-dev.daten.cool\/?p=19189","title":{"rendered":"Chronologie Juni 2021"},"content":{"rendered":"<h3>zusammengestellt von Otto Diederichs<\/h3>\n<p>1. Juni: <b>K\u00f6rperverletzung im Amt:<\/b> In K\u00f6ln (NRW) hat ein Mann, der 2016 von zwei Polizisten geschlagen, getreten und gedem\u00fctigt wurde, <a href=\"https:\/\/www.spiegel.de\/panorama\/justiz\/nordrhein-westfalen-polizeigewalt-am-rande-des-csd-in-koeln-mann-fordert-schmerzensgeld-a-20a7df56-ed43-479d-9846-4e12df8f993e\">das Land auf Schadensersatz verklagt<\/a>. Ein Verfahren gegen die Beamten war Anfang diesen Jahres gegen eine Geldbu\u00dfe eingestellt worden. Durch Presseberichte wird am 23. Juni bekannt, dass die Oberstaatsanw\u00e4ltin (OStAin), die das Verfahren gegen die beteiligten Beamten eingestellt, den Mann jedoch dreimal wegen Widerstand angeklagt hatte, intern versetzt wurde. Offiziell sollen die Vorg\u00e4nge nichts miteinander zu tun haben, aus einem Untersuchungsbericht der Generalstaatsanwaltschaft (GStA) K\u00f6ln <a href=\"https:\/\/www1.wdr.de\/nachrichten\/landespolitik\/csd-polizeigewalt-im-rechtsausschuss-100.html\">geht indes hervor<\/a>, dass die OStAin dienstliche Abl\u00e4ufe missachtet hat.<\/p>\n<p><b>Rassistische Angriffe:<\/b> Durch eine parlamentarische Anfrage der Linksfraktion im Bundestag <a href=\"https:\/\/www.tagesspiegel.de\/politik\/weniger-islamfeindliche-straftaten-polizei-meldet-starken-rueckgang-bei-antimuslimischen-delikten\/27245194.html\">wird bekannt<\/a>, dass es im ersten Quartal des Jahres bundesweit zu 91 islamfeindlichen Straftaten gekommen ist, darunter sechs Angriffe auf Moscheen (4. Quartal 2020: 225 \/ Moscheenangriffe: 21). <a href=\"https:\/\/www.tagesspiegel.de\/berlin\/polizei-justiz\/polizei-meldungen-aus-berlin-betrunkener-beleidigt-zwei-frauen-rassistisch-und-schlaegt-zu\/25616846.html\">Am 3. Juni<\/a> beleidigt in Berlin ein Betrunkener zwei Frauen rassistisch und schl\u00e4gt einer ins Gesicht und der anderen auf den Arm. Die Polizei nimmt ihn vor\u00fcbergehend in Gewahrsam. <a href=\"https:\/\/www.tagesspiegel.de\/berlin\/polizei-justiz\/polizei-meldungen-aus-berlin-mann-beleidigt-frauen-in-prenzlauer-berg-rassistisch\/25616846.html\">In Berlin<\/a> beleidigt ein Mann zwei Frauen rassistisch; er wird festgenommen. Wiederum in Berlin f\u00e4hrt eine Radfahrerin <a href=\"https:\/\/www.tagesspiegel.de\/berlin\/polizei-justiz\/blaulicht-meldungen-aus-berlin-radfahrerin-faehrt-absichtlich-dreijaehrige-an-und-beleidigt-schwester-rassistisch\/25616846.html\">am 27. Juni<\/a> auf dem Gehweg absichtlich ein spielendes Kind an. Dessen Schwester beleidigt sie rassistisch und versucht, ihr das T-Shirt zu zerrei\u00dfen. Als Zeugen auf den Vorfall aufmerksam werden, fl\u00fcchtet die Frau unerkannt.<!--more--><\/p>\n<p>\u201e<b>NSU 2.0\u201c-Drohschreiben: <\/b>Durch Presseberichte wird bekannt, dass im B\u00fcro der <a href=\"https:\/\/www.spiegel.de\/politik\/deutschland\/linkenabgeordnete-martina-renner-erhaelt-verdaechtige-briefe-staatsschutz-ermittelt-a-0a524368-b177-4d60-abf6-f99afd04bc66\">Bundestagsabgeordneten Martina Renner<\/a> (Die Linke) in Erfurt (Th\u00fcringen) erneut ein NSU 2.0-Drohschreiben eingegangen ist.<\/p>\n<p>2. Juni: <b>Polizeisch\u00fcsse:<\/b> Als Polizeibeamte bei Wahlitz (Sachsen-Anhalt) einen Motorradfahrer mit falschen Kennzeichen kontrollieren wollen, fl\u00fcchtet der Mann. Daraufhin verfolgen ihn die Beamten und es wird eine Stra\u00dfensperre aufgebaut. Als der Motorradfahrer diese durchbricht, <a href=\"https:\/\/www.spiegel.de\/panorama\/magdeburg-motorradfahrer-bei-verfolgungsjagd-angeschossen-a-fa039bd8-fa39-470d-865f-032737e9f2d4\">schie\u00dfen die Beamten<\/a> auf ihn. Der Mann wird sp\u00e4ter verletzt in seiner Wohnung festgenommen und ins Krankenhaus gebracht. <a href=\"https:\/\/www.spiegel.de\/panorama\/justiz\/wuerzburg-mann-attackiert-menschen-mehrere-verletzte-a-97d86fb6-516b-44f9-b6fa-10852f9c8432\">Am 25. Juni<\/a> attackiert ein psychisch kranker Mann in der Innenstadt von W\u00fcrzburg (Bayern) Passanten mit einem Messer. Mehrere Menschen werden get\u00f6tet und verletzt. Die Polizisten schie\u00dfen auf den T\u00e4ter und nehmen ihn fest.<\/p>\n<p><b>Ermittlungen gegen Polizist*innen:<\/b> In Rostock (Mecklenburg-Vorpommern) wird ein Polizeibeamter aus Th\u00fcringen unter dem dringenden Verdacht des <a href=\"https:\/\/www.spiegel.de\/panorama\/justiz\/saalfeld-in-thueringen-polizist-soll-neunjaehrige-sexuell-missbraucht-haben-a-2bf9c9da-3e21-4a69-b3e3-8bbe22ebd80c\">Kindesmissbrauchs<\/a> festgenommen. Durch Presseberichte wird <a href=\"https:\/\/www.spiegel.de\/panorama\/hannover-polizist-zerkratzt-verkehrsschild-um-vermeintlichen-falschparker-zu-belangen-a-b3b3c926-71a2-4032-89a3-1e3651704264\">am 8. Juni<\/a> bekannt, dass in Hannover (Niedersachsen) ein Polizist ein Verkehrsschild manipuliert hat, um angebliche Falschparker belangen zu k\u00f6nnen. Eine \u00e4hnliche Tat hatte der Beamte auch im M\u00e4rz bereits begangen.<a href=\"https:\/\/www.sueddeutsche.de\/panorama\/prozesse-duesseldorf-ehemaliger-polizist-wegen-kindesmissbrauchs-vor-gericht-dpa.urn-newsml-dpa-com-20090101-210614-99-985095\"> Am 14. Juni<\/a> beginnt vor dem Landgericht (LG) D\u00fcsseldorf (NRW) der Prozess gegen einen pensionierten Polizisten wegen 14-fachem Kindesmissbrauch und Vergewaltigung. Der Mann ist <a href=\"https:\/\/www.spiegel.de\/panorama\/justiz\/duesseldorf-ex-polizist-gesteht-vor-dem-landgericht-kindesmissbrauch-a-6585d786-efe2-419b-aedc-8a5ac2cf58e1\">\u201eganz \u00fcberwiegend<\/a>\u201c gest\u00e4ndig. Im Hessischen Landtag berichtet Landesinnenminister Peter Beuth (CDU) <a href=\"https:\/\/www.fr.de\/rhein-main\/landespolitik\/polizeiskandal-verdaechtiger-beamter-hortete-zehntausende-fotos-90806829.html\">am 15. Juni<\/a>, dass bei einem ehemaligen Beamten des Sondereinsatzkommandos (SEK), bei dem im Dezember 2020 eine Hausdurchsuchung stattgefunden hatte, zehntausende kinderpornografische Dateien gefunden wurden. Bei dieser Durchsuchungen war die Polizei auch auf die rechtsextremen Chatgruppen bei der hessischen Polizei gesto\u00dfen. <a href=\"https:\/\/www.morgenpost.de\/berlin\/polizeibericht\/article232518905\/Polizist-parkt-auf-Radspur-Video-sorgt-fuer-Empoerung.html\">Am gleichen Tag<\/a> leitet die Berliner Polizei ein Ordnungswidrigkeitenverfahren gegen einen ihrer Beamten ein, der bei der Unfallaufnahme eines t\u00f6dlichen Verkehrsunfalls einer Radfahrerin, auf dem Radweg geparkt hatte. Durch Presseberichte wird <a href=\"https:\/\/taz.de\/Schwarzer-in-Gewahrsam-schwer-verletzt\/!5779672\/\">am 18. Juni<\/a> bekannt, dass Ermittlungen gegen einen Polizeibeamten in Potsdam (Brandenburg) gegen eine Geldzahlung an eine gemeinn\u00fctzige Organisation eingestellt wurden. Hintergrund ist die rabiate Festnahme und Inhaftierung eines Nigerianers im Oktober 2019. Der Mann hatte sich im Zuge der Verbringung in eine Zelle einen Finger eingeklemmt und war \u00fcber Stunden ohne \u00e4rztliche Hilfe geblieben; der Finger musste sp\u00e4ter amputiert werden. <a href=\"https:\/\/www.welt.de\/regionales\/hamburg\/article231934995\/Strafanzeigen-Eigene-Kollegen-erheben-schwere-Vorwuerfe-gegen-LKA-Beamtin.html)\">Am 21. Juni<\/a> wird ebenfalls durch Presseberichte bekannt, dass gegen eine Leitende Ermittlerin des Landeskriminalamtes (LKA) Hamburg aus dem Kolleg*innenkreis zwei Strafanzeigen gestellt wurden. Dabei geht es um Verfolgung Unschuldiger, N\u00f6tigung und Strafvereitelung um ihre Ermittlungsergebnisse zu sch\u00f6nen. Ebenfalls durch Presseberichte wird <a href=\"https:\/\/www.weser-kurier.de\/bremen\/nach-facebook-eintraegen-ermittlungen-gegen-drei-bremer-polizisten-doc7g9obk02hsw5hypuha6\">am 23. Juni<\/a> bekannt, dass die StA in Bremen die Ermittlungen gegen drei Beamte der Bremer Polizei eingestellt hat. Die Beamten hatten im September 2020 die Streitigkeiten zweier arabischer Gro\u00dffamilien im Internet in \u201ezynischer, abf\u00e4lliger und teils diskriminierender Art und Weise\u201c kommentiert und waren daraufhin mit sofortiger Wirkung in den Innendienst versetzt und disziplinarische Ermittlungen eingeleitet worden. <a href=\"https:\/\/www.spiegel.de\/panorama\/justiz\/duesseldorf-pensionierter-polizist-wegen-kindesmissbrauchs-verurteilt-a-416ff415-61e4-41c4-b236-b0d388366912\">Am 30. Juni<\/a> verurteilt das LG D\u00fcsseldorf (NRW) den pensionierten Polizeibeamten wegen Kindesmissbrauch und Vergewaltigung zu sechs Jahren Haft. Am gleichen Tag verurteilt das AG Augsburg (Bayern) verurteilt einen Polizeibeamten f\u00fcr <a href=\"https:\/\/www.spiegel.de\/panorama\/justiz\/claudia-roth-polizist-nach-beleidigung-zu-4400-euro-geldstrafe-verurteilt-a-8ff9be7d-4699-4f16-aa09-9e9c49586133\">Beleidigung der Bundestagsvizepr\u00e4sidentin<\/a> Claudia Roth (Gr\u00fcne) auf facebook zu einer Geldstrafe von 4.400 EUR (Az: 03 Ds 101 Js 100806\/20).<\/p>\n<p><b>Asyl:<\/b> Das Verwaltungsgericht (VG) Berlin entscheidet, dass die <a href=\"https:\/\/www.tagesspiegel.de\/berlin\/vorgehen-des-bamf-rechtswidrig-verwaltungsgericht-berlin-stoppt-handydatenauswertung-bei-asylsuchenden\/27249288.html\">Handydatenauswertung von Asylsuchenden<\/a> durch das Bundesamt f\u00fcr Migration und Fl\u00fcchtlinge (Bamf) rechtswidrig ist. <a href=\"https:\/\/www.sueddeutsche.de\/bayern\/klosters-oberzell-prozess-kirchenasyl-urteil-1.5311012\">Am 3. Juni<\/a> erteilt das Amtsgericht (AG) W\u00fcrzburg (Bayern) einer Ordensschwester des Klosters Oberzell eine Verwarnung mit einer Geldbu\u00dfe von 500 EUR wegen Beihilfe zum unerlaubten Aufenthalt. Die Nonne hatte in den Jahren 2019 und 2020 jeweils einer Nigerianerin Kirchenasyl gew\u00e4hrt. Das Urteil ist noch nicht rechtskr\u00e4ftig (Az: 7 Cs 892 Js 4950\/20). <a href=\"https:\/\/www.sueddeutsche.de\/bayern\/oberzell-ordensschwester-kirchenasyl-instanz-1.5314374\">Am 7. Juni<\/a> legt die Nonne Berufung gegen das Urteil ein.<\/p>\n<p><b>Antisemitismus:<\/b> In Berlin wird ein Paar beim Reinigen von \u201eStolpersteinen\u201c zum Gedenken an verfolgte Juden von einem Mann <a href=\"https:\/\/www.morgenpost.de\/berlin\/polizeibericht\/article232443413\/Motorrad-schleudert-ueber-Fahrbahn-Fahrer-schwer-verletzt.html\">antisemitisch und volksverhetzend beschimpft.<\/a> Polizist*innen stellen seine Personalien fest. <a href=\"https:\/\/www.spiegel.de\/panorama\/ulm-staatsschutz-ermittelt-nach-brandanschlag-auf-synagoge-a-1fa2cc28-075b-4c33-9043-3b8425f45af9\">Am 5. Juni<\/a> wird auf die Synagoge von Ulm (Baden-W\u00fcrttemberg) ein Brandanschlag ver\u00fcbt, der T\u00e4ter fl\u00fcchtet unerkannt. An einer Realschule in Pfarrkirchen (Bayern) werden <a href=\"https:\/\/www.abendzeitung-muenchen.de\/bayern\/antisemitischer-schriftzug-an-realschule-art-733557\">am 7. Juni<\/a> ein antisemitischer Schriftzug und ein Hakenkreuz entdeckt. <a href=\"https:\/\/www.tagesspiegel.de\/berlin\/zunahme-antisemitischer-poebeleien-mehr-judenfeindliche-angriffe-in-brandenburg\/27274802.html)\">Am 10. Juni<\/a> meldet die \u201eRecherche- und Informationsstelle Antisemitismus\u201c (RIAS) insgesamt 141 antisemitische Vorf\u00e4lle f\u00fcr das Jahr 2020 in Brandenburg (2019: 137); davon waren sechs direkte k\u00f6rperliche Angriffe (2019: 6). Die j\u00fcdische Gemeinde in Frankfurt\/M. (Hessen) teilt <a href=\"https:\/\/www.spiegel.de\/panorama\/justiz\/juedischer-gebetsraum-thoraschrein-an-frankfurter-flughafen-mit-hakenkreuz-beschmiert-a-23929a67-5ed3-401e-9216-11394b5e02a5\">am 11. Juni<\/a> mit, dass der Thoraschrein in ihrem Gebetsraum am Flughafen mit einem Hakenkreuz beschmiert wurde. <a href=\"https:\/\/www.morgenpost.de\/berlin\/polizeibericht\/article232546843\/Auto-kracht-gegen-Baum-und-wird-zerrissen-Fahrer-tot.html\">Am 16. Juni<\/a> wird in einem Restaurant in Berlin ein Mann von einem anderen mit dessen Getr\u00e4nk besch\u00fcttet und antisemitisch beleidigt. Die Polizei stellt seine Personalien fest. <a href=\"https:\/\/www.welt.de\/politik\/deutschland\/article232137497\/Rias-Antisemitismus-bei-Corona-Demonstrationen-weitverbreitet.html\">Am 28. Juni<\/a> stellt RIAS in Berlin seinen bundesweiten Jahresbericht vor. Danach kam es 2020 in der Bundesrepublik zu insgesamt 1909 antisemitischen Vorf\u00e4llen, davon waren 167 gezielte Sachbesch\u00e4digungen, 96 Bedrohungen und 39 Angriffe. Bei Anti-Corona-Demonstrationen kam es auf 284 Versammlungen zu antisemitischen Aussagen.<\/p>\n<p>4. Juni: <b>Rechtsextreme Polizist*innen:<\/b> Die Polizei in Brandenburg teilt mit, dass sie die Zusammenarbeit mit der <a href=\"https:\/\/www.rbb24.de\/politik\/beitrag\/2021\/06\/brandenburg-german-security-sicherheitsdienst-naziszene-polizei.html\">Sicherheitsfirma \u201eGerman Security\u201c<\/a> wegen m\u00f6glicher Verbindungen in das rechtsextreme Milieu eingestellt hat. Die Firma war bereits mehrfach f\u00fcr die AfD im Einsatz; zudem werden bei ihr Kontakte in die Neo-Nazi-Szene und zu den \u201eHammerskins\u201c vermutet. In Hessen durchsucht die Polizei die Wohnungen und Arbeitspl\u00e4tze von sechs ihrer Beamten wegen der <a href=\"https:\/\/www.spiegel.de\/panorama\/justiz\/frankfurt-am-main-rechtsextreme-chats-durchsuchungen-bei-polizeibeamten-a-79e79c14-5116-47af-8625-751f9937c203\">Beteiligung an rechtsextremen Chatgruppen<\/a>. Insgesamt laufen Ermittlungen gegen <a href=\"https:\/\/www.fr.de\/frankfurt\/frankfurt-razzia-wegen-rechter-chatgruppen-bei-der-polizei-90796106.html\">20 Polizist*innen<\/a>, 18 von ihnen sind SEK-Beamte; gegen weitere vier Polizisten wird zudem <a href=\"https:\/\/www.fr.de\/rhein-main\/landespolitik\/polizeiskandal-in-hessen-mehr-beamte-an-chats-beteiligt-90799876.html\">disziplinarisch ermittelt<\/a>. Seit dem Jahr 2015 gab es in dem Bundesland 77 Verfahren wegen des Verdachts der rechtsradikalen Gesinnung; bundesweit waren es seit <a href=\"https:\/\/www.spiegel.de\/panorama\/justiz\/frankfurt-am-main-rechtsextreme-chats-durchsuchungen-bei-polizeibeamten-a-79e79c14-5116-47af-8625-751f9937c203\">2018 insgesamt 380 Verdachtsf\u00e4lle<\/a>. <a href=\"https:\/\/www.spiegel.de\/panorama\/justiz\/hessens-innenminister-loest-sek-frankfurt-auf-a-12e09db1-1f74-4c5a-b8bc-13382c6b0f2e\">Am 10. Juni<\/a> gibt Hessens Innenminister Peter Beuth (CDU) die Aufl\u00f6sung des SEK bekannt. In Freiburg (Baden-W\u00fcrttemberg) wird <a href=\"https:\/\/www.badische-zeitung.de\/polizist-an-fremdenfeindlichem-angriff-in-freiburg-beteiligt\">am 12. Juni<\/a> ein Lette von mehreren Personen rassistisch beleidigt und durch die Stra\u00dfen gehetzt; die Polizei ermittelt in diesem Zusammenhang auch gegen einen ihrer Beamten wegen Beteiligung. Im Hessischen Innenausschuss teilt Innenminister Beuth (CDU) <a href=\"https:\/\/www.faz.net\/aktuell\/politik\/inland\/polizei-und-rechtsextremismus-sek-chatgruppe-hatte-mehr-als-50-mitglieder-17391522.html\">am 15. Juni<\/a> mit, dass unterdessen 56 Beamte ermittelt wurden, die an den Chatgruppen beteiligt waren; gegen 24 von ihnen werde allerdings weder strafrechtlich noch disziplinarisch ermittelt, da sie dabei nicht aktiv in Erscheinung getreten sind. Durch Medien-Recherchen wird <a href=\"https:\/\/taz.de\/taz-Recherche-zu-rechtsextremen-Beamten\/!5779757\/\">am 18. Juni<\/a> bekannt, dass es bei der zum Schutz des Bundestages in Berlin eingesetzten Polizeikr\u00e4fte mehrere rechtsradikale Vorf\u00e4lle gibt. So sei ein dort eingesetzter Beamter der Bundespolizei (BPol) Mitglied der \u201eReichsb\u00fcrger\u201c-Bewegung; ein weiterer zu Teilnahmen an Anti-Corona-Demonstrationen aufgerufen und teilgenommen hat. Ein anderer Beamter hat im Pausenraum den Hitlergru\u00df gezeigt und auch in dienstlichen Chatgruppen w\u00fcrden regelm\u00e4\u00dfig rechtsextreme, antisemitische und rassistische Inhalte verbreitet. Die Bundestags-Pressestelle best\u00e4tigt lediglich drei Verdachtsf\u00e4lle seit 2013, von denen sich allerdings keiner best\u00e4tigt habe. <a href=\"https:\/\/www.fr.de\/rhein-main\/landespolitik\/rechte-chatgruppen-bei-der-hesssischen-polizei-auch-kinderpornos-geteilt-90822375.html\">Am 24. Juni<\/a> teilt Landesinnenminister Beuth (CDU) im Hessischen Innenausschuss mit, dass in einer der rechten Chatgruppen auch Kinderpornografie geteilt wurde; zudem sei die Zahl der verd\u00e4chtigen Beamten auf 50 gestiegen, darunter auch acht F\u00fchrungskr\u00e4fte. Ebenfalls durch Presseberichte wird <a href=\"https:\/\/www.tagesspiegel.de\/politik\/nazi-chats-und-rassistische-hetze-zahl-rechtsextremer-verdachtsfaelle-bei-der-polizei-hoeher-als-gedacht\/27368464.html\">am 27. Juni<\/a> bekannt, dass bei den deutschen L\u00e4nderpolizeien aktuell zwischen 236 und 447 straf- oder disziplinarrechtliche Ermittlungsverfahren wegen des Verdachtes von Rechtsextremismus laufen; bei BPol und Bundeskriminalamt (BKA) sind es 36 Verfahren. <a href=\"https:\/\/www.fr.de\/frankfurt\/amtsgericht-alsfeld-polizist-bekommt-keine-strafe-fuer-rechte-chats-90832206.html\">Am 29. Juni<\/a> verurteilt das AG Alsfeld (Hessen) einen Polizeibeamten wegen Versto\u00df gegen das Waffen- und Sprengstoffgesetz zu einer Bew\u00e4hrungsstrafe von einem Jahr und zwei Monaten. Im Fall seiner <a href=\"https:\/\/www.giessener-allgemeine.de\/hessen\/polizist-und-waffennarr-verurteilt-90832460.html\">rassistischen Whatsapp-Chats wird er freigesprochen<\/a>, da die Chats nicht \u00f6ffentlich gewesen seien.<\/p>\n<p><b>Verfassungsschutz:<\/b> Beim Bundesverfassungsgericht (BVerfG) in Karlsruhe (Baden-W\u00fcrttemberg) reicht ein FDP-Bundestagsabgeordneter <a href=\"https:\/\/www.faz.net\/aktuell\/politik\/inland\/fdp-klagt-auf-auskunft-ueber-verfassungsschutz-17371888.html\">Klage gegen die Bundesregierung<\/a> ein. Er hatte mit einer parlamentarischen Anfrage wissen wollen, wie viele Mitarbeiter des Bundesamtes f\u00fcr Verfassungsschutz (BfV) in den letzten f\u00fcnf Jahren im Ausland eingesetzt waren. Darauf hatte das Bundesinnenministerium unter Verweis auf \u201eschutzw\u00fcrdige Geheimhaltungsinteressen\u201c die Antwort verweigert. <a href=\"https:\/\/www.tagesspiegel.de\/politik\/daten-ueber-martin-dulig-gespeichert-saechsischer-verfassungsschutz-sammelte-illegal-material-ueber-vize-regierungschef\/27266220.html\">Am 8. Juni<\/a> wird durch Presseberichte bekannt, dass das Landesamt f\u00fcr Verfassungsschutz (LfV) Sachsen illegal Informationen \u00fcber Landtagsabgeordnete, darunter auch den SPD-Wirtschaftsminister und stellvertretenden Ministerpr\u00e4sidenten, gesammelt hat. <a href=\"https:\/\/taz.de\/Umstrittene-Staatstrojaner\/!5778348\/\">Am 10. Juni<\/a> verabschiedet der Bundestag ein Gesetz zur \u201eAnpassung des Verfassungsschutzrechts\u201c. Darin erh\u00e4lt der Verfassungsschutz \u201eerg\u00e4nzende Aufkl\u00e4rungsbefugnisse\u201c zur Quellen-Telekommunikations\u00fcberwachung (Quellen-TK\u00dc) auch bei Messenger-Diensten. Das BfV in Berlin muss einer ehemaligen Mitarbeiterin 10.000 EUR Schmerzensgeld wegen Depressionen durch Mobbing am Arbeitsplatz zahlen. Das wird <a href=\"https:\/\/www.nd-aktuell.de\/artikel\/1153355.verfassungsschutz-schlapphuete-muessen-zahlen.html\">am 17. Juni<\/a> durch Presseberichte bekannt. Ebenfalls am 17. Juni teilt das LfV Sachsen mit, dass es die im Februar gegr\u00fcndete <a href=\"https:\/\/taz.de\/Einstufung-des-Verfassungsschutzes\/!5779700\/\">Kleinpartei \u201eFreie Sachsen\u201c<\/a> als rechtsextrem eingestuft hat und nachrichtendienstlich \u00fcberwacht. Die Partei sei \u201eeine \u00fcberregionale Vernetzungsplattform f\u00fcr Rechtsextremisten aus der gesamten Bundesrepublik\u201c. Das LfV NRW benennt in seinem \u201eSonderbericht zu Verschw\u00f6rungsmythen und Corona-Leugner\u201c, der <a href=\"https:\/\/www.sueddeutsche.de\/politik\/nrw-verfassungsschutzbericht-querdenker-1.5330393\">am 22. Juni<\/a> in D\u00fcsseldorf vorgestellt wird, f\u00fcr das Bundesland 25 Regionalgruppen von Corona-Leugner*innen; davon 20 Gruppen mit etwa 8.200 Mitgliedern f\u00fcr die Landeshauptstadt.<\/p>\n<p><b>Dschihadismus:<\/b> Das <a href=\"https:\/\/www.tagesspiegel.de\/berlin\/wegen-is-kriegsverbrechen-in-mossul-iraker-in-berlin-zu-lebenslanger-haftstrafe-verurteilt\/27257482.html\">Kammergericht (KG) Berlin<\/a> verurteilt einen Mann wegen Mitgliedschaft in einer terroristischen Vereinigung und Kriegsverbrechen zu einer lebensl\u00e4nglichen Freiheitsstrafe. Sein mitangeklagter Sohn erh\u00e4lt eine Jugendstrafe von knapp sechs Jahren. <a href=\"https:\/\/www.spiegel.de\/panorama\/justiz\/duesseldorf-is-rueckkehrerin-sarah-o-zu-sechseinhalb-jahren-jugendhaft-verurteilt-a-9958a158-c06f-4752-b7d8-f24ad93f1737\">Am 16. Juni<\/a> verurteilt das Oberlandesgericht (OLG) D\u00fcsseldorf (NRW) eine Dschihadistin wegen Mitgliedschaft in einer terroristischen Vereinigung und Verbrechen gegen die Menschlichkeit zu sechseinhalb Jahren Jugendhaft. Die Frau war 2013 als 15-J\u00e4hrige nach Syrien ausgereist und hatte dort einen deutschen K\u00e4mpfer des \u201eIslamischen Staat\u201c (IS) geheiratet und war 2018 bei ihrer R\u00fcckkehr festgenommen worden. Zugleich werden die Eltern des IS-K\u00e4mpfers wegen Unterst\u00fctzung einer terroristischen Vereinigung im Ausland zu drei und viereinhalb Jahren Haft verurteilt.<b>\u00a0<\/b>In Baden-W\u00fcrttemberg nimmt die Polizei bei der Einreise aus Frankreich <a href=\"https:\/\/www.spiegel.de\/politik\/deutschland\/verdacht-auf-vorbereitung-einer-straftat-ermittler-nehmen-mutmasslichen-islamisten-fest-a-dd19aa53-7de5-4f48-9ffc-7760fb2d1d95\">am 24. Juni<\/a> einen mutma\u00dflichen Dschihadisten fest. Gegen den Mann wird Haftbefehl erlassen und wegen Verdachts der Anleitung zur Begehung einer schweren staatsgef\u00e4hrdenden Straftat und versuchten unerlaubten Erwerb einer Kriegswaffe ermittelt.<\/p>\n<p>5. Juni: <b>Ausschreitungen gegen Corona-Auflagen:<\/b> In N\u00fcrnberg (Bayern) kommt es zu <a href=\"https:\/\/www.sueddeutsche.de\/bayern\/corona-bayern-aktuell-nuernberg-ausschreitungen-1.5308560\">Ausschreitungen und Flaschenw\u00fcrfen<\/a> von etwa 80 Personen. 13 Menschen werden in Gewahrsam genommen, ein Polizist wird durch die Flaschenw\u00fcrfe verletzt. In mehreren St\u00e4dten kommt es in der <a href=\"https:\/\/www.berliner-zeitung.de\/news\/polizeibericht-berlin\/polizei-berlin-loest-mehrere-partys-in-parks-auf-beamte-angegriffen-li.164750\">Nacht zum 12. Juni<\/a> zu Ausschreitungen von Jugendlichen. In mehreren Parks in Berlin l\u00f6st die Polizei die Partys von bis zu 2.000 Jugendlichen auf. In einem Park werden die Beamt*innen mit Flaschen beworfen. Auch in <a href=\"https:\/\/www.spiegel.de\/panorama\/justiz\/polizei-loest-zahlreiche-partys-auf-und-stoesst-auf-gegenwehr-a-d4b434e8-66df-45c1-a490-0505f0377ca3\">Aachen, M\u00fcnster (beide NRW)<\/a> und Jena (Th\u00fcringen) werden die Beamt*innen mit Flaschen beworfen. <a href=\"https:\/\/www.tagesspiegel.de\/gesellschaft\/panorama\/bis-zu-4000-feiernde-in-der-hansestadt-polizei-loest-partys-in-hamburger-stadtpark-auf\/27303164.html)\">Am 19. Juni<\/a> l\u00f6st die Polizei in Hamburg eine Party mit 4.000 Personen wegen Verst\u00f6\u00dfen gegen Corona-Auflagen und lauter Musik auf. Nach Flaschenw\u00fcrfen werden zwei Beamte verletzt ins Krankenhaus gebracht. Bei der R\u00e4umung einer illegalen Party mit rund 1.400 Personen in der <a href=\"https:\/\/www.welt.de\/vermischtes\/article231964163\/Augsburg-Massiver-Ausbruch-von-Gewalt-Polizei-muss-Innenstadt-raeumen.html\">Innenstadt von Augsburg<\/a> (Bayern) werden 15 Beamt*innen verletzt. In einem Park in Berlin greifen 60-70 Jugendliche <a href=\"https:\/\/www.berliner-zeitung.de\/news\/polizeibericht-berlin\/polizei-berlin-schwere-randale-im-james-simon-park-festnahmen-li.167182\">am 23. Juni<\/a> die Polizist*innen mit Flaschenw\u00fcrfen an, als diese ihre illegale Party aufl\u00f6sen wollen; es kommt zu mehreren Festnahmen. Als Polizist*innen <a href=\"https:\/\/www.spiegel.de\/panorama\/gesellschaft\/keine-mindestabstaende-polizei-loest-erneut-feier-in-hamburger-stadtpark-auf-a-5cb94ceb-e313-46b4-8154-219bf9995cf0\">am 27. Juni<\/a> in Hamburg eine Party mit bis zu 2.000 Personen im Stadtpark aufl\u00f6sen wollen, werden sie mit Flaschen und B\u00f6llern beworfen; zwei Beamte werden leicht verletzt; 10 Personen werden vorl\u00e4ufig festgenommen.<\/p>\n<p><b>Repression gegen Umweltdemonstrationen:<\/b> In Berlin besetzen zwischen 80 und 250 Personen an verschiedenen Stellen zwei Autobahnbaustellen; von <a href=\"https:\/\/www.tagesspiegel.de\/berlin\/bundesweiter-protesttag-gegen-autobahnbau-hunderte-klimaaktivisten-besetzen-berliner-a100-baustelle-zahlreiche-festnahmen\/27258420.html\">80 Aktivist*innen nimmt die Polizei die Personalien<\/a> auf. Zudem <a href=\"https:\/\/www.spiegel.de\/panorama\/berlin-journalistenverband-kritisiert-massive-behinderung-von-pressevertretern-a-a8264b3b-38e1-445d-8e58-8179a2112e6e\">kesselt die Polizei<\/a> hier 12 Journalist*innen ein und leitet Ermittlungen gegen sie ein. Durch eine parlamentarische Anfrage der FDP-Fraktion im Landtag wird <a href=\"https:\/\/www.faz.net\/aktuell\/politik\/inland\/kostenbescheide-nach-grosseinsatz-im-dannenroeder-forst-versandt-17386217.html\">am 12. Juni<\/a> bekannt, dass die Polizei in Hessen an Besetzer*innen des Dannenr\u00f6der Forstes bereits 15 Kostenbescheide f\u00fcr die R\u00e4umungen der Protestcamps und Baumbesetzungen verschickt hat. Weitere 123 Bescheide sind in Vorbereitung. <a href=\"https:\/\/www.faz.net\/aktuell\/gesellschaft\/kriminalitaet\/mehr-als-zwei-jahre-haft-nach-tritten-ins-gesicht-von-polizisten-17403984.html)\">Am 23. Juni<\/a> befindet das AG Alsfeld (Hessen) eine Umwelt-Aktivistin f\u00fcr schuldig, bei der R\u00e4umung eines Protestcamps im Dannenr\u00f6der Forst einen Polizisten mehrfach gegen den Kopf getreten und einem zweiten das Knie ins Gesicht gesto\u00dfen zu haben. Sie wird zu zweieinviertel Jahren Haft verurteilt; im Gericht kommt es zu tumultartigen Szenen. <a href=\"https:\/\/www.juris.de\/jportal\/portal\/t\/co1\/page\/homerl.psml?nid=jnachr-JUNA210602436&amp;cmsuri=%2Fjuris%2Fde%2Fnachrichten%2Fzeigenachricht.jsp\">Ebenfalls am 23. Juni<\/a> entscheidet das VG Magdeburg, dass ein Protestcamp gegen einen Autobahnausbau in einem Wald bei Losse nicht beseitigt werden muss. Die Anordnung der Stadt Stendal (s\u00e4mtlich Sachsen-Anhalt) sei lediglich auf eine bauordnungsrechtliche Grundlage gest\u00fctzt; ein Schutz vor Brand- und andere Gefahren f\u00fcr den Wald sei auch mit milderen Auflagen zu gew\u00e4hrleisten.<\/p>\n<p>7. Juni: <b>Organisierte Kriminalit\u00e4t (OK):<\/b> Im Rahmen einer weltweiten Aktion in 16 Staaten durchsucht die Polizei \u00fcber 100 Objekte in mehreren Bundesl\u00e4ndern. Ausl\u00f6ser der <a href=\"https:\/\/www.spiegel.de\/panorama\/justiz\/organisierte-kriminalitaet-ermittler-knacken-kryptohandys-weltweite-razzien-a-5d2c6335-e617-4769-9248-7fad84880632\">Fahndungsaktion<\/a> ist das amerikanische FBI, dem es gelungen ist Kryptohandys von Kriminellen zu knacken. <a href=\"https:\/\/www.spiegel.de\/panorama\/justiz\/nordrhein-westfalen-polizei-durchsucht-gebaeude-wegen-des-verdachts-auf-bandenmaessigen-betrug-und-geldwaesche-a-34bb1a6e-597d-427b-ae27-b329089bdb26\">Am 8. Juni<\/a> durchsucht die Polizei in NRW mehr als 30 Objekte eines kriminellen Clans unter dem Verdacht des bandenm\u00e4\u00dfigen Betruges und der Geldw\u00e4sche. Vier Personen werden festgenommen, Bargeld, <a href=\"https:\/\/www.spiegel.de\/panorama\/justiz\/polizisten-nehmen-mutmassliche-clanmitglieder-fest-und-beschlagnahmen-eine-villa-a-bbe95259-0a59-4f94-b8df-ef382aedc0ed\">Schusswaffen und eine Villa werden beschlagnahmt<\/a>. Durch Presseberichte wird <a href=\"https:\/\/www.morgenpost.de\/vermischtes\/article232490813\/Grossrazzia-wegen-Tausender-illegal-gebuchter-Bahntickets.html)\">am 9. Juni<\/a> bekannt, dass die Polizei 16 Objekte in Bayern, NRW und Sachsen-Anhalt von mutma\u00dflichen Computerbetr\u00fcgern durchsucht hat. Sie sollen Bahntickets im Wert von 450.000 EUR illegal gebucht haben. Ermittelt wird gegen 20 Personen. <a href=\"https:\/\/www.welt.de\/vermischtes\/article232054493\/Nordrhein-Westfalen-Razzia-gegen-Miri-Clan-in-Dortmund-und-weiteren-Staedten.html\">Am 24. Juni<\/a> durchsucht die Polizei in Dortmund, Werl und Bochum (alle NRW) insgesamt 21 Objekte eines kriminellen Clans wegen bandenm\u00e4\u00dfigem Drogenhandel und Verst\u00f6\u00dfen gegen das Waffengesetz. Sieben Haftbefehle werden vollstreckt; auch in Berlin finden Durchsuchungen bei einem arabisch-st\u00e4mmigen Clan statt. <a href=\"https:\/\/www.spiegel.de\/panorama\/justiz\/koeln-bande-soll-tonnenweise-gold-nach-istanbul-geschleust-haben-a-dc32c1fc-f49c-4cb6-94e0-4d5e5093dfd5\">Am 30. Juni<\/a> teilt die Staatsanwaltschaft (StA) K\u00f6ln (NRW) mit, dass gegen 53 Beschuldigte wegen Geldw\u00e4sche und Bildung einer kriminellen Vereinigung ermittelt wird. Die Bande soll rund 7,5 Tonnen Gold in die T\u00fcrkei geschmuggelt haben um Gewinne krimineller Organisationen zu waschen; drei Beschuldigte befinden sich in Untersuchungshaft.<\/p>\n<p><b>Rechtsextremismus:<\/b> Vor dem OLG D\u00fcsseldorf (NRW) erhebt die Bundesanwaltschaft (BAW) Anklage gegen drei M\u00e4nner wegen Mitgliedschaft in einer weltweit agierenden rechtsextremen kriminellen Vereinigung \u00fcber deren Internet-Plattform <a href=\"https:\/\/www.spiegel.de\/politik\/deutschland\/antisemitismus-drei-mutmassliche-mitglieder-eines-rechtsextremen-internet-netzwerks-angeklagt-a-2eb16820-e0de-4340-b238-4cc9614b3c17\">\u201eInternationale Goyim Partei (IPG)<\/a>\u201c sie volksverhetzende Inhalte verbreitet haben sollen. In einer Corona-Teststelle in Berlin greift ein Mann <a href=\"https:\/\/www.tagesspiegel.de\/berlin\/corona-teststelle-in-berlin-marzahn-mann-greift-zwei-mitarbeiter-mit-spachtel-an-und-zeigt-hitlergruss\/27270288.html\">am 8. Juni<\/a> zwei Mitarbeiter mit einem Spachtel an, ruft rechtsradikale Parolen und zeigt mehrfach den Hitlergru\u00df; er wird festgenommen. Durch Presseberichte wird <a href=\"https:\/\/www.spiegel.de\/panorama\/justiz\/rechtsextreme-heilprakterin-vor-gericht-staatsschuetzer-beschreiben-kontakte-ins-nsu-umfeld-a-c6b60ecf-4205-458d-a4eb-1249ca4a5e3a\">am 11. Juni<\/a> bekannt, dass vor dem OLG M\u00fcnchen (Bayern) bereits seit April der Prozess gegen eine Frau stattfindet, der vorgeworfen wird, Politiker, eine muslimische Gemeinde und einen Fl\u00fcchtlingshilfeverein bedroht, sowie einen Anschlag geplant zu haben. Zudem soll sie Kontakte zum rechtsterroristischen \u201eNationalsozialistischen Untergrund\u201c (NSU) gehabt haben. <a href=\"https:\/\/www.morgenpost.de\/berlin\/polizeibericht\/article232536617\/Zwei-Feuerwehrleute-bei-Loescharbeiten-in-Spandau-verletzt.html\">Am 14. Juni<\/a> beschimpft in Berlin ein Mann sowohl Passanten wie auch eintreffende Polizist*innen volksverhetzend. Er wird festgenommen und erkennungsdienstlich behandelt. In dem <a href=\"https:\/\/www.sueddeutsche.de\/politik\/verfassungsschutz-bericht-seehofer-haldenwang-1.5322381?print=true\">am 15. Juni<\/a> in Berlin vorgestellten Verfassungsschutzbericht f\u00fcr das Jahr 2020 werden dem Rechtsextremismus in Deutschland etwa 33.300 Personen zugeordnet, von denen 13.300 als potentiell gewaltorientiert eingestuft werden. Der brandenburgische Verfassungsschutzbericht 2020, der <a href=\"https:\/\/www.morgenpost.de\/brandenburg\/article232606425\/Brandenburger-Verfassungsschutzbericht-2020-wird-vorgelegt.html\">am 23. Juni<\/a> in Potsdam (Brandenburg) vorgestellt wird, beziffert die Zahl der Rechtsextremisten in dem Bundesland auf 2.860 Personen. <a href=\"https:\/\/www.spiegel.de\/politik\/deutschland\/nationale-sozialisten-rostock-mecklenburg-vorpommern-verbietet-vereinigung-a-6a100eba-7f07-435b-8eab-3075599881df\">Am 24. Juni<\/a> verbietet Mecklenburg-Vorpommerns Innenminister Torsten Benz (CDU) die rechtsextremistische Vereinigung \u201eNationale Sozialisten Rostock\u201c; die Polizei durchsucht vier Wohnungen und Arbeitsst\u00e4tten. In Hamburg durchsucht die Polizei <a href=\"https:\/\/www.ndr.de\/nachrichten\/hamburg\/Razzia-gegen-Hasskriminalitaet-im-Internet-in-Hamburg,razzia1636.html\">am 30. Juni<\/a> die Wohnungen von mehreren Verd\u00e4chtigen, die rechtsradikale Inhalte im Internet verbreitet haben; in einer Wohnung finden sie zudem eine SS-Uniform und mehrere Schusswaffen.<\/p>\n<p>8. Juni. <b>Racial Profiling:<\/b> Bei der<a href=\"https:\/\/www.tagesspiegel.de\/berlin\/315-beschwerden-gegen-berliner-behoerden-111-wegen-rassismus-rassismus-in-der-polizei-nur-wenige-bestaetigte-faelle\/27265278.html\"> Berliner Antidiskriminierungsstelle<\/a> sind bis Anfang des Monates 52 Beschwerden gegen Polizist*innen wegen rassistischer Diskriminierungen eingegangen. W\u00e4hrend die Polizei keine dieser Beschwerden als berechtigt ansieht, stuft die Ombudsstelle f\u00fcnf davon als berechtigt oder teilweise berechtigt ein. Durch Presseberichte wird <a href=\"https:\/\/www.sueddeutsche.de\/panorama\/sinti-und-roma-polizei-racial-profiling-berlin-1.5176954)\">am 17. Juni<\/a> bekannt, dass die Polizei in Berlin rechtswidrig eine ethnische Zugeh\u00f6rigkeit von T\u00e4ter*innen in Verbindung mit Trickdiebst\u00e4hlen in Strafanzeigen bis hin zur Kriminalstatistik vermerkt. Die Berliner Datenschutzbeauftragte fordert die Datenbest\u00e4nde zu bereinigen.<\/p>\n<p>9. Juni: <b>Sammelabschiebung:<\/b> In Kabul landet ein deutscher Abschiebeflug mit 42 M\u00e4nnern. Es ist die <a href=\"https:\/\/www.morgenpost.de\/politik\/inland\/article232493873\/42-Afghanen-aus-Deutschland-nach-Kabul-abgeschoben.html\">39. Sammelabschiebung<\/a> seit Ende 2016; insgesamt wurden damit 1.077 M\u00e4nner abgeschoben.<\/p>\n<p>13. Juni: <b>Polizeiliche Todessch\u00fcsse:<\/b> In Wuppertal (NRW) wird die Polizei gerufen, weil in einem Mehrfamilienhaus ein <a href=\"https:\/\/www.welt.de\/vermischtes\/article231786739\/Wuppertal-Polizei-erschiesst-35-Jaehrigen-der-randaliert-haben-soll.html\">Mann randaliert<\/a>. Als Polizisten in seine Wohnung eindringen, werden sie nach StA-Angaben <a href=\"https:\/\/www.t-online.de\/region\/wuppertal\/news\/id_90219950\/wuppertal-polizei-erschiesst-35-jaehrigen-ermittlungen-gegen-todesschuetzen.html\">vom 14. Juni<\/a> , von dem Mann mit einem Messer beworfen und dann mit einem Kn\u00fcppel und einem \u201eanderen Gegenstand\u201c angegriffen. Ein Beamter gibt daraufhin Sch\u00fcsse aus einer Maschinenpistole auf den Mann ab. In Frankfurt\/M. (Hessen) wird die Polizei <a href=\"https:\/\/www.faz.net\/aktuell\/gesellschaft\/kriminalitaet\/grosser-polizeieinsatz-nach-schuessen-in-frankfurt-griesheim-17401804.html\">am 22. Juni<\/a> wegen einer \u201eGef\u00e4hrdungslage\u201c in einem Wohnhaus alarmiert. Als die Beamten eintreffen, sto\u00dfen sie dort auf einen mit einer Schusswaffe und einem Messer bewaffneten Mann, der sie angreift. Ein Polizist wird verletzt. Daraufhin werden mehrere Sch\u00fcsse auf ihn abgegeben und der Mann zieht sich wieder in seine Wohnung zur\u00fcck; das SEK wird hinzugezogen; diese finden den Mann <a href=\"https:\/\/www.spiegel.de\/panorama\/justiz\/frankfurt-am-main-41-jaehriger-nach-schuessen-auf-polizisten-tot-a-dd99d676-fab5-4c5f-b44a-484404d0c672\">leblos<\/a> auf. Die Obduktion ergibt, dass er an einem <a href=\"https:\/\/www.fr.de\/frankfurt\/frankfurt-polizei-einsatz-griesheim-warnung-grosseinsatz-schuss-news-ticker-zr-90816810.html\">Schuss in die Seite verblutet<\/a> ist. In Freudenstadt (Baden-W\u00fcrttemberg) ruft eine Frau <a href=\"https:\/\/www.spiegel.de\/panorama\/justiz\/freudenstadt-mann-stirbt-nach-schuessen-eines-polizisten-in-baden-wuerttemberg-a-b038c469-e749-4245-976c-6554d72cc7c2\">am 24. Juni<\/a> die Polizei wegen h\u00e4uslicher Gewalt. W\u00e4hrend die Polizei noch versucht den Konflikt zu schlichten, zieht der Mann pl\u00f6tzlich ein Messer und greift die Beamten an. Ein Polizist gibt daraufhin mehrere Sch\u00fcsse auf ihn ab; der Mann stirbt noch vor Ort.<\/p>\n<p><b>Verschwundene Waffen und Munition:<\/b> Durch eine parlamentarische Anfrage der Gr\u00fcnen-Fraktion im Berliner Abgeordnetenhaus wird bekannt, dass im Juni 2020 erneut eine <a href=\"https:\/\/www.tagesspiegel.de\/berlin\/elfter-fall-seit-2010-erneut-schusswaffe-bei-der-berliner-polizei-verschwunden\/27283112.html\">Dienstwaffe der Polizei<\/a> verschwunden ist. Es ist seit 2010 der 11. Fall, darunter auch eine Maschinenpistole; nur f\u00fcnf der verschwundenen Waffen wurden wiedergefunden. Durch Presseberichte wird <a href=\"https:\/\/www.fr.de\/rhein-main\/landespolitik\/hessen-razzia-bei-verdaechtigem-polizisten-90806843.html\">am 16. Juni<\/a> bekannt, dass bei einem hessischen Polizeibeamten, der im Verdacht steht, Dienstmunition unterschlagen zu haben, eine Hausdurchsuchung stattgefunden hat. Waffen oder Munition wurden nicht gefunden.<\/p>\n<p>14. Juni: <b>Rechtsradikalismus bei der Bundeswehr: <\/b>Durch Presseberichte wird bekannt, dass die Bundeswehr gegen <a href=\"https:\/\/www.spiegel.de\/politik\/deutschland\/bundeswehr-in-litauen-ermittlungen-nach-party-exzess-im-hotel-a-fb5ae1ed-f438-433f-b736-71d06a5762a6\">Soldaten einer NATO-Mission<\/a> in Litauen wegen Verdacht des Mobbings, sexueller N\u00f6tigung und Singens antisemitischer und rechtsextremer Lieder ermittelt. Insgesamt wird gegen 10 Soldaten ermittelt, vier wurden nach <a href=\"https:\/\/www.sueddeutsche.de\/politik\/litauen-bundeswehr-soldaten-1.5322348).\">Deutschland zur\u00fcck beordert<\/a>. <a href=\"https:\/\/www.spiegel.de\/politik\/deutschland\/annegret-kramp-karrenbauer-soldaten-werden-nach-mutmasslichem-fehlverhalten-in-litauen-abgeloest-a-924c8b39-2be9-49f8-bfb3-00859eff72bf\">Am 16. Juni<\/a> wird bekannt, dass der ganze Panzergrenadierzug der beteiligten Soldaten aus Litauen abgezogen wird. Zudem wird bekannt, dass ein Vorgesetzter den Vorfall zwar in einem internen Vermerk festgehalten, aber keine Meldung erstattet hatte und dass au\u00dferdem seit Anfang April ein Fehlbestand von 569 Schuss Munition bekannt war.<\/p>\n<p>15. Juni: <b>\u201eReichsb\u00fcrger\u201c: <\/b>In dem in Berlin vorgestellten Verfassungsschutzbericht f\u00fcr das Jahr 2020 werden der deutschen <a href=\"https:\/\/www.sueddeutsche.de\/politik\/verfassungsschutz-bericht-seehofer-haldenwang-1.5322381?print=true\">\u201eReichsb\u00fcrger\u201c-Szene<\/a> etwa 20.000 Personen zugeordnet, von denen 2.000 als potentiell gewaltorientiert eingestuft werden.<\/p>\n<p><b>Schleuserkriminalit\u00e4t:<\/b> Auf einem Autobahnrastplatz wird ein LKW-Fahrer durch Klopfger\u00e4usche auf vier minderj\u00e4hrige afghanische Fl\u00fcchtlinge aufmerksam. Er informiert die Polizei; die Beamten befreien <a href=\"https:\/\/www.spiegel.de\/panorama\/sachsen-lkw-fahrer-bemerkt-gefluechtete-durch-klopfgeraeusche-a-4ae9aecd-f195-415f-9395-deec87649074\">die Jugendlichen aus einem plombierten Container<\/a> und leiten Ermittlungen gegen den LKW-Fahrer ein. <a href=\"https:\/\/www.tagesspiegel.de\/berlin\/polizei-justiz\/polizei-durchsucht-mehrere-adressen-razzien-wegen-menschenhandels-in-berlin-ermittlungen-gegen-bauunternehmer\/27369732.html\">Am 28. Juni<\/a> durchsucht die Polizei in Berlin Objekte von drei Verd\u00e4chtigen unter dem Verdacht des Menschenhandels; in einer Lagerhalle werden13 Vietnamesen entdeckt. Nach BKA-Angaben gilt Berlin als \u201eDreh- und Angelpunkt\u201c vietnamesischer Menschenh\u00e4ndler.<\/p>\n<p>16. Juni: <b>H\u00e4userk\u00e4mpfe:<\/b> Vor einem besetzten Haus in Berlin werden <a href=\"https:\/\/www.morgenpost.de\/bezirke\/friedrichshain-kreuzberg\/article232548831\/Brandschutzpruefung-in-Rigaer-94-ab-8-00-Uhr-geplant.html\">Barrikaden errichtet<\/a> um gegen eine gerichtlich angeordnete Brandschutzpr\u00fcfung am n\u00e4chsten Tag zu protestieren. Als die Polizei erscheint, werden sie angez\u00fcndet, ein Dutzend Vermummte bewirft dabei die Beamt*innen. <a href=\"https:\/\/www.berliner-zeitung.de\/mensch-metropole\/rigaer-strasse-kommt-es-heute-wieder-zu-krawallen-li.165776\">60 Beamt*innen<\/a> sollen verletzt worden sein. Nachdem die Verhandlungen wegen der Pr\u00fcfung <a href=\"https:\/\/www.berliner-zeitung.de\/mensch-metropole\/rigaer-strasse-kommt-es-heute-wieder-zu-krawallen-li.165776\">am Morgen des 17. Juni<\/a> scheitern, bricht die Polizei die Eingangst\u00fcr mit einem Rammbock und Trennschleifern auf. Die eindringenden Polizist*innen werden mit Feuerl\u00f6schern bespr\u00fcht und vom Dach des Hauses mit B\u00f6llern, Bengalos und anderen Gegenst\u00e4nden beworfen, 22. Beamt*innen werden angeblich verletzt. <a href=\"https:\/\/www.welt.de\/politik\/deutschland\/article231893201\/Brandschutzpruefung-in-Rigaer-94-beendet-22-verletzte-Polizisten.html\">Gegen Mittag<\/a> kann die Begehung stattfinden, sie verl\u00e4uft ruhig und st\u00f6rungsfrei; gravierende M\u00e4ngel werden bei der Begehung des Brandschutzexperten nicht festgestellt . <a href=\"https:\/\/www.tagesspiegel.de\/berlin\/nach-krawall-an-der-rigaer94-zerstoerungen-und-brandstiftungen-in-der-nacht-zum-freitag\/27291698.html\">Am Abend<\/a> nehmen etwa 2.000 Personen an einer Protestdemonstration teil. Vereinzelt werden dabei Flaschen auf die Polizei geworfen, ansonsten bleibt es weitgehend ruhig; sieben Personen werden festgenommen. Stadtweit kommt es sp\u00e4ter zu wenigen Sachbesch\u00e4digungen und Brandstiftungen.<\/p>\n<p>17. Juni: <b>Stasi-Unterlagenbeh\u00f6rde:<\/b> Die <a href=\"https:\/\/www.tagesspiegel.de\/politik\/die-stasi-unterlagenbehoerde-schliesst-deckel-zu-akten-offen-wie-ueberlebt-ost-geschichte\/27292772.html\">Stasi-Unterlagenbeh\u00f6rde<\/a> wird geschlossen und die dort gelagerten Akten der DDR-Staatssicherheit an das Bundesarchiv \u00fcberstellt. Sie sollen jedoch auch dort f\u00fcr Antragsteller*innen offen bleiben.<\/p>\n<p><b>Angriffe auf Polizist*innen:<\/b> In <a href=\"https:\/\/www.fr.de\/frankfurt\/frankfurt-fahrraddieb-verletzt-beamte-90810791.html\">Frankfurt\/M. (Hessen)<\/a> wehrt sich ein Fahrraddieb massiv gegen seine Festnahme. Mit einem Flacheisen schl\u00e4gt er einem Beamten so wuchtig auf den Kopf, dass dieser in ein Krankenhaus gebracht werden muss; seine Kollegin wird leicht verletzt. Der T\u00e4ter kann festgenommen werden. <a href=\"https:\/\/www.morgenpost.de\/berlin\/polizeibericht\/article232566765\/Brennendes-Auto-auf-der-A111-Mehrere-Kinder-verletzt.html\">Am 18. Juni<\/a> beleidigt in Berlin ein Mann eine Polizeibeamtin sexistisch und \u00e4u\u00dfert sich allgemein volksverhetzend. Gegen eine Personalienfeststellung leistet er Widerstand. Der Mann wird festgenommen und ein Ermittlungsverfahren eingeleitet. Auf einem Bahnhof in M\u00fcnchen (Bayern) wird <a href=\"https:\/\/www.sueddeutsche.de\/muenchen\/muenchen-pasing-bahnhof-angriff-gitarre-1.5329330\">am 22. Juni<\/a> die Polizei gerufen, weil sich ein Mann weigert eine Corona-Maske zu tragen und herump\u00f6belt. Die eintreffenden BPol-Beamt*innen greift er an und schl\u00e4gt einer Beamtin seine Gitarre gegen das Bein. Er wird festgenommen. <a href=\"https:\/\/www.abendzeitung-muenchen.de\/bayern\/betrunkener-schleudert-messer-auf-polizisten-art-738035\">Am 26. Juni<\/a> wird die Polizei zu einem Jugendzentrum in Helmbrechts (Bayern) gerufen, weil dort ein betrunkener Jugendlicher mit einem Messer herumfuchtelt. Als die Beamten eintreffen, wirft er das Messer auf sie; er wird festgenommen.<a href=\"https:\/\/www.abendzeitung-muenchen.de\/muenchen\/umland\/allach-fusstritt-ins-gesicht-polizist-verletzt-art-738314\"> Am gleichen Tag<\/a> werden in Allenbach (Bayern) bei der Festnahme eines Obdachlosen, der \u00fcber den Zaun eines Werksgel\u00e4ndes klettert, zwei Polizisten verletzt. Ein Beamter wird ins Gesicht getreten, der andere leichter verletzt. Beide Beamte werden im Krankenhaus behandelt.<\/p>\n<p>18. Juni. <b>Demonstrationen gegen Corona-Auflagen:<\/b> Der Verwaltungsgerichtshof (VGH) Hessen best\u00e4tigt ein Verbot der Stadt Kassel f\u00fcr eine am n\u00e4chsten Tag geplante <a href=\"https:\/\/www.sueddeutsche.de\/panorama\/polizei-kassel-querdenker-proteste-in-kassel-bleiben-verboten-dpa.urn-newsml-dpa-com-20090101-210618-99-50963\">Anti-Corona-Demonstration<\/a> wegen zu erwartender Verst\u00f6\u00dfe gegen Auflagen; die Verbote f\u00fcr zwei Gegendemonstrationen werden hingegen aufgehoben (AZ: 6L 1137\/21 KS).<\/p>\n<p>21. Juni: <b>Terroranschlag auf Berliner Weihnachtsmarkt: <\/b>Der <a href=\"https:\/\/www.spiegel.de\/politik\/deutschland\/berlin-abschlussbericht-im-fall-anis-amri-benennt-missstaende-bei-polizei-a-58e610fe-74e9-47bf-b7af-9b94aa83dc29\">Untersuchungsausschuss des Bundestages<\/a> zum Terroranschlag auf den Berliner Weihnachtsmarkt im Dezember 2016 \u00fcbergibt seinen Abschlussbericht an Bundestagspr\u00e4sident Wolfgang Sch\u00e4uble (CDU). Darin werden eklatante Missst\u00e4nde beim Berliner Staatsschutz festgestellt.<\/p>\n<p><b>Tod in Polizeigewahrsam:<\/b> In M\u00fcnster (NRW) wird ein Randalierer festgenommen. Im <a href=\"https:\/\/www.sueddeutsche.de\/panorama\/notfaelle-muenster-34-jaehriger-stirbt-nach-zusammenbruch-im-polizeigewahrsam-dpa.urn-newsml-dpa-com-20090101-210622-99-99396\">Polizeigewahrsam<\/a> klagt er \u00fcber Unwohlsein und erleidet im Beisein einer \u00c4rztin einen Herzstillstand. Er wird reanimiert und stirbt wenig sp\u00e4ter im Krankenhaus. Die Hintergr\u00fcnde sind unklar. <a href=\"https:\/\/www.hessenschau.de\/panorama\/42-jaehrige-stirbt-in-kasseler-polizeigewahrsam,tote-polizeigewahrsam-100.html\">Am 23. Juni<\/a> entdecken Mitarbeiter im Polizeigewahrsam in Kassel (Hessen) eine tote Frau. Die stark betrunkene Obdachlose war in der Innenstadt auf der Stra\u00dfe gest\u00fcrzt und beinahe \u00fcberfahren worden. Eine Streife hatte sie daraufhin zur Ausn\u00fcchterung in Gewahrsam gebracht.<\/p>\n<p>23. Juni: <b>Alternative f\u00fcr Deutschland (AfD):<\/b> Das AG K\u00f6ln (NRW) verurteilt einen Teilnehmer einer AfD-Wahlkampfversammlung, der im April 2019 in eine <a href=\"https:\/\/www.faz.net\/aktuell\/gesellschaft\/kriminalitaet\/afd-veranstaltung-bewaehrungsstrafe-nach-angriff-auf-demonstranten-mit-pkw-17404628.html\">Gruppe von Gegendemonstrant*innen gefahren<\/a> war, wegen gef\u00e4hrlichem Eingriff in den Stra\u00dfenverkehr in Tateinheit mit gef\u00e4hrlicher K\u00f6rperverletzung sowie Unfallflucht zu einer Freiheitsstrafe von sieben Monaten auf Bew\u00e4hrung und einer Schmerzensgeldzahlung von 250 EUR. Sein F\u00fchrerschein wird eingezogen. Durch Presseberichte wird <a href=\"https:\/\/www.spiegel.de\/politik\/deutschland\/extremismus-ex-afd-abgeordneter-stefan-raepple-wegen-aufrufs-zu-sturz-der-regierung-angeklagt-a-45425280-926c-443b-980f-609b4349375d\">am 28. Juni<\/a> bekannt, dass die GStA den fr\u00fcheren baden-w\u00fcrttembergischen AfD-Abgeordneten Stefan R\u00e4pple angeklagt hat, \u00f6ffentlich zu Straftaten aufgerufen zu haben. R\u00e4pple soll im August 2020 bei der gewaltsamen Erst\u00fcrmung der Berliner Reichstagstreppe dabei gewesen sein und im September 2020 auf einer Anti-Corona-Demonstration in Mainz (Rheinland-Pfalz) zum gewaltsamen Sturz der Bundesregierung aufgerufen haben. <a href=\"https:\/\/www.spiegel.de\/politik\/deutschland\/baden-wuerttemberg-entliess-thomas-seitz-afd-zu-recht-aus-dem-staatsdienst-a-c488860f-e2b3-4f5a-8a50-0a0df63e1505\">Am 30. Juni<\/a> wird durch Presseberichte bekannt, dass das OLG Stuttgart (Baden-W\u00fcrttemberg) ein erstinstanzliches Urteil des Landes best\u00e4tigt, wonach ein ehemaliger StA und heutiger AfD-Abgeordneter im Jahr 2018 zurecht aus dem Beamtenverh\u00e4ltnis entfernt wurde. Der Mann habe in besonders schwerwiegender Weise \u201ekontinuierlich beamtenrechtliche Kernpflichten, insbesondere die Pflichten zur Verfassungstreue sowie der Neutralit\u00e4t und M\u00e4\u00dfigung\u201c verletzt.<\/p>\n<p>24. Juni:\u00a0<b>Polizist*innen gerettet:<\/b> In Bochum (NRW) retten vier Sch\u00fcler und ein Autofahrer einen Polizeibeamten und dessen Kollegin aus ihrem <a href=\"https:\/\/www.spiegel.de\/panorama\/bochum-abiturienten-retten-polizisten-nach-unfall-aus-brennendem-streifenwagen-a-6c1f84fc-eb5a-4283-bcab-eea80f99269b\">brennenden Streifenwagen<\/a>. Bei einer Einsatzfahrt war der Wagen gegen einen Baum geprallt und hatte Feuer gefangen; die Beamt*innen wurden dabei schwer verletzt.<\/p>\n<p>25. Juni: <b>Rechtsextremer Mordanschlag bei Kassel:<\/b> Der Untersuchungsausschuss des Hessischen Landtages zum Mord an dem Kasseler Regierungspr\u00e4sidenten Walter L\u00fcbcke (CDU) durch den Rechtsextremisten Stephan Ernst vernimmt als ersten Zeugen einen fr\u00fcheren Staatsschutzbeamten und den ehemaligen Leiter des Verfassungsschutzes. Beide berufen sich bei entscheidenden Fragen auf <a href=\"https:\/\/www.faz.net\/aktuell\/politik\/inland\/zeugenbefragung-im-luebcke-untersuchungsausschuss-17408306.html\">Erinnerungsl\u00fccken<\/a>.<\/p>\n<p>26. Juni: <b>Presseangriffe:<\/b> Bei der Demonstration gegen ein neues Versammlungsgesetz in D\u00fcsseldorf (NRW) werden<a href=\"https:\/\/www.spiegel.de\/panorama\/duesseldorf-polizei-greift-berichten-zufolge-journalisten-auf-demonstration-an-a-e8d28996-4447-4ab7-8549-2a8292a08160\"> zwei Journalisten<\/a> von Polizeibeamten mit dem Schlagstock angegriffen.<\/p>\n<p>28. Juni: <b>Abschiebungen:<\/b> Nach einer Woche in <a href=\"https:\/\/www.fr.de\/rhein-main\/darmstadt\/darmstadt-zwischen-abschiebehaft-und-sicherem-hafen-90834547.html\">Abschiebehaft<\/a> wird eine pakistanische Familie auf Veranlassung der Abschiebebeh\u00f6rde Kriftel (Hessen) f\u00fcr unbestimmte Zeit wieder aus der Hafteinrichtung entlassen.<\/p>\n<p>29. Juni: <b>\u201eIdentit\u00e4re Bewegung\u201c:<\/b> Das Oberverwaltungsgericht (OVG) Berlin-Brandenburg lehnt eine Klage der <a href=\"https:\/\/www.tagesspiegel.de\/berlin\/gericht-bestaetigt-verfassungsschutz-identitaere-zu-recht-als-rechtsextremistisch-eingestuft\/27373324.html\">\u201eIdentit\u00e4ren Bewegung\u201c<\/a> gegen die Berichterstattung des Verfassungsschutzes ab. Die Einstufung der \u201eIdentit\u00e4ren\u201c als \u201eVerdachtsfall\u201c und \u201egesichert rechtsextrem\u201c sei nicht zu beanstanden.<\/p>\n<p><b>Drohschreiben an Politiker*innen:<\/b> Das<a href=\"https:\/\/www.welt.de\/politik\/deutschland\/article232182941\/Stuttgart-Drohschreiben-an-Politiker-und-Brandbombe-Paar-muss-in-Haft.html\"> LG Stuttgart<\/a> (Baden-W\u00fcrttemberg) verurteilt einen Mann und eine Frau wegen Bedrohung und versuchter Sachbesch\u00e4digung zu Haftstrafen von je zwei Jahren und vier Monaten. Sie hatten \u00fcber Monate Drohbriefe mit den Absendern \u201eMilitante Zelle\u201c oder \u201eRevolution\u00e4re Aktionszellen\u201c an Empf\u00e4nger*innen aus Politik, Justiz und Verb\u00e4nden verschickt.<\/p>\n<p>30. Juni:\u00a0<b>Taser:<\/b> Der Brandenburgische Polizeipr\u00e4sident teilt mit, dass bereits seit M\u00e4rz in einem Landkreis und bei einer Einsatzhundertschaft in Cottbus (Brandenburg) <a href=\"https:\/\/www.tagesspiegel.de\/berlin\/besser-als-massive-gewalt-brandenburgs-polizei-testet-taser-berlin-hadert-mit-breiter-einfuehrung\/27379632.html\">Elektro-Taser<\/a> getestet werden. Der Test l\u00e4uft bis 2022.<\/p>\n<h3>Beitragsbild: Tag vor der erzwungenen Brandschutzbegehung in der Rigaer Stra\u00dfe\/ Berlin.<\/h3>\n","protected":false},"excerpt":{"rendered":"<p>zusammengestellt von Otto Diederichs 1. Juni: K\u00f6rperverletzung im Amt: In K\u00f6ln (NRW) hat ein Mann,<\/p>\n","protected":false},"author":2,"featured_media":19190,"comment_status":"open","ping_status":"open","sticky":false,"template":"","format":"standard","meta":{"footnotes":""},"categories":[6],"tags":[],"class_list":["post-19189","post","type-post","status-publish","format-standard","has-post-thumbnail","hentry","category-chronologien"],"_links":{"self":[{"href":"https:\/\/wp-dev.daten.cool\/index.php?rest_route=\/wp\/v2\/posts\/19189","targetHints":{"allow":["GET"]}}],"collection":[{"href":"https:\/\/wp-dev.daten.cool\/index.php?rest_route=\/wp\/v2\/posts"}],"about":[{"href":"https:\/\/wp-dev.daten.cool\/index.php?rest_route=\/wp\/v2\/types\/post"}],"author":[{"embeddable":true,"href":"https:\/\/wp-dev.daten.cool\/index.php?rest_route=\/wp\/v2\/users\/2"}],"replies":[{"embeddable":true,"href":"https:\/\/wp-dev.daten.cool\/index.php?rest_route=%2Fwp%2Fv2%2Fcomments&post=19189"}],"version-history":[{"count":0,"href":"https:\/\/wp-dev.daten.cool\/index.php?rest_route=\/wp\/v2\/posts\/19189\/revisions"}],"wp:featuredmedia":[{"embeddable":true,"href":"https:\/\/wp-dev.daten.cool\/index.php?rest_route=\/wp\/v2\/media\/19190"}],"wp:attachment":[{"href":"https:\/\/wp-dev.daten.cool\/index.php?rest_route=%2Fwp%2Fv2%2Fmedia&parent=19189"}],"wp:term":[{"taxonomy":"category","embeddable":true,"href":"https:\/\/wp-dev.daten.cool\/index.php?rest_route=%2Fwp%2Fv2%2Fcategories&post=19189"},{"taxonomy":"post_tag","embeddable":true,"href":"https:\/\/wp-dev.daten.cool\/index.php?rest_route=%2Fwp%2Fv2%2Ftags&post=19189"}],"curies":[{"name":"wp","href":"https:\/\/api.w.org\/{rel}","templated":true}]}}