{"id":19210,"date":"2021-06-30T06:57:15","date_gmt":"2021-06-30T06:57:15","guid":{"rendered":"https:\/\/www.cilip.de\/?p=19210"},"modified":"2021-06-30T06:57:15","modified_gmt":"2021-06-30T06:57:15","slug":"staatstrojaner-fuer-die-deutschen-geheimdienste","status":"publish","type":"post","link":"https:\/\/wp-dev.daten.cool\/?p=19210","title":{"rendered":"Staatstrojaner f\u00fcr die deutschen Geheimdienste"},"content":{"rendered":"<h3>Tom Jennissen<\/h3>\n<p>Ebenfalls kurz vor Ende der Legislatur wurde das Gesetz zur \u201eAnpassung des Verfassungsschutzrechts\u201c verabschiedet. Besonders umstritten ist die Einf\u00fchrung der Quellen-Telekommunikatios\u00fcberwachung (Quellen-TK\u00dc) f\u00fcr alle deutschen Geheimdienste durch eine \u00c4nderung des G10-Gesetzes. Mittels der Quellen-TK\u00dckann die Verschl\u00fcsselung umgangen werden, die insbesondere bei Messengern weit verbreitet ist. Dazu werden die Endger\u00e4te von Betroffenen infiltriert und eine Schadsoftware (\u201eStaatstrojaner\u201c) installiert. Dies birgt nicht nur eine erhebliche Gefahr f\u00fcr die IT-Sicherheit, da f\u00fcr das Aufspielen des Staatstrojaners in der Regel Sicherheitsl\u00fccken ausgenutzt werden. Durch das \u2013 teilweise r\u00fcckwirkende \u2013 Auslesen gespeicherter Inhalte stellt die Quellen-TK\u00dc eine Online-Durchsuchung dar, die lediglich gesetzlich auf Kommunikationsinhalte beschr\u00e4nkt wird. Das Gesetz sieht Mitwirkungspflichten f\u00fcr Internet-Provider vor;urspr\u00fcnglich war sogar diese f\u00fcr alle Telekommunikationsanbieter vorgesehen, also auch f\u00fcr Messenger- und E-Maildienste selbst. An der Quellen-TK\u00dc haben die Sachverst\u00e4ndigen in der Anh\u00f6rung im Innenausschuss fast einhellig Kritik ge\u00e4u\u00dfert.<a href=\"#_ftn1\" name=\"_ftnref1\">[1]<\/a> Auch eine breite Allianz vom Chaos Computer Club bis zu Facebook und Google haben sich gegen das Gesetz gewandt und vor den Gefahren f\u00fcr die Sicherheit der Kommunikation gewarnt.<a href=\"#_ftn2\" name=\"_ftnref2\">[2]<\/a><!--more--><\/p>\n<p>Dar\u00fcber hinaus wurde (neben verschiedenen weiteren Regelungen) die Befugnis des Bundesamtes f\u00fcr Verfassungsschutz auf die Beobachtung von Einzelpersonen ausgeweitet, auch wenn deren T\u00e4tigkeit nicht auf die Anwendung von Gewalt gerichtet ist \u2013 wie dies bislang vorausgesetzt wurde. Den Geheimdiensten soll laut Gesetzesbegr\u00fcndung insofern ein Entschlie\u00dfungsermessen zustehen. Kritiker*innen bef\u00fcrchten, dass dadurch die Deutungshoheit der Geheimdienstbeh\u00f6rden \u00fcber politische Bet\u00e4tigungen noch weiter gest\u00e4rkt wird.<a href=\"#_ftn3\" name=\"_ftnref3\">[3]<\/a><\/p>\n<h6><a href=\"#_ftnref1\" name=\"_ftn1\">[1]<\/a>\u00a0\u00a0\u00a0\u00a0\u00a0 \u201eDieses Gesetz sollte nicht kommen.\u201c, netzpolitik.org v. 19.5.2021<\/h6>\n<h6><a href=\"#_ftnref2\" name=\"_ftn2\">[2]<\/a>\u00a0\u00a0\u00a0\u00a0\u00a0 Facebook et al.: Offener Brief an Bundesregierung und Bundestag v. 2.6.2021<\/h6>\n<h6><a href=\"#_ftnref3\" name=\"_ftn3\">[3]<\/a>\u00a0\u00a0\u00a0\u00a0\u00a0 Stellungnahme Digitale Gesellschaft v. 8.6.2021<\/h6>\n","protected":false},"excerpt":{"rendered":"<p>Tom Jennissen Ebenfalls kurz vor Ende der Legislatur wurde das Gesetz zur \u201eAnpassung des Verfassungsschutzrechts\u201c<\/p>\n","protected":false},"author":2,"featured_media":0,"comment_status":"open","ping_status":"open","sticky":false,"template":"","format":"standard","meta":{"footnotes":""},"categories":[130,146],"tags":[],"class_list":["post-19210","post","type-post","status-publish","format-standard","hentry","category-cilip-126","category-meldungen-inland"],"_links":{"self":[{"href":"https:\/\/wp-dev.daten.cool\/index.php?rest_route=\/wp\/v2\/posts\/19210","targetHints":{"allow":["GET"]}}],"collection":[{"href":"https:\/\/wp-dev.daten.cool\/index.php?rest_route=\/wp\/v2\/posts"}],"about":[{"href":"https:\/\/wp-dev.daten.cool\/index.php?rest_route=\/wp\/v2\/types\/post"}],"author":[{"embeddable":true,"href":"https:\/\/wp-dev.daten.cool\/index.php?rest_route=\/wp\/v2\/users\/2"}],"replies":[{"embeddable":true,"href":"https:\/\/wp-dev.daten.cool\/index.php?rest_route=%2Fwp%2Fv2%2Fcomments&post=19210"}],"version-history":[{"count":0,"href":"https:\/\/wp-dev.daten.cool\/index.php?rest_route=\/wp\/v2\/posts\/19210\/revisions"}],"wp:attachment":[{"href":"https:\/\/wp-dev.daten.cool\/index.php?rest_route=%2Fwp%2Fv2%2Fmedia&parent=19210"}],"wp:term":[{"taxonomy":"category","embeddable":true,"href":"https:\/\/wp-dev.daten.cool\/index.php?rest_route=%2Fwp%2Fv2%2Fcategories&post=19210"},{"taxonomy":"post_tag","embeddable":true,"href":"https:\/\/wp-dev.daten.cool\/index.php?rest_route=%2Fwp%2Fv2%2Ftags&post=19210"}],"curies":[{"name":"wp","href":"https:\/\/api.w.org\/{rel}","templated":true}]}}