{"id":19232,"date":"2021-07-08T09:37:18","date_gmt":"2021-07-08T09:37:18","guid":{"rendered":"https:\/\/www.cilip.de\/?p=19232"},"modified":"2021-07-08T09:37:18","modified_gmt":"2021-07-08T09:37:18","slug":"gilles-de-kerchove-geht","status":"publish","type":"post","link":"https:\/\/wp-dev.daten.cool\/?p=19232","title":{"rendered":"Gilles de Kerchove geht"},"content":{"rendered":"<p>Die Stelle des EU-Anti-Terrorismus-Koordinators (ATK) wird neu besetzt. Das Ratssekretariat hat dazu eine interne Ausschreibung verschickt; bis Redaktionsschluss dieser Ausgabe war die Nachfolger*in noch nicht benannt. Anders als bislang ist der Posten nunmehr auf f\u00fcnf Jahre befristet, eine einmalige Wiederernennung ist aber m\u00f6glich.<\/p>\n<p>Die Einstellung eines ATK haben die damaligen EU-Mitgliedstaaten nach den Terroranschl\u00e4gen vom 11. M\u00e4rz 2004 in Madrid beschlossen. Er ist auf der h\u00f6chsten politischen Ebene angesiedelt. Zuerst hatte der Niederl\u00e4nder Gijs de Vries das Amt inne, 2007 wurde dazu der Belgier Gilles de Kerchove bestimmt. Er verf\u00fcgt \u00fcber ein B\u00fcro und einen Stab aus f\u00fcnf \u201eseconded national experts\u201caus den Mitgliedstaaten.<a href=\"#_ftn1\" name=\"_ftnref1\">[1]<\/a> Eine dieser Stellen ist derzeit vakant. Au\u00dferdem finanziert das Ratssekretariat f\u00fcnf Mitarbeiter*innen f\u00fcr die allgemeine B\u00fcroorganisation.<!--more--><\/p>\n<p>In regelm\u00e4\u00dfigen Stellungnahmen ver\u00f6ffentlicht der ATK Empfehlungen zu \u201epriorit\u00e4ren Handlungsbereichen\u201c. Als politischer Beamter kann er keine Anordnungen erteilen, sein Gewicht liegt deshalb in der Arbeit hinter den Kulissen. Hierzu st\u00fctzt er sich auf Berichte von nationalen Geheimdiensten, diese werden im EU-Zentrum f\u00fcr Informationsgewinnung und Lageerfassung (EU INTCEN) gesammelt und ausgewertet. De Kerchove vernetzt sich auch mit Geheimdiensten aus Drittstaaten, etwa wenn es mit dem FBI um die verbesserte Verwertung von \u201eBeweismitteln aus Kriegsschaupl\u00e4tzen\u201c oder um m\u00f6gliche Ma\u00dfnahmen gegen die Ende-zu-Ende-Verschl\u00fcsselung im Rahmen von 5G geht.<a href=\"#_ftn2\" name=\"_ftnref2\">[2]<\/a><\/p>\n<p>Der Rat hat den Posten des ATK gem\u00e4\u00df der neuen Ausschreibung nun direkt unter dem Ratspr\u00e4sident Charles Michel angesiedelt und das Mandat auf \u201ehybride Bedrohungen\u201cund Cybersicherheit erweitert. Dies korrespondiert mit dem Ausbau des INTCEN, das nach einer \u00c4nderung im vergangenen Jahr ebenfalls f\u00fcr die genannten Bereiche zust\u00e4ndig ist.<\/p>\n<p>Auch die EU-Kommission will demn\u00e4chst eine \u201eKoordinator*in f\u00fcr die Terrorismusbek\u00e4mpfung\u201c einstellen, um die \u201everschiedenen Bereiche der EU-Politik\u201c sowie deren Finanzierung zu koordinieren.<a href=\"#_ftn3\" name=\"_ftnref3\">[3]<\/a><\/p>\n<h6><a href=\"#_ftnref1\" name=\"_ftn1\">[1]<\/a>\u00a0\u00a0\u00a0\u00a0 BT-Drs. 19\/28193 v.1.4.2021<\/h6>\n<h6><a href=\"#_ftnref2\" name=\"_ftn2\">[2]<\/a>\u00a0\u00a0\u00a0\u00a0 Rat der EU, Pressemitteilung v. 19.6.2019<\/h6>\n<h6><a href=\"#_ftnref3\" name=\"_ftn3\">[3]<\/a>\u00a0\u00a0\u00a0\u00a0 COM(2020) 795 final v. 9.12.2021<\/h6>\n","protected":false},"excerpt":{"rendered":"<p>Die Stelle des EU-Anti-Terrorismus-Koordinators (ATK) wird neu besetzt. Das Ratssekretariat hat dazu eine interne Ausschreibung<\/p>\n","protected":false},"author":3,"featured_media":0,"comment_status":"open","ping_status":"open","sticky":false,"template":"","format":"standard","meta":{"footnotes":""},"categories":[130,145],"tags":[],"class_list":["post-19232","post","type-post","status-publish","format-standard","hentry","category-cilip-126","category-meldungen-europa"],"_links":{"self":[{"href":"https:\/\/wp-dev.daten.cool\/index.php?rest_route=\/wp\/v2\/posts\/19232","targetHints":{"allow":["GET"]}}],"collection":[{"href":"https:\/\/wp-dev.daten.cool\/index.php?rest_route=\/wp\/v2\/posts"}],"about":[{"href":"https:\/\/wp-dev.daten.cool\/index.php?rest_route=\/wp\/v2\/types\/post"}],"author":[{"embeddable":true,"href":"https:\/\/wp-dev.daten.cool\/index.php?rest_route=\/wp\/v2\/users\/3"}],"replies":[{"embeddable":true,"href":"https:\/\/wp-dev.daten.cool\/index.php?rest_route=%2Fwp%2Fv2%2Fcomments&post=19232"}],"version-history":[{"count":0,"href":"https:\/\/wp-dev.daten.cool\/index.php?rest_route=\/wp\/v2\/posts\/19232\/revisions"}],"wp:attachment":[{"href":"https:\/\/wp-dev.daten.cool\/index.php?rest_route=%2Fwp%2Fv2%2Fmedia&parent=19232"}],"wp:term":[{"taxonomy":"category","embeddable":true,"href":"https:\/\/wp-dev.daten.cool\/index.php?rest_route=%2Fwp%2Fv2%2Fcategories&post=19232"},{"taxonomy":"post_tag","embeddable":true,"href":"https:\/\/wp-dev.daten.cool\/index.php?rest_route=%2Fwp%2Fv2%2Ftags&post=19232"}],"curies":[{"name":"wp","href":"https:\/\/api.w.org\/{rel}","templated":true}]}}