{"id":19265,"date":"2021-07-30T11:05:32","date_gmt":"2021-07-30T11:05:32","guid":{"rendered":"https:\/\/www.cilip.de\/?p=19265"},"modified":"2021-07-30T11:05:32","modified_gmt":"2021-07-30T11:05:32","slug":"redaktionsmitteilung-41","status":"publish","type":"post","link":"https:\/\/wp-dev.daten.cool\/?p=19265","title":{"rendered":"Redaktionsmitteilung"},"content":{"rendered":"<p>In W\u00fcrzburg t\u00f6tet am 25. Juni ein junger Somalier drei Frauen und verletzt weitere Personen mit einem Messer. Einen Tag sp\u00e4ter wird in Wien die Leiche einer 13-J\u00e4hrigen entdeckt. Zwei afghanische Teenager werden des sexuellen Missbrauchs und Erstickens verd\u00e4chtigt. In beiden F\u00e4llen sind die Umst\u00e4nde unklar. In \u00d6sterreich spekulieren Polizei und Presse \u00fcber gemeinsamen Ecstasy-Konsum in der Wohnung eines der Teenager oder ein \u201eGef\u00fcgigmachen\u201c durch Drogen. Die BILD perfektioniert das Bild des unschuldigen Opfers mit der Rede vom \u00dcberfall durch mehrere M\u00e4nner im Park. In Deutschland ist \u00fcber die Verletzten erst wenig bekannt. Dennoch wissen es Rechte im Netz gleich ganz genau: Gezielt seien Frauen aus islamistischem Frauenhass get\u00f6tet worden. Unter dem Hashtag #Femizid beklagen sie ein vermeintliches Schweigen der Feminist*innen, deren Thema sie aneigneten, weil der T\u00e4ter Migrant sei. Auch in \u00d6sterreich wird \u00fcber Migrationspolitik diskutiert.<!--more--><\/p>\n<p>Die Debatten zeigen wie unter einem Brennglas das Minenfeld, das sich an der Schnittstelle von Sex, Crime &amp; Gender auftut. Gewalt ist oft erheblich und durch Herrschaftsverh\u00e4ltnisse gespeist. Gleichzeitig ist der Schutz von Frauen und Kindern vor dem \u201eSchwarzen Mann\u201c ein konservatives Sujet; und Medien schlachten das Thema \u201esexcrime\u201c gerne aus. Feminist*innen skandalisieren zu Recht, dass \u00d6ffentlichkeit und Strafverfolgung gegenderte und sexualisierte Gewalt oft erst dann interessiert, wenn T\u00e4ter*innen diskriminiert oder prominent sind. Doch dies schl\u00e4gt bisweilen in Strafrechtsfeminismus um. Das Heft entwirrt die verwobenen Machtverh\u00e4ltnisse und thematisiert auch L\u00f6sungen jenseits von Polizei und Strafe.<\/p>\n<p>***<\/p>\n<p>Die kommende CILIP blickt zur\u00fcck auf die j\u00fcngste Welle neuer Polizeigesetze, die anl\u00e4sslich der \u00c4nderung von BKA-Gesetz und EU-Datenschutz-Grundverordnung zum Mai 2018 entstanden. Wir analysieren Proteste, Ver\u00e4nderungen von Recht und Praxis und fragen nach Alternativen.<\/p>\n<h3>Beitragsbild: \u201eStrichplatz Depotweg\u201c in Z\u00fcrich (Foto: Niklaus Spoerri, \u00a9 Stadt Z\u00fcrich, wir danken f\u00fcr die sehr freundliche Genehmigung zum Abdruck).<\/h3>\n","protected":false},"excerpt":{"rendered":"<p>In W\u00fcrzburg t\u00f6tet am 25. Juni ein junger Somalier drei Frauen und verletzt weitere Personen<\/p>\n","protected":false},"author":5,"featured_media":19236,"comment_status":"open","ping_status":"open","sticky":false,"template":"","format":"standard","meta":{"footnotes":""},"categories":[130,141],"tags":[],"class_list":["post-19265","post","type-post","status-publish","format-standard","has-post-thumbnail","hentry","category-cilip-126","category-editorials"],"_links":{"self":[{"href":"https:\/\/wp-dev.daten.cool\/index.php?rest_route=\/wp\/v2\/posts\/19265","targetHints":{"allow":["GET"]}}],"collection":[{"href":"https:\/\/wp-dev.daten.cool\/index.php?rest_route=\/wp\/v2\/posts"}],"about":[{"href":"https:\/\/wp-dev.daten.cool\/index.php?rest_route=\/wp\/v2\/types\/post"}],"author":[{"embeddable":true,"href":"https:\/\/wp-dev.daten.cool\/index.php?rest_route=\/wp\/v2\/users\/5"}],"replies":[{"embeddable":true,"href":"https:\/\/wp-dev.daten.cool\/index.php?rest_route=%2Fwp%2Fv2%2Fcomments&post=19265"}],"version-history":[{"count":0,"href":"https:\/\/wp-dev.daten.cool\/index.php?rest_route=\/wp\/v2\/posts\/19265\/revisions"}],"wp:featuredmedia":[{"embeddable":true,"href":"https:\/\/wp-dev.daten.cool\/index.php?rest_route=\/wp\/v2\/media\/19236"}],"wp:attachment":[{"href":"https:\/\/wp-dev.daten.cool\/index.php?rest_route=%2Fwp%2Fv2%2Fmedia&parent=19265"}],"wp:term":[{"taxonomy":"category","embeddable":true,"href":"https:\/\/wp-dev.daten.cool\/index.php?rest_route=%2Fwp%2Fv2%2Fcategories&post=19265"},{"taxonomy":"post_tag","embeddable":true,"href":"https:\/\/wp-dev.daten.cool\/index.php?rest_route=%2Fwp%2Fv2%2Ftags&post=19265"}],"curies":[{"name":"wp","href":"https:\/\/api.w.org\/{rel}","templated":true}]}}