{"id":19549,"date":"2021-12-08T21:15:33","date_gmt":"2021-12-08T21:15:33","guid":{"rendered":"https:\/\/www.cilip.de\/?p=19549"},"modified":"2021-12-08T21:15:33","modified_gmt":"2021-12-08T21:15:33","slug":"redaktionsmitteilung-42","status":"publish","type":"post","link":"https:\/\/wp-dev.daten.cool\/?p=19549","title":{"rendered":"Redaktionsmitteilung"},"content":{"rendered":"<p>\u201eDie Ampel steht.\u201c Kurz vor Drucklegung dieses Heftes pr\u00e4sentierte die wohl zuk\u00fcnftige Bundesregierung ihren Koalitionsvertrag. Vor allem deren digital- und gesellschaftspolitische Vorhaben wurden in linksliberalen Kreisen gefeiert, auch wenn sie durch wenig ambitionierte Pl\u00e4ne in Fragen der sozialen Gerechtigkeit erkauft wurden. Eine kritische Auseinandersetzung mit der Staatsmacht darf sich aber nicht auf die bekannten \u201eSchlachtfelder\u201c polizeilicher Kennzeichnungspflicht, Beschwerdestellen und Datenspeicherungsbefugnisse beschr\u00e4nken, sondern muss umfassend alle Elemente einer kontrollierenden und strafenden Exekutive in den Blick nehmen. Zugleich verlieren Freiheitsfortschritte in der \u201eInnenpolitik\u201c ihren Wert, wenn sie auf Kosten einer grausamen Abgrenzung nach au\u00dfen erfolgen. Eine Politik, die Menschen lieber erfrieren l\u00e4sst, als die ihnen zustehenden Rechte zu gew\u00e4hrleisten, wie es zurzeit besonders an der EU-Grenze zu Belarus zu beobachten ist, kann niemals progressiv sein.<!--more--><\/p>\n<p>In diesem Heft wird der Blick aber nicht auf den Bund, sondern auf die Polizeipolitik der L\u00e4nder gerichtet. Die letzten f\u00fcnf Jahre waren gepr\u00e4gt von einem Ausbau der Befugnisse sowie der technischen Ausstattung der Landespolizeibeh\u00f6rden. In CILIP 125 haben wir uns zu Beginn des Jahres unter dem Titel \u201eLieber ohne Polizei?\u201c mit Alternativen zum vorherrschenden Paradigma des \u00dcberwachens und Strafens auseinandergesetzt. Derartige Vorhaben brauchen einen starken analytischen Blick auf die (Fehl-)Entwicklungen der Vergangenheit \u2013 und auf den Protest dagegen.<\/p>\n<p>***<\/p>\n<p>Die n\u00e4chste Ausgabe von B\u00fcrgerrechte &amp; Polizei\/CILIP besch\u00e4ftigt sich mit Europa: Die dort aufgebauten polizeilichen, geheimdienstlichen und milit\u00e4rischen Strukturen lassen die EU wie einen exekutivlastigen \u201eStaat im Aufbau\u201c wirken. Zugleich scheint es nicht gewollt zu sein, rechtswidrige Zust\u00e4nde, insbesondere im Bereich der Migrationsabwehr durch Frontex, wirksam zu ahnden.<\/p>\n<h3>Titelbild: Demonstration gegen das NRW-Versammlungsgesetz am 28. August 2021 vor dem Landtag in D\u00fcsseldorf (Sebastian Weiermann)<\/h3>\n","protected":false},"excerpt":{"rendered":"<p>\u201eDie Ampel steht.\u201c Kurz vor Drucklegung dieses Heftes pr\u00e4sentierte die wohl zuk\u00fcnftige Bundesregierung ihren Koalitionsvertrag.<\/p>\n","protected":false},"author":18,"featured_media":19551,"comment_status":"open","ping_status":"open","sticky":false,"template":"","format":"standard","meta":{"footnotes":""},"categories":[131,141],"tags":[],"class_list":["post-19549","post","type-post","status-publish","format-standard","has-post-thumbnail","hentry","category-cilip-127","category-editorials"],"_links":{"self":[{"href":"https:\/\/wp-dev.daten.cool\/index.php?rest_route=\/wp\/v2\/posts\/19549","targetHints":{"allow":["GET"]}}],"collection":[{"href":"https:\/\/wp-dev.daten.cool\/index.php?rest_route=\/wp\/v2\/posts"}],"about":[{"href":"https:\/\/wp-dev.daten.cool\/index.php?rest_route=\/wp\/v2\/types\/post"}],"author":[{"embeddable":true,"href":"https:\/\/wp-dev.daten.cool\/index.php?rest_route=\/wp\/v2\/users\/18"}],"replies":[{"embeddable":true,"href":"https:\/\/wp-dev.daten.cool\/index.php?rest_route=%2Fwp%2Fv2%2Fcomments&post=19549"}],"version-history":[{"count":0,"href":"https:\/\/wp-dev.daten.cool\/index.php?rest_route=\/wp\/v2\/posts\/19549\/revisions"}],"wp:featuredmedia":[{"embeddable":true,"href":"https:\/\/wp-dev.daten.cool\/index.php?rest_route=\/wp\/v2\/media\/19551"}],"wp:attachment":[{"href":"https:\/\/wp-dev.daten.cool\/index.php?rest_route=%2Fwp%2Fv2%2Fmedia&parent=19549"}],"wp:term":[{"taxonomy":"category","embeddable":true,"href":"https:\/\/wp-dev.daten.cool\/index.php?rest_route=%2Fwp%2Fv2%2Fcategories&post=19549"},{"taxonomy":"post_tag","embeddable":true,"href":"https:\/\/wp-dev.daten.cool\/index.php?rest_route=%2Fwp%2Fv2%2Ftags&post=19549"}],"curies":[{"name":"wp","href":"https:\/\/api.w.org\/{rel}","templated":true}]}}