{"id":19581,"date":"2021-12-03T11:50:43","date_gmt":"2021-12-03T11:50:43","guid":{"rendered":"https:\/\/www.cilip.de\/?p=19581"},"modified":"2021-12-03T11:50:43","modified_gmt":"2021-12-03T11:50:43","slug":"chronologie-november-2021","status":"publish","type":"post","link":"https:\/\/wp-dev.daten.cool\/?p=19581","title":{"rendered":"Chronologie November 2021"},"content":{"rendered":"<h3>zusammengestellt von Otto Diederichs<\/h3>\n<p>1. November: <b>Polizeisch\u00fcsse:<\/b> Die Polizei wird alarmiert, weil auf einer Bundesstra\u00dfe bei Wanfried (Hessen) ein Mann mit einem Messer versucht, <a href=\"https:\/\/www.hessenschau.de\/panorama\/bundesstrasse-bei-wanfried-polizisten-schiessen-mann-mit-messer-nieder,messerangreifer-wanfried-100.html\">Fahrzeuge anzuhalten<\/a>. Als die Beamt*innen eintreffen, greift er sie damit an. Die Polizist*innen schie\u00dfen und verletzen ihn schwer. Er wird mit einem Rettungshubschrauber in ein Krankenhaus gebracht. <a href=\"https:\/\/www.berliner-zeitung.de\/news\/polizeibericht-berlin\/ueberfall-in-berlin-16-jaehriger-serientaeter-nach-warnschuss-festgenommen-li.197723\">Am 28. November<\/a> stoppt ein Zivilpolizist in Berlin nach einem Tankstellen\u00fcberfall den bewaffneten T\u00e4ter mit einem Warnschuss. Er wird festgenommen.<\/p>\n<p><b>Tod in Polizeigewahrsam: <\/b>In Wuppertal (NRW) wird die Polizei gerufen, weil sich ein Mann mit seiner Schwester streitet und diese dabei verletzt. Als die Beamt*innen eintreffen, greift der Mann eine Polizistin an und rei\u00dft sie zu Boden. Mit Verst\u00e4rkung gelingt es ihrem Kollegen, den Randalierenden <a href=\"https:\/\/www.faz.net\/aktuell\/gesellschaft\/kriminalitaet\/25-jaehriger-stirbt-in-wuppertal-in-polizeigewahrsam-17623069.html\">zu \u00fcberw\u00e4ltigen<\/a>. Im Polizeigewahrsam wird ihm eine Blutprobe entnommen; dabei verliert der Mann das Bewusstsein und stirbt kurz darauf. Die n\u00e4heren Umst\u00e4nde sind zun\u00e4chst unbekannt; <a href=\"https:\/\/www.spiegel.de\/panorama\/wuppertal-junger-mann-in-polizeigewahrsam-gestorben-a-096fc3d7-c06e-43f2-b68a-ac06ad034386\">erst auf Pressenachfragen<\/a> best\u00e4tigt die Polizei den Vorfall Tage sp\u00e4ter. <a href=\"https:\/\/www.faz.net\/aktuell\/gesellschaft\/kriminalitaet\/25-jaehriger-stirbt-in-wuppertal-in-polizeigewahrsam-17623069.html\">Am 7. November<\/a> teilen Staatsanwaltschaft (StA) und Polizei mit, die Obduktion habe kein Fremdverschulden sondern einen Zusammenhang mit dem Drogenkonsum des Mannes ergeben. <!--more--><\/p>\n<p><b>Rechtsradikalismus bei der Bundeswehr:<\/b> Durch eine Parlamentarische Anfrage der Linksfraktion im Bundestag wird bekannt, dass gegen einen aktiven Bundeswehrsoldaten ein Strafverfahren in Zusammenhang mit einem <a href=\"https:\/\/taz.de\/Sicherheitsbedienstete-im-Coronaprotest\/!5808690\/\">extremistischen Corona-Protest<\/a> gef\u00fchrt wird. Hinzu kommen 29 Disziplinarverfahren gegen Soldaten und sechs gegen Reservisten wegen Bezug zur \u201eReichsb\u00fcrger\u201c-Bewegung.<\/p>\n<p><b>Organisierte Kriminalit\u00e4t (OK):<\/b> Laut dem vorgelegten \u201e<a href=\"https:\/\/www.welt.de\/vermischtes\/article234766196\/BKA-Bericht-800-Millionen-Euro-Schaden-durch-Organisierte-Kriminalitaet.html\">Bundeslagebild Organisierte Kriminalit\u00e4t 2020<\/a>\u201c des Bundeskriminalamtes (BKA) f\u00fchrte das Amt im Bereich der Organisierten Kriminalit\u00e4t (OK) 2020 insgesamt 594 Ermittlungsverfahren (2019. 579), davon im Rauschgiftbereich 240 Verfahren. <a href=\"https:\/\/www.faz.net\/aktuell\/gesellschaft\/kriminalitaet\/kriegswaffen-verkauft-prozess-nach-encrochat-ermittlungen-begonnen-17626282.html\">Am 9. November<\/a> beginnt vor dem Landgericht (LG) in Berlin der Prozess gegen drei M\u00e4nner und eine Frau aus dem Clanmilieu wegen Versto\u00df gegen das Kriegswaffenkontrollgesetz und Drogenhandels. Sie sollen \u00fcber einen verschl\u00fcsselten Messengerdienst gewerbsm\u00e4\u00dfig Kriegswaffen ge- und verkauft haben sowie Drogen in gro\u00dfem Umfang. M\u00f6glich wurde das Verfahren nachdem die niederl\u00e4ndische und die franz\u00f6sische Polizei im Jahr 2020 die Kryptosoftware <a href=\"https:\/\/www.welt.de\/politik\/deutschland\/article234926230\/Prozess-gegen-Nasser-Rammou-Der-Typ-soll-ins-Maul-bekommen.html\">EncroChat geknackt<\/a> hatten. <a href=\"https:\/\/www.tagesspiegel.de\/berlin\/lagebild-zur-organisierten-kriminalitaet-in-berlin-60-millionen-euro-schaden-festgestellt\/27794352.html\">Am 12. November<\/a> stellt die Polizei in Berlin ihr \u201eLagebild zur Organisierten Kriminalit\u00e4t 2020\u201c vor. Demnach wurden von der Berliner Polizei und dem Zoll im vergangenen Jahr im Bereich OK 64 gr\u00f6\u00dfere Ermittlungsverfahren mit 495 Verd\u00e4chtigen gef\u00fchrt; 10 Verfahren richteten sich gegen arabische Clankriminalit\u00e4t. Kriminalit\u00e4tsschwerpunkte waren Drogenhandel, Autodiebstahl und Schleuserkriminalit\u00e4t; der gesch\u00e4tzte Schaden wird auf knapp 60 Mio. EUR gesch\u00e4tzt, 2,3 Mio EUR wurden beschlagnahmt. In 12 St\u00e4dten in NRW durchsucht die Polizei <a href=\"https:\/\/www.spiegel.de\/panorama\/justiz\/nordrhein-westfalen-polizei-findet-bei-grossrazzia-drogen-waffen-und-fast-200-000-euro-a-801e1c19-39c6-4e66-ba1b-bfd81a4b8c21\">am 17. November<\/a> insgesamt 47 Wohnungen, Betriebe und Lagerhallen von <a href=\"https:\/\/www.spiegel.de\/panorama\/grossrazzia-in-nrw-polizei-durchsucht-dutzende-objekte-a-68d11b37-9cd9-4501-b14d-28c63e373f22\">mutma\u00dflichen Drogen- und Waffenh\u00e4ndlern<\/a>. <a href=\"https:\/\/www.spiegel.de\/panorama\/justiz\/nordrhein-westfalen-polizei-findet-bei-grossrazzia-drogen-waffen-und-fast-200-000-euro-a-801e1c19-39c6-4e66-ba1b-bfd81a4b8c21\">Sechs M\u00e4nner werden festgenommen<\/a>, einige Waffen, mehrere Kilo Drogen und etwa 200.000 EUR sichergestellt. <a href=\"https:\/\/www.faz.net\/aktuell\/gesellschaft\/kriminalitaet\/razzia-in-nrw-bei-rockern-und-bandenmaessiger-geldwaesche-17647913.html\">Am 23. November<\/a> teilt die StA Duisburg (NRW) mit, dass die Polizei in einer Aktion gegen bandenm\u00e4\u00dfige Geldw\u00e4sche vorgeht. Hintergrund ist ein internationales Europol-Verfahren, das auch in anderen deutschen Bundesl\u00e4ndern und europ\u00e4ischen Staaten gef\u00fchrt wird; n\u00e4here Angaben werden nicht gemacht. In Niedersachsen und Hessen durchsuchen Polizist*innen <a href=\"https:\/\/www.spiegel.de\/panorama\/justiz\/niedersachsen-und-hessen-ermittler-stellen-bei-corona-razzia-impfpaesse-aufkleber-und-stempel-sicher-a-b9f4254a-cc69-4a00-8034-c31d69917e95)\">am 24. November<\/a> insgesamt 24 Objekte einer mutma\u00dflichen F\u00e4lscherbande. Insbesondere gef\u00e4lschte Impfp\u00e4sse sollen \u00fcber soziale Medien angeboten worden sein. Die Beamt*innen beschlagnahmen entsprechende Beweismittel sowie Drogen und Waffen.<\/p>\n<p><b>Ermittlungen gegen Justizbeamt*innen: <\/b>Durch Presseberichte wird bekannt, dass eine ehemalige Mitarbeiterin der IT-Abteilung der Generalstaatsanwaltschaft (GStA) Berlin mehrfach auf Informationen zu einem Ermittlungsverfahren gegen den mit Haftbefehl gesuchten Corona-Leugner und Verschw\u00f6rungsideologen Attila Hildmann zugegriffen und weitergegeben hat. Die Frau war mehrfach im Umfeld von Demonstrationen von Corona-Leugner*innen aufgefallen. Gegen sie wird wegen <a href=\"https:\/\/www.tagesspiegel.de\/berlin\/verschwoerungsideologe-mit-infos-versorgt-berliner-justiz-enttarnt-spitzel-im-fall-hildmann\/27756426.html\">Verletzung von Dienstgeheimnissen und versuchter Strafvereitelung<\/a> ermittelt. Sie war <a href=\"https:\/\/www.welt.de\/politik\/deutschland\/article234765044\/Attila-Hildmann-Infos-aus-Staatsanwaltschaft-gingen-offenbar-an-ihn.html\">bereits im Mai fristlos entlassen<\/a> worden. <a href=\"https:\/\/www.faz.net\/aktuell\/gesellschaft\/kriminalitaet\/verdaechtigter-frankfurter-oberstaatsanwalt-muss-wohl-wieder-in-u-haft-17654633.html\">Am 26. November<\/a> teilt die StA Frankfurt\/M. (Hessen) im Rechtsausschuss des Landtages mit, dass bereits laufende Ermittlungen gegen einen Oberstaatsanwalt (OStA) um den Vorwurf der Korruption erweitert wurden; insgesamt werde in dem Fall gegen acht Personen ermittelt.<\/p>\n<p><b>Ermittlungen gegen Polizeibeamt*innen:<\/b> Durch eine Parlamentarische Anfrage der Linksfraktion im Bundestag wird bekannt, dass aktuell gegen 12 Beamt*innen der Bundespolizei (BPol) <a href=\"https:\/\/taz.de\/Sicherheitsbedienstete-im-Coronaprotest\/!5808690\/\">Disziplinarverfahren wegen eines Bezuges zu Corona-Leugner*innen<\/a> gef\u00fchrt werden. <a href=\"https:\/\/www.spiegel.de\/panorama\/justiz\/offenburg-staatsanwalt-und-lka-ueberpruefen-polizeieinsatz-gegen-nackten-mann-a-ba1b2e12-ae1a-4933-934a-e6e70a2c1d71\">Am 16. November<\/a> wird in Offenburg (Baden-W\u00fcrttemberg) ein stark betrunkener Mann, der nackt durch die Innenstadt l\u00e4uft von zwei Zivilbeamten brutal zu Boden gebracht und fixiert. Die StA hat ein Pr\u00fcfverfahren wegen K\u00f6rperverletzung im Amt eingeleitet. <a href=\"https:\/\/www.faz.net\/aktuell\/gesellschaft\/kriminalitaet\/koelner-polizisten-suspendiert-wegen-verdacht-auf-koerperverletzung-17646559.html\">Am 22. November<\/a> teilt die StA K\u00f6ln (NRW) mit, dass gegen mehrere Beamte der K\u00f6lner Polizei wegen des Verdachts der K\u00f6rperverletzung im Amt ermittelt wird. Es bestehe der Verdacht, dass sie bei einem Einsatz wegen Unfallflucht im April des Jahres \u201e\u00fcberm\u00e4\u00dfig Gewalt\u201c angewendet haben; der Mann war zwei Monate sp\u00e4ter gestorben. \u00dcber die Zahl der suspendierten Beamten machte die StA keine Angaben. Im Zuge der bisherigen Ermittlungen wurde zudem bekannt, dass f\u00fcnf Beamte sich in privaten Chats mit anderen Kollegen dazu verabredet hatten \u201eum eventuellen Widerstandshandlungen potentieller Beschuldigter mit \u00fcberm\u00e4\u00dfiger Gewalt zu begegnen\u201c. Die baden-w\u00fcrttembergische Landespolizeipr\u00e4sidentin teilt <a href=\"https:\/\/www.stuttgarter-nachrichten.de\/inhalt.polizei-inspekteur-der-polizei-soll-polizistin-sexuell-belaestigt-haben.3f33c6ce-de78-4c33-a1f2-3a24863696c7.html\">am 23. November<\/a> mit, dass die StA Stuttgart ein Ermittlungsverfahren gegen den Inspekteur der Polizei wegen des Verdachts von Straftaten gegen die sexuelle Selbstbestimmung einer Mitarbeiterin f\u00fchrt. Er soll der Frau eine Bef\u00f6rderung gegen Sex angeboten haben. Ein Disziplinarverfahren wurde bereits eingeleitet und ein Dienstverbot ausgesprochen. In Leipzig (Sachsen) wird <a href=\"https:\/\/www.polizei.sachsen.de\/de\/MI_2021_85380.htm)\">am 24. November<\/a> die Polizei wegen einer Auseinandersetzung mehrerer M\u00e4nner alarmiert. Bei der Anzeigenaufnahme beleidigen sich die Kontrahenten wechselseitig rassistisch; zwei von ihnen stellen sich dabei als Polizeibeamte heraus, die privat unterwegs sind. Gegen sie wird nun auch disziplinarisch ermittelt.<a href=\"https:\/\/www.faz.net\/aktuell\/gesellschaft\/kriminalitaet\/polizei-koeln-verstoerende-gewalt-chats-von-streifenbeamten-17652330.html\"> Am 25. November<\/a> gibt NRW-Innenminister Herbert Reul (CDU) bekannt, dass sich 2020 nach insgesamt 4.500 gepr\u00fcften B\u00fcrger*innenbeschwerden in 370 F\u00e4llen Anhaltspunkte f\u00fcr disziplinar- und strafrechtlich relevantes Verhalten ergeben habe.<\/p>\n<p><b>Zoll:<\/b> Durch eine Parlamentarische Anfrage der Linksfraktion im Bundestag wird bekannt, dass <a href=\"https:\/\/taz.de\/Sicherheitsbedienstete-im-Coronaprotest\/!5808690\/\">aktuell gegen f\u00fcnf Zollbeamt*innen<\/a> Disziplinarverfahren wegen eines Bezuges zu Corona-Leugner*innen gef\u00fchrt werden.<\/p>\n<p><b>Schleuserkriminalit\u00e4t:<\/b> In Hamburg, Schleswig-Holstein und Niedersachsen durchsucht die Polizei 15 Objekte von drei Beschuldigten unter dem Verdacht des g<a href=\"https:\/\/www.spiegel.de\/panorama\/justiz\/prostitution-schlag-gegen-mutmassliche-menschenhaendler-in-norddeutschland-a-653b8ea3-91fa-4ff2-be9f-c0aacc21ea67\">ewerbsm\u00e4\u00dfigen Einschleusens und des Menschenhandels<\/a> zur sexuellen Ausbeutung. <a href=\"https:\/\/www.spiegel.de\/politik\/deutschland\/grenze-zu-polen-polizei-fahndet-deutschlandweit-nach-mutmasslichem-schleuser-a-baabc442-6356-4c15-bd83-e91b6540e8e1\">Am 4. November<\/a> teilt die BPol in Pirna (Sachsen) mit, dass sie die Suche nach einem geflohenen Schleuser, in dessen Fahrzeug Ende Oktober ein toter Iraker entdeckt worden war, auf das gesamte Bundesgebiet ausgeweitet hat. Zudem wurde ein europ\u00e4ischer Haftbefehl erlassen; ein mutma\u00dflicher Begleitfahrer befindet sich im Gewahrsam. Auf einem Autobahnparkplatz bei Erlangen (Bayern) h\u00f6rt der Fahrer eines Sattelschleppers <a href=\"https:\/\/www.spiegel.de\/panorama\/justiz\/kontrolle-auf-rastplatz-polizei-entdeckt-16-migranten-auf-lkw-anhaenger-a-43e982db-3f46-45c9-926b-8db58ebf8405\">am 13. November<\/a> Klopfger\u00e4usche auf der Ladefl\u00e4che. Die herbeigerufene Polizei entdeckt dort 16 Fl\u00fcchtlinge. <a href=\"https:\/\/www.abendzeitung-muenchen.de\/bayern\/illegale-schleusung-durchsuchungen-in-vier-bundeslaendern-art-774068\">Am 24. November<\/a> durchsucht die Polizei in Baden-W\u00fcrttemberg, Rheinland-Pfalz, Nordrhein-Westfalen und Bayern insgesamt 20 Wohnungen und Arbeitsst\u00e4tten von neun M\u00e4nnern wegen illegaler Schleusungen. In mindestens 112 F\u00e4llen sollen sie Afrikanern illegale Aufenthaltstitel verschafft haben. Zu Festnahmen kommt es nicht. <a href=\"https:\/\/www.abendzeitung-muenchen.de\/bayern\/zahl-der-schleusungen-an-bayerns-grenzen-nimmt-deutlich-zu-art-774878\">Am 30. November<\/a> teilt die Polizei Straubing (Bayern) mit, dass bis September an der Grenze zu \u00d6sterreich 8.000 illegale Migrant*innen aufgegriffen wurden. An der Grenze zu Tschechien waren es 1.600.<\/p>\n<p>2. November: <b>Angriffe auf Polizist*innen:<\/b> Aus dem Jahresbericht 2020 der BPol geht hervor, dass es im vergangenen Jahr insgesamt zu <a href=\"https:\/\/www.berliner-zeitung.de\/news\/jahresbilanz-bundespolizei-klagt-ueber-gewalttaetige-masken-gegner-li.192508\">1.925 Angriffen auf BPol-Beamt*innen<\/a> gekommen ist, davon 178 in Zusammenhang mit Corona-Kontrollen. <a href=\"https:\/\/www.sueddeutsche.de\/muenchen\/muenchen-urteil-angriff-polizisten-hals-1.5456316\">Am 4. November<\/a> verurteilt das Amtsgericht (AG) M\u00fcnchen (Bayern) einen Mann, der im Februar 2020 als vermeintlicher Schwarzfahrer von f\u00fcnf Polizist*innen zu Boden gebracht und gefesselt worden war, wegen Widerstand und anderer Delikte zu einer Geldstrafe von 2.700 EUR. Er soll eine Beamtin geschlagen und gebissen haben. Bei einem Einsatz wegen Ruhest\u00f6rung wird <a href=\"https:\/\/www.tagesspiegel.de\/berlin\/bei-polizeieinsatz-in-berlin-spandau-mann-attackiert-beamtin-mit-metallrohr\/27776718.html\">am 6. November<\/a> in Berlin eine Polizistin von einem Mann mit einem Metallrohr geschlagen und so schwer verletzt, dass sie ins Krankenhaus gebracht werden muss. Ihre Kolleg*innen \u00fcberw\u00e4ltigen den T\u00e4ter und nehmen ihn fest. Ebenfalls in Berlin greift <a href=\"https:\/\/www.berliner-zeitung.de\/news\/polizeibericht-berlin\/maskenverweigerer-greift-polizisten-im-berliner-ostbahnhof-an-li.193688\">am gleichen Tag<\/a> auf einem Bahnhof ein Mann zwei BPol-Beamte an, die ihn auf die Maskenpflicht hinweisen und versucht nach ihren Waffen zu greifen. Er wird festgenommen. <a href=\"https:\/\/www.tagesspiegel.de\/berlin\/er-durfte-nicht-nach-dublin-fliegen-betrunkener-fluggast-beisst-bundespolizisten-am-ber\/27791954.html\">Am 10. November<\/a> wird auf dem Flughafen BER (Berlin\/Brandenburg) ein Mann wegen Trunkenheit von seinem Flug ausgeschlossen. Daraufhin p\u00f6belt er herum und beleidigt und attackiert auch BPol-Beamt*innen, die ihn aus dem Flughafen f\u00fchren; er wird festgenommen. <a href=\"https:\/\/www.faz.net\/aktuell\/gesellschaft\/kriminalitaet\/suhl-in-thueringen-mann-schiesst-mit-armbrust-auf-polizisten-17634946.html)\">Am Abend des 14. November<\/a> wird in Suhl (Th\u00fcringen) die Polizei gerufen, weil ein Mann in seiner Wohnung randaliert. Als die Beamt*innen eintreffen, schie\u00dft der Mann mit einer Armbrust auf sie; der Pfeil bleibt in der T\u00fcr stecken, verletzt wird niemand. Am Morgen des 15. November nimmt ein Sondereinsatzkommando (SEK) ihn fest und bringt ihn in ein Fachkrankenhaus f\u00fcr psychisch Gef\u00e4hrdete. In Zossen (Brandenburg) greift <a href=\"https:\/\/www.berliner-zeitung.de\/news\/polizeibericht-berlin\/brandenburg-mann-greift-vater-mit-werkzeug-an-und-schiesst-auf-polizisten-li.195144\">am 16. November<\/a> ein Mann seinen Vater an; dieser alarmiert die Polizei. Als die Beamt*innen eintreffen, werden sie mit einer Pistole bedroht und alarmieren ein SEK. Daraufhin zieht sich der Mann ins Haus zur\u00fcck und schie\u00dft vom Balkon mit einem Luftgewehr auf den Streifenwagen. Er wird \u00fcberw\u00e4ltigt und in eine psychiatrische Klinik gebracht; verletzt wird niemand. Bei der Wohnungsdurchsuchung eines \u201eReichsb\u00fcrgers\u201c wegen des Verdachts der Erpressung <a href=\"https:\/\/www.sueddeutsche.de\/muenchen\/muenchen-steinhausen-polizei-reichsbuerger-1.5473016\">am 25. November<\/a> in Bogenhausen (Bayern) bedroht der Mann die Beamt*innen mit K\u00fcchenmessern. Er wird mithilfe eines Elektro-Tasers \u00fcberw\u00e4ltigt und festgenommen. <a href=\"https:\/\/www.berliner-zeitung.de\/news\/polizeibericht-berlin\/berlin-spandau-mann-rennt-mit-messer-auf-polizisten-zu-li.196970\">Am gleichen Tag<\/a> greift in Berlin nach einem eskalierenden Streit ein Mann die eintreffenden Beamt*innen mit einem Messer an und wird durch deren gezogenen Waffen gestoppt und \u00fcberw\u00e4ltigt. <a href=\"https:\/\/www.abendzeitung-muenchen.de\/muenchen\/stadtviertel\/mann-bedroht-polizeibeamte-mit-messer-art-773982\">Am 26. November<\/a> bedroht in Sendling (Bayern) ein Mann Polizeibeamt*innen mit einem Messer; er wird festgenommen.<\/p>\n<p><b>Drogenfahndung:<\/b> In NRW durchsucht die Polizei knapp 30 Wohnungen von Tatverd\u00e4chtigen. <a href=\"https:\/\/www.spiegel.de\/panorama\/nordrhein-westfalen-polizei-beschlagnahmt-drogen-und-waffen-a-e3824ee3-f9a3-4b53-aff0-63d7331a746e\">Gr\u00f6\u00dfere Drogenmengen<\/a>, rund 100.000 EUR und mehrere Waffen werden sichergestellt. 19 Personen werden festgenommen. <a href=\"https:\/\/www.tagesspiegel.de\/berlin\/enchrochat-daten-decken-schmuggel-auf-berliner-zoll-hebt-drogenbande-aus\/27844472.html\">Am 29. November<\/a> nehmen Polizei und Zollfahndungsamt (ZFA) in Berlin f\u00fcnf M\u00e4nner fest, die im Verdacht stehen, seit Ende 2019 etwa 1,2 Tonnen Canabisprodukte und weitere Drogen eingeschmuggelt zu haben. <a href=\"https:\/\/www.tagesspiegel.de\/berlin\/daten-und-gefaelschte-identitaeten-berliner-polizist-und-bezirksmitarbeiter-halfen-internationaler-drogenbande\/27852314.html\">Am 30. November<\/a> durchsucht die Polizei in Berlin und Dortmund (NRW) 40 Objekte einer internationalen Drogenschmugglerbande, die rund 45 Tonnen Kokain nach Deutschland geschmuggelt haben soll; <a href=\"https:\/\/www.spiegel.de\/panorama\/justiz\/kokain-bundeskriminalamt-geht-gegen-mutmassliche-internationale-drogenschmuggler-vor-a-e0c33a0b-e733-4a90-8ba6-4ee9ba208dc6\">14 Personen werden festgenommen<\/a>, darunter auch ein <a href=\"https:\/\/www.tagesspiegel.de\/berlin\/daten-und-gefaelschte-identitaeten-berliner-polizist-und-bezirksmitarbeiter-halfen-internationaler-drogenbande\/27852314.html\">Berliner Polizeibeamter, ein Ex-Stasi-Offizier und zwei Bezirksamtsmitarbeiter*innen<\/a>. <a href=\"https:\/\/www.morgenpost.de\/berlin\/article233986313\/Berliner-Polizist-und-Bezirksamts-Mitarbeiter-verhaftet.html\">F\u00fcnf weitere Polizeibesch\u00e4ftigte<\/a> stehen im Verdacht, sie dabei unterst\u00fctzt zu haben, indem Verdachtsmomente vertuscht wurden.<\/p>\n<p><b>Alternative f\u00fcr Deutschland (AfD):<\/b> In Greifswald (Mecklenburg-Vorpommern) demonstrieren etwa 500 Studierende gegen die R\u00fcckkehr eines <a href=\"https:\/\/www.nordkurier.de\/mecklenburg-vorpommern\/verbotene-videos-bei-der-polizei-in-vorpommern-0345762011.html\">Ex-AfD-Abgeordneten und Rechtsprofessors<\/a> an ihre Universit\u00e4t. Er kann das Geb\u00e4ude nur unter Polizeischutz \u00fcber den Hinterausgang betreten. <a href=\"https:\/\/www.morgenpost.de\/politik\/inland\/article233836115\/Saechsische-AfD-reicht-Klage-gegen-2G-Regeln-ein.html\">Am 14. November<\/a> teilt die AfD-Fraktion im S\u00e4chsischen Landtag mit, dass sie gegen die geltende G2-Regel der Corona-Schutzverordnung gerichtlich vorgeht und sie vom Verwaltungsgerichtshof (VGH) \u00fcberpr\u00fcfen l\u00e4sst. Die Verordnung laufe auf einen Impfzwang hinaus und sei somit verfassungswidrig. Bei der Vorstellung des Verfassungsschutzberichtes 2020 <a href=\"https:\/\/www.tagesspiegel.de\/politik\/demokratie-werde-von-innen-bekaempft-thueringer-afd-seit-maerz-unter-beobachtung\/27823962.html\">am 22. November<\/a> teilt der Pr\u00e4sident des Landesamtes f\u00fcr Verfassungsschutz (LfV) Th\u00fcringen mit, dass das Amt die AfD bereits im M\u00e4rz zum \u201eerwiesen extremistisches Beobachtungsobjekt\u201c hochgestuft hat.<\/p>\n<p>3. November: <b>Prozesse gegen Polizist*innen:<\/b> Durch Presseberichte wird bekannt, dass das LG Traunstein (Bayern) bereits im Oktober das <a href=\"https:\/\/www.abendzeitung-muenchen.de\/bayern\/rassistische-chats-urteil-gegen-polizisten-rechtskraeftig-art-768191\">Urteil wegen Strafvereitelung gegen einen Polizeibeamten<\/a> zu einer 10-monatigen Bew\u00e4hrungsstrafe best\u00e4tigt hat. Der Mann hatte kein Strafverfahren gegen einen Kollegen eingeleitet, der rassistische Chats verbreitet hatte. <a href=\"https:\/\/www.hessenschau.de\/panorama\/pfungstadts-buergermeister-wegen-geheimnisverrats-vor-gericht,koch-geheimnisverrat-100.html\">Am 16. November<\/a> beginnt vor dem AG Dieburg Baden-W\u00fcrttemberg) der Prozess gegen einen ehemaligen Polizeibeamten wegen Verletzung von Dienstgeheimnissen. Er soll im Juni 2020 Ermittlungsinterna in einem Mordfall an den Rechtsanwalt des Beschuldigten weitergegeben haben. Noch <a href=\"https:\/\/www.fr.de\/rhein-main\/darmstadt\/buergermeister-von-verdacht-des-geheimnisverrats-freigesprochen-91120388.html\">am gleichen Tag<\/a> spricht das AG den fr\u00fcheren Polizisten und heutigen B\u00fcrgermeister von Pfungstadt (beide Hessen) von dem Vorwurf frei. Ebenfalls <a href=\"https:\/\/www.zeit.de\/gesellschaft\/zeitgeschehen\/2021-11\/schiesserei-gevelsberg-prozess-polizistinnen-urteil\">am 16. November<\/a> verurteilt das AG Schwelm (NRW) zwei Polizistinnen wegen versuchter gef\u00e4hrlicher K\u00f6rperverletzung im Amt durch Unterlassen zu einer Bew\u00e4hrungsstrafe von je einem Jahr. Die Beamtinnen hatten bei einer Schie\u00dferei im Mai 2020 ihre Kollegen im Stich gelassen und waren geflohen. Einer der Beamten war bei dem Schusswechsel verletzt worden. <a href=\"https:\/\/www.sueddeutsche.de\/muenchen\/muenchen-kinderpornografie-polizist-prozess-1.5465695\">Am gleichen Tag<\/a> beginnt vor dem Verwaltungsgericht (VG) M\u00fcnchen (Bayern) der Prozess gegen einen Polizeibeamten, bei dem bei einer Hausdurchsuchung im Januar 2017 insgesamt 420 Datentr\u00e4ger mit Kinderpornografie gefunden worden waren. Er ist seither vom Dienst suspendiert. Bereits im November 2017 war der Mann zu einer Geldstrafe von 10.800 EUR verurteilt worden. In dem neuen Prozess geht es um die Frage, ob die diagnostizierte \u201ehypersexuelle St\u00f6rung\u201c zu einer Strafmilderung f\u00fchren kann.<\/p>\n<p><b>Fall Oury Jalloh:<\/b> Die \u201eInitiative in Gedenken an Oury Jalloh\u201c stellt das <a href=\"https:\/\/taz.de\/Fall-Oury-Jalloh\/!5809374\/\">Gutachten eines britischen Brandschutz-Gutachters<\/a> zum Feuertod des afrikanischen Asylbewerbers Jalloh in einer Polizeizelle in Dessau (Sachsen-Anhalt) im Januar 2005 vor. Es kommt zu dem Ergebnis, dass sich der betrunkene und gefesselte Jalloh <a href=\"https:\/\/www.faz.net\/aktuell\/politik\/inland\/oury-jalloh-neues-gutachten-bestaerkt-alte-zweifel-17617238.html\">nicht selbst angez\u00fcndet<\/a> haben konnte, wie die Polizei seinerzeit erkl\u00e4rte.<\/p>\n<p>4. November: <b>Rechtsextremistische Terrorgruppe \u201eNationalsozialistischer Untergrund (NSU): <\/b>Der Bundesgerichtshof (BGH) lehnt die von Beate Zsch\u00e4pe eingereichte A<a href=\"https:\/\/www.spiegel.de\/panorama\/justiz\/nsu-beate-zschaepe-scheitert-mit-anhoerungsruege-vor-bundesgerichtshof-a-fa942545-2e58-48b8-a992-be74f65a20f5\">nh\u00f6rungsklage als unbegr\u00fcndet ab<\/a>. Die Klage ist Voraussetzung f\u00fcr eine Mitte September ebenfalls eingereichte Beschwerde gegen ihr Mordurteil vor dem Bundesverfassungsgericht (BVerfG).<\/p>\n<p><b>Rechtsradikaler Mordanschlag in Hanau:<\/b> Durch Presseberichte wird bekannt, dass die Polizistin, die dem Attent\u00e4ter von Hanau (Hessen) anonyme Liebesbriefe mit Tendenzen zu rechtsextremen Verschw\u00f6rungstheorien in die lebenslange Haft geschrieben hatte, um ihre <a href=\"https:\/\/www.spiegel.de\/panorama\/justiz\/sachsen-anhalt-brieffreundin-des-halle-attentaeters-ist-keine-polizistin-mehr-a-882d0959-e583-4ad3-bccc-8d5a0028f015\">Dienstentlassung<\/a> gebeten hat. Nach deren Aufdeckung war die Beamtin der Polizei Dessau (Sachsen-Anhalt) suspendiert und ein Disziplinarverfahren eingeleitet worden. Nachdem ein Anschlag auf die Hanauer Synagoge im Oktober 2019 gescheitert war, hatte der T\u00e4ter wahllos zwei Menschen erschossen.<\/p>\n<p><b>Sogenannte Hasskriminalit\u00e4t:<\/b> Durch Presseberichte wird bekannt, dass die <a href=\"https:\/\/www.faz.net\/aktuell\/gesellschaft\/kriminalitaet\/keinemachtdemhass-identifiziert-bisher-800-tatverdaechtige-17617979.html\">Zentralstelle zur Bek\u00e4mpfung der Internetkriminalit\u00e4t (ZIT)<\/a> bisher \u00fcber 6.000 Meldungen von Hassreden strafrechtlich \u00fcberpr\u00fcft hat, in 2.200 F\u00e4llen wurden Ermittlungsverfahren eingeleitet.<\/p>\n<p><b>Repression gegen Links:<\/b> Die StA Bremen l\u00e4sst d<a href=\"https:\/\/taz.de\/Hausdurchsuchungen-in-Bremen\/!5810628\/\">rei Wohnungen von Linksaktivist*innen<\/a> wegen des Verdachts der N\u00f6tigung und Sachbesch\u00e4digung durchsuchen. Sie stehen im Verdacht im April vor einem Haus den Namen eines Mannes sowie Parolen gegen ihn auf den Gehweg gespr\u00fcht und ein Transparent mit der Aufschrift \u201eKein Bock auf Querdenker\u201c aufgestellt zu haben. Nach StA-Angaben handelte es sich jedoch um eine Namensverwechslung. <a href=\"https:\/\/www.spiegel.de\/panorama\/justiz\/lina-e-ermittlungen-wegen-ueberfalls-auf-prokuristin-eingestellt-a-a05b45df-2f48-41b3-8826-313ed2c2bcbe\">Am 8. November<\/a> stellt die GStA Dresden (Sachsen) das Ermittlungsverfahren gegen eine mutma\u00dfliche Linksextremistin wegen eines \u00dcberfalls auf die Prokuristin einer Immobilienfirma im Jahre 2019 mangels Beweisen ein. Ein Gerichtsverfahren wegen des Verdachtes gemeinsam mit drei anderen Personen Angriffe auf Rechtsextremisten ver\u00fcbt zu haben, wird jedoch weiter gef\u00fchrt.<\/p>\n<p>5. November: <b>Rechtsextremismus:<\/b> Das VG Cottbus (Brandenburg) verf\u00fcgt den sofortigen Entzug der Waffenbesitzkarte eines \u201eF\u00f6rdermitglieds\u201c der rechtsextremen Kleinpartei der \u201e<a href=\"https:\/\/taz.de\/Neonazi-muss-Waffe-abgeben\/!5813274\/\">III. Weg\u201c<\/a>. Durch eine Presserecherche wird <a href=\"https:\/\/www.welt.de\/politik\/deutschland\/article234877792\/Neonazis-Mehr-als-1600-Extremisten-haben-eine-Waffenerlaubnis.html\">am 6. November<\/a> bekannt, dass bundesweit \u00fcber 1.500 Rechtsextremisten und \u201eReichsb\u00fcrger\u201c eine Waffenerlaubnis besitzen (2020: 1.203 \/ 2019: 892 \/ 2018: 792). Die meisten davon mit 443 Rechtsextremisten in Mecklenburg-Vorpommern (NRW: 153 \/ Bayern: 123 \/ Sachsen: 104). <a href=\"https:\/\/www.faz.net\/aktuell\/politik\/inland\/hessen-cdu-kandidat-unter-terrorverdacht-17652076.html\">Am 11. November<\/a> teilt die StA Frankfurt\/M. mit, dass sie gegen einen mutma\u00dflichen Rechtsextremisten aus Spangenberg (beide Hessen) wegen Vorbereitung einer schweren staatsgef\u00e4hrdenden Gewalttat und Verst\u00f6\u00dfen gegen das Sprengstoffgesetz ermittelt. Bei der Wohnungsdurchsuchung des Mannes waren etwa 600 selbstgebaute Sprengk\u00f6rper sowie ein rechtsextremes Manifest gefunden worden; er befindet sich seit September in <a href=\"https:\/\/www.fr.de\/rhein-main\/landespolitik\/staatsanwaltschaft-frankfurt-20-jaehriger-unter-terrorverdacht-91110512.html\">Untersuchungshaft<\/a>. Bei einer Hausdurchsuchung in Neupetershain (Brandenburg) l\u00f6st die Polizei <a href=\"https:\/\/www.tagesspiegel.de\/berlin\/hausdurchsuchung-in-brandenburg-polizei-loest-veranstaltung-von-rechtsextremen-in-neupetershain-auf\/27798126.html\">am 13. November<\/a> eine Veranstaltung der rechtsextremistischen \u201eBrigade 8\u201c mit 65 Teilnehmer*innen auf, drei Personen werden in Gewahrsam genommen. Durch Presseberichte auf Grundlage einer Antifa-Recherche wird <a href=\"https:\/\/www.fr.de\/rhein-main\/landespolitik\/terrorverdaechtiger-war-cdu-kandidat-91115387.html\">am 14. November<\/a> bekannt, dass der Rechtsextremist aus Spangenberg (Hessen) auf einer Wahlliste der dortigen CDU f\u00fcr die Stadtverordnetenversammlung und den Ortsbeirat aufgef\u00fchrt war; er verfehlte den Einzug jedoch. <a href=\"https:\/\/taz.de\/Rassistische-Attacke-auf-Taxifahrer\/!5812308\/\">Am 16. November<\/a> wird ebenfalls durch Presseberichte bekannt, dass ein Berliner Rechtsextremist in Untersuchungshaft genommen wurde und gegen ihn wegen gef\u00e4hrlicher K\u00f6rperverletzung aus rassistischen Motiven ermittelt wird. Er soll mit einem Taxifahrer in Streit geraten sein und diesen zusammengeschlagen haben; der Mann gilt auch als ein Hauptverd\u00e4chtiger einer Anschlagsserie in Berlin. Auf der <a href=\"https:\/\/www.morgenpost.de\/politik\/inland\/article233867957\/Seehofer-beklagt-Defizite-im-Kampf-gegen-Kindesmissbrauch.html\">am 17. November<\/a> beginnenden Herbsttagung des BKA in Wiesbaden (Hessen) beziffert BKA-Pr\u00e4sident Holger M\u00fcnch die Zahl der politisch motivierten Straftaten f\u00fcr das Jahr 2020 auf 44.692; \u00fcber die H\u00e4lfte davon sei rechtsmotiviert gewesen. <a href=\"https:\/\/www.spiegel.de\/panorama\/justiz\/muenchen-mutmassliche-rechtsextremisten-wegen-waffenhandels-angeklagt-a-681d28ca-bfd8-49d0-8214-ee1e70bbb21a\">Am 18. November<\/a> best\u00e4tigt die GStA M\u00fcnchen (Bayern), dass sie gegen acht Rechtsextremist*innen Anklage wegen illegalen Waffenhandels erhoben hat. In K\u00f6ln (NRW) sch\u00fcttet <a href=\"https:\/\/www.rundschau-online.de\/region\/koeln\/staatsschutz-ermittelt-versuchter-brandanschlag-auf-koelner-moschee-in-ehrenfeld-39144676?cb=1637842405013&amp;\">am 19. November<\/a> ein unbekannter Mann Benzin vor einer Moschee aus. Als er von Sicherheitsdienstmitarbeitern angesprochen wird, fl\u00fcchtet er auf einem Fahrrad und l\u00e4sst einen halbvollen Kanister und mehrere Feuerzeuge zur\u00fcck; gegen ihn wird wegen versuchter schwerer Brandstiftung ermittelt. In Stollberg (Sachsen) findet die Polizei bei einer Wohnungsdurchsuchung <a href=\"https:\/\/www.spiegel.de\/panorama\/justiz\/polizei-findet-waffen-und-verfassungsfeindliche-symbole-bei-61-jaehrigem-a-81adf91f-23d4-4eab-ad72-aa669f8d2649\">am 25. November<\/a> ein umfangreiches Waffenlager und Nazi-Symbole. Auf den Mann waren die Sicherheitsbeh\u00f6rden durch Ermittlungen in einem anderen Fall aufmerksam geworden. <a href=\"https:\/\/www.berliner-zeitung.de\/news\/brandenburg-zahl-der-rassistischen-straftaten-steigt-li.197211\">Am 26. November<\/a> wird durch eine Parlamentarische Anfrage der Linksfraktion im brandenburgischen Landtag bekannt, dass in den ersten neun Monaten in dem Bundesland von Rechtsextremisten insgesamt 124 rassistische Straftaten begangen wurden.<\/p>\n<p>6. November: <b>Rassistische Angriffe:<\/b> In einer Stra\u00dfenbahn in Erfurt (Th\u00fcringen) weist ein Mann einen anderen Fahrgast auf die Maskenpflicht hin. Daraufhin <a href=\"https:\/\/www.spiegel.de\/panorama\/erfurt-streit-ueber-maskenpflicht-fuehrt-zu-faustschlag-und-rassistischer-beleidigung-a-ae81702c-95d6-4458-a4f3-98daee69b152\">schl\u00e4gt ihm dieser mit der Faust ins Gesicht<\/a> und beleidigt ihn, ebenso wie einen anderen Fahrgast rassisch. Sie fl\u00fcchten unerkannt. <a href=\"https:\/\/www.fr.de\/rhein-main\/main-kinzig-kreis\/schluechtern-anklage-nach-rassistischem-angriff-91135053.html\">Am 8. November<\/a> erhebt die StA Hanau vor dem AG Gelnhausen Anklage gegen zwei M\u00e4nner wegen Beleidigung und K\u00f6rperverletzung. Sie hatten im Mai in Schl\u00fcchtern (s\u00e4mtlich Hessen) einen asiatischen Mann rssistisch beleidigt und gew\u00fcrgt. <a href=\"https:\/\/www.berliner-zeitung.de\/news\/brandenburg-zahl-der-rassistischen-straftaten-steigt-li.197211\">Am 26. November<\/a> wird ebenfalls durch eine Parlamentarische Anfrage der Linksfraktion im brandenburgischen Landtag bekannt, dass von Juli bis September in dem Bundesland insgesamt 47 rassistische Straftaten begangen wurden; die meisten davon Beleidigungen, Volksverhetzungen und K\u00f6rperverletzungen.<\/p>\n<p><b>Demonstrationen gegen Corona-Auflagen:<\/b> In Leipzig (Sachsen) versammeln sich <a href=\"https:\/\/www.faz.net\/aktuell\/politik\/inland\/polizei-verhindert-querdenken-aufzug-ueber-leipziger-ring-17622122.html\">1.000 Corona-Leugner*innen<\/a> zu einer zugelassenen Kundgebung. Da indes weitere Personen eintreffen, \u00f6ffnet die Polizei mehrere \u201eZusatzfl\u00e4chen\u201c. Mehrere <a href=\"https:\/\/www.spiegel.de\/politik\/deutschland\/deutlich-mehr-menschen-bei-querdenker-demo-als-erlaubt-a-507838f0-c7e0-4e38-9c88-b4c7188cc69f\">Demonstrationsversuche<\/a> werden von der Polizei gestoppt. Am Rande der Kundgebung werden <a href=\"https:\/\/www.sueddeutsche.de\/politik\/leipzig-corona-demonstration-querdenker-1.5457953\">24 Personen der rechtsextremen<\/a> Szene in Gewahrsam genommen. <a href=\"https:\/\/www.fr.de\/rhein-main\/darmstadt\/hitlergruss-bei-querdenken-demo-geldstrafe-fuer-mann-aus-buettelborn-91110585.html\">Am 11. November<\/a> erl\u00e4sst das AG Darmstadt (Hessen) einen Strafbefehl \u00fcber 3.000 EUR gegen einen Mann, der auf einer Demonstration gegen Corona-Auflagen im Juli 2020 den Hitlergru\u00df gezeigt und \u201eSieg Heil\u201c gerufen hatte. Zum Prozess war der Mann nicht erschienen. In mehreren St\u00e4dten in Sachsen versammeln sich <a href=\"https:\/\/www.welt.de\/wissenschaft\/article235328432\/Coronavirus-Kerzen-vor-die-Klinik-Proteste-gegen-Corona-Massnahmen-im-Erzgebirgskreis.html\">am 27. November<\/a> Corona-Leugner*innen vor Krankenh\u00e4usern um gegen eine m\u00f6gliche Impfpflicht zu protestieren. In Schneeberg sind es rund 300, in Zschopau etwa 40 und in Aue zwei Dutzend. In Chemnitz versammeln sich rund 300 Personen; hier verhindert die Polizei ein Eindringen in die Klinik. <a href=\"https:\/\/www.fr.de\/frankfurt\/tausende-demonstrieren-gegen-impfpflicht-91144866.html\">Am gleichen Tag<\/a> demonstrieren auch in Frankfurt\/M. (Hessen) zwischen 1.700 und 2.600 Menschen gegen die Impfpflicht. In M\u00fcnchen (Bayern) versammeln sich <a href=\"https:\/\/www.sueddeutsche.de\/muenchen\/muenchen-corona-querdenker-demonstration-polizei-1.5476137\">am 28. November<\/a> etwa 1.000 Menschen um gegen versch\u00e4rfte Corona-Ma\u00dfnahmen und eine Impfpflicht zu demonstrieren. Gegen \u00fcber 30 Teilnehmer*innen, die sich konsequent weigern, Schutzmasken zu tragen, fertigt die Polizei Anzeigen.<\/p>\n<p>11. November: <b>Rockerkriminalit\u00e4t:<\/b> In Frankfurt\/M. (Hessen) beginnt der <a href=\"https:\/\/www.faz.net\/aktuell\/gesellschaft\/kriminalitaet\/ex-chef-der-hells-angels-minderjaehrige-zu-prostitution-gezwungen-17629583.html\">Prozess gegen einen fr\u00fcheren Chef der Hells Angels<\/a>, der drei Frauen zur Prostitution gezwungen haben soll. Weiterhin ist er wegen mehrfacher K\u00f6rperverletzung und Drogenhandel angeklagt. <a href=\"https:\/\/www.faz.net\/aktuell\/gesellschaft\/kriminalitaet\/razzia-in-nrw-bei-rockern-und-bandenmaessiger-geldwaesche-17647913.html\">Am 23. November<\/a> durchsuchen etwa 250 SEK- und weitere Polizeikr\u00e4fte in K\u00f6ln und Pulheim (beide NRW) 16 Objekte einer Rockergruppe. Hintergrund ist der Mordversuch an einem ehemaligen \u201eHells Angels\u201c-Mitglied im Oktober. In M\u00f6nchengladbach nimmt die Polizei <a href=\"https:\/\/www.faz.net\/aktuell\/gesellschaft\/kriminalitaet\/kai-m-von-hells-angels-polizei-verhaftet-weitere-verdaechtige-17659614.html\">am 29. November<\/a> zwei Rocker der Hells Angels wegen des Verdachts, am Mord eines anderen Rockers beteiligt gewesen zu sein. Einem dritten, der im Gef\u00e4ngnis in Willich (beide NRW) eine andere Haftstrafe absitzt, wird ebenfalls ein Haftbefehl er\u00f6ffnet.<\/p>\n<p><b>Randale gegen Corona-Auflagen:<\/b> Nachdem sie vom Wirt des Lokals verwiesen werden, weil sie andere G\u00e4ste bel\u00e4stigen und sich weigern eine Maske zu tragen, randalieren in Berlin etwa <a href=\"https:\/\/www.tagesspiegel.de\/berlin\/flaschenwuerfe-und-schlaege-maskenverweigerer-randalieren-in-berliner-kneipe-wirt-und-gaeste-verletzt\/27797260.html)\">10 Personen in dem Loka<\/a>l und schlagen auf G\u00e4ste und Einrichtung ein. Vor Eintreffen der Polizei fl\u00fcchtet die Gruppe unerkannt.<\/p>\n<p>13. November: <b>Antisemitismus:<\/b> Aus einer parlamentarischen Anfrage der Linksfraktion im Bundestag geht hervor, dass bis Anfang des Monats bereits <a href=\"https:\/\/www.welt.de\/politik\/deutschland\/article235019764\/Antisemitismus-BKA-zaehlt-2021-bereits-1850-Straftaten.html\">1.850 antisemitische Straftaten<\/a> polizeilich erfasst wurden (2020 gesamt: 2.351 \/ 2019 gesamt: 2.031), davon 35 Gewalttaten mit 17 Verletzten. 930 Tatverd\u00e4chtige konnten ermittelt werden, f\u00fcnf Personen wurden festgenommen und zwei Haftbefehle erlassen. Laut \u201eRecherche- und Informationsstellen Antisemitismus (Rias)\u201c in Bayern <a href=\"https:\/\/www.abendzeitung-muenchen.de\/muenchen\/der-hass-waechst-fast-taeglich-antisemitische-vorfaelle-in-muenchen-art-772001\">vom 19. November<\/a> kam es in dem Bundesland allein zwischen Mai und Juni 2021 zu 34 antisemitischen Vorf\u00e4llen.<\/p>\n<p><b>Demonstrationen gegen Rechts:<\/b> In Wunsiedel (Bayern) demonstrieren etwa <a href=\"https:\/\/www.abendzeitung-muenchen.de\/bayern\/wunsiedel-hunderte-setzen-zeichen-gegen-rechtsextremismus-art-770822\">450 Menschen gegen eine Versammlung der rechten Kleinstpartei \u201eDer Dritte Weg\u201c<\/a> mit rund 150 Personen.<\/p>\n<p>14. November: <b>Polizei und Datenschutz:<\/b> Aus Presseberichten unter Berufung auf den BKA-Lagebericht 2020 geht hervor, dass Fluggesellschaften dem BKA im vergangenen Jahr insgesamt <a href=\"https:\/\/www.welt.de\/politik\/deutschland\/article235033190\/Rasterfahndung-bei-Fluggaesten-Kritik-an-Massenspeicherung.html\">104,56 Mio. Datens\u00e4tze zu Passagieren \u00fcbermittelt haben<\/a>. Sie werden f\u00fcnf Jahre gespeichert und enthalten neben Namen, Wohnort und Staatsangeh\u00f6rigkeit auch Angaben zu Telefonnummern, Mailadressen und Zahlungsarten.<\/p>\n<p><b>Rechtsextremistischer Mordanschlag in Halle: <\/b>Durch eine Parlamentarische Anfrage der Linksfraktion im Landtag von Sachsen-Anhalt wird bekannt, dass der Attent\u00e4ter von Halle, der im Oktober 2019 versucht hatte, in die dortige Synagoge einzudringen, <a href=\"https:\/\/www.sueddeutsche.de\/politik\/attentaeter-von-halle-briefe-1.5463675\">regen Briefkontakt mit anderen einsitzenden Rechtsextremisten<\/a> unterhielt. Dies war der Briefkontrolle im Gef\u00e4ngnis zwar bekannt, jedoch nicht unterbunden worden.<\/p>\n<p>16. November: <b>Dschihadist*innen-Prozesse:<\/b> Die <a href=\"https:\/\/www.morgenpost.de\/berlin\/article233855935\/Anschlagsvorbereitungen-Mutmasslicher-IS-Anhaenger-angeklagt.html\">Bundesanwaltschaft (BAW) erhebt Anklage<\/a> gegen einen mutma\u00dflichen Dschihadisten des \u201eIslamischen Staat\u201c (IS). Er soll einen Anschlag in Berlin vorbereitet und hierf\u00fcr bereits Sprengmittel besorgt haben. Er war im November 2019 festgenommen worden. Zudem teilt die BAW <a href=\"https:\/\/www.abendzeitung-muenchen.de\/bayern\/bundesanwaltschaft-klagt-mutmassliche-is-anhaengerin-an-art-771364\">an diesem Tag<\/a> mit, dass sie gegen eine deutsche IS-Anh\u00e4ngerin vor dem Oberlandesgericht (OLG) Stuttgart (Baden-W\u00fcrttemberg) Anklage wegen Unterst\u00fctzung einer ausl\u00e4ndischen terroristischen Organisation erheben wird. <a href=\"https:\/\/www.sueddeutsche.de\/panorama\/prozesse-zehn-jahre-haft-fuer-dinslakener-is-terroristen-dpa.urn-newsml-dpa-com-20090101-211126-99-154422\">Am 26. November<\/a> verurteilt das OLG D\u00fcsseldorf (NRW) einen deutschen IS-Dschihadisten zu einer Haftstrafe von 10 Jahren; er hatte in einem IS-Gef\u00e4ngnis in Syrien einen Gefangenen zu Tode gefoltert. Das OLG Frankfurt\/M. (Hessen) verurteilt <a href=\"https:\/\/www.spiegel.de\/panorama\/justiz\/islamischer-staat-lebenslange-haft-in-prozess-um-verdurstetes-jesidisches-maedchen-a-6e725008-cca7-4e49-bcbe-97ecdfd76e4e\">am 30. November<\/a> einen IS-Terroristen wegen V\u00f6lkermord, Kriegsverbrechen, Menschenhandel und anderer Delikte zu einer lebenslangen Haftstrafe.<\/p>\n<p><b>Ermittlungen gegen Dschihadist*innen:<\/b> Die GStA M\u00fcnchen (Bayern) teilt mit, dass bei dem Angreifer, der Anfang des Monat in einem Zug Passagiere mit einem Messer angegriffen und drei von ihnen verletzt hatte, <a href=\"https:\/\/www.sueddeutsche.de\/bayern\/bayern-messerattacke-ice-nuernberg-regensburg-1.5457808\">Propagandamaterial des IS<\/a> gefunden wurde. Das Material werde derzeit ausgewertet; ob gegen den psychisch schwer gest\u00f6rten Mann Anklage erhoben werde, m\u00fcsse ein <a href=\"https:\/\/www.spiegel.de\/panorama\/justiz\/messerattacke-im-ice-in-bayern-ermittler-schliessen-islamistisches-motiv-nicht-aus-a-9ccaa44e-0e26-4e40-8fa6-5912048d4952\">Abschlussgutachten<\/a> ergeben.<\/p>\n<p>18. November: <b>Prozesse gegen Justizbeamt*innen:<\/b> Das LG Hagen (NRW) verurteilt eine <a href=\"https:\/\/www.spiegel.de\/panorama\/justiz\/hagen-richterin-aus-luedenscheid-liess-akten-unbearbeitet-3-jahre-und-zehn-monate-haft-a-d347a1c4-3475-4277-bd99-53f54debd8f8\">Richterin wegen Rechtsbeugung<\/a> zu einer Haftstrafe von drei Jahren und 10 Monaten. Die Frau hatte Akten im Keller gelagert, statt sie zu bearbeiten; Verhandlungsprotokolle gef\u00e4lscht und Urteile zur\u00fcck datiert.<\/p>\n<p>21. November: <b>Rassistische Handlungen:<\/b> Als ein Sicherheitsmitarbeiter einem Mann den Zutritt zur Party in einem Kulturzentrum in Potsdam (Brandenburg) verweigert, wird er von <a href=\"https:\/\/www.berliner-zeitung.de\/news\/potsdam-rassismus-eklat-bei-kulturparty-mit-2g-regel-li.196169\">diesem rassistisch beleidigt.<\/a> Herbeigerufene Polizist*innen erteilen ihm einen Platzverweis und leiten Ermittlungen wegen Volksverhetzung ein. <a href=\"https:\/\/www.tagesspiegel.de\/berlin\/mann-in-lichtenberg-beleidigt-und-bespuckt-rassistische-attacke-in-berlin-auf-twitter-dokumentiert-staatsschutz-ermittelt\/27839918.html)\">Am 26. November<\/a> wird in Berlin ein Mann von einer Frau rassistisch beleidigt und mehrfach bespuckt; er filmt den Vorfall.<\/p>\n<p>23. November: <b>H\u00e4usliche Gewalt:<\/b> Aus einer in Berlin vorgestellten Auswertung der Polizeilichen Kriminalstatistik (PKS) geht hervor, dass in Deutschland 2020 vom BKA insgesamt 146.655 F\u00e4lle von <a href=\"https:\/\/www.sueddeutsche.de\/politik\/gewalt-frauen-maenner-partnerschaft-1.5471226\">\u201ePartnerschaftsgewalt\u201c<\/a> registriert wurden. Dabei kamen 139 Frauen und 30 M\u00e4nner ums Leben.<\/p>\n<p>25. November: <b>Interpol:<\/b> Die internationale Polizeiorganisation Interpol w\u00e4hlt Generalmajor Ahmed al-Raisi aus den Arabischen Emiraten, trotz schwerer Foltervorw\u00fcrfe von verschiedenen Seiten, zu <a href=\"https:\/\/www.sueddeutsche.de\/politik\/interpol-polizei-praesident-folter-1.5473180\">seinem neuen Pr\u00e4sidenten<\/a>.<\/p>\n<p>26. November: <b>Rechtsradikale und rassistische Angriffe auf Fl\u00fcchtlingsheime:<\/b> <a href=\"https:\/\/www.berliner-zeitung.de\/news\/brandenburg-zahl-der-rassistischen-straftaten-steigt-li.197211\">Am 26. November<\/a> wird durch eine Parlamentarische Anfrage der Linksfraktion im brandenburgischen Landtag bekannt, dass im Jahr 2020 in dem Bundesland insgesamt 209 Angriffe auf Fl\u00fcchtlinge und ihre Unterk\u00fcnfte begangen wurden (2019: 268).<\/p>\n<p><b>Demonstrationsrecht:<\/b> Das VG Frankfurt\/M. (Hessen) entscheidet, dass <a href=\"https:\/\/www.faz.net\/aktuell\/politik\/inland\/seebruecke-demo-in-frankfurt-zu-unrecht-aufgeloest-17654428.htm\">die Aufl\u00f6sung einer Demonstration<\/a> f\u00fcr die Aufnahme von Fl\u00fcchtlingen aus Griechenland durch die Polizei im April 2020 rechtswidrig war (Az: 5 K 1344\/20.F).<\/p>\n<p>28. November: <b>\u201eReichsb\u00fcrger\u201c:<\/b> Durch eine Parlamentarische Anfrage der Gr\u00fcnen-Landtagsfraktion wird bekannt, dass der bayerische Verfassungsschutz (VfS) bis Ende September des Jahres in dem Bundesland <a href=\"https:\/\/www.sueddeutsche.de\/bayern\/bayern-corona-reichsbuerger-anstieg-1.5475061\">insgesamt 4.381 \u201eReichsb\u00fcrger\u201c<\/a> gez\u00e4hlt hat (2000: 4.130). Davon sind etwa 100 in Zusammenhang mit Rechtsextremismus aufgefallen.<\/p>\n<h3>Beitragsbild: Im November wurde durch einen <a href=\"https:\/\/www.landtag.nrw.de\/portal\/WWW\/dokumentenarchiv\/Dokument\/MMV17-6005.pdf\">Bericht der NRW-Landesregierung<\/a> bekannt, dass der polizeiliche Staatsschutz wegen Adbusting-Motiven am Rande einer Demonstration in K\u00f6ln gegen das geplante Versammlungsgesetz ermittelt. Auf den Motiven wurden FDP-Chef Christian Lindner und den CDU-Politikern Herbert Reul und Armin Laschet satirische \u00c4u\u00dferungen zugeordnet (<a href=\"https:\/\/twitter.com\/versgnrwstoppen\/status\/1454466828944740359?s=21\">B\u00fcndnis Versammlungsgesetz NRW stoppen!<\/a>).<\/h3>\n","protected":false},"excerpt":{"rendered":"<p>zusammengestellt von Otto Diederichs 1. November: Polizeisch\u00fcsse: Die Polizei wird alarmiert, weil auf einer Bundesstra\u00dfe<\/p>\n","protected":false},"author":2,"featured_media":19584,"comment_status":"open","ping_status":"open","sticky":false,"template":"","format":"standard","meta":{"footnotes":""},"categories":[6],"tags":[820,1094,1132,1186,1194],"class_list":["post-19581","post","type-post","status-publish","format-standard","has-post-thumbnail","hentry","category-chronologien","tag-justiz","tag-polizei","tag-polizeischuesse","tag-rassismus","tag-rechtsex"],"_links":{"self":[{"href":"https:\/\/wp-dev.daten.cool\/index.php?rest_route=\/wp\/v2\/posts\/19581","targetHints":{"allow":["GET"]}}],"collection":[{"href":"https:\/\/wp-dev.daten.cool\/index.php?rest_route=\/wp\/v2\/posts"}],"about":[{"href":"https:\/\/wp-dev.daten.cool\/index.php?rest_route=\/wp\/v2\/types\/post"}],"author":[{"embeddable":true,"href":"https:\/\/wp-dev.daten.cool\/index.php?rest_route=\/wp\/v2\/users\/2"}],"replies":[{"embeddable":true,"href":"https:\/\/wp-dev.daten.cool\/index.php?rest_route=%2Fwp%2Fv2%2Fcomments&post=19581"}],"version-history":[{"count":0,"href":"https:\/\/wp-dev.daten.cool\/index.php?rest_route=\/wp\/v2\/posts\/19581\/revisions"}],"wp:featuredmedia":[{"embeddable":true,"href":"https:\/\/wp-dev.daten.cool\/index.php?rest_route=\/wp\/v2\/media\/19584"}],"wp:attachment":[{"href":"https:\/\/wp-dev.daten.cool\/index.php?rest_route=%2Fwp%2Fv2%2Fmedia&parent=19581"}],"wp:term":[{"taxonomy":"category","embeddable":true,"href":"https:\/\/wp-dev.daten.cool\/index.php?rest_route=%2Fwp%2Fv2%2Fcategories&post=19581"},{"taxonomy":"post_tag","embeddable":true,"href":"https:\/\/wp-dev.daten.cool\/index.php?rest_route=%2Fwp%2Fv2%2Ftags&post=19581"}],"curies":[{"name":"wp","href":"https:\/\/api.w.org\/{rel}","templated":true}]}}