{"id":19773,"date":"2022-01-26T12:04:48","date_gmt":"2022-01-26T12:04:48","guid":{"rendered":"https:\/\/www.cilip.de\/?p=19773"},"modified":"2022-01-26T12:04:48","modified_gmt":"2022-01-26T12:04:48","slug":"fuenf-jahre-verschaerfung-des-polizeirechts-eine-bilanz-der-proteste","status":"publish","type":"post","link":"https:\/\/wp-dev.daten.cool\/?p=19773","title":{"rendered":"F\u00fcnf Jahre Versch\u00e4rfung des Polizeirechts: Eine Bilanz der Proteste"},"content":{"rendered":"<p>Die letzten f\u00fcnf Jahre waren gepr\u00e4gt von Versch\u00e4rfungen der Polizeigesetze vieler Bundesl\u00e4nder. Zehntausende haben in Bayern, Nordrhein-Westfalen, Sachsen und weiteren Bundesl\u00e4ndern dagegen protestiert.<\/p>\n<blockquote class=\"alignright\"><p>1. Februar 2022, 19 Uhr<br \/>\nTwitter Spaces<\/p><\/blockquote>\n<p>In unserer Zeitschrift B\u00fcrgerrechte &amp; Polizei\/CILIP haben wir dazu eine Bilanz gezogen: Was wurde erreicht, was blieb auf der Strecke, was hallt bis heute nach?<\/p>\n<p>Zusammen mit dem Komitee f\u00fcr Grundrechte und Demokratie e.V. wollen wir uns dazu am 1. Februar 2021 um 19 Uhr auf Twitter Spaces treffen und mit euch diskutieren!<\/p>\n<audio class=\"wp-audio-shortcode\" id=\"audio-19773-1\" preload=\"none\" style=\"width: 100%;\" controls=\"controls\"><source type=\"audio\/mpeg\" src=\"https:\/\/archiv.cilip.de\/Audio\/20220202_CILIP_VA_Polizeigesetze.mp3?_=1\" \/><a href=\"https:\/\/archiv.cilip.de\/Audio\/20220202_CILIP_VA_Polizeigesetze.mp3\">https:\/\/archiv.cilip.de\/Audio\/20220202_CILIP_VA_Polizeigesetze.mp3<\/a><\/audio>\n<p><em>Veranstaltet vom Institut f\u00fcr B\u00fcrgerrechte &amp; \u00f6ffentliche Sicherheit e.V. und dem Komitee f\u00fcr Grundrechte und Demokratie e.V.<\/em><!--more--><\/p>\n<p><img loading=\"lazy\" decoding=\"async\" class=\"alignleft size-large wp-image-19782\" src=\"https:\/\/www.cilip.de\/wp-content\/uploads\/2022\/01\/20220201_Veranstaltung_Polizeigesetze_1-1024x1024.jpeg\" alt=\"\" width=\"474\" height=\"474\" srcset=\"https:\/\/wp-dev.daten.cool\/wp-content\/uploads\/2022\/01\/20220201_Veranstaltung_Polizeigesetze_1-1024x1024.jpeg 1024w, https:\/\/wp-dev.daten.cool\/wp-content\/uploads\/2022\/01\/20220201_Veranstaltung_Polizeigesetze_1-300x300.jpeg 300w, https:\/\/wp-dev.daten.cool\/wp-content\/uploads\/2022\/01\/20220201_Veranstaltung_Polizeigesetze_1-150x150.jpeg 150w, https:\/\/wp-dev.daten.cool\/wp-content\/uploads\/2022\/01\/20220201_Veranstaltung_Polizeigesetze_1-768x768.jpeg 768w, https:\/\/wp-dev.daten.cool\/wp-content\/uploads\/2022\/01\/20220201_Veranstaltung_Polizeigesetze_1.jpeg 1080w\" sizes=\"auto, (max-width: 474px) 100vw, 474px\" \/><\/p>\n<p><em>Beitragsbild: <a href=\"https:\/\/www.euractiv.com\/section\/justice-home-affairs\/news\/eu-should-advance-foreign-intelligence-gathering-eu-lawmaker-says\/\">Sebastian Weiermann<\/a>.<\/em><\/p>\n","protected":false},"excerpt":{"rendered":"<p>Die letzten f\u00fcnf Jahre waren gepr\u00e4gt von Versch\u00e4rfungen der Polizeigesetze vieler Bundesl\u00e4nder. Zehntausende haben in<\/p>\n","protected":false},"author":2,"featured_media":19788,"comment_status":"open","ping_status":"open","sticky":false,"template":"","format":"standard","meta":{"footnotes":""},"categories":[150],"tags":[],"class_list":["post-19773","post","type-post","status-publish","format-standard","has-post-thumbnail","hentry","category-veranstaltungen"],"_links":{"self":[{"href":"https:\/\/wp-dev.daten.cool\/index.php?rest_route=\/wp\/v2\/posts\/19773","targetHints":{"allow":["GET"]}}],"collection":[{"href":"https:\/\/wp-dev.daten.cool\/index.php?rest_route=\/wp\/v2\/posts"}],"about":[{"href":"https:\/\/wp-dev.daten.cool\/index.php?rest_route=\/wp\/v2\/types\/post"}],"author":[{"embeddable":true,"href":"https:\/\/wp-dev.daten.cool\/index.php?rest_route=\/wp\/v2\/users\/2"}],"replies":[{"embeddable":true,"href":"https:\/\/wp-dev.daten.cool\/index.php?rest_route=%2Fwp%2Fv2%2Fcomments&post=19773"}],"version-history":[{"count":0,"href":"https:\/\/wp-dev.daten.cool\/index.php?rest_route=\/wp\/v2\/posts\/19773\/revisions"}],"wp:featuredmedia":[{"embeddable":true,"href":"https:\/\/wp-dev.daten.cool\/index.php?rest_route=\/wp\/v2\/media\/19788"}],"wp:attachment":[{"href":"https:\/\/wp-dev.daten.cool\/index.php?rest_route=%2Fwp%2Fv2%2Fmedia&parent=19773"}],"wp:term":[{"taxonomy":"category","embeddable":true,"href":"https:\/\/wp-dev.daten.cool\/index.php?rest_route=%2Fwp%2Fv2%2Fcategories&post=19773"},{"taxonomy":"post_tag","embeddable":true,"href":"https:\/\/wp-dev.daten.cool\/index.php?rest_route=%2Fwp%2Fv2%2Ftags&post=19773"}],"curies":[{"name":"wp","href":"https:\/\/api.w.org\/{rel}","templated":true}]}}