{"id":19808,"date":"2022-02-04T16:47:24","date_gmt":"2022-02-04T16:47:24","guid":{"rendered":"https:\/\/www.cilip.de\/?p=19808"},"modified":"2022-02-04T16:47:24","modified_gmt":"2022-02-04T16:47:24","slug":"neustart-der-eu-us-migrationsplattform","status":"publish","type":"post","link":"https:\/\/wp-dev.daten.cool\/?p=19808","title":{"rendered":"Neustart der EU-US-Migrationsplattform"},"content":{"rendered":"<p>Auf ihrem j\u00fcngsten Treffen im Dezember des vergangenen Jahres in Washington haben die Justiz- und Innenminister*innen der EU und der USA ihre 2015 eingeschlafene \u201eMigrationsplattform\u201c neu gestartet.<a href=\"#_ftn1\" name=\"_ftnref1\">[1]<\/a> Zwei Mal im Jahr wollen sich die zust\u00e4ndigen Ministerien dort \u00fcber Entwicklungen ihrer jeweiligen Migrations- und Asylpolitik austauschen. Hierzu geh\u00f6ren die \u201eVerhinderung der irregul\u00e4ren Migration\u201c, die \u201eBek\u00e4mpfung von Schleuserkriminalit\u00e4t und Menschenhandel\u201c und \u201eHerausforderungen, die sich aus der Lage in Afghanistan ergeben\u201c.<!--more--><\/p>\n<p>F\u00fcr die USA nahmen der Generalstaatsanwalt Merrick B. Garland und der Minister f\u00fcr Innere Sicherheit Alejandro N. Mayorkas an dem hochrangigen Treffen teil. Die EU wurde durch den Kommissar f\u00fcr Justiz Didier Reynders und die Kommissarin f\u00fcr Inneres Ylva Johansson vertreten, ebenfalls eingeladen waren der EU-Koordinator f\u00fcr die Terrorismusbek\u00e4mpfung Ilkka Salmi, die Exekutivdirektorin von Europol Catherine de Bolle und der Eurojust-Pr\u00e4sident Ladislav Hamran.<\/p>\n<p>Auch die Lage an der belarussischen Grenze mit Polen, Litauen und Lettland war Thema der Zusammenkunft. In ihrer anschlie\u00dfenden Erkl\u00e4rung verurteilten die USA und die EU \u201eauf das Sch\u00e4rfste die staatlich gef\u00f6rderte Instrumentalisierung und Ausbeutung von Migranten\u201c. Durch die gemeinsame Zusammenarbeit sollten \u201ederartige Ph\u00e4nomene\u201c in Zukunft verhindert werden. Hierzu wollen die Beteiligten vor allem ihre \u201eKontakte zu den betreffenden Drittl\u00e4ndern\u201c nutzen. Konkretisiert wurden diese nicht, es d\u00fcrfte sich aber um Regierungen wie der des Irak handeln, die durch diplomatischen Druck zur Organisierung von R\u00fcckf\u00fchrungsfl\u00fcgen von Asylsuchenden aus Belarus gedr\u00e4ngt wurde.<a href=\"#_ftn2\" name=\"_ftnref2\">[2]<\/a><\/p>\n<p>Weitere Themen des EU-US-Treffens waren die Umsetzung des neuen, zweiten Zusatzprotokolls des Budapester \u00dcbereinkommens \u00fcber Cyberkriminalit\u00e4t, der Kampf gegen Cyberkriminalit\u00e4t und Ransomware, die Bek\u00e4mpfung des sexuellen Missbrauchs von Kindern, der Einsatz von K\u00fcnstlicher Intelligenz und die Weitergabe milit\u00e4rischer Daten an Europol.<\/p>\n<h6><a href=\"#_ftnref1\" name=\"_ftn1\">[1]<\/a>\u00a0\u00a0 Joint EU-U.S. statement following the EU-U.S. Justice and Home Affairs Ministerial Meeting, <a href=\"http:\/\/www.consilium.europa.eu\/de\/press\/press-releases\/2021\/12\/17\/joint-eu-u-s-statement-following-the-eu-u-s-justice-and-home-affairs-ministerial-meeting-washington-d-c-16-december-2021\">www.consilium.europa.eu\/de\/press\/press-releases\/2021\/12\/17\/joint-eu-u-s-statement-following-the-eu-u-s-justice-and-home-affairs-ministerial-meeting-washington-d-c-16-december-2021<\/a>. Auch mit Kanada startete die EU 2016 eine \u201eMigrationsplattform\u201d.<\/h6>\n<h6><a href=\"#_ftnref2\" name=\"_ftn2\">[2]<\/a>\u00a0\u00a0 Irakische Beh\u00f6rden fliegen seit November rund 4.000 Migranten zur\u00fcck, ZEIT v. 16.1.2022<\/h6>\n<h3>Beitragsbild: <a href=\"https:\/\/www.consilium.europa.eu\/de\/meetings\/international-summit\/2021\/06\/15\/\">Rat der EU<\/a>.<\/h3>\n","protected":false},"excerpt":{"rendered":"<p>Auf ihrem j\u00fcngsten Treffen im Dezember des vergangenen Jahres in Washington haben die Justiz- und<\/p>\n","protected":false},"author":3,"featured_media":19811,"comment_status":"open","ping_status":"open","sticky":false,"template":"","format":"standard","meta":{"footnotes":""},"categories":[132,145],"tags":[],"class_list":["post-19808","post","type-post","status-publish","format-standard","has-post-thumbnail","hentry","category-cilip-128","category-meldungen-europa"],"_links":{"self":[{"href":"https:\/\/wp-dev.daten.cool\/index.php?rest_route=\/wp\/v2\/posts\/19808","targetHints":{"allow":["GET"]}}],"collection":[{"href":"https:\/\/wp-dev.daten.cool\/index.php?rest_route=\/wp\/v2\/posts"}],"about":[{"href":"https:\/\/wp-dev.daten.cool\/index.php?rest_route=\/wp\/v2\/types\/post"}],"author":[{"embeddable":true,"href":"https:\/\/wp-dev.daten.cool\/index.php?rest_route=\/wp\/v2\/users\/3"}],"replies":[{"embeddable":true,"href":"https:\/\/wp-dev.daten.cool\/index.php?rest_route=%2Fwp%2Fv2%2Fcomments&post=19808"}],"version-history":[{"count":0,"href":"https:\/\/wp-dev.daten.cool\/index.php?rest_route=\/wp\/v2\/posts\/19808\/revisions"}],"wp:featuredmedia":[{"embeddable":true,"href":"https:\/\/wp-dev.daten.cool\/index.php?rest_route=\/wp\/v2\/media\/19811"}],"wp:attachment":[{"href":"https:\/\/wp-dev.daten.cool\/index.php?rest_route=%2Fwp%2Fv2%2Fmedia&parent=19808"}],"wp:term":[{"taxonomy":"category","embeddable":true,"href":"https:\/\/wp-dev.daten.cool\/index.php?rest_route=%2Fwp%2Fv2%2Fcategories&post=19808"},{"taxonomy":"post_tag","embeddable":true,"href":"https:\/\/wp-dev.daten.cool\/index.php?rest_route=%2Fwp%2Fv2%2Ftags&post=19808"}],"curies":[{"name":"wp","href":"https:\/\/api.w.org\/{rel}","templated":true}]}}