{"id":19852,"date":"2022-02-11T10:20:09","date_gmt":"2022-02-11T10:20:09","guid":{"rendered":"https:\/\/www.cilip.de\/?p=19852"},"modified":"2022-02-11T10:20:09","modified_gmt":"2022-02-11T10:20:09","slug":"berliner-polizei-verlaengert-taser-pilotprojekt","status":"publish","type":"post","link":"https:\/\/wp-dev.daten.cool\/?p=19852","title":{"rendered":"Berliner Polizei verl\u00e4ngert Taser-Pilotprojekt"},"content":{"rendered":"<p><strong>Andere Bundesl\u00e4nder setzen \u201eDistanzelektroimpulsger\u00e4te\u201c bereits im Streifendienst ein, bundesweit sind mindestens sechs Menschen nach deren Einsatz gestorben.<\/strong><\/p>\n<p>Seit vier Jahren testet die Polizei in Berlin die Nutzung von Tasern auch f\u00fcr die allt\u00e4gliche Arbeit, bis dahin war dies lediglich Spezialeinheiten vorbehalten. Das Projekt geht auf eine Idee des fr\u00fcheren CDU-Innensenators Frank Henkel zur\u00fcck, umgesetzt wurde es ab 2015 durch seinen SPD-Nachfolger Andreas Geisel.<\/p>\n<p>Die Polizeiabschnitte 53 (Kreuzberg) und 57 (Mitte) sind daf\u00fcr mit jeweils zehn der \u201eDistanzelektroimpulsger\u00e4te\u201c (DEIG) ausgestattet, \u00fcber weitere acht Ger\u00e4te verf\u00fcgt die \u201eBrennpunkt-und Pr\u00e4senzeinheit\u201c der Polizeidirektion 5 (City). Das schreibt die Innenverwaltung in der <a href=\"http:\/\/www.cilip.de\/wp-content\/uploads\/2022\/02\/S19-10716.pdf\">Antwort<\/a> auf eine Anfrage des innenpolitischen Sprechers der Linksfraktion, Niklas Schrader. Insgesamt seien f\u00fcr das Projekt 40 Taser beschafft worden. Zahlen f\u00fcr das SEK werden \u201eaus einsatztaktischen Gr\u00fcnden\u201c nicht genannt.<!--more--><\/p>\n<h4>Lichtbogen und Laser zur Abschreckung<\/h4>\n<p>Die bei der Polizei gebr\u00e4uchlichen Ger\u00e4te stammen von der Firma Axon (fr\u00fcher &#8222;Taser&#8220;, was sich daher als Bezeichnung f\u00fcr DEIG etabliert hat), die weltweit marktf\u00fchrend ist. Sie verschie\u00dfen zwei Elektroden, die an Dr\u00e4hten befestigt sind und wenige Millimeter in die Haut eindringen. Das Gegen\u00fcber wird so in bis zu zehn Metern Entfernung durch einen Stromimpuls f\u00fcr einige Sekunden gel\u00e4hmt. Wird das Ger\u00e4t scharf gestellt, zeigt es einen Lichtbogen zwischen den Elektroden. Das Ziel wird zudem mit einem farbigen Laser anvisiert. Dies soll die potentiellen Opfer eines Einsatzes einsch\u00fcchtern.<\/p>\n<p>Insgesamt hat die Berliner Polizei f\u00fcr die Taser, Zubeh\u00f6r und \u201eMunition\u201c 144.102 Euro ausgegeben, darin enthalten sind auch die Wartung der Systeme sowie daf\u00fcr genutzte Software. Derzeit sind 69 Beamt:innen f\u00fcr den Einsatz an einem DEIG geschult. Der auf drei Jahre angelegte Pilotversuch wurde zun\u00e4chst bis Jahresende 2021 verl\u00e4ngert, laut der Antwort l\u00e4uft er nun bis zum 31. Dezember 2022. Dann will der Senat entscheiden, ob weitere Dienststellen mit Tasern ausgestattet werden. F\u00e4llt diese Entscheidung negativ aus, werden die DEIG dem SEK zur Verf\u00fcgung gestellt.<\/p>\n<p>Seit Beginn des Probelaufs 2017 ist der Taser 15 Mal ausgel\u00f6st worden. <a href=\"https:\/\/taz.de\/Ausruestung-der-Berliner-Polizei\/!5822007\/\">In noch mehr F\u00e4llen<\/a> wurde der Einsatz lediglich angedroht. In s\u00e4mtlichen Situationen h\u00e4tten die Voraussetzungen f\u00fcr den Schusswaffengebrauch vorgelegen (das ist auch erforderlich, da es keine eigene Rechtsgrundlage f\u00fcr den Einsatz der DEIG gibt und sie daher rechtlich wie eine Schusswaffe zu behandeln sind). Das SEK hat die DEIG in den letzten f\u00fcnf Jahren in 18 Situationen ausgel\u00f6st. In drei Eins\u00e4tzen wurden sie in Berlin zur Verhinderung eines Suizids genutzt, laut der Antwort verliefen diese erfolgreich.<\/p>\n<p>Etwaige Komplikationen sind dem Senat nach eigener Auskunft nicht bekannt. <a href=\"https:\/\/pardok.parlament-berlin.de\/starweb\/adis\/citat\/VT\/18\/SchrAnfr\/s18-18501.pdf\">In einer fr\u00fcheren Antwort<\/a> auf eine parlamentarische Anfrage von Niklas Schrader hie\u00df es, die Eins\u00e4tze hinterlie\u00dfen \u201elediglich kleine Wundmale durch die Elektroden\u201c. Die Betroffenen seien anschlie\u00dfend \u00e4rztlich versorgt worden.<\/p>\n<h4 align=\"left\">Pilotprojekt auch bei der Bundespolizei<\/h4>\n<p align=\"left\">In Deutschland werden Taser seit der Jahrtausendwende von der Polizei in allen Bundesl\u00e4ndern genutzt, allerdings bis vor wenigen Jahren ausschlie\u00dflich <a href=\"https:\/\/www.zeit.de\/news\/2021-12\/27\/taser-bilanz-faellt-in-laendern-unterschiedlich-aus\">durch Sondereinsatzkommandos<\/a>. In Sachsen, Th\u00fcringen und Sachsen-Anhalt ist dies <a href=\"https:\/\/www.mdr.de\/nachrichten\/deutschland\/gesellschaft\/polizei-sek-taser-elektroschock-pistole-100.html\">auch weiterhin der Fall<\/a>, in Bayern sind sie mittlerweile auch f\u00fcr die 30 Einsatzeinheiten der Bereitschaftspolizei verf\u00fcgbar. Nordrhein-Westfalen, Hessen, Rheinland-Pfalz und das Saarland haben die Ausweitung f\u00fcr den Streifendienst beschlossen. In Bremen sprach sich die B\u00fcrgerschaft <a href=\"https:\/\/www.weser-kurier.de\/bremen\/keine-mehrheit-fuer-einfuehrung-von-taser-bei-der-bremer-polizei-doc7fbp22bpr481ga73avi\">dagegen aus<\/a>, eine Ausnahme <a href=\"https:\/\/www.butenunbinnen.de\/nachrichten\/taser-elektroschocker-polizei-bremerhaven-100.html\">gibt es aber f\u00fcr Bremerhaven<\/a>. Auch Brandenburg <a href=\"https:\/\/www.rbb24.de\/panorama\/beitrag\/2021\/12\/berlin-brandenburg-polizei-mehr-taser-einsatz-elektroschock.html\">erw\u00e4gt<\/a> die fl\u00e4chendeckende Einf\u00fchrung. Ein weiteres Pilotprojekt hat die Bundespolizei in Berlin, Kaiserslautern und Frankfurt\/Main-Hauptbahnhof <a href=\"https:\/\/www.heise.de\/tp\/features\/Taser-bei-der-Bundespolizei-Schuesse-moeglichst-von-hinten-4921696.html\">begonnen<\/a>.<\/p>\n<p>In Nordrhein-Westfalen sollen DEIG <a href=\"https:\/\/polizei.nrw\/artikel\/angreifer-geben-auf\">grunds\u00e4tzlich nicht genutzt werden<\/a>, &#8222;wenn das polizeiliche Gegen\u00fcber erkennbar in einem fortgeschrittenen Lebensalter, k\u00f6rperlich gebrechlich, schwanger oder dem \u00e4u\u00dferen Eindruck nach noch nicht 14 Jahre alt ist&#8220;. Bei der Bundespolizei sollen die Beamt*innen <a href=\"https:\/\/fragdenstaat.de\/dokumente\/7558-gmbl-taser\/\">laut einer Verwaltungsvorschrift<\/a> Sch\u00fcsse &#8222;m\u00f6glichst gegen den R\u00fccken&#8220; oder auf den unteren Oberk\u00f6rper der Zielperson abfeuern. Nicht erlaubt ist die gleichzeitige Nutzung zweier Ger\u00e4te gegen eine Person.Auf Kinder darf geschossen werden, wenn es sich um Notwehr oder Nothilfe handelt.<\/p>\n<p align=\"left\"><a href=\"https:\/\/polizeischuesse.cilip.de\/taser\">In den vergangenen drei Jahren<\/a> sind in Deutschland sechs Personen nach Taser-Eins\u00e4tzen gestorben, davon je zwei in Rheinland-Pfalz und Hessen, zwei weitere in Bayern und Niedersachsen. Alle t\u00f6dlichen Eins\u00e4tze erfolgten in Wohnh\u00e4usern, meist befanden sich die Betroffenen in einer psychischen Ausnahmesituation.<\/p>\n<h3 align=\"left\">Beitragsbild: <span class=\"media-license-caption\">Innenministerium<a href=\"https:\/\/polizei.nrw\/artikel\/angreifer-geben-auf\"> NRW\/ Tim Wegner<\/a><\/span>.<\/h3>\n","protected":false},"excerpt":{"rendered":"<p>Andere Bundesl\u00e4nder setzen \u201eDistanzelektroimpulsger\u00e4te\u201c bereits im Streifendienst ein, bundesweit sind mindestens sechs Menschen nach deren<\/p>\n","protected":false},"author":3,"featured_media":19853,"comment_status":"open","ping_status":"open","sticky":false,"template":"","format":"standard","meta":{"footnotes":""},"categories":[5],"tags":[284,348,426,1010,1274,1410],"class_list":["post-19852","post","type-post","status-publish","format-standard","has-post-thumbnail","hentry","category-blog","tag-berlin","tag-bundespolizei","tag-deig","tag-nrw","tag-sek","tag-taser"],"_links":{"self":[{"href":"https:\/\/wp-dev.daten.cool\/index.php?rest_route=\/wp\/v2\/posts\/19852","targetHints":{"allow":["GET"]}}],"collection":[{"href":"https:\/\/wp-dev.daten.cool\/index.php?rest_route=\/wp\/v2\/posts"}],"about":[{"href":"https:\/\/wp-dev.daten.cool\/index.php?rest_route=\/wp\/v2\/types\/post"}],"author":[{"embeddable":true,"href":"https:\/\/wp-dev.daten.cool\/index.php?rest_route=\/wp\/v2\/users\/3"}],"replies":[{"embeddable":true,"href":"https:\/\/wp-dev.daten.cool\/index.php?rest_route=%2Fwp%2Fv2%2Fcomments&post=19852"}],"version-history":[{"count":0,"href":"https:\/\/wp-dev.daten.cool\/index.php?rest_route=\/wp\/v2\/posts\/19852\/revisions"}],"wp:featuredmedia":[{"embeddable":true,"href":"https:\/\/wp-dev.daten.cool\/index.php?rest_route=\/wp\/v2\/media\/19853"}],"wp:attachment":[{"href":"https:\/\/wp-dev.daten.cool\/index.php?rest_route=%2Fwp%2Fv2%2Fmedia&parent=19852"}],"wp:term":[{"taxonomy":"category","embeddable":true,"href":"https:\/\/wp-dev.daten.cool\/index.php?rest_route=%2Fwp%2Fv2%2Fcategories&post=19852"},{"taxonomy":"post_tag","embeddable":true,"href":"https:\/\/wp-dev.daten.cool\/index.php?rest_route=%2Fwp%2Fv2%2Ftags&post=19852"}],"curies":[{"name":"wp","href":"https:\/\/api.w.org\/{rel}","templated":true}]}}