{"id":19860,"date":"2022-03-03T20:22:38","date_gmt":"2022-03-03T20:22:38","guid":{"rendered":"https:\/\/www.cilip.de\/?p=19860"},"modified":"2022-03-03T20:22:38","modified_gmt":"2022-03-03T20:22:38","slug":"redaktionsmitteilung-43","status":"publish","type":"post","link":"https:\/\/wp-dev.daten.cool\/?p=19860","title":{"rendered":"Redaktionsmitteilung"},"content":{"rendered":"<p>Ist die Europ\u00e4ische Union mit ihrem \u201eRaum der Freiheit, der Sicherheit und des Rechts\u201c ein Staat neuer Pr\u00e4gung? Diese Frage hat unseren geliebten Freund und Mitstreiter Heiner Busch seit dem Amsterdamer Vertrag 1997 bis zu seinem viel zu fr\u00fchen Tod am 21. September des letzten Jahres umgetrieben. Von ihm stammt auch der Vorschlag f\u00fcr ein Heft, das auch fr\u00fchere CILIP-Analysen auf ihre Brauchbarkeit abklopft: Handelt es sich bei der EU um ein Staatengebilde mit einem Recht, das vor allem Befugnisse, aber wenig Grenzen kennt? Ist es ein exekutivlastiges Konstrukt mit polizeilichen Agenturen und einer Europ\u00e4ischen Staatsanwaltschaft, das neu(artig)e Institutionen im Bereich der staatlichen Gewalt geschaffen hat?<!--more--><\/p>\n<p>Die Grundsatzfrage, der Heiner mit uns nachgehen wollte, lautete, \u201eob meine alte These noch stimmt oder durch die diversen \u201aKrisen\u2018 \u00fcberholt ist\u201c? Zuerst die \u201eEurokrise\u201c, dann die \u201eFl\u00fcchtlingskrise\u201c, schlie\u00dflich der Brexit und die \u201eRechtsstaatskrise\u201c. Tats\u00e4chlich scheinen die gl\u00fccklichen Zeiten des Ausbaus, der Vertiefung und Erweiterung der EU vor\u00fcber, immer mehr Nationalstaaten pochen auf ihre Souver\u00e4nit\u00e4t, der grenzkontrollfreie Schengenraum br\u00f6ckelt weiter. Sogar vom Auseinanderfallen der EU ist die Rede. Gleichzeitig fordern sozialdemokratische, liberale und konservative Politiker*innen ein EU-Kriminalamt nach Vorbild des US-FBI, und mit der \u201eKategorie 1\u201c hat Frontex erstmalig eine bewaffnete EU-Polizeitruppe geschaffen. Kann sich die EU also nur noch gegen grenz\u00fcberschreitende \u201eKrisen\u201c als Staatenbund zusammenraufen? Was h\u00e4tte Heiner gesagt?<\/p>\n<p>***<\/p>\n<p>Die n\u00e4chste Ausgabe von B\u00fcrgerrechte &amp; Polizei\/CILIP befasst sich mit einem vielerorts als \u201eClankriminalit\u00e4t\u201c bezeichneten Ph\u00e4nomen. Der herrschende Diskurs meint damit nicht den Cum-Ex-Skandal, sondern verortet deren Epizentrum in Shisha-Bars migrantisch gepr\u00e4gter Viertel deutscher Gro\u00dfst\u00e4dte.<\/p>\n","protected":false},"excerpt":{"rendered":"<p>Ist die Europ\u00e4ische Union mit ihrem \u201eRaum der Freiheit, der Sicherheit und des Rechts\u201c ein<\/p>\n","protected":false},"author":3,"featured_media":19859,"comment_status":"open","ping_status":"open","sticky":false,"template":"","format":"standard","meta":{"footnotes":""},"categories":[132,141],"tags":[],"class_list":["post-19860","post","type-post","status-publish","format-standard","has-post-thumbnail","hentry","category-cilip-128","category-editorials"],"_links":{"self":[{"href":"https:\/\/wp-dev.daten.cool\/index.php?rest_route=\/wp\/v2\/posts\/19860","targetHints":{"allow":["GET"]}}],"collection":[{"href":"https:\/\/wp-dev.daten.cool\/index.php?rest_route=\/wp\/v2\/posts"}],"about":[{"href":"https:\/\/wp-dev.daten.cool\/index.php?rest_route=\/wp\/v2\/types\/post"}],"author":[{"embeddable":true,"href":"https:\/\/wp-dev.daten.cool\/index.php?rest_route=\/wp\/v2\/users\/3"}],"replies":[{"embeddable":true,"href":"https:\/\/wp-dev.daten.cool\/index.php?rest_route=%2Fwp%2Fv2%2Fcomments&post=19860"}],"version-history":[{"count":0,"href":"https:\/\/wp-dev.daten.cool\/index.php?rest_route=\/wp\/v2\/posts\/19860\/revisions"}],"wp:featuredmedia":[{"embeddable":true,"href":"https:\/\/wp-dev.daten.cool\/index.php?rest_route=\/wp\/v2\/media\/19859"}],"wp:attachment":[{"href":"https:\/\/wp-dev.daten.cool\/index.php?rest_route=%2Fwp%2Fv2%2Fmedia&parent=19860"}],"wp:term":[{"taxonomy":"category","embeddable":true,"href":"https:\/\/wp-dev.daten.cool\/index.php?rest_route=%2Fwp%2Fv2%2Fcategories&post=19860"},{"taxonomy":"post_tag","embeddable":true,"href":"https:\/\/wp-dev.daten.cool\/index.php?rest_route=%2Fwp%2Fv2%2Ftags&post=19860"}],"curies":[{"name":"wp","href":"https:\/\/api.w.org\/{rel}","templated":true}]}}