{"id":19905,"date":"2022-02-21T21:22:21","date_gmt":"2022-02-21T21:22:21","guid":{"rendered":"https:\/\/www.cilip.de\/?p=19905"},"modified":"2022-02-21T21:22:21","modified_gmt":"2022-02-21T21:22:21","slug":"politisch-motivierte-kriminalitaet-nicht-zuzuordnen","status":"publish","type":"post","link":"https:\/\/wp-dev.daten.cool\/?p=19905","title":{"rendered":"Politisch Motivierte Kriminalit\u00e4t \u2013 nicht zuzuordnen"},"content":{"rendered":"<p>Bereits im Januar wurde bekannt, dass die Zahlen der \u201ePolitisch Motivierten Kriminalit\u00e4t\u201c (PMK) im Vergleich zum Vorjahr stark gestiegen waren. Der Anstieg ist vor allem auf den Ph\u00e4nomenbereich \u201ePMK \u2013 nicht zuzuordnen\u201c zur\u00fcckzuf\u00fchren. Aus einer Antwort auf eine Kleine Anfrage im Bundestag gehen Details hierzu hervor.<a href=\"#_ftn1\" name=\"_ftnref1\">[1]<\/a> Demnach waren von 47.303 Straftaten (+\u00a06% zum Vorjahr) insgesamt 21.259 nicht den klassischen Ph\u00e4nomenbereichen zuzuordnen, darunter 1.437 Gewaltdelikte. Insgesamt wurden 1.396 der Straftaten im Themenfeld \u201eHass\u00adkriminalit\u00e4t\u201c erfasst, davon in den einzelnen Unterkategorien \u201eantisemitisch\u201c 280, \u201eausl\u00e4nderfeindlich, \u201efremdenfeindlich\u201c sowie \u201eRassismus\u201c insgesamt 839 und \u201esexuelle Orientierung\u201c 564. 3.497 der Straftaten richteten sich gegen Amts- und Mandatstr\u00e4ger*innen, davon 379 Gewalttaten. Von den 9.603 bekannten Tatverd\u00e4chtigen waren 1.041 bereits mit politisch motivierten Straftaten polizeilich in Erscheinung getreten, 2.258 in der allgemeinen Kriminalit\u00e4t.<!--more--><\/p>\n<p>Viele der Straftaten sind vermutlich den Protesten gegen die Corona-Ma\u00dfnahmen bzw. ihrem Umfeld geschuldet, hinzu kommt seit einigen Jahren die Rubrik \u201eReichsb\u00fcrger\/Selbstverwalter\u201c. Daf\u00fcr hat die Polizei erst zu diesem Jahr ein Themenfeld f\u00fcr die Corona-Pandemie eingerichtet; einschl\u00e4gige Straftaten werden nun mit dem Schlagwort \u201eCov#19\u201c versehen. F\u00fcr \u201eReichsb\u00fcrger\/Selbstverwalter\u201c existiert in der Statistik eine gleichnamige Kategorie.<\/p>\n<p>Eine Debatte \u00fcber die Frage, wie weit Straftaten beider Themen jedenfalls weitgehend der PMK-rechts zuzuordnen sind, kommt nur schwer in Gang. Das Bundesamt f\u00fcr Verfassungsschutz (BfV) hat neben dem neuen Ph\u00e4nomenbereich \u201eReichsb\u00fcrger\/Selbstverwalter\u201c 2021 nun auch \u201eDemokratiefeindliche und\/oder sicherheitsgef\u00e4hrdende Delegitimierung des Staates\u201c als Sammelbeobachtungsobjekt f\u00fcr die Corona-Ma\u00dfnahmengegner*innen etabliert. Damit wird auch innerhalb der Sicherheitsbeh\u00f6rden eine Debatte vermieden, inwieweit hier eigentlich eine neue Auspr\u00e4gung des \u201eRechtsextremismus\u201c sichtbar wird, die in der PMK entsprechend einzuordnen w\u00e4re. Auch deshalb erfolgt dort nun die Kategorisierung als \u201enicht zuzuordnen\u201c; n\u00e4heres l\u00e4sst sich dann nur den genannten Themenfeldern, Angriffszielen und Schlagw\u00f6rtern entnehmen.<\/p>\n<h6><a href=\"#_ftnref1\" name=\"_ftn1\">[1]<\/a> \u00a0 BT-Drs. <span class=\"markedContent\"><span dir=\"ltr\" role=\"presentation\">20\/<\/span><span dir=\"ltr\" role=\"presentation\">772<\/span> v. <span dir=\"ltr\" role=\"presentation\">17.2.2022<\/span><\/span><\/h6>\n","protected":false},"excerpt":{"rendered":"<p>Bereits im Januar wurde bekannt, dass die Zahlen der \u201ePolitisch Motivierten Kriminalit\u00e4t\u201c (PMK) im Vergleich<\/p>\n","protected":false},"author":14,"featured_media":0,"comment_status":"open","ping_status":"open","sticky":false,"template":"","format":"standard","meta":{"footnotes":""},"categories":[132,146],"tags":[],"class_list":["post-19905","post","type-post","status-publish","format-standard","hentry","category-cilip-128","category-meldungen-inland"],"_links":{"self":[{"href":"https:\/\/wp-dev.daten.cool\/index.php?rest_route=\/wp\/v2\/posts\/19905","targetHints":{"allow":["GET"]}}],"collection":[{"href":"https:\/\/wp-dev.daten.cool\/index.php?rest_route=\/wp\/v2\/posts"}],"about":[{"href":"https:\/\/wp-dev.daten.cool\/index.php?rest_route=\/wp\/v2\/types\/post"}],"author":[{"embeddable":true,"href":"https:\/\/wp-dev.daten.cool\/index.php?rest_route=\/wp\/v2\/users\/14"}],"replies":[{"embeddable":true,"href":"https:\/\/wp-dev.daten.cool\/index.php?rest_route=%2Fwp%2Fv2%2Fcomments&post=19905"}],"version-history":[{"count":0,"href":"https:\/\/wp-dev.daten.cool\/index.php?rest_route=\/wp\/v2\/posts\/19905\/revisions"}],"wp:attachment":[{"href":"https:\/\/wp-dev.daten.cool\/index.php?rest_route=%2Fwp%2Fv2%2Fmedia&parent=19905"}],"wp:term":[{"taxonomy":"category","embeddable":true,"href":"https:\/\/wp-dev.daten.cool\/index.php?rest_route=%2Fwp%2Fv2%2Fcategories&post=19905"},{"taxonomy":"post_tag","embeddable":true,"href":"https:\/\/wp-dev.daten.cool\/index.php?rest_route=%2Fwp%2Fv2%2Ftags&post=19905"}],"curies":[{"name":"wp","href":"https:\/\/api.w.org\/{rel}","templated":true}]}}