{"id":20042,"date":"2022-04-06T18:42:59","date_gmt":"2022-04-06T18:42:59","guid":{"rendered":"https:\/\/www.cilip.de\/?p=20042"},"modified":"2022-04-06T18:42:59","modified_gmt":"2022-04-06T18:42:59","slug":"chronologie-maerz-2022","status":"publish","type":"post","link":"https:\/\/wp-dev.daten.cool\/?p=20042","title":{"rendered":"Chronologie M\u00e4rz 2022"},"content":{"rendered":"<h3>zusammengestellt von Otto Diederichs<\/h3>\n<p>1. M\u00e4rz: <b>Ermittlungen gegen Polizeibeamt*innen: <\/b>In Berlin <a href=\"https:\/\/www.morgenpost.de\/berlin\/polizeibericht\/article234775801\/berlin-polizei-feuerwehr-brand-ueberfall-feuer-unfall.html\">durchsucht die Polizei<\/a> die Wohnung und die Dienststelle eines ihrer Beamten wegen unerlaubtem Drogenbesitz. Zahlreiche Beweismittel werden sichergestellt; disziplinarrechtliche Schritte werden eingeleitet und die Staatsanwaltschaft (StA) ermittelt wegen Versto\u00df gegen das Bet\u00e4ubungsmittelgesetz. Am 7. M\u00e4rz teilt die Berliner Polizei mit, dass gegen einen ihrer Beamten wegen Datenmissbrauch, Stalking und Sachbesch\u00e4digung ermittelt wird. Der Mann hatte im September 2019 illegal mehrere 100 Daten von mehr als 10 Menschen aus dem Umfeld seiner fr\u00fcheren Freundin <a href=\"https:\/\/www.tagesspiegel.de\/berlin\/polizei-justiz\/verdacht-von-stalking-berliner-polizist-soll-illegal-daten-zu-ex-freundinnen-abgefragt-haben\/28139686.html\">aus dem Polizeilichen Informationssystem abgefragt<\/a>; er ist vom Dienst suspendiert. In die Ermittlungen wurde auch die Berliner Datenschutzbeauftragte einbezogen. Die StA in Bonn (NRW) teilt <a href=\"https:\/\/www.welt.de\/vermischtes\/article237705515\/Polizist-kniet-auf-Kopf-eines-Straftaeters-Untersuchung-laeuft.html\">am 22. M\u00e4rz<\/a> mit, dass gegen einen Beamten der Bonner Polizei ein Ermittlungsverfahren eingeleitet wurde. Wie ein Video dokumentiert, hatte der Beamte sich mehrfach auf den Kopf eines bereits gefesselten, mutma\u00dflichen Straft\u00e4ters gekniet, obwohl dieser keinen Widerstand leistete. <!--more--><\/p>\n<p><b>Umweltdemonstrationen:<\/b> Vor dem Landgericht (LG) Gie\u00dfen (Hessen) wird der Berufungsprozess gegen eine Baumbesetzerin des Dannenr\u00f6der Forstes fortgesetzt. Die Frau wird beschuldigt, bei der polizeilichen R\u00e4umung Polizist*innen getreten und geschlagen zu haben und deren Absturz dabei in Kauf genommen zu haben. Sie befindet sich seit <a href=\"https:\/\/www.faz.net\/aktuell\/gesellschaft\/kriminalitaet\/dannenroeder-forst-prozess-gegen-ella-findet-kein-ende-17843706.html\">November 2020 in Untersuchungshaft<\/a>. <a href=\"https:\/\/www.fr.de\/frankfurt\/frankfurt-klima-aktivistin-ella-hunger-streik-gericht-prozess-urteil-haft-a49-dannenroeder-wald-forst-91391390.html\">Am 3. M\u00e4rz<\/a> tritt sie in einen Hungerstreik. <a href=\"https:\/\/www.spiegel.de\/panorama\/justiz\/verwaltungsgericht-giessen-umweltaktivistin-soll-nach-protestaktion-polizeikosten-zahlen-a-76ae3135-d473-40de-8b4c-96f6f88c8c54\">Am 4. M\u00e4rz<\/a> verurteilt das Verwaltungsgericht (VG) Gie\u00dfen (Hessen) eine Umweltaktivistin, die sich von einer Autobahnbr\u00fccke abgeseilt hatte dazu, die Polizeikosten der Aktion in H\u00f6he von 13.393,90 EUR zu bezahlen. Das Urteil ist noch nicht rechtskr\u00e4ftig (Az: 4 K 2855\/21.Gl). Durch eine parlamentarische Anfrage der Linksfraktion im Berliner Abgeordnetenhaus gibt es in Zusammenhang mit den Autobahnblockaden <a href=\"https:\/\/www.morgenpost.de\/berlin\/article234768741\/270-Strafanzeigen-nach-Autobahn-Blockaden-von-Klimaschuetzern.html\">\u00fcber 270 Strafanzeigen und rund 120 Ordnungswidrigkeitsanzeigen<\/a> gegen Klimaaktivist*innen. <a href=\"https:\/\/www.morgenpost.de\/berlin\/article234828955\/Klimaaktivisten-kuendigen-neue-massive-Blockaden-an.html\">Am 18. M\u00e4rz<\/a> versuchen Klimaaktivist*innen erneut sich in Berlin auf Stra\u00dfen festzukleben um diese zu blockieren. \u00dcberwiegend werden sie von den bereits anwesenden Polizist*innen weggetragen, bevor der Sekundenkleber wirkt. Anl\u00e4sslich der Er\u00f6ffnung des Tesla-Werkes in Gr\u00fcnheide (Brandenburg) <a href=\"https:\/\/www.berliner-zeitung.de\/news\/klima-aktivisten-seilen-sich-ab-teile-der-autobahn-10-gesperrt-li.218238\">am 22. M\u00e4rz<\/a>, seilen sich Klimaaktivist*innen von einer Br\u00fccke \u00fcber der Autobahn ab. Die Polizei muss die Strecke sperren; der Verkehr ist stundenlang blockiert. Weitere Aktivist*innen blockieren die Werkstore.<\/p>\n<p><b>Organisierte Kriminalit\u00e4t (OK):<\/b> Vor einem <a href=\"https:\/\/www.mdr.de\/nachrichten\/thueringen\/mafia-untersuchungsausschuss-fido-polizeibeamtin-100.html\">Untersuchungsausschuss des Th\u00fcringer Landtages<\/a> zur Einstellung eines Ermittlungsverfahrens gegen die italienische Mafia sagt eine Beamtin des Bundeskriminalamtes (BKA) als Zeugin aus. Dabei erkl\u00e4rte sie u.a., dass der Staatsanwalt (StA), der weiter ermitteln wollte, \u00fcberraschend abgel\u00f6st und durch einen anderen StA ersetzt worden sei. <a href=\"https:\/\/www.morgenpost.de\/berlin\/polizeibericht\/article234695873\/Razzia-in-Berlin-fuenf-Festnahmen-im-Clan-Milieu.html\">Am gleichen Tag<\/a> durchsucht in Berlin die Polizei in mehreren Bezirken sieben Wohnungen und andere R\u00e4ume eines arabischen &#8222;Clans&#8220;; f\u00fcnf M\u00e4nner werden festgenommen. In mehreren St\u00e4dten in NRW durchsucht die Polizei <a href=\"https:\/\/www.faz.net\/aktuell\/gesellschaft\/kriminalitaet\/razzien-gegen-clan-kriminalitaet-verhaftungen-und-festnahmen-in-nrw-17873007.html\">am 12. und 13. M\u00e4rz<\/a> insgesamt 159 Objekte; 18 Haftbefehle werden vollstreckt und 140 Strafanzeigen erstattet. <a href=\"https:\/\/www.welt.de\/vermischtes\/article237886255\/Razzia-in-sechs-Bundeslaendern-gegen-illegales-Geldsystem-Hawala.html\">Am 30. M\u00e4rz<\/a> durchsuchen Polizei, Zoll und Steuerfahndung in sechs Bundesl\u00e4ndern insgesamt 39 H\u00e4user, Wohnungen und B\u00fcros von 32 Verd\u00e4chtigen unter dem Verdacht ein illegales Finanznetzwerk zur Geldw\u00e4sche zu betreiben. Sechs M\u00e4nner werden festgenommen; Konten, Bargeld, eine Gewerbeimmobilie und weitere Beweismittel werden beschlagnahmt. Durch Presseberichte wird <a href=\"https:\/\/www.spiegel.de\/panorama\/berlin-millionen-betrug-mit-corona-teststationen-polizei-verhaftet-verdaechtige-a-a427d2de-a237-42f8-b6cf-f0c7bbb1768f\">am 31. M\u00e4rz<\/a> bekannt, dass die Polizei im gesamten Stadtgebiet von Berlin Wohnungen, Kioske und Corona-Teststationen einer mutma\u00dflichen Betr\u00fcgerbande durchsucht hat, die durch falsche Krankenkassen-Abrechnungen rund sechs Mio. EUR ergaunert hat. Ein Mann und eine Frau werden festgenommen.<\/p>\n<p><b>Angriffe auf Polizist*innen:<\/b> In M\u00fcnchen (Bayern) wird die Polizei von einer Frau dar\u00fcber informiert, dass die Wohnungst\u00fcr ihrer Nachbarin offensteht. Als die Beamt*innen einen, in der Wohnung befindlichen Mann kontrollieren wollen, <a href=\"https:\/\/www.abendzeitung-muenchen.de\/muenchen\/stadtviertel\/kontrolle-in-neuhausen-eskaliert-mann-attackiert-polizisten-mit-eisenstange-art-796960\">greift er sie mit einer Eisenstange<\/a> an. <a href=\"https:\/\/www.fr.de\/rhein-main\/darmstadt\/weniger-einbrueche-mehr-kinderpornografie-in-suedhessen-91387029.html\">Am 3. M\u00e4rz<\/a> gibt der Polizeipr\u00e4sident von S\u00fcdhessen bekannt, dass dort im vergangenen Jahr 446 Polizeibeamt*innen im Dienst angegriffen wurden (2020: 294). Durch eine parlamentarische Anfrage der CDU-Fraktion im Berliner Abgeordnetenhaus wird <a href=\"https:\/\/www.tagesspiegel.de\/berlin\/bei-festnahmen-kontrollen-und-demonstrationen-mehr-als-8500-berliner-polizisten-von-widerstand-und-angriffen-betroffen\/28130842.html)\">am 4. M\u00e4rz<\/a> bekannt, dass es in der Stadt im vergangenen Jahr zu insgesamt 8.589 Angriffen auf Polizist*innen gekommen ist (2020: 7.505). <a href=\"https:\/\/www.sueddeutsche.de\/panorama\/kriminalitaet-dresden-streifenwagen-angegriffen-staatsschutz-ermittelt-dpa.urn-newsml-dpa-com-20090101-220308-99-431615\">Am 7. M\u00e4rz<\/a> wird die Polizei in Dresden (Sachsen) dar\u00fcber informiert, dass etwa zwei Dutzend Personen mit Fackeln und Nebelt\u00f6pfen durch die Stadt marschieren. Als ein Streifenwagen eintrifft, wird er sofort mit Gegenst\u00e4nden beworfen. Vor dem Amtsgericht (AG) Frankfurt\/M. (Hessen) beginnt der <a href=\"https:\/\/www.fr.de\/frankfurt\/frankfurt-ein-bisschen-freiheit-91397268.html\">Prozess gegen eine Corona-Leugnerin<\/a>, die bei einer Demonstration im November 2020 einem Polizisten zun\u00e4chst ihr Protestschild auf den Kopf geschlagen und sich danach in seinen Oberschenkel verbissen hatte. <a href=\"https:\/\/www.morgenpost.de\/berlin\/polizeibericht\/article234870317\/Lichtenberg-Autos-brennen-keine-Verletzten.html\">Am 20. M\u00e4rz<\/a> zieht in Berlin bei einer Fahrzeugkontrolle ein Mann eine Schusswaffe und bedroht die Polizeibeamt*innen; erst als diese ihrerseits einen Schusswaffengebrauch androhen, gibt er auf. Er wird festgenommen. Als mehrere Polizist*innen <a href=\"https:\/\/www.morgenpost.de\/berlin\/article234944753\/Abi-Feier-eskaliert-Schueler-zielt-mit-Pistole-auf-Polizist.html\">am 28. M\u00e4rz<\/a> in Berlin auf eine lautstarke Abiturientenfeier auf einem Spielplatz zugehen, zielt einer der Jugendlichen mit einer Pistole auf den Kopf eines Polizisten bevor er unerkannt in der Menge verschwindet. Ein weiterer Jugendlicher tr\u00e4gt eine Schutzweste und ebenfalls eine Pistole im G\u00fcrtel. Er wird vor\u00fcbergehend festgenommen. <a href=\"https:\/\/www.sueddeutsche.de\/panorama\/kriminalitaet-neubrandenburg-mutmasslicher-maskenverweigerer-greift-bundespolizisten-an-dpa.urn-newsml-dpa-com-20090101-220331-99-742423\">Am 30. M\u00e4rz<\/a> schl\u00e4gt auf dem Bahnhof Neubrandenburg (Brandenburg) ein Maskenverweigerer einem Beamten der Bundespolizei (BPol), der ihn auf die Maskenpflicht anspricht, mit der Faust ins Gesicht; dessen Kollegen w\u00fcrgt er. Er wird schlie\u00dflich \u00fcberw\u00e4ltigt und in Gewahrsam genommen.<\/p>\n<p>2. M\u00e4rz: <b>Rechtsextremismus:<\/b> Die Staatsanwaltschaft (StA) M\u00fcnchen best\u00e4tigt, dass ein Mann, der im Internet ein KZ-Eingangstor mit dem <a href=\"https:\/\/www.spiegel.de\/panorama\/justiz\/muenchen-mann-muss-2500-euro-strafe-wegen-impfung-macht-frei-eintrag-bei-facebook-zahlen-a-21e8dd42-d2b1-4c8a-bd17-369f3283a138\">Schriftzug \u201eImpfen macht frei\u201c<\/a> gepostet hat, wegen Volksverhetzung zu einer Geldstrafe von 2.500 EUR verurteilt worden ist. Durch eine parlamentarische Anfrage im brandenburgischen Landtag wird <a href=\"https:\/\/www.berliner-zeitung.de\/news\/brandenburg-rechtsradikale-begehen-mehr-rassistische-straftaten-li.215063\">am 3. M\u00e4rz<\/a> bekannt, dass es in dem Bundesland im vergangenen Jahr zu 200 rassistisch motivierten Straftaten kam (2020: 113 \/ 2019: 219); davon15 K\u00f6rperverletzungen (2020: 10). Zudem 52 F\u00e4lle von Beleidigung, Bedrohung und N\u00f6tigung (2020: 27). <a href=\"https:\/\/www.spiegel.de\/politik\/deutschland\/chemnitz-tausende-demonstrieren-fuer-frieden-und-demokratie-a-867ed113-9d4e-4fe2-8f96-0ff182979f17\">Am 5. M\u00e4rz<\/a>, an dem in Chemnitz (Sachsen) an die Zerst\u00f6rung der Stadt im Zweiten Weltkrieg gedacht wird, marschieren 1.500 Anh\u00e4nger der rechtsextremistischen Kleinpartei \u201eFreie Sachsen\u201c durch die Stadt. Ebenfalls in Chemnitz (Sachsen) wird <a href=\"https:\/\/www.spiegel.de\/panorama\/justiz\/chemnitz-museumschef-attackiert-offenbar-hinweise-auf-rechten-hintergrund-a-ed547e00-7003-47fb-aefc-f50bc9720ffd\">am 10. M\u00e4rz<\/a> ein Mann, der mehrere Jugendliche anspricht, die Naziparolen rufen, von diesen zusammengeschlagen. Dabei rufen sie den Hitlergru\u00df; die Polizei kann f\u00fcnf Verd\u00e4chtige stellen. <a href=\"https:\/\/www.spiegel.de\/politik\/deutschland\/nancy-faeser-stellt-zehn-punkte-plan-gegen-rechtsextremismus-vor-a-ac52b78d-1dde-4989-8d46-f5a90b0cae4b\">Am 15. M\u00e4rz<\/a> stellt Bundesinnenministerin Nancy Faeser (SPD) einen Aktionsplan gegen Rechtsextremismus vor; darin sind etwa 1.500 Personen geheimdienstlich erfasst. Auf dem Flughafen Frankfurt\/M. (Hessen) verweigert die BPol <a href=\"https:\/\/www.spiegel.de\/politik\/deutschland\/frankfurt-polizei-verweigert-spanischer-rechtsextremistin-isabel-peralta-die-einreise-a-8b2927ae-3c3d-4496-b028-23b1e193219a\">am 17. M\u00e4rz<\/a> einer popul\u00e4ren spanischen Rechtsextremistin, in deren Gep\u00e4ck sich eine Hakenkreuzfahne und rechtes Propagandamaterial befinden, die Einreise. Beim Fu\u00dfball-WM-Auftaktspiel Israel gegen Deutschland <a href=\"https:\/\/www.spiegel.de\/panorama\/laenderspiel-gegen-israel-28-jaehriger-zeigte-offenbar-hitlergruss-bei-partie-in-sinsheim-a-97e790f6-f5df-4714-8c49-db620af37ebb\">am 26. M\u00e4rz<\/a> zeigt ein Mann den Hitlergru\u00df.<\/p>\n<p>3. M\u00e4rz: <b>Prozesse gegen Polizist*innen:<\/b> Das LG Berlin stellt das Verfahren gegen zwei Polizeibeamte wegen <a href=\"https:\/\/www.tagesspiegel.de\/berlin\/naziparolen-bei-basketballspiel-verfahren-gegen-berliner-polizisten-eingestellt\/28128088.htm\">rechter Propaganda<\/a> ein; der Sachverhalt sei nicht mehr aufzukl\u00e4ren. Die damaligen Polizeisch\u00fcler sollen bei einem Basketballspiel 2018 \u201eSieg Heil\u201c gerufen haben. Im Drogenskandal bei der Polizei M\u00fcnchen (Bayern) verurteilt das AG M\u00fcnchen <a href=\"https:\/\/www.spiegel.de\/panorama\/justiz\/muenchen-gefaengnisstrafe-fuer-polizist-in-drogenskandal-prozess-a-6346bf05-7439-4d20-a4fa-54a9b9303475\">am 10. M\u00e4rz<\/a> einen Polizisten zu einer Haftstrafe von drei Jahren und Einweisung in eine Entziehungsanstalt. Der Angeklagte hatte zu Prozessbeginn alle <a href=\"https:\/\/www.spiegel.de\/panorama\/muenchen-drogenskandal-polizist-kaufte-mehr-als-hundertmal-kokain-a-f23ae1ee-b8a2-4753-8be9-5a63c690bfbf\">Vorw\u00fcrfe einger\u00e4umt<\/a>. In Stade (Niedersachsen) durchsucht die Polizei <a href=\"https:\/\/www.spiegel.de\/panorama\/justiz\/hamburg-und-stade-razzien-gegen-mutmassliche-impfpass-faelscher-a-9c98a2d7-9ab2-442f-afa3-cbad78866afe\">am 15. M\u00e4rz<\/a> vier Wohnungen von f\u00fcnf Beamt*innen der dortigen Polizei unter dem Verdacht der Impfpassf\u00e4lschung. Die Verd\u00e4chtigen werden suspendiert, Disziplinar- und Strafverfahren werden eingeleitet.<\/p>\n<p><b>Rechtsextremistische und rassistische Angriffe auf Fl\u00fcchtlinge und Fl\u00fcchtlingsheime:<\/b> Durch eine parlamentarische Anfrage im brandenburgischen Landtag wird <a href=\"https:\/\/www.berliner-zeitung.de\/news\/brandenburg-rechtsradikale-begehen-mehr-rassistische-straftaten-li.215063\">am 3. M\u00e4rz<\/a> bekannt, dass es in dem Bundesland im vergangenen Jahr zu 170 Angriffen auf Fl\u00fcchtlinge und ihre Unterk\u00fcnfte kam (2020: 209 \/ 2019: 268), davon waren 47 direkte Angriffe auf Fl\u00fcchtlinge (2020: 37).<\/p>\n<p>4. M\u00e4rz: <b>Rechtsextremer Mordanschlag:<\/b> Im L\u00fcbcke-Untersuchungsausschuss des Hessischen Landtages sagen <a href=\"https:\/\/www.fr.de\/rhein-main\/landespolitik\/hessen-neonazis-waren-nicht-auf-dem-schirm-91389479.html\">drei Verfassungsschtz-Mitarbeiter*innen als Zeug*innen<\/a> aus, dass das Landesamt f\u00fcr Verfassungsschutz (LfV) die Beobachtung des sp\u00e4teren M\u00f6rders des Kasseler Regierungspr\u00e4sidenten Walter L\u00fcbcke (CDU) im Juni 2019 in den Jahren 2015\/2016 eingestellt hatte. Sp\u00e4tere Erkenntnisse der Polizei waren zudem nicht an das LfV weitergegeben worden.<\/p>\n<p><b>Alternative f\u00fcr Deutschland (AfD):<\/b> Gegen einen AfD-Bundestagsabgeordneten wird der Strafbefehl \u00fcber eine Geldstrafe von 3.000 EUR rechtskr\u00e4ftig. Der Mann hatte bei einer <a href=\"https:\/\/www.morgenpost.de\/politik\/inland\/article234779193\/Widerstand-gegen-Polizei-AfD-Politiker-Hilse-verurteilt.html\">Corona-Demonstration<\/a> im November 2020 Widerstand gegen die Polizei geleistet. Vor dem VG K\u00f6ln (NRW) beginnt <a href=\"https:\/\/www.sueddeutsche.de\/politik\/afd-rechtsextremismus-verfassungsschutz-1.5542563\">am 7. M\u00e4rz<\/a> der Prozess um die Frage, ob die Einstufung der AfD als rechtsextremistischer \u201eVerdachtsfall\u201c durch das Bundesamt f\u00fcr Verfassungsschutz (BfV) gerechtfertigt oder rechtswidrig war. Nach rund 10-st\u00fcndiger Verhandlung entscheidet das VG noch am gleichen Tag, dass d<a href=\"https:\/\/www.spiegel.de\/politik\/deutschland\/verfassungsschutz-darf-afd-als-verdachtsfall-beobachten-a-b4061d12-da2c-4e6c-ba24-956c837eaf53\">ie gesamte Partei als rechtsextremistischer Verdachtsfall<\/a> eingeordnet und geheimdienstlich beobachtet werden darf. Hierf\u00fcr l\u00e4gen ausreichende tats\u00e4chliche Anhaltspunkte vor. Ebenfalls <a href=\"https:\/\/www.spiegel.de\/panorama\/justiz\/jens-maier-rechtsextremer-richter-darf-vorlaeufig-in-justiz-zurueckkehren-a-5f156df9-4658-4287-945d-5d2a6faaeb79\">am 7. M\u00e4rz<\/a> teilt das s\u00e4chsische Dienstgericht f\u00fcr Richter mit, dass ein fr\u00fcherer AfD-Bundestagsabgeordneter mit rechtsextremistischen Ansichten bis zur endg\u00fcltigen Entscheidung seinen Dienst als Richter am AG Dippoldiswalde (Sachsen) seinen Dienst aufnehmen kann. Das s\u00e4chsische Justizministerium will den Mann in den Ruhestand versetzen und leitet <a href=\"https:\/\/www.welt.de\/politik\/deutschland\/article237525039\/Ex-AfD-Abgeordneter-Disziplinarverfahren-gegen-rechtsextremen-Richter-Maier-in-Sachsen.html\">am 14. M\u00e4rz<\/a> ein Disziplinarverfahren wegen des Verdachts auf Dienstvergehen gegen ihn ein. <a href=\"https:\/\/www.faz.net\/aktuell\/politik\/inland\/bautzen-afd-politiker-von-unbekanntem-an-infostand-niedergeschlagen-17877794.html\">Am gleichen Tag<\/a> werfen in Bautzen (Sachsen) zwei M\u00e4nner die Fahne des Infostandes eines AfD-Bundestagsabgeordneten um, danach schl\u00e4gt einer von ihnen den Abgeordneten nieder. Die M\u00e4nner fl\u00fcchten unerkannt. Vor dem Landesverfassungsgericht (LVerfG) Brandenburg beginnt <a href=\"https:\/\/www.tagesspiegel.de\/berlin\/afd-in-brandenburg-verfassungsgericht-beraet-ueber-beobachtung-von-parteien-durch-verfassungsschutz\/28179640.html\">am 17. M\u00e4rz<\/a> der Prozess um die Frage, ob das LfV die Partei \u00f6ffentlich als extremistischen \u201eVerdachtsfall\u201c bezeichnen durfte. <a href=\"https:\/\/www.abendzeitung-muenchen.de\/muenchen\/umland\/video-mit-hitlergruss-polizei-durchsucht-afd-raeume-bei-muenchen-art-800927\">Am 18. M\u00e4rz<\/a> teilt die StA M\u00fcnchen mit, dass die Polizei bei einer Durchsuchung der R\u00e4ume des AfD-Landesverbandes Hohenbrunn (beide Bayern) ein Video mit Aufnahmen eines Hitlergru\u00dfes gefunden hat, das bei einer AfD-Kundgebung aufgenommen wurde. In Berlin kehrt eine ehemalige <a href=\"https:\/\/www.tagesspiegel.de\/berlin\/ex-abgeordnete-zurueck-im-frueheren-job-linke-senatorin-laesst-richterin-der-afd-am-berliner-landgericht-zu\/28197660.html\">AfD-Bundestagsabgeordnete als Richterin ans LG zur\u00fcck<\/a>. Das Dienstgericht Leipzig hingegen untersagt es <a href=\"https:\/\/www.spiegel.de\/panorama\/justiz\/jens-maier-in-sachsen-gericht-untersagt-richter-die-amtsgeschaefte-a-baf1b7d6-e987-49aa-9406-c6e0e22558df\">am 26. M\u00e4rz<\/a> dem einstigen AfD-Bundestagsabgeordneten, sein Richteramt am AG Dippoldiswalde (beide Sachsen) weiter auszu\u00fcben. Er sei \u201egegenw\u00e4rtig nicht mehr tragbar\u201c.<\/p>\n<p>7. M\u00e4rz: <b>Rechtsradikale Polizist*innen:<\/b> Durch Presseberichte wird bekannt, dass ein t\u00fcrkisch-st\u00e4mmiger Mitarbeiter des Zentralen Objektschutzes (ZOS) der Berliner Polizei sich im Internet in voller Uniform, mit Dienstwagen und im Dienstwagen sowie mit <a href=\"https:\/\/www.welt.de\/politik\/deutschland\/article237302717\/Anhaenger-der-Grauen-Woelfe-arbeitet-bei-Berliner-Polizei.html)\">Symbolen der t\u00fcrkischen \u201eGrauen W\u00f6lfe\u201c<\/a> dargestellt hat. Die Polizei pr\u00fcft strafrechtliche Schritte, allerdings ist die rechtsnationalistische Gruppierung nicht verboten. <a href=\"https:\/\/www.sueddeutsche.de\/panorama\/polizei-berlin-64-verfahren-bei-polizei-wegen-extremistischer-aeusserungen-dpa.urn-newsml-dpa-com-20090101-220309-99-447335\">Am 9. M\u00e4rz<\/a> wird durch Presseberichte bekannt, dass bei der Berliner Polizei aktuell 64 Disziplinarverfahren gegen Beamt*innen wegen rassistischem oder rechtsradikalem Fehlverhalten gef\u00fchrt werden (2021: 47). In 11 F\u00e4llen besteht ein Dienstverbot, in drei F\u00e4llen laufen Verfahren die Beamt*innen zu entlassen. In 2021 wurden 50 F\u00e4lle an die StA \u00fcbergeben. Gegen einen Polizeibeamten aus Straupitz (Brandenburg), der in seiner Freizeit in SS-Uniform und Waffen posierte, wird <a href=\"https:\/\/www.tagesspiegel.de\/berlin\/nazi-affaere-bei-brandenburger-polizei-polizist-hortete-waffen-und-ss-uniform\/28213334.html\">am 25. M\u00e4rz<\/a> ein Disziplinarverfahren eingeleitet und er wird vom Dienst suspendiert. Zudem leitet die StA Strafverfahren wegen des Verwendens verfassungswidriger Kennzeichen und Versto\u00df gegen das Waffengesetz ein. Ausl\u00f6ser der Verfahren sind Presseberichte.<\/p>\n<p><b>Ermittlungen gegen Justizbeamt*innen:<\/b> Im Hessischen Landtag teilt Landesjustizministerin K\u00fchne-H\u00f6rmann (SPD) mit, dass sich ein, unter dem Verdacht der <a href=\"https:\/\/www.faz.net\/aktuell\/gesellschaft\/kriminalitaet\/frankfurt-verdaechtiger-oberstaatsanwalt-und-ermittlerin-sind-ein-paar-17858176.html\">gewerbsm\u00e4\u00dfigen und fortgesetzten schweren Korruption stehender Oberstaatsanwalt (OStA)<\/a> der Generalstaatsanwaltschaft (GStA) Frankfurt\/M. (Hessen) im Januar seiner erneuten Verhaftung zun\u00e4chst entzogen hatte, indem er zu seiner Verlobten gezogen war. Der Umzug und die Verlobung waren bis dahin unbekannt. Da die Frau ebenfalls bei der GStA arbeitet, wurde sie versetzt. Der OStA ist seither in Untersuchungshaft.<\/p>\n<p><b>Rechtsextremistischer Mordanschlag in Hanau:<\/b> Im Untersuchungsausschuss des Hessischen Landtages sagt der <a href=\"https:\/\/www.fr.de\/rhein-main\/personallage-war-nicht-ausreichend-91394641.html\">Polizeipr\u00e4sident von Hamm (NRW) als Sachverst\u00e4ndiger<\/a> aus. Danach war die Personalsituation der Polizeistation Hanau w\u00e4hrend des Mordanschlages im Februar 2020 \u201e\u00e4u\u00dferst defizit\u00e4r\u201c und habe nicht gereicht, um eine solche Lage zu bew\u00e4ltigen. <a href=\"https:\/\/www.fr.de\/rhein-main\/wiesbaden\/anschlag-von-hanau-keine-fehlerkultur-bei-polizei-91421283.html\">Am 18. M\u00e4rz<\/a> sagt im Untersuchungsausschuss der Polizeiwissenschaftler Thomas Feltes als Sachverst\u00e4ndiger aus. Er bem\u00e4ngelt, dass er keine Einsicht in Ermittlungsakten und Polizeiprotokolle erhalten hat. Weiterhin kritisiert er, dass die StA Hanau L\u00fccken in den Ermittlungen nicht nachgegangen ist.<\/p>\n<p><b>Rassistische Angriffe:<\/b> Auf einem Supermarktparkplatz in Berlin wird ein Mann<a href=\"https:\/\/www.morgenpost.de\/berlin\/polizeibericht\/article234765461\/Mann-bei-Einparkversuch-rassistisch-beleidigt.html\"> rassistisch beleidigt<\/a> und mit Nazi-Parolen beschimpft. <a href=\"https:\/\/www.morgenpost.de\/berlin\/polizeibericht\/article234785283\/berlin-polizei-feuerwehr-feuer-unfall.html\">Am 10. M\u00e4rz<\/a> beleidigt in einem Berliner Wohnhauseingang eine Frau einen Mann rassistisch und bespuckt ihn bevor sie unerkannt verschwindet. Vor einer Berliner U-Bahnstation spr\u00fcht ein Mann <a href=\"https:\/\/www.morgenpost.de\/berlin\/polizeibericht\/article234795415\/Motorradfahrer-stirbt-nach-Zusammenstoss-mit-Baum.html\">am 11. M\u00e4rz<\/a> zwei Mitarbeitern der Verkehrsbetriebe zun\u00e4chst Reizgas ins Gesicht und beleidigt sie danach rassistisch. Er wird festgenommen. An einer Bushaltestelle in Berlin beleidigt und bedroht <a href=\"https:\/\/www.morgenpost.de\/berlin\/polizeibericht\/article234836021\/Neukoelln-Motorroller-kracht-in-Auto.html)\">am 16. M\u00e4rz<\/a> ein unbekannter Autofahrer einen Busfahrer rassistisch bevor er weiterf\u00e4hrt. Wiederum in Berlin verweigert<a href=\"https:\/\/www.morgenpost.de\/berlin\/polizeibericht\/article234858769\/polizei-berlin-feuerwehr-blaulicht-verkehr-unfaelle-verbrechen-kriminalitaet-braende.html\"> am 18. M\u00e4rz<\/a> in einer Corona-Teststation ein Mann den Test aufgrund der Hautfarbe des Testers und beschimpft diesen rassistisch und volksverhetzend. Er wird vor\u00fcbergehend festgenommen. <a href=\"https:\/\/www.morgenpost.de\/berlin\/polizeibericht\/article234909557\/polizei-feuerwehr-berlin-kriminalitaet-feuer-unfall.html\">Am 25. M\u00e4rz<\/a> wird in Berlin erneut eine Frau rassistisch beleidigt bevor der Mann in ihren Kinderwagen spuckt und unerkannt verschwindet. <a href=\"https:\/\/www.tagesspiegel.de\/berlin\/taeter-festgenommen-staatsschutz-ermittelt-bus-fahrgast-in-berlin-grunewald-rassistisch-beleidigt-und-mit-schuh-geschlagen\/28204214.html\">Am 26. M\u00e4rz<\/a> beleidigt in einem Bus in Berlin ein Mann einen anderen Fahrgast zun\u00e4chst rassistisch und schl\u00e4gt ihm dann mit seinem Schuh auf den Kopf. Er wird festgenommen (https:\/\/www.tagesspiegel.de\/berlin\/taeter-festgenommen-staatsschutz-ermittelt-bus-fahrgast-in-berlin-grunewald-rassistisch-beleidigt-und-mit-schuh-geschlagen\/28204214.html). <a href=\"https:\/\/plus.tagesspiegel.de\/berlin\/es-werden-kopfe-rollen-topmodel-jurorin-nikeata-thompson-in-berlin-rassistisch-beleidigt-und-bedroht-439114.html\">Am 28. M\u00e4rz<\/a> wird in Berlin eine dunkelh\u00e4utige T\u00e4nzerin von einem Mann rassistisch beleidigt. Anhand eines Twitter-Videos konnte die Polizei den Mann identifizieren; er erhielt eine <a href=\"https:\/\/www.spiegel.de\/panorama\/justiz\/nikeata-thompson-choreografin-rassistisch-beleidigt-taeter-offenbar-gefunden-a-ee98b804-471a-4b34-9c27-0022312b957a\">Anzeige wegen Volksverhetzung<\/a>. Die Berliner Registrierstelle RIAS meldet <a href=\"https:\/\/www.tagesspiegel.de\/berlin\/beleidigungen-drohungen-attacken-jeden-tag-13-rechte-rassistische-und-antisemitische-vorfaelle-in-berlin\/28209734.html\">am 29. M\u00e4rz<\/a> f\u00fcr das Jahr 2021 insgesamt 1.425 rassistische Vorf\u00e4lle in der Stadt. In Berlin schl\u00e4gt <a href=\"https:\/\/www.tagesspiegel.de\/berlin\/polizei-justiz\/polizeimeldungen-aus-der-hauptstadtregion-frau-in-tempelhof-geschlagen-und-verletzt-rassistische-motivation-moeglich\/25616846.html\">am 30. M\u00e4rz<\/a> ein Mann auf eine Frau mit Kopftuch ein und wirft ihr eine Flasche an den Kopf. Ein Zeuge des Vorfalls verfolgt den fl\u00fcchtenden T\u00e4ter und h\u00e4lt ihn fest bis er von der Polizei festgenommen wird.<\/p>\n<p><b>Antisemitismus:<\/b> In Berlin schl\u00e4gt ein Unbekannter einer Israelin mit der <a href=\"https:\/\/www.tagesspiegel.de\/berlin\/mutmasslicher-antisemitischer-angriff-israelin-in-berlin-ins-gesicht-geschlagen-nase-gebrochen\/28147918.html\">Faust ins Gesicht<\/a> und bricht ihr dabei die Nase. <a href=\"https:\/\/www.tagesspiegel.de\/berlin\/say-free-palestine-kippa-vom-kopf-geschlagen-berliner-staatsschutz-ermittelt\/28152838.html\">Am 10. M\u00e4rz<\/a> schl\u00e4gt in einem Berliner Hostel ein Syrer einem Juden die Kippa vom Kopf und trampelt darauf herum, anschlie\u00dfend schl\u00e4gt er den Mann mehrfach ins Gesicht. Er wird vor\u00fcbergehend festgenommen. Laut einem Bericht der GStA Berlin, der <a href=\"https:\/\/www.spiegel.de\/politik\/deutschland\/antisemitismus-in-berlin-strafbehoerden-leiteten-im-vergangenen-jahr-661-verfahren-ein-a-c3ebc7ee-d4c9-4a6b-aa4d-03de2eef7b13\">am 22. M\u00e4rz<\/a> bekannt wird, leitete die Berliner StA im vergangenen Jahr insgesamt 661 Verfahren wegen antisemitischer Straftaten ein (2020: 417 \/2019: 386).<\/p>\n<p>8. M\u00e4rz: <b>Abschiebungen:<\/b> Durch eine <a href=\"https:\/\/www.welt.de\/politik\/deutschland\/article237410185\/Einzelabschiebung-nach-Simbabwe-kostete-fast-200-000-Euro.html\">parlamentarische Anfrage der Linksfraktion im Bundestag<\/a> wird bekannt, dass im vergangenen Jahr 11.982 Abschiebungen; davon 163 Sammelabschiebungen von insgesamt 5.462 Personen durchgef\u00fchrt wurden. <a href=\"https:\/\/www.fr.de\/rhein-main\/hessen-iranische-familie-durch-abschiebung-getrennt-91431106.html\">Am 16. M\u00e4rz<\/a> werden eine iranische Frau und ihre minderj\u00e4hrige Tochter nach Teheran abgeschoben; der Vater muss vorerst zur\u00fcckbleiben, da f\u00fcr ihn kein Platz mehr im Flugzeug vorhanden ist. Die Familie lebte seit 2012 in B\u00fcdingen (Hessen), beide Eltern waren berufst\u00e4tig.<a href=\"https:\/\/www.abendzeitung-muenchen.de\/bayern\/herrmann-praesentiert-zahlen-asylbilanz-auf-vor-corona-niveau-art-804023\"> Am 31. M\u00e4rz<\/a> gibt Landesinnenminister Joachim Herrmann (CSU) bekannt, dass aus Bayern 2021 insgesamt 1.913 Abschiebungen durchgef\u00fchrt wurden (2020: 1.558).<\/p>\n<p><b>Demonstrationen gegen Corona-Auflagen:<\/b> Das VG Cottbus (Brandenburg) entscheidet, dass die Polizei den <a href=\"https:\/\/www.berliner-zeitung.de\/news\/corona-spaziergaenge-polizei-durfte-versammlungsleiter-nicht-ausschliessen-li.215803\">Versammlungsleiter eines Anti-Corona-\u201cSpazierganges\u201c<\/a> nicht h\u00e4tte ausschlie\u00dfen d\u00fcrfen. Dagegen stehe der hohe Wert versammlungsrechtlicher Bestimmungen. Gegen das Urteil ist Beschwerde beim Oberverwaltungsgericht (OVG) m\u00f6glich (Az: 3 L 71\/22). <a href=\"https:\/\/www.spiegel.de\/politik\/deutschland\/bayern-rechtsextremisten-unterwandern-verstaerkt-corona-protestszene-a-34e82aa2-72a0-40a8-b60d-fe20102c682b\">Am 18. M\u00e4rz<\/a> wird durch eine parlamentarische Anfrage der Gr\u00fcnen-Fraktion im bayerischen Landtag bekannt, dass in dem Bundesland 2021 in Zusammenhang mit Anti-Corona-Protesten von den Sicherheitsbeh\u00f6rden knapp 1.000 politisch motivierte Straftaten registriert wurden, darunter 46 Gewaltdelikte. Hiervon waren 26 Angriffe auf Polizist*innen. Bei einer Anti-Corona-Demonstration mit mehreren 1000 Personen <a href=\"https:\/\/www.morgenpost.de\/politik\/inland\/article234866857\/Corona-Gegner-schwenken-Russland-Fahnen-bei-Demo-in-Dresden.html\">am 20. M\u00e4rz<\/a> in Dresden (Sachsen) werden aus Solidarit\u00e4t mit dem Aggressor in der Ukraine auch etliche Russland-Fahnen geschwenkt. <a href=\"https:\/\/www.morgenpost.de\/politik\/inland\/article234930921\/BKA-9000-politisch-motivierte-Straftaten-mit-Corona-Bezug.html)\">Am 28. M\u00e4rz<\/a> wird durch Presseberichte bekannt, dass das BKA im vergangenen Jahr rund 9.000 Straftaten mit Corona-Bezug registriert hat.<\/p>\n<p>10. M\u00e4rz: <b>Dschihadismus:<\/b> Das Innenministerium in NRW <a href=\"https:\/\/www.faz.net\/aktuell\/politik\/inland\/warum-nrw-den-islamischen-kulturverein-nuralislam-verbietet-17866265.html\">verbietet den \u201eIslamischen Kulturverein Nuralislam\u201c<\/a> in Dortmund wegen N\u00e4he zum \u201eIslamischen Staat\u201c (IS). Zeitgleich f\u00fchrt die Polizei Durchsuchungen in deren Moschee und Wohnungen von Funktion\u00e4ren durch um Vereinsverm\u00f6gen und Datentr\u00e4ger sicherzustellen. <a href=\"https:\/\/www.faz.net\/aktuell\/gesellschaft\/kriminalitaet\/deutsche-is-anhaengerin-monika-k-bei-rueckkehr-unter-terrorverdacht-festgenommen-17872649.html\">Am 12. M\u00e4rz<\/a> teilt die Bundesanwaltschaft (BAW) mit, dass sie am Flughafen Frankfurt\/M. (Hessen) eine Deutsche wegen Mitgliedschaft im IS und Betrieb eines Spendennetzwerkes f\u00fcr den IS hat festnehmen lassen. Die Frau war 2013 mit ihrem Mann nach Syrien ausgereist. Erneut verbietet das NRW-Innenministerium <a href=\"https:\/\/www.faz.net\/aktuell\/politik\/inland\/nrw-verbietet-schiitisch-islamistischen-moscheeverein-17884504.html\">am 17. M\u00e4rz<\/a> einen islamistischen Moscheeverein wegen Unterst\u00fctzung der Hizbullah und l\u00e4sst f\u00fcnf Wohnungen in M\u00fcnster durchsuchen. Durch Presseberichte wird bekannt, dass die <a href=\"https:\/\/www.faz.net\/aktuell\/politik\/inland\/messer-attacke-in-ice-in-bayern-generalbundesanwalt-ermittelt-17894954.html\">BAW die Ermittlungen im Fall des Messerattentats in einem ICE-Zug<\/a> im November 2021 \u00fcbernommen hat. Bei dem Syrer, der vier M\u00e4nner mit einem Messer zum Teil schwer verletzt hatte, waren Propagandavideos und Aufrufe des IS gefunden worden. <a href=\"https:\/\/www.spiegel.de\/panorama\/justiz\/hamburg-is-rueckkehrerin-zu-sechseinhalb-jahren-haft-verurteilt-a-fad1a56b-6f27-431b-9c4f-fc76575e3683\">Am 24. M\u00e4rz<\/a> verurteilt das OLG Hamburg eine deutsche Frau wegen \u201eIS\u201c-Mitgliedschaft und fahrl\u00e4ssiger T\u00f6tung zu sechseinhalb Jahren Haft. Die Frau war im Herbst 2016 mit ihrem minderj\u00e4hrigen Sohn nach Syrien ausgereist. Der Sohn war dort als Kindersoldat umgekommen. Die BAW erhebt <a href=\"https:\/\/www.spiegel.de\/panorama\/justiz\/hamburg-generalbundesanwalt-erhebt-anklage-gegen-terrorverdaechtigen-a-ad7b5b6a-c4f2-4fa6-a7ee-d7565ef8dba6\">am 25. M\u00e4rz<\/a> vor dem Oberlandesgericht (OLG) Hamburg Anklage gegen einen mutma\u00dflichen Dschihadisten, der einen Bombenanschlag im Raum Hamburg geplant haben soll. <a href=\"https:\/\/www.morgenpost.de\/politik\/inland\/article234961973\/Bundesanwaltschaft-verhaftet-mutmassliche-IS-Anhaengerinnen.html\">Am 31. M\u00e4rz<\/a> l\u00e4sst die BAW auf dem Flughafen Frankfurt\/M. (Hessen) vier IS-Anh\u00e4ngerinnen festnehmen, die von der Bundesregierung aus Gefangenenlagern in Syrien zur\u00fcckgeholt worden waren. Ihnen werden Verbrechen gegen die Menschlichkeit und weitere Delikte zur Last gelegt. Insgesamt hat die Bundesregierung 10 M\u00fctter und 27 Kindern zur\u00fcckgeholt.<\/p>\n<p>11. M\u00e4rz: <b>Hasskriminalit\u00e4t:<\/b> In Berlin wirft ein Unbekannter einen <a href=\"https:\/\/www.berliner-zeitung.de\/mensch-metropole\/der-krieg-in-der-ukraine-entflammt-auch-den-hass-in-berlin-li.216395\">Brandsatz gegen den Eingang einer deutsch-russischen Schule<\/a>; dieser z\u00fcndet jedoch nicht. Auf einem Spielplatz bel\u00e4stigt etwa zur gleichen Zeit ein Mann gefl\u00fcchtete j\u00fcdische Kinder mit pro-russischen Parolen. Die Polizei nimmt seine Personalien auf und erteilt ihm einen Platzverweis. Seit Beginn des Krieges gegen die Ukraine z\u00e4hlte die Polizei bisher 80 derartige Vorf\u00e4lle. Bundesweit meldet das <a href=\"https:\/\/www.tagesspiegel.de\/politik\/hunderte-vorfaelle-anfeindungen-gegen-menschen-mit-russischen-wurzeln-nehmen-zu\/28158638.html\">BKA 318 anti-russische Vorf\u00e4lle<\/a>. <a href=\"https:\/\/www.morgenpost.de\/berlin\/polizeibericht\/article234827677\/Flaschenwuerfe-auf-russisch-orthodoxe-Kirche-in-Berlin.html\">Am 15. M\u00e4rz<\/a> werfen Unbekannte in Berlin Glasflaschen auf eine russisch-orthodoxe Kirche, drei Scheiben werden besch\u00e4digt. <a href=\"https:\/\/www.morgenpost.de\/politik\/inland\/article234829645\/Ukraine-Krieg-Polizei-meldet-500-fremdenfeindliche-Taten.html\">Am 16. M\u00e4rz<\/a> verzeichnet das BKA dann rund 500 anti-russische Vorf\u00e4lle. In 13 Bundesl\u00e4ndern durchsucht die Polizei <a href=\"https:\/\/www.faz.net\/aktuell\/politik\/inland\/bundesweite-durchsuchungen-gegen-hetze-im-internet-17896433.html\">am 21. M\u00e4rz<\/a> Wohnungen und H\u00e4user von mehr als 100 Verd\u00e4chtigen wegen strafrechtlich relevanter Hasspostings im Internet; <a href=\"https:\/\/www.fr.de\/rhein-main\/hessen-grosse-aktion-gegen-hass-im-netz-91428757.html\">in Hessen<\/a> sind es die Wohnungen von 12 Personen, <a href=\"https:\/\/www.morgenpost.de\/berlin\/polizeibericht\/article234881081\/Razzien-in-Berlin-Polizei-geht-gegen-Hassrede-vor.html\">in Berlin<\/a> von acht Personen. Am 26. M\u00e4rz beleidigt auf einem Berliner U-Bahnhof eine Gruppe ukrainisch sprechender Personen eine Gruppe junger Russ*innen zun\u00e4chst rassistisch bevor sie zwei M\u00e4nner mit einem Messer angreift und verletzt und danach unerkannt fl\u00fcchtet. Insgesamt z\u00e4hlte die Polizei in Berlin bisher <a href=\"https:\/\/www.tagesspiegel.de\/berlin\/fremdenfeindlicher-angriff-am-u-bahnhof-zwei-maenner-in-kreuzberg-mit-messer-angegriffen-nachdem-sie-russisch-sprachen\/28204030.html)\">117 Straftaten gegen russische Einrichtungen und Personen<\/a>. Die Berliner Registrierstelle RIAS meldet<a href=\"https:\/\/www.tagesspiegel.de\/berlin\/beleidigungen-drohungen-attacken-jeden-tag-13-rechte-rassistische-und-antisemitische-vorfaelle-in-berlin\/28209734.html\"> am 29. M\u00e4rz<\/a> f\u00fcr das Jahr 2021 insgesamt 4.841 rechte, rassistische und antisemitische Vorf\u00e4lle in der Stadt (2020: 3.422).<\/p>\n<p><b>K\u00f6rperverletzung im Amt: <\/b>Durch Presseberichte wird bekannt, dass die StA Trier (Rheinland-Pfalz) ein Verfahren gegen drei Polizisten und einen Mitarbeiter des Ordnungsamts wegen <a href=\"https:\/\/www.volksfreund.de\/region\/trier-trierer-land\/trier-polizeigewalt-staatsanwaltschaft-ermittelt-gegen-polizisten-nach-gewalttaetigem-einsatz_aid-67019065\">Falschaussage einleitet<\/a>. Die Beamten waren bei einem Einsatz wegen Ruhest\u00f6rung bei einer Gartenparty \u201e\u00fcberm\u00e4\u00dfig gewaltt\u00e4tig\u201c aufgetreten. Bei einer Verhandlung vor dem AG Trier hatten sie dies in ihrer Tatversion jedoch energisch bestritten und waren erst durch Aufnahmen einer \u00dcberwachungskamera widerlegt worden. Als sich <a href=\"https:\/\/taz.de\/Polizeivorfall-wegen-fehlendem-Ticket\/!5843730\/\">am 21. M\u00e4rz<\/a> in Berlin eine Schwarzfahrerin weigert, Kontrolleur*innen ihre Personalien anzugeben, rufen diese die Polizei. Auch dieser gegen\u00fcber weigert sie sich. Die Polizist*innen ringen sie daraufhin mit Hilfe eines Kontrolleurs brutal nieder. Die Frau wehrt sich, schl\u00e4gt und bei\u00dft um sich; sie wird gefesselt und festgenommen.<\/p>\n<p>14. M\u00e4rz: <b>Polizeisch\u00fcsse:<\/b> In Polling (Bayern) droht ein Mann sich zu erschie\u00dfen, daraufhin alarmieren Nachbarn die Polizei. Als der Mann auf die eintreffenden Beamt*innen schie\u00dft, rufen diese ein Spezialeinsatzkommando (SEK). Dabei kommt es zu einem <a href=\"https:\/\/www.sueddeutsche.de\/bayern\/polling-polizei-grosseinsatz-schusswaffe-1.5547724\">Schusswechsel<\/a>, wobei der Mann leicht verletzt wird. Er wird in ein Krankenhaus gebracht. <a href=\"https:\/\/www.abendzeitung-muenchen.de\/bayern\/mutmassliche-schleuser-fluechten-mit-200-kmh-und-rammen-streifenwagen-art-800499\">Am gleichen Tag<\/a> stoppen bei Marktl (Bayern) Polizeibeamt*innen die Flucht von zwei mutma\u00dflichen Schleusern durch Warnsch\u00fcsse in die Luft. <a href=\"https:\/\/www.spiegel.de\/panorama\/justiz\/lueneburg-polizei-macht-87-jaehrigen-durch-schuesse-angriffsunfaehig-a-66e650ed-4c20-4211-8e06-64c7d76266ba\">Am 16. M\u00e4rz<\/a> bedroht ein Mann in L\u00fcneburg (Niedersachsen) seine Ex-Partnerin und Nachbar*innen mit einem Gewehr. Als er auch die alarmierten Polizist*innen bedroht, schie\u00dft ihm ein Beamter in den Oberschenkel. In Mainz (Rheinland-Pfalz) greift <a href=\"https:\/\/www.spiegel.de\/panorama\/justiz\/mainz-angriff-auf-fahrlehrer-verdaechtiger-soll-mehrmals-durch-pruefung-gefallen-sein-a-daa74e7f-7e94-493d-88fe-d3ce9546efbe\">am 22. M\u00e4rz<\/a> ein Mann seinen Fahrlehrer und zwei weitere Menschen mit einem Messer an, dabei wird der Fahrlehrer lebensgef\u00e4hrlich verletzt. Ein Polizist, der in der N\u00e4he einen Verkehrsunfall aufnimmt, gibt mehrere Sch\u00fcsse auf den Angreifer ab, der dabei ebenfalls verletzt wird. Opfer und T\u00e4ter m\u00fcssen notoperiert werden. <a href=\"https:\/\/www.sueddeutsche.de\/muenchen\/taufkirchen-schuesse-polizei-1.5554295\">Am 24. M\u00e4rz<\/a> bemerken die Polizist*innen bei einer Fahrzeugkontrolle in M\u00fcnchen (Bayern) dass der Fahrer beim Aussteigen von einem der Beifahrer mit einer Schusswaffe bedroht wird. Als er diese trotz Aufforderung nicht ablegt, eben sie Warnsch\u00fcsse ab. Die zwei Beifahrer werden festgenommen. In Burgthann (Bayern) f\u00e4hrt <a href=\"https:\/\/www.abendzeitung-muenchen.de\/bayern\/autofahrer-faehrt-polizisten-an-und-fluechtet-polizei-schiesst-art-803922\">am 30. M\u00e4rz<\/a> bei einer Verkehrskontrolle ein Autofahrer einen Polizisten an und verletzt ihn, danach fl\u00fcchtet er. Die Kolleg*innen schie\u00dfen auf das Fahrzeug, verletzt wird dabei niemand. Der Beamte muss ins Krankenhaus gebracht werden, gegen den Fahrer wird wegen eines versuchten T\u00f6tungsdelikt ermittelt.<\/p>\n<p>15. M\u00e4rz:<b> Rechtsextremismus bei der Bundeswehr:<\/b> Im vergangenen Jahr gab es bei der Bundeswehr <a href=\"https:\/\/www.welt.de\/politik\/deutschland\/article237547633\/Bundeswehr-Zahl-rechtsextremistischer-Verdachtsfaelle-steigt-erneut.html\">589 rechtsextremistische Verdachtsf\u00e4lle<\/a> (2020: 477 \/ 2019: 363). Das geht aus dem Jahresbericht der Wehrbeauftragten des Bundestages hervor. Bei <a href=\"https:\/\/www.tagesspiegel.de\/politik\/wehrbeauftragte-hoegl-fordert-rasche-maengel-beseitigung-ein-heilsamer-ukraine-schock-fuer-die-bundeswehr\/28165690.html\">den Reservisten sind es 1.337<\/a> Verdachtsf\u00e4lle. <a href=\"https:\/\/www.faz.net\/aktuell\/gesellschaft\/kriminalitaet\/anklage-in-frankfurt-ehemaliger-soldat-soll-umsturz-geplant-haben-17908267.html\">Am 25. M\u00e4rz<\/a> erhebt die StA Frankfurt\/M. Anklage gegen einen ehemaligen Bundeswehrsoldaten aus Glash\u00fctten (beide Hessen) wegen Vorbereitung einer schweren staatsgef\u00e4hrdenden Gewalttat, Verst\u00f6\u00dfe gegen das Kriegswaffenkontrollgesetz und weiterer Delikte. Er soll aus rechtsextremistischer Gesinnung einen gewaltsamen Umsturz geplant haben. Mitangeklagt wurden der Vater und der Bruder wegen Beihilfe; die drei M\u00e4nner waren im Februar festgenommen worden. Beim Haftpr\u00fcfungstermin <a href=\"https:\/\/www.tagesspiegel.de\/politik\/nach-razzia-im-oktober-bundeswehroffizier-nach-fund-von-waffen-und-radioaktivem-material-wieder-frei\/28206390.html\">am 28. M\u00e4rz<\/a> wird ein Bundeswehroffizier, bei dem im Oktober 2021 neben einer gr\u00f6\u00dferen Menge an Schusswaffen auch Handgranaten und radioaktive Substanzen gefunden worden waren, wieder auf freien Fu\u00df gesetzt. Bei dem Mann aus Aldenhoven (NRW) liege eine \u201estark ausgeuferte, a<a href=\"https:\/\/www.spiegel.de\/politik\/deutschland\/aldenhoven-soldat-sammelte-gefaehrliche-chemikalien-aus-suchthaftem-verhalten-a-f5fb703b-b1b2-495d-8f36-1b8eee6d0171\">n Suchtverhalten grenzende Sammelleidenschaft\u201c vor, so die StA Frankfurt\/M.<\/a> (Hessen), Hinweise auf Anschlagspl\u00e4ne l\u00e4gen nicht vor.<\/p>\n<p>16. M\u00e4rz: <b>Asyl:<\/b> Nach Angaben des Bundesamtes f\u00fcr Migration und Fl\u00fcchtlinge (BAMF) stellten im Januar 172 Menschen aus der Russischen F\u00f6deration einen <a href=\"https:\/\/www.morgenpost.de\/politik\/inland\/article234829645\/Ukraine-Krieg-Polizei-meldet-500-fremdenfeindliche-Taten.html\">Asylantrag in Deutschland<\/a>, im Februar waren es 187 Antr\u00e4ge. <a href=\"https:\/\/www.abendzeitung-muenchen.de\/bayern\/herrmann-praesentiert-zahlen-asylbilanz-auf-vor-corona-niveau-art-804023\">Am 31. M\u00e4rz<\/a> gibt Landesinnenminister Joachim Herrmann (CSU) bekannt, dass in Bayern 2021 insgesamt 25.027 Asylantr\u00e4ge gestellt wurden; 20.089 davon waren Erstantr\u00e4ge (2020: 12.346 \/ 2019: 18.368 \/ 2018: 21.900).<\/p>\n<p>\u201e<b>NSU 2.0\u201c-Drohschreiben:<\/b> Im <a href=\"https:\/\/www.fr.de\/rhein-main\/prozess-um-nsu-gefuehl-der-absoluten-ohnmacht-91415541.html\">Prozess um die \u201eNSU 2.0\u201c-Drohschreiben vor dem LG Frankfurt\/M.<\/a> (Hessen) erkl\u00e4rt eine RAin, hinter den Schreiben stecke vermutlich ein <a href=\"https:\/\/www.hessenschau.de\/gesellschaft\/nsu-20-prozess-nebenklage-vermutet-polizisten-hinter-drohschreiben,nsu20-prozess-nebenklage-100.html\">Beamter eines Frankfurter Polizeireviers<\/a>, der auch in rechten Darknet-Foren aktiv sei. <a href=\"https:\/\/www.sueddeutsche.de\/politik\/nsu2-0-prozess-yuezel-1.5554010\">Am 24. M\u00e4rz<\/a> wird der Zeuge Deniz Y\u00fccel im Zeugenstand vom Angeklagten bedroht.<\/p>\n<p><b>Spionage:<\/b> Vor dem OLG D\u00fcsseldorf (NRW) erhebt die BAW Anklage wegen Spionage gegen einen ehemalgen Reserveoffizier der Bundeswehr. Der Mann soll von 2014 bis 2020 Interne Informationen und personenbezogene <a href=\"https:\/\/www.sueddeutsche.de\/politik\/bundeswehr-spionage-russland-1.5559244\">Daten an den russischen Geheimdienst<\/a> geliefert haben. <b> <\/b><\/p>\n<p>19. M\u00e4rz: <b>Verfassungsschutz:<\/b> Durch Presseberichte unter Bezug auf den Berliner Haushaltsplan 2022\/2023 wird bekannt, dass von den <a href=\"https:\/\/www.morgenpost.de\/berlin\/article234855369\/Fast-40-Stellen-beim-Berliner-Verfassungsschutz-unbesetzt.html\">266 Stellen des LfV Berlin 39 unbesetzt<\/a> sind.<\/p>\n<p>20. M\u00e4rz: <b>Tod nach Polizeieinsatz:<\/b> Als die Polizei in Wenzenbach (Bayern) einen mutma\u00dflichen Straft\u00e4ter zu Boden bringt und fesselt um ihn festzunehmen, wird der Mann bewusstlos. <a href=\"https:\/\/www.sueddeutsche.de\/bayern\/regensburg-wenzenbach-polizei-festnahme-tod-1.5551765\">Reaninmierungsversuche bleiben erfolglos<\/a>.<\/p>\n<p>22. M\u00e4rz: <b>Geheimdienstkontrolle:<\/b> Vor dem BVerfG beginnt der <a href=\"https:\/\/www.tagesspiegel.de\/politik\/fdp-politiker-klagt-fuer-mehr-transparenz-sogar-bei-geheimdiensten-muss-nicht-alles-geheim-sein\/28189928.html\">Prozess um die Beantwortungspflicht der Bundesregierung<\/a> bei Parlamentarieranfragen. Ein FDP-Abgeordneter hatte 2020 wissen wollen, wie viele Agent*innen das BfV im Ausland eingesetzt hat; darauf hatte die Bundesregierung die Antwort verweigert. Durch Presseberichte wird <a href=\"https:\/\/www.spiegel.de\/politik\/deutschland\/gremium-zur-geheimdienstkontrolle-gewaehlt-afd-und-linke-nicht-dabei-a-347a8192-677c-49c6-8281-9324bf2cc9fd\">am 24. M\u00e4rz<\/a> bekannt, dass sich das Parlamentarische Kontrollgremium (PkGr) des Bundestages f\u00fcr die Geheimdienstkontrolle neu formiert hat. Ihm geh\u00f6ren k\u00fcnftig 11 Abgeordnete an, AfD und Die Linke sind nicht mehr vertreten.<\/p>\n<p>23. M\u00e4rz: <b>\u201eReichsb\u00fcrger\u201c:<\/b> Das OVG Koblenz (Rheinland-Pfalz) erkl\u00e4rt die Aberkennung der Pension f\u00fcr eine ehemalige Lehrerin, die sich in mehreren B\u00fcchern und Beh\u00f6rdenschreiben als <a href=\"https:\/\/www.faz.net\/aktuell\/gesellschaft\/kriminalitaet\/mainz-ex-lehrerin-verliert-pension-wegen-reichsbuerger-gedankengut-17903038.html\">\u201eReichsb\u00fcrgerin\u201c<\/a> bekennt, f\u00fcr rechtens. <a href=\"https:\/\/www.berliner-zeitung.de\/mensch-metropole\/neonazis-rufen-zum-bewaffneten-kampf-gegen-die-russen-auf-li.219373\">Am 28. M\u00e4rz<\/a> wird durch Presseberichte bekannt, dass sich die \u201eReichsb\u00fcrger\u201c-Szene im Ukraine-Krieg mit Russland solidarisiert und regelm\u00e4\u00dfig prorussische Kundgebungen zu der Zerschlagung der Ukraine vor dem Berliner Reichstag abh\u00e4lt. Im Landkreis Neumarkt (Bayern) f\u00fchrt die Polizei <a href=\"https:\/\/www.faz.net\/aktuell\/politik\/inland\/razzia-in-der-oberpfalz-prepper-wollten-stromversorgung-unterbrechen-17924633.html\">am 30. M\u00e4rz<\/a> eine Razzia bei sechs M\u00e4nnern durch, die geplant haben sollen, Anschl\u00e4ge auf gro\u00dfe Stromtrassen zu ver\u00fcben, um die Stromversorgung in Teilen Deutschlands lahmzulegen. Etwa <a href=\"https:\/\/www.spiegel.de\/panorama\/justiz\/neumarkt-in-der-oberpfalz-maenner-wollten-offenbar-stromtrassen-sabotieren-verbindungen-in-reichsbuerger-szene-a-79d2846b-40ba-40e2-a27d-d2ca27c4f004\">70 Schusswaffen und weitere Beweismittel werden beschlagnahmt<\/a>. Zudem werden Verbindungen in die \u201eReichsb\u00fcrger\u201c-Szene gepr\u00fcft.<\/p>\n<p>28. M\u00e4rz: <b>Video\u00fcberwachung:<\/b> Durch Presseberichte unter Berufung auf die hessische Kriminalstatistik wird bekannt, dass die Polizei in Wiesbaden (Hessen) durch <a href=\"https:\/\/www.fr.de\/rhein-main\/wiesbaden\/wiesbadener-polizei-wertet-videoueberwachung-als-erfolg-91441603.html\">\u00f6ffentliche Video\u00fcberwachung<\/a> 2021 insgesamt 135 Tatverd\u00e4chtige ermitteln konnte. Seit August 2020 sind in Wiesbaden 75 Kameras an 19 Standorten in Betrieb.<\/p>\n<p>31. M\u00e4rz: <b>Milit\u00e4rischer Abschirmdienst (MAD):<\/b> Auf Pressenachfrage best\u00e4tigt das AG K\u00f6ln (NRW), dass die K\u00f6lner StA Anklage wegen <a href=\"https:\/\/www.tagesschau.de\/investigativ\/ndr-wdr\/ksk-razzia-geheimnisverrat-101.html\">Geheimnisverrat gegen einen MAD-Agenten<\/a> erhoben hat. Der Mann soll noch w\u00e4hrend einer laufenden Durchsuchung bei einem KSK-Soldaten vertrauliche Informationen an einen anderen KSK-Soldaten weitergegeben haben.<\/p>\n<h3>Beitragsbild: Kundgebung am 18. M\u00e4rz am Kottbusser Tor in Berlin.<\/h3>\n","protected":false},"excerpt":{"rendered":"<p>zusammengestellt von Otto Diederichs 1. M\u00e4rz: Ermittlungen gegen Polizeibeamt*innen: In Berlin durchsucht die Polizei die<\/p>\n","protected":false},"author":2,"featured_media":20045,"comment_status":"open","ping_status":"open","sticky":false,"template":"","format":"standard","meta":{"footnotes":""},"categories":[6],"tags":[820,1094,1186,1195],"class_list":["post-20042","post","type-post","status-publish","format-standard","has-post-thumbnail","hentry","category-chronologien","tag-justiz","tag-polizei","tag-rassismus","tag-rechtsextremismus"],"_links":{"self":[{"href":"https:\/\/wp-dev.daten.cool\/index.php?rest_route=\/wp\/v2\/posts\/20042","targetHints":{"allow":["GET"]}}],"collection":[{"href":"https:\/\/wp-dev.daten.cool\/index.php?rest_route=\/wp\/v2\/posts"}],"about":[{"href":"https:\/\/wp-dev.daten.cool\/index.php?rest_route=\/wp\/v2\/types\/post"}],"author":[{"embeddable":true,"href":"https:\/\/wp-dev.daten.cool\/index.php?rest_route=\/wp\/v2\/users\/2"}],"replies":[{"embeddable":true,"href":"https:\/\/wp-dev.daten.cool\/index.php?rest_route=%2Fwp%2Fv2%2Fcomments&post=20042"}],"version-history":[{"count":0,"href":"https:\/\/wp-dev.daten.cool\/index.php?rest_route=\/wp\/v2\/posts\/20042\/revisions"}],"wp:featuredmedia":[{"embeddable":true,"href":"https:\/\/wp-dev.daten.cool\/index.php?rest_route=\/wp\/v2\/media\/20045"}],"wp:attachment":[{"href":"https:\/\/wp-dev.daten.cool\/index.php?rest_route=%2Fwp%2Fv2%2Fmedia&parent=20042"}],"wp:term":[{"taxonomy":"category","embeddable":true,"href":"https:\/\/wp-dev.daten.cool\/index.php?rest_route=%2Fwp%2Fv2%2Fcategories&post=20042"},{"taxonomy":"post_tag","embeddable":true,"href":"https:\/\/wp-dev.daten.cool\/index.php?rest_route=%2Fwp%2Fv2%2Ftags&post=20042"}],"curies":[{"name":"wp","href":"https:\/\/api.w.org\/{rel}","templated":true}]}}