{"id":20054,"date":"2022-05-04T17:21:33","date_gmt":"2022-05-04T17:21:33","guid":{"rendered":"https:\/\/www.cilip.de\/?p=20054"},"modified":"2022-05-04T17:21:33","modified_gmt":"2022-05-04T17:21:33","slug":"chronologie-april-2022","status":"publish","type":"post","link":"https:\/\/wp-dev.daten.cool\/?p=20054","title":{"rendered":"Chronologie April 2022"},"content":{"rendered":"<h3>zusammengestellt von Otto Diederich<\/h3>\n<p>1. April: <b>Umweltdemonstrationen:<\/b> Das Landgericht (LG) Gie\u00dfen (Hessen) <a href=\"https:\/\/www.fr.de\/rhein-main\/landespolitik\/fast-zwei-jahre-haft-fuer-ella-91452661.html\">verurteilt eine Umweltaktivistin<\/a> gegen die Rodung des Dannenr\u00f6der Forstes wegen gef\u00e4hrlicher K\u00f6rperverletzung in Tateinheit mit Widerstand gegen die an der R\u00e4umung des Besetzer*innen-Camps beteiligten Polizist*innen zu einer Haftstrafe von einem Jahr und neun Monaten. Gegen das Urteil ist Berufung m\u00f6glich. Die Frau befindet sich <a href=\"https:\/\/www.welt.de\/politik\/deutschland\/article237929511\/Dannenroeder-Forst-Umweltaktivistin-Ella-zu-Haftstrafe-verurteilt.html\">seit etwa 16 Monaten in Untersuchungshaft<\/a>. W\u00e4hrend der Urteilsverk\u00fcndung kommt es zu lautstarken Protestrufen von Unterst\u00fctzer*innen; die Polizei <a href=\"https:\/\/www.fr.de\/rhein-main\/landespolitik\/fast-zwei-jahre-haft-fuer-ella-91452661.html\">r\u00e4umt den Saal<\/a>. <a href=\"https:\/\/www.hessenschau.de\/panorama\/auseinandersetzung-im-dannenroeder-forst-fall-von-baumbesetzerin-ella-geht-vor-oberlandesgericht,ella-revision-100.html\">Am 11. April<\/a> legen die Anw\u00e4lte der Aktivistin Revision beim Oberlandesgericht (OLG) Frankfurt\/M. (Hessen) ein. <a href=\"https:\/\/www.fr.de\/frankfurt\/aktivisten-frankfurt-strasse-polizei-katharinenkreisel-a66-a648-stau-blockade-zr-91471770.html\">Am gleichen Tag<\/a> kleben sich andere Umweltaktivist*innen auf Stra\u00dfen und Autobahnzufahrten in Frankfurt\/M. fest; der Verkehr muss umgeleitet werden. Weitere \u00fcbergie\u00dfen die Eing\u00e4nge von zwei Frankfurter Banken <a href=\"https:\/\/www.welt.de\/politik\/deutschland\/article238119615\/Frankfurt-Letzte-Generation-uebergiesst-Banken-Eingaenge-mit-schwarzer-Farbe.html\">mit schwarzer Farbe<\/a>. Auch am 12. April werden in Frankfurt\/M. wieder Stra\u00dfenblockaden durchgef\u00fchrt. Bei den Aktionen <a href=\"https:\/\/www.welt.de\/politik\/deutschland\/article238163975\/Frankfurt-am-Main-Klimaaktivisten-blockieren-erneut-Strasse-40-Personen-in-Gewahrsam.html\">am 11.\/12. April<\/a> werden insgesamt \u00fcber 50 Personen vor\u00fcbergehend festgenommen. Erneut blockieren <a href=\"https:\/\/www.hessenschau.de\/gesellschaft\/40-klima-aktivisten-nach-strassenblockade-in-frankfurt-festgenommen,frankfurt-blockade-autoverkehr-letzte-generation-100.html\">am 13. April<\/a> Aktivist*innen eine zentrale Verkehrsachse in Frankfurt\/M. und versch\u00fctten schwarze Farbe auf der Stra\u00dfe; diesmal werden rund 40 Personen in Gewahrsam genommen. <a href=\"https:\/\/www.welt.de\/vermischtes\/article238189077\/Klimaproteste-in-Frankfurt-Aktivisten-verschuetten-oelartige-Fluessigkeit-Radfahrer-stuerzen.html\">Am 14. April<\/a> werden in der Frankfurter Innenstadt zwei Br\u00fccken blockiert und wiederum Farbe ausgesch\u00fcttet. Vier Radfahrer*innen kommen dadurch zu Fall, eine Frau muss ins Krankenhaus gebracht werden. Die Polizei nimmt 40 Aktivist*innen in Gewahrsam. Seit Beginn dieser Blockaden wurden etwa 200 Personen fest- und 30 in einen l\u00e4ngerfristigen Gewahrsam genommen worden; rund 140 Ermittlungsverfahren wurden eingeleitet. Am 19. April blockieren Klimaaktivist*innen erneut an drei verschiedenen Orten in Frankfurt\/M. die Fahrbahnen und kleben sich teilweise fest. Insgesamt wurden bei den bisherigen Aktionen fast 200 Personen festgenommen; 30 von ihnen <a href=\"https:\/\/www.welt.de\/politik\/deutschland\/article238261333\/Frankfurt-Klimaaktivisten-blockieren-erneut-Strassen-und-kleben-sich-auf-Fahrbahn-fest.html\">mussten \u00fcber Ostern in Gewahrsam bleiben<\/a>. In Berlin rei\u00dfen Klimaaktivist*innen <a href=\"https:\/\/www.morgenpost.de\/berlin\/article235115225\/Berlin-Mitte-Klimaschutz-Demonstranten-reissen-Gehweg-auf.html\">am 19. April<\/a> das Pflaster des B\u00fcrgersteigs von dem Bundesministerium f\u00fcr Wirtschaft und Klimaschutz auf, legen Rohre mit der Aufschrift \u201eQatar Stream\u201c daneben und versch\u00fctten Farbe. Die Polizei beendet die Aktion, sieben Personen werden vorl\u00e4ufig festgenommen. <a href=\"https:\/\/www.spiegel.de\/panorama\/bildung\/ravensburg-weingarten-professor-muss-wegen-baumbesetzung-4000-euro-zahlen-a-ee021920-e653-45fa-9223-13f60a2e9679\">Am gleichen Tag<\/a> verurteilt das Amtsgericht (AG) Ravensburg (Baden-W\u00fcrttemberg) einen Hochschulprofessor wegen Baumbesetzung gemeinsam mit Klimaaktivist*innen im Mai 2021 zu einer Geldstrafe von 4.000 EUR. Mit der Aktion sollte f\u00fcr intelligentes Heizen in der Hochschule geworben werden. Vor dem AG M\u00fcnchen (Bayern) beginnt <a href=\"https:\/\/www.abendzeitung-muenchen.de\/muenchen\/nach-iaa-protesten-prozess-gegen-teilnehmer-des-klimacamps-in-muenchen-beginnt-art-809975\">am 26. April<\/a> der Prozess gegen drei Teilnehmer*innen eines \u201eKlimacamps\u201c gegen die Automesse IAA im September 2021. <a href=\"https:\/\/www.welt.de\/politik\/deutschland\/article238407383\/Letzte-Generation-Klima-Gruppe-versucht-Pipelines-abzudrehen.html\">Am 27. April<\/a> versuchen Umweltaktivist*innen in Ramersbach (Rheinland-Pfalz) und Schwedt (Brandenburg) \u00d6l- und Gaspipelines zu unterbrechen. Im Innenausschuss des Hessischen Landtags erkl\u00e4rt Landesinnenminister Peter Beuth (CDU) <a href=\"https:\/\/www.faz.net\/aktuell\/gesellschaft\/kriminalitaet\/letzte-generation-beuth-verurteilt-protestaktionen-in-frankfurt-17990204.html\">am 28. April<\/a>, dass es in Zusammenhang mit Aktionen von Klima- und Umweltaktivist*innen bisher \u00fcber 200 vorl\u00e4ufige Festnahmen gegeben hat und \u00fcber 140 Strafverfahren eingeleitet wurden; 57 Personen seien richterlich vorgef\u00fchrt worden.<!--more--><\/p>\n<p><b>Rechtsextremistischer Mordanschlag in Hanau:<\/b> Vor dem <a href=\"https:\/\/www.faz.net\/aktuell\/politik\/inland\/attentat-von-hanau-kein-verdacht-trotz-verschwoerungstheorien-17928655.html\">Untersuchungsausschuss des hessischen Landtages<\/a> sagen ein Beamter des Bundeskriminalamtes (BKA) und eine Staatsanw\u00e4ltin aus. \u201eStaatsschutzrelevante Kenntnisse\u201c \u00fcber den Attent\u00e4ter der im Februar 2020 in Hanau (Hessen) neun Menschen mit Migrationshintergrund, seine Mutter und sich selbst umbrachte, habe es zum damaligen Zeitpunkt nicht gegeben.<\/p>\n<p>2. April: <b>Hasskriminalit\u00e4t:<\/b> Am Berliner Hauptbahnhof beschimpfen und beleidigen zwei M\u00e4nner ankommende ukrainische Fl\u00fcchtlinge und <a href=\"https:\/\/www.morgenpost.de\/berlin\/polizeibericht\/article234992913\/Lichtenrade-und-Wilhelmstadt-Autos-brennen.html\">skandieren pro-russische Parolen<\/a>. Sie werden von Beamten der Bundespolizei (BPol) in Gewahrsam genommen. In Berlin kommt es <a href=\"https:\/\/www.tagesspiegel.de\/berlin\/mehrere-hundert-fahrzeuge-autokorso-mit-russischen-fahnen-faehrt-durch-berlin\/28224590.html\">am 3. April<\/a> zu einem prorussische Autokorso mit rund 900 Personen in mehreren 100 Fahrzeugen. Etliche davon fahren mit russischen Flaggen und dem verboten \u201eZ\u201c-Symbol der russischen Invasion. Im Innenausschuss des Berliner Abgeordnetenhauses teilt Innenstaatssekret\u00e4r Torsten Akmann (SPD) <a href=\"https:\/\/www.tagesspiegel.de\/berlin\/auch-bei-prorussischem-autokorso-festgestellt-berliner-polizei-ermittelt-bisher-in-fuenf-faellen-wegen-z-symbol\/28225454.html\">am 4. M\u00e4rz<\/a> mit, dass die Polizei bisher f\u00fcnf Ermittlungsverfahren wegen des \u201eZ\u201c-Symbols eingeleitet hat. <a href=\"https:\/\/www.spiegel.de\/panorama\/nancy-faeser-warnt-vor-anfeindungen-gegenueber-russen-und-ukrainern-in-deutschland-a-d8bd8832-7b69-457e-b3c8-7faccf68439c\">Am gleichen Tag<\/a> gibt Bundesinnenministerin Nancy Faeser (SPD) bekannt, dass seit Beginn des Krieges in der Ukraine von den Sicherheitsbeh\u00f6rden deutschlandweit insgesamt 308 antirussische Straftaten, darunter 15 Gewalttaten registriert wurden. Bei antiukrainischen Straftaten sind es 109, darunter 13 Gewalttaten. Durch Presseberichte wird <a href=\"https:\/\/www.spiegel.de\/panorama\/justiz\/illertissen-lkw-fahrer-soll-mit-z-symbol-durch-deutschland-gefahren-sein-a-6444b804-491e-4327-bf63-e03ff09ea388\">am 6. April<\/a> bekannt, dass der Polizei auf einem Autobahnrastplatz bei Illertissen (Bayern) ein LKW-Fahrer aufgefallen ist, der auf seinem Fahrzeug ein \u201eZ\u201c-Symbol angebracht hatte. Gegen ihn wurde ein Verfahren wegen Billigung von Straftaten eingeleitet. <a href=\"https:\/\/www.morgenpost.de\/berlin\/polizeibericht\/article235033815\/A24-Lkw-mit-Futtermittel-Ladung-umgekippt-Fahrer-verletzt.html\">Am 7. April<\/a> durchsucht die Polizei in Berlin die Wohnungen von 16 M\u00e4nnern und drei Frauen unter dem Verdacht von Straftaten der Hasskriminalit\u00e4t. Internetf\u00e4hige Ger\u00e4te werden beschlagnahmt. Im Rahmen eines europaweiten Aktionstages gegen Hasspostings im Internet f\u00fchren die Polizeien von acht Bundesl\u00e4ndern <a href=\"https:\/\/www.fr.de\/rhein-main\/hessen-razzien-gegen-hass-im-netz-91467589.html\">am 8. April<\/a> Durchsuchungen, Vernehmungen und Sicherstellungen durch. <a href=\"https:\/\/www.faz.net\/aktuell\/politik\/inland\/z-ermittlungen-wegen-befuerwortung-des-angriffskriegs-17964722.html\">Am 18. April<\/a> wird durch Presseberichte bekannt, dass die Sicherheits- und Justizbeh\u00f6rden in Zusammenhang mit dem Krieg in der Ukraine bisher bundesweit in mehr als 140 F\u00e4llen ermitteln; zumeist wegen Verwendung des \u201eZ\u201c-Symbols (NRW: 37 \/ Sachsen: 19 \/ Hamburg: 17). Aber auch wegen Sachbesch\u00e4digungen bis hin zu <a href=\"https:\/\/www.berliner-zeitung.de\/politik-gesellschaft\/gewalt-gegen-ukrainer-in-deutschland-angegriffen-wegen-einer-flagge-li.222877\">k\u00f6rperlichen Angriffen<\/a>. Das Oberverwaltungsgericht (OVG) Sachsen-Anhalt entscheidet <a href=\"https:\/\/www.spiegel.de\/panorama\/justiz\/ovg-sachsen-anhalt-untersagt-t-shirts-mit-aufdruck-z-itronenlimonade-a-81637064-5484-482e-88e0-229ea5e84da6\">am 28. April<\/a>, dass das Tragen eines T-Shirts, auf dem der Buchstabe \u201eZ\u201c deutlich hervorgehoben ist, den objektiven Straftatbestand der Billigung eines Angriffskriegs erf\u00fcllt (<a href=\"https:\/\/ovg.sachsen-anhalt.de\/aktuelles\/pressemitteilungen\/?tx_tsarssinclude_pi1%5Buid%5D=283382&amp;tx_tsarssinclude_pi1%5Baction%5D=single&amp;tx_tsarssinclude_pi1%5Bcontroller%5D=Static&amp;cHash=f807f0f42d4d8ee3e87218582225a0dc\">Az: 3 M 45\/22<\/a>).<\/p>\n<p>3. April: <b>Angriffe auf Polizist*innen:<\/b> In einer Gastst\u00e4tte in M\u00fcnchen (Bayern) <a href=\"https:\/\/www.abendzeitung-muenchen.de\/muenchen\/stadtviertel\/angriff-mit-unklarem-motiv-in-der-isarvorstadt-33-jaehriger-wuergt-39-jaehrigen-bis-zur-bewusstlosigkeit-art-804768\">w\u00fcrgt ein betrunkener Mann<\/a> einen, sich dort privat aufhaltenden Polizisten, bis zur Bewusstlosigkeit. In Berlin stoppt <a href=\"https:\/\/www.morgenpost.de\/berlin\/polizeibericht\/article234992913\/Lichtenrade-und-Wilhelmstadt-Autos-brennen.html\">am gleichen Tag<\/a> ein Polizist einen Radfahrer, der bei Rot eine Kreuzung \u00fcberf\u00e4hrt. Daraufhin beschimpft dieser den Beamten und versucht ihn mit der Faust zu schlagen. Der Beamte kann den Schlag abwehren und bringt den Mann zu Boden um ihm Handschellen anzulegen. Dabei schl\u00e4gt, bei\u00dft und spuckt der Radfahrer weiter um sich; er wird festgenommen. <a href=\"https:\/\/www.morgenpost.de\/berlin\/polizeibericht\/article235033815\/A24-Lkw-mit-Futtermittel-Ladung-umgekippt-Fahrer-verletzt.html\">Am 7. April<\/a> wird die Polizei in Berlin informiert, dass ein psychisch Kranker seine Frau und das Kind in der Wohnung festh\u00e4lt. Als die Beamt*innen in die Wohnung eindringen, werden sie von dem Mann mit Gegenst\u00e4nden beworfen und einer Eisenstange attackiert. Durch einen Einsatz von Pfefferspray wird der Mann \u00fcberw\u00e4ltigt und in ein Krankenhaus gebracht. In Gelsenkirchen (NRW) greift <a href=\"https:\/\/www.sueddeutsche.de\/panorama\/kriminalitaet-gelsenkirchen-betrunkener-schlaegt-rettungskraefte-und-attackiert-polizisten-dpa.urn-newsml-dpa-com-20090101-220417-99-945044\">am 16. April<\/a> ein betrunkener Mann die Sanit\u00e4ter an, die seine Mutter angerufen hatte, nachdem er sich die Hand gebrochen hatte. Auch die alarmierten Polizist*innen greift er an. <a href=\"https:\/\/www.sueddeutsche.de\/panorama\/kriminalitaet-halle-saale-paar-attackiert-polizisten-dpa.urn-newsml-dpa-com-20090101-220417-99-945047\">Am gleichen Tag<\/a> wollen in Halle\/Saale (Sachsen-Anhalt) Polizist*innen den Streit eines jungen Paares schlichten, werden jedoch sofort von dem Mann angegriffen. Schlie\u00dflich greift auch die Frau an und zerkratzt der Beamtin das Gesicht, auch ihr Kollege wird am Bein verletzt. Bei einer pro-pal\u00e4stinensischen Demonstration in Berlin werden <a href=\"https:\/\/www.tagesspiegel.de\/berlin\/protest-mit-hunderten-teilnehmern-polizisten-bei-palaestina-demo-in-berlin-neukoelln-angegriffen\/28261978.html\">am 18. April<\/a> Steine und Flaschen auf Polizist*innen geworfen; f\u00fcnf Personen werden festgenommen. <a href=\"https:\/\/www.tagesspiegel.de\/berlin\/randale-in-berlin-neukoelln-jugendliche-werfen-steine-auf-polizisten-in-high-deck-siedlung\/28267962.html\">Am 20. April<\/a> schieben in Berlin Unbekannte M\u00fcllcontainer auf die Stra\u00dfe und z\u00fcnden sie an. Als die Polizei erscheint, wird sie von etwa 20 Personen mit Steinen beworfen bevor diese fl\u00fcchten. <a href=\"https:\/\/www.spiegel.de\/panorama\/justiz\/boxberg-in-baden-wuerttemberg-mann-widersetzt-sich-hausdurchsuchung-und-schiesst-auf-polizisten-a-927be28a-eaec-4e7e-974b-4625bb57d093\">Am gleichen Tag<\/a> widersetzt sich in Boxberg (Baden-W\u00fcrttemberg) ein Mann seiner Hausdurchsuchung wegen des Verdachts des illegalen Waffenbesitzes und schie\u00dft auf die Polizist*innen; dabei wird ein Beamter verletzt. Im Verlauf des Einsatzes brennt das Haus ab, der Mann wird festgenommen. Ebenfalls <a href=\"https:\/\/www.sueddeutsche.de\/panorama\/prozesse-giessen-haftstrafe-nach-armbrust-schuss-bei-polizeieinsatz-dpa.urn-newsml-dpa-com-20090101-220421-99-988773\">am 20. April<\/a> verurteilt das LG Gie\u00dfen (Hessen) einen Mann, der bei einer Wohnungsdurchsuchung mit einer Armbrust auf die Polizist*innen geschossen hatte, zu einer Haftstrafe von zweieinviertel Jahren. Laut der <a href=\"https:\/\/www.tagesspiegel.de\/berlin\/knapp-500-000-straftaten-in-2021-kriminalitaetsbelastung-in-berlin-erneut-zurueckgegangen\/28270892.html\">am 22. April<\/a> vorgestellten Polizeilichen Kriminalstatistik (PKS) 2021 wurden in Berlin im vergangenen Jahr insgesamt 8.570 Angriffe auf Polizeibeamt*innen ver\u00fcbt. <a href=\"https:\/\/www.berliner-zeitung.de\/news\/breaking-news-al-quds-tag-berliner-polizei-verbietet-hass-demo-gegen-juden-li.224901\">Am 28. April<\/a> verbietet die Berliner Polizei eine weitere, f\u00fcr den n\u00e4chsten Tag geplante pro-pal\u00e4stinensische Demonstration.<\/p>\n<p><b>Tod nach Polizeieinsatz:<\/b> Die Polizei in M\u00fcnchen (Bayern) nimmt eine an manischer Schizophrenie leidende Frau fest, nachdem diese einem Teenager das Smartphone weggenommen hatte. Da die Frau sich heftig wehrt, wird sie in Handschellen ins Krankenhaus gebracht. <a href=\"https:\/\/www.abendzeitung-muenchen.de\/muenchen\/stadtviertel\/giesing-schizophrene-frau-verstirbt-im-krankenhaus-nach-polizeieinsatz-art-805087\">Dort kollabiert sie und stirbt<\/a> zwei Tage sp\u00e4ter.<\/p>\n<p>4. April: <b>Angriffe auf Gefl\u00fcchtete und deren Unterk\u00fcnfte:<\/b> In Saarlouis (Saarland) wird ein Mann festgenommen, der im September <a href=\"https:\/\/www.sueddeutsche.de\/politik\/saarland-saarlouis-anschlag-verhaftung-1.5560204\">1991 einen Brandanschlag auf eine Asylbewerberunterkunft<\/a> in der Stadt ver\u00fcbt haben soll. Dabei war ein Ghanaer ums Leben gekommen, zwei weitere Menschen wurden verletzt. Der Tatverd\u00e4chtige galt seinerzeit als eine F\u00fchrungsfigur der rechtsextremistischen Szene in Saarlouis, die Ermittlungen waren damals mangels Indizien eingestellt worden.<\/p>\n<p><b>Rechtsextremismus:<\/b> In M\u00fcnchen (Bayern) beginnt der Prozess gegen drei M\u00e4nner aus der rechtsextremistischen Szene, die mit <a href=\"https:\/\/www.abendzeitung-muenchen.de\/muenchen\/rechtsextreme-vor-gericht-in-muenchen-haben-sie-mit-waffen-gehandelt-art-805099\">Schusswaffen aus dem ehemaligen Jugoslawien-Krieg<\/a> gehandelt haben sollen. <a href=\"https:\/\/www.spiegel.de\/panorama\/justiz\/atomwaffen-division-ermittler-sprengen-mutmassliche-neonazi-terrorgruppe-a-e4b2c639-8b0f-4c83-afc6-13e726c0eeb4\">Am 6. April<\/a> durchsucht die Polizei in 11 Bundesl\u00e4ndern 61 Objekte und Wohnungen von 50 Rechtsextremisten, darunter ein Bundeswehr-Unteroffizier, und verschiedener rechtsextremistischer Gruppen. In Eisenach (Th\u00fcringen) werden vier Mitglieder der Kampfsportgruppe \u201eKnockout 51\u201c festgenommen. Durch eine parlamentarische Anfrage der Linksfraktion im Bundestag wird <a href=\"https:\/\/www.faz.net\/aktuell\/politik\/inland\/ueber-400-geldwaesche-verdachtsfaelle-bei-rechtsextremisten-seit-2017-17950663.html\">am 11. April<\/a> bekannt, dass die Anti-Geldw\u00e4sche-Einheit FIU seit 2017 insgesamt 414 Verdachtsmeldungen auf Geldw\u00e4sche mit rechtsextremistischen Bez\u00fcgen \u2013 Handel mit Waffen und Munition \u2013 aufgedeckt hat. <a href=\"https:\/\/www.sueddeutsche.de\/bayern\/bayern-reichsbuerger-corona-proteste-verfassungsschutz-jahresbericht-1.5565147\">Am gleichen Tag<\/a> stellt Landesinnenminister Joachim Herrmann (CSU) in M\u00fcnchen (Bayern) den bayerischen Verfassungsschutzbericht 2021 vor. Danach gab es in dem Bundesland im vergangenen Jahr 2.700 Rechtsextremist*innen, an Straftaten wurden 1.750 registriert (2020: 2.455). Aus einer parlamentarischen Anfrage der AfD-Fraktion im Berliner Abgeordnetenhaus geht <a href=\"https:\/\/www.morgenpost.de\/berlin\/article235072501\/2021-weniger-politisch-motivierte-Straftaten-in-Berlin.html\">am 12. April<\/a> hervor, dass es in der Stadt im Jahr 2021 zu insgesamt 1.987 rechtsextremistischen Straftaten gekommen ist (819 Propagandadelikte \/ 506 Beleidigungen, \u00fcble Nachrede, Verleumdung \/ 281 Volksverhetzungen \/ 125 Sachbesch\u00e4digungen \/ 56 Bedrohungen \/ 127 K\u00f6rperverletzungen). Im Jahr 2020 waren 2.456 Straftaten insgesamt registriert worden. <a href=\"https:\/\/www.welt.de\/politik\/deutschland\/article238149189\/Generalbundesanwalt-erhebt-Anklage-gegen-frueheren-CDU-Kandidaten.html\">Am 13. April<\/a> erhebt die Bundesanwaltschaft (BAW) Anklage gegen einen hessischen Rechtsextremisten und fr\u00fcheren CDU-Kandidaten bei der Kommunalwahl im M\u00e4rz 2021 wegen Vorbereitung einer schweren staatsgef\u00e4hrdenden Gewalttat und der versuchten Gr\u00fcndung einer terroristischen Vereinigung. Bei einer Durchsuchung im September 2021 waren bei dem Mann rund 600 selbstgebaute Sprengk\u00f6rper und ein von ihm geschriebenes rassistisches Manifest gefunden worden. <a href=\"https:\/\/www.fr.de\/rhein-main\/neue-neonazi-partei-in-hessen-91478478.html\">Am gleichen Tag<\/a> wird durch Presseberichte bekannt, dass die im Mai 2021 von th\u00fcringischen Rechtsextremisten gegr\u00fcndete Partei \u201eNSP \u2013 Neue St\u00e4rke Partei\u201c unterdessen in acht Bundesl\u00e4ndern aktiv ist; ihre Mitgliederzahl liegt nach Angaben des Verfassungsschutzes (VfS) im dreistelligen Bereich. Ebenfalls <a href=\"https:\/\/www.spiegel.de\/panorama\/justiz\/extremisten-planten-attacken-auf-infrastruktur-a-a6bf93b3-992c-477f-ba35-bc0b1230f181\">am 13. April<\/a> durchsucht die Polizei in mehreren Bundesl\u00e4ndern 20 Objekte von Mitgliedern einer Internet-Chatgruppe unter dem Verdacht Einrichtungen der Stromversorgung zu zerst\u00f6ren. Vier Verd\u00e4chtige, die der Corona-Protestszene und \u201eReichsb\u00fcrger\u201c-Bewegung zugeordnet werden, werden festgenommen. Gr\u00f6\u00dfere Mengen Schusswaffen, Munition, Bargeld und weitere Beweismittel werden beschlagnahmt. Die zwei Hauptverd\u00e4chtigen sollen zudem die Entf\u00fchrung von Bundesgesundheitsminister Karl Lauterbach (SPD) und weiterer Personen des \u00f6ffentlichen Lebens geplant haben. Durch Presseberichte wird <a href=\"https:\/\/www.tagesschau.de\/investigativ\/report-mainz\/razzien-vereinte-patrioten-101.html\">am 14. April<\/a> bekannt, dass die Festnahmen bei einem fingierten Waffenverkauf Verdeckter Ermittler gelangen und insgesamt gegen 12 M\u00e4nner und Frauen ermittelt wird. <a href=\"https:\/\/www.n-tv.de\/politik\/Geplante-Lauterbach-Entfuehrung-Waffenlager-entdeckt-article23276628.html\">Am 19. April<\/a> erkl\u00e4rt die Generalstaatsanwaltschaft (GStA) Koblenz (Rheinland-Pfalz), dass bei einem der Verd\u00e4chtigen ein \u201eregelrechtes Waffenlager\u201c und etliche Nazi-Devotionalien gefunden wurden. Durch eine parlamentarische Anfrage der Linksfraktion im hessischen Landtag wird <a href=\"https:\/\/www.fr.de\/rhein-main\/landespolitik\/hessen-250-razzien-bei-rechtsextremen-seit-2019-91489568.html\">am 20. April<\/a> bekannt, dass das hessische Landeskriminalamt (LKA) seit der Ermordung des Regierungsdirektor Walter L\u00fcbcke im Juli 2019 \u00fcber 250 Hausdurchsuchungen bei Rechtsextremist*innen durchgef\u00fchrt und 1.300 Personen kontrolliert hat, Rund 4.100 NS-Devotionalien, Waffen und Sprengstoffe wurden sichergestellt; 1.700 Ermittlungsverfahren eingeleitet. Laut der <a href=\"https:\/\/www.tagesspiegel.de\/berlin\/knapp-500-000-straftaten-in-2021-kriminalitaetsbelastung-in-berlin-erneut-zurueckgegangen\/28270892.html\">am 22. April<\/a> vorgestellten PKS 2021 wurden in Berlin im vergangenen Jahr insgesamt 1.990 rechtsextremistische Straftaten ver\u00fcbt (2020: 2.500). <a href=\"https:\/\/www.spiegel.de\/politik\/deutschland\/generalbundesanwalt-ermittelt-wegen-geplanter-lauterbach-entfuehrung-a-21b7ae28-174e-49ac-a5c8-e6693cc69ab2\">Am 26. April<\/a> \u00fcbernimmt der Generalbundesanwalt (GBA) die Ermittlungen im Fall der mutma\u00dflich geplanten Entf\u00fchrung des Bundesgesundheitsministers Karl Lauterbach (SPD) wegen des Verdachts der Bildung einer terroristischen Vereinigung. Vier der f\u00fcnf verd\u00e4chtigten M\u00e4nner befinden sich bereits in Untersuchungshaft. Au\u00dferdem sind drei weitere Personen verd\u00e4chtig, eine schwere staatsgef\u00e4hrdende Gewalttat vorbereitet zu haben.<\/p>\n<p><b>Angriffe auf Politiker*innen:<\/b> In Potsdam (Brandenburg) stellt Landesinnenminister Michael St\u00fcbgen (CDU) eine <a href=\"https:\/\/www.pnn.de\/brandenburg\/brandenburger-verfassungsschutz-studie-kommunalpolitiker-werden-fast-taeglich-angepoebelt-und-attackiert-\/28224804.html\">landesweite Studie zu Angriffen auf Politiker*innen<\/a> vor. Danach wurden in Brandenburg seit 2014 etwa 300 Amts- oder Mandatstr\u00e4ger*innen Opfer von Beleidigungen oder t\u00e4tlichen Angriffen. In Hessen f\u00fchrt die Polizei <a href=\"https:\/\/www.fr.de\/rhein-main\/hessen-razzien-gegen-hass-im-netz-91467589.html\">am 8. April<\/a> Hausdurchsuchungen bei acht Beschuldigten durch, die im Internet Politiker*innen beleidigt und zu ihrer T\u00f6rung aufgerufen haben. <a href=\"https:\/\/www.tagesspiegel.de\/berlin\/morddrohungen-vom-staatsstreichorchester-ermittlungen-nach-rechtsextremistischen-mails-eingestellt\/28286240.html\">Am 27. April<\/a> teilt die GStA Berlin mit, dass sie die Ermittlungen gegen den Verfasser von rechtsextremistischen, rassistischen und antisemitischen Drohschreiben an Politiker*innen und andere Personen des \u00f6ffentlichen Lebens eingestellt hat. Der Verfasser, der seit 2019 Morddrohungen verschickt, sei nicht zu ermitteln gewesen.<\/p>\n<p><b>Private Sicherheitsdienste:<\/b> In Hamburg, Schleswig-Holstein, Niedersachsen und Berlin durchsuchen Z\u00f6llner*innen der Finanzkontrolle Schwarzarbeit insgesamt 15 Objekte einer <a href=\"https:\/\/www.tagesspiegel.de\/berlin\/schwarzarbeit-bei-sicherheitsfirma-wurde-die-berliner-polizei-von-kriminellen-bewacht\/28270260.html\">Privaten Sicherheitsfirma wegen des Verdachts des Betruges<\/a> im Rahmen eines Insolvenzverfahren. Der Betreiber der Firma soll seit 2017 Arbeitsl\u00f6hne vorenthalten und veruntreut haben; 560.000 EUR und mehrere Luxusfahrzeuge werden beschlagnahmt. In Berlin bewachte die Firma 13 Liegenschaften der Polizei. In Bochum (NRW) ger\u00e4t <a href=\"https:\/\/www.spiegel.de\/panorama\/justiz\/bochum-mann-stirbt-nach-streit-bei-techno-party-tuersteher-in-gewahrsam-a-959b75bd-f7b2-4b69-a074-96d6bfd0022d\">am 10. April<\/a> ein Mann mit einem T\u00fcrsteher in Streit um Zutritt zu einer Technoparty. Als der Security-Mitarbeiter ihn schlie\u00dflich fixiert, kollabiert der Mann und stirbt im Krankenhaus. Der Security-Mann wird vorl\u00e4ufig in Gewahrsam genommen. Die Obduktion ergibt, dass Gewalteinwirkung f\u00fcr den Tod des Mannes urs\u00e4chlich ist. Der Security-Mitarbeiter kommt in <a href=\"https:\/\/www.spiegel.de\/panorama\/justiz\/bochum-mann-stirbt-nach-streit-tuersteher-in-u-haft-a-2eb1be7d-1015-483b-8f77-3683ecf14ae9\">Untersuchungshaft<\/a>.<\/p>\n<p>5. April: <b>Polizeisch\u00fcsse:<\/b> In Berlin beobachtet ein Polizist au\u00dfer Dienst auf dem Heimweg einen \u00dcberfall auf einen Imbiss. Es kommt zu einer <a href=\"https:\/\/www.morgenpost.de\/berlin\/polizeibericht\/article235013317\/polizei-feuerwehr-berlin-kriminalitaet-ueberfall-blaulicht-verletzte.html\">Auseinandersetzung, bei der der Beamte auf den T\u00e4ter schie\u00dft<\/a> und an beiden Beinen verletzt. <a href=\"https:\/\/www.welt.de\/regionales\/bayern\/article238022321\/Augsburg-Polizei-schiesst-auf-22-jaehrigen-Messerangreifer-in-Asylunterkunft.html\">Am gleichen Tag<\/a> wird in Augsburg (Bayern) die Polizei alarmiert, weil der Mitarbeiter einer Fl\u00fcchtlingsunterkunft mit einem Messer angegriffen wird. Als die Beamt*innen eintreffen, versuchen sie zun\u00e4chst den T\u00e4ter zu beruhigen. Als dies misslingt und er auch sie angreift, schie\u00dfen die Polizist*innen auf ihn. In Neukirchen-Vluyn (NRW) wird <a href=\"https:\/\/www.spiegel.de\/panorama\/justiz\/neukirchen-vluyn-polizisten-erschiessen-offenbar-randalierenden-mann-a-54c817b3-bc96-48d3-b011-fdadda017a04\">am 12. April<\/a> die Polizei gerufen, weil ein Mann in seiner Wohnung randaliert und Gegenst\u00e4nde aus dem Fenster wirft. Als die Beamt*innen die Wohnung betreten, bedroht sie der Mann mit einem Fleischermesser. Als das zur Unterst\u00fctzung gerufene Sondereinsatzkommando (SEK) in den Raum kommt, greift der psychisch gest\u00f6rte Mann sie an. Daraufhin werden mehrere Sch\u00fcsse auf ihn abgegeben und treffen ihn in den Oberk\u00f6rper. Der Mann stirbt im Krankenhaus. In Coburg (Bayern) sucht die Polizei <a href=\"https:\/\/www.sueddeutsche.de\/bayern\/coburg-polizei-fahndung-bewaffnete-1.5571470\">am 23. April<\/a> nach zwei bewaffneten M\u00e4nnern, die an einer Massenschl\u00e4gerei beteiligt gewesen sein sollen. Als eine Streife auf sie trifft, bedroht einer der M\u00e4nner die Beamt*innen mit einer Waffe; daraufhin gibt ein Beamter einen Warnschuss ab und die Verd\u00e4chtigen fl\u00fcchten.<\/p>\n<p>6. April: <b>Dschihadismus:<\/b> In Berlin fasst die Polizei einen mutma\u00dflichen <a href=\"https:\/\/www.spiegel.de\/politik\/deutschland\/berlin-polizei-fasst-mutmassliches-is-mitglied-a-3ccc5677-8327-4250-a74f-9f0267e30f15\">K\u00e4mpfer des Islamischen Staat (IS)<\/a>, der mindestens drei Gefangene gefoltert haben soll. <a href=\"https:\/\/www.welt.de\/regionales\/hamburg\/article238112753\/Hamburg-Todesdrohungen-Gericht-verurteilt-Islamisten-zum-dritten-Mal.html\">Am 11. April<\/a> verurteilt das AG Hamburg einen, wegen Werbens f\u00fcr den IS Angeklagten, der in der Untersuchungshaft einen Mith\u00e4ftling in zwei F\u00e4llen mit den Tode bedroht hatte, zu einer weiteren Haftstrafe von sechs Monaten. Vor dem OLG Hamburg erhebt die BAW <a href=\"https:\/\/www.welt.de\/regionales\/hamburg\/article238138523\/Justiz-IS-Rueckkehrerin-wegen-Misshandlung-einer-Sklavin-angeklagt.html\">am 12. April<\/a> Anklage wegen Verbrechen gegen die Menschlichkeit und Kriegsverbrechen gegen eine deutsche IS-R\u00fcckkehrerin. <a href=\"https:\/\/www.spiegel.de\/panorama\/justiz\/hamburg-ehemaliger-terrormiliz-kaempfer-zu-freiheitsstrafe-verurteilt-a-b36a72c0-3e3c-4652-934d-9c56354ee5af)\">Am gleichen Tag<\/a> verurteilt das OLG einen ehemaligen K\u00e4mpfer der islamistischen Ahrar-al-Sham-Miliz wegen Mitgliedschaft in einer terroristischen Vereinigung im Ausland zu einer Haftstrafe von zwei Jahren und 11 Monaten.<\/p>\n<p>7. April: <b>Alternative f\u00fcr Deutschland (AfD):<\/b> W\u00e4hrend der Bundestagsdebatte \u00fcber eine Impfpflicht demonstrieren in Berlin rund 1.000 Impfgegner*innen. Gegendemonstrant*innen geraten dabei mit einem <a href=\"https:\/\/www.morgenpost.de\/berlin\/article235020611\/Impfpflicht-im-Bundestag-Querdenker-demonstrieren-in-Berlin.html\">AfD-Bundestagsabgeordneten aneinander<\/a>; \u00fcber den Hergang gibt es unterschiedliche Schilderungen. Beide Seiten erstatten Anzeige. Das LG Berlin <a href=\"https:\/\/www.sueddeutsche.de\/politik\/afd-kalbitz-rechtsextremismus-1.5570675\">weist die Klage des fr\u00fcheren brandenburgischen AfD-Chefs Andreas Kalbitz<\/a> gegen seinen Parteiausschluss 2020 zur\u00fcck. Kalbitz sei nie rechtm\u00e4\u00dfig Mitglied der Partei gewesen, da er seinen Parteieintritt durch \u201earglistige T\u00e4uschung\u201c erlangt habe. Seinerzeit hatte er vorherige Mitgliedschaften bei den \u201eRepublikanern\u201c und der rechtsextremen \u201eHeimattreuen Deutschen Jugend\u201c verschwiegen.<\/p>\n<p><b>Verschwundene Waffen und Munition:<\/b> Auf Presseanfragen best\u00e4tigt die Staatsanwaltschaft (StA) Wiesbaden, dass die Ermittlungen gegen einen hessischen Polizeibeamten wegen <a href=\"https:\/\/www.fr.de\/rhein-main\/hessen-polizist-hat-keine-dienstmunition-unterschlagen-91464646.html\">mutma\u00dflichen Diebstahls von Dienstmunition<\/a> bereits im November 2021 mangels Beweisen eingestellt wurden. Gegen einen Kriminalkommissar aus Frankfurt\/M. (beide Hessen) wird weiterhin ermittelt.<\/p>\n<p>8. April: <b>Rechtsradikale Polizist*innen:<\/b> Durch Presseberichte wird bekannt, dass mehrere Polizist*innen des Pr\u00e4sidiums Darmstadt (Hessen) in den Jahren 2019-2020 <a href=\"https:\/\/www.fr.de\/rhein-main\/landespolitik\/immer-wieder-rechtsextreme-chats-91467939.html\">in einer Chatgruppe<\/a> <a href=\"https:\/\/www.fr.de\/rhein-main\/landespolitik\/hessische-polizei-einladung-in-die-wolfsschanze-91467937.html\">rechtsradikale Inhalte<\/a>, Beschimpfungen, Bilder und \u00e4hnliches ausgetauscht haben. <a href=\"https:\/\/www.tagesspiegel.de\/berlin\/wegen-sexistischer-und-rassistischer-fotos-berliner-polizeischueler-fliegt-vier-wochen-nach-ausbildungsbeginn-raus\/28255644.html\">Am 14. April<\/a> gibt die Berliner Polizei bekannt, dass sie einem Polizeisch\u00fcler vier Wochen nach Ausbildungsbeginn gek\u00fcndigt hat. Gegen den Auszubildenden wird wegen Verbreitung rassistischer und sexistischer Bilder, Verleumdung und mutma\u00dflicher sexueller Bel\u00e4stigung ermittelt. Vor dem AG M\u00fcnchen r\u00e4umt ein ehemaliger bayerischer Polizist <a href=\"https:\/\/www.spiegel.de\/panorama\/leute\/prozess-in-muenchen-ex-polizist-raeumt-hitlergruss-im-biergarten-ein-a-90700705-478e-4b88-ad90-348b0081fcfd\">am 20. April<\/a> ein, im Jahr 2017 Fotos eines gefesselten schwarzen Gefangenen gepostet und mit beleidigen Kommentaren versehen sowie 2018 in einem Biergarten den Hitlergru\u00df gezeigt zu haben. Er wird zu einer <a href=\"https:\/\/www.abendzeitung-muenchen.de\/muenchen\/hitlergruss-im-biergarten-gezeigt-ex-polizist-zu-geldstrafe-verurteilt-art-808536\">Geldstrafe<\/a> von 4.200 EUR verurteilt.<\/p>\n<p><b>Ermittlungen\/Prozesse gegen Polizeibeamt*innen:<\/b> In Berlin kontrollieren zwei Zivilpolizisten mit vorgehaltenen Waffen zwei M\u00e4nner und beleidigen sie dabei. Als diese anschlie\u00dfend Anzeige erstatten und erkl\u00e4ren, die M\u00e4nner h\u00e4tten alkoholisiert gewirkt, werden die <a href=\"https:\/\/www.tagesspiegel.de\/berlin\/beleidigung-und-bedrohung-mit-waffen-ermittlungen-gegen-betrunkene-berliner-polizisten\/28242004.html\">Beamten aus dem Dienst entfernt<\/a>; eine Atem- und Blutkontrolle best\u00e4tigt den Verdacht. Gegen sie wird ermittelt. Die StA Frankfurt\/M. (Hessen) gibt <a href=\"https:\/\/www.faz.net\/aktuell\/gesellschaft\/kriminalitaet\/rechtsextreme-chats-anklage-gegen-polizisten-des-frankfurter-1-reviers-17950884.html\">am 11. April<\/a> bekannt, dass sie Anklage gegen f\u00fcnf Beamt*innen einer internen rechtsextremistischen Chatgruppe erhoben hat. Sie sollen dar\u00fcber hinaus auch in weiteren Chatgruppen aktiv gewesen sein. Vom Dienst-Computer einer Beamtin wurde zudem die Adresse der Rechtsanw\u00e4ltin Seda Basay-Yildiz abgefragt, die kurze Zeit sp\u00e4ter ein NSU 2.0-Drohschreiben erhielt. <a href=\"https:\/\/www.spiegel.de\/panorama\/justiz\/leipzig-polizei-spezialeinheit-soll-mit-uebungsmunition-auf-neues-mitglied-geschossen-haben-a-cf8d31d5-53bc-4ef4-aac9-a37f6373f2a1\">Am 13. April<\/a> durchsucht die Polizei in Leipzig (Sachsen) die Wohnungen und Arbeitspl\u00e4tze von 23 Beamt*innen des Mobilen Einsatzkommandos (MEK) und einer Polizei\u00e4rztin. Die MEKler sollen im Dezember 2020 dienstliche Farbmunition gestohlen und damit in einem verbotenen Aufnahmeritual auf zwei neue Kommando-Mitglieder geschossen haben. Einer wurde dabei verletzt und von der \u00c4rztin versorgt. Gegen die MEK-Angeh\u00f6rigen wird ermittelt; zwei Kommandof\u00fchrern wurde die Aus\u00fcbung des Dienstes verboten. Durch Presseberichte wird <a href=\"https:\/\/www.spiegel.de\/panorama\/justiz\/dresden-polizei-spezialeinheit-soll-skiurlaub-als-fortbildung-deklariert-haben-a-ae3e3af9-9482-44ee-9ac9-94e08bb07b18\">am 20. April<\/a> bekannt, dass die GStA zudem auch ein Ermittlungsverfahren wegen des Verdachts des Betruges wegen eines als Fortbildungsreise deklarierten Ski-Urlaubs in den Alpen gegen das Kommando f\u00fchrt. Ebenfalls durch Presseberichte wird <a href=\"https:\/\/www.spiegel.de\/panorama\/leute\/prozess-in-muenchen-ex-polizist-raeumt-hitlergruss-im-biergarten-ein-a-90700705-478e-4b88-ad90-348b0081fcfd\">am gleichen Tag<\/a> bekannt, dass das bayerische LKA im vergangenen Jahr in 1.500 F\u00e4llen wegen verschiedenster Straftaten gegen Polizist*innen ermittelte. Vor dem Verwaltungsgericht (VG) Hannover (Niedersachsen) beginnt <a href=\"https:\/\/www.sueddeutsche.de\/panorama\/prozesse-hannover-hauptkommissar-vor-gericht-naehe-zu-reichsbuergern-dpa.urn-newsml-dpa-com-20090101-220427-99-68537\">am 28. April<\/a> der Prozess gegen einen Kriminalbeamten um ihn aus dem Dienst zu entfernen. Dem Mann wird vorgeworfen der \u201eReichsb\u00fcrger\u201c-Bewegung anzugeh\u00f6ren und auf einer Anti-Corona-Demonstration Verschw\u00f6rungstheorien verbreitet zu haben. Noch <a href=\"https:\/\/www.spiegel.de\/panorama\/justiz\/hannover-kriminalhauptkommissar-wird-wegen-naehe-zu-reichsbuergern-aus-dienst-entlassen-a-c48fad7d-8581-434c-9302-d98b255619fe\">am gleichen Tag<\/a> entscheidet das Gericht, dass der Beamte nicht zur\u00fcck in den Dienst darf (<a href=\"https:\/\/www.lto.de\/recht\/nachrichten\/n\/vg-hannover-18a373521-kriminalhauptkommissar-aus-beamtenverhaeltnis-entfernt-naehe-zu-reichsbuergern-querdenkern\/\">Az: 18 A 3735\/21<\/a>). Durch eine parlamentarische Anfrage der SPD-Fraktion im bayerischen Landtag wird bekannt, dass sich die Ermittlungen im Drogenskandal bei der M\u00fcnchner Polizei gegen 37 Beamt*innen richteten. Dabei geht es um insgesamt 235 Einzeldelikte; neben Verst\u00f6\u00dfen gegen das Bet\u00e4ubungsmittelgesetz zudem um Bestechlichkeit, Freiheitsberaubung und weitere Straftaten. 22 Polizist*innen konnte strafbares Verhalten nachgewiesen werden. Gegen sie wurden<a href=\"https:\/\/www.sueddeutsche.de\/muenchen\/muenchen-polizei-drogenskandal-soko-nightlife-1.5564173?reduced=true\"> Geldstrafen verh\u00e4ngt oder Strafbefehle erlassen<\/a>. Durch Presseberichte wird<a href=\"https:\/\/www.berliner-zeitung.de\/politik-gesellschaft\/ein-polizist-schlaegt-eine-journalistin-unfall-oder-gezielte-pressepruegel-li.225078\"> am 29. April<\/a> bekannt, dass in Berlin im Jahr 2021 insgesamt 591 Anzeigen gegen Polizist*innen wegen K\u00f6rperverletzung im Amt erstattet wurden (2020: 521). <a href=\"https:\/\/www.fr.de\/rhein-main\/landespolitik\/hessen-beuth-weist-kritik-an-vorgehen-gegen-polizei-chats-zurueck-91508482.html\">Am gleichen Tag<\/a> wird wiederum durch Presseberichte bekannt, dass die Polizei in Hessen gegen einen Gruppe von sechs Polizeiausbilder*innen ermittelt, die in einer Chatgruppe Beleidigungen und Mobbing gegen Kolleg*innen ausgetauscht haben.<\/p>\n<p>11. April: \u201e<b>Reichsb\u00fcrger\u201c:<\/b> In M\u00fcnchen (Bayern) stellt Landesinnenminister Joachim Herrmann (CSU) den <a href=\"https:\/\/www.sueddeutsche.de\/bayern\/bayern-reichsbuerger-corona-proteste-verfassungsschutz-jahresbericht-1.5565147\">bayerischen Verfassungsschutzbericht 2021<\/a> vor. Danach gab es in dem Bundesland im vergangenen Jahr 4.605 \u201eReichsb\u00fcrger*innen\u201c, an Straftaten wurden 425 registriert (2020: 243). <a href=\"https:\/\/www.spiegel.de\/panorama\/justiz\/schramberg-mutmassliche-reichsbuerger-verbarrikadieren-sich-bei-polizeikontrolle-in-auto-a-59b312da-5f87-4326-93cc-63d0e3d05f9b\">Am 26. April<\/a> stoppt die Polizei in Schramberg (Baden-W\u00fcrttemberg) im Rahmen einer Verkehrskontrolle ein Auto, woraufhin die beiden Insassen die T\u00fcren verriegeln und erkl\u00e4ren, sie w\u00fcrden den Staat und seine Polizei nicht anerkennen. Die T\u00fcren werden gewaltsam ge\u00f6ffnet und die M\u00e4nner nach weiterem Widerstand in Gewahrsam genommen.<\/p>\n<p>12. April:\u00a0\u201e<b>NSU 2.0\u201c-Drohschreiben:<\/b> Im Prozess um die <a href=\"https:\/\/www.hessenschau.de\/panorama\/prozess-in-frankfurt-belege-fuer-nsu-20-drohschreiben-auf-pc-des-angeklagten-gefunden,nsu-20-prozess-102.html\">\u201eNSU 2.0\u201c-Drohschreiben<\/a> vor dem LG Frankfurt\/M. (Hessen) sagt eine Ermittlerin aus, auf den Computern des Angeklagten habe man zahlreiche Belege f\u00fcr die Drohschreiben gefunden. Belege daf\u00fcr, dass es Verbindungen zu einem Frankfurter Polizeirevier gebe, habe man jedoch nicht gefunden. <a href=\"https:\/\/www.fr.de\/rhein-main\/nsu-mysterioese-datenabfragen-bei-der-polizei-91481033.html\">Am 14. April<\/a> sagt im Prozess ein hessischer LKA-Ermittler aus, dass im Februar 2020 fast 40.000 Datenabfragen in zwei Polizeirevieren \u00fcberpr\u00fcft wurden, <a href=\"https:\/\/www.faz.net\/aktuell\/politik\/inland\/hessische-polizei-bei-abfragen-von-daten-sensibilisiert-17959529.html\">\u201eAuff\u00e4lligkeiten\u201c seien dabei nicht festgestellt<\/a> worden.<\/p>\n<p>13. April: <b>Spionage:<\/b> Vor dem OLG D\u00fcsseldorf (NRW) erhebt die BAW Anklage gegen einen <a href=\"https:\/\/www.spiegel.de\/panorama\/justiz\/duesseldorf-mutmasslicher-tuerkischer-agent-ali-d-angeklagt-a-58556fc7-48c0-48fe-8e67-caa3e8d5b655\">mutma\u00dflichen t\u00fcrkischen Agenten wegen geheimdienstlicher Agentent\u00e4tigkeit<\/a> und Versto\u00df gegen das Waffengesetz. Der Mann soll Informationen \u00fcber Unterst\u00fctzer der kurdischen PKK und die G\u00fclen-Bewegung sowie drei deutsche Staatsb\u00fcrger an den t\u00fcrkischen Geheimdienst gegeben haben. Durch eine parlamentarische Anfrage der CDU-Fraktion im Berliner Abgeordnetenhaus wird <a href=\"https:\/\/www.morgenpost.de\/berlin\/article235130359\/Mindestens-drei-Geheimdienste-in-russischer-Botschaft-aktiv.html\">am 21. April<\/a> bekannt, dass in der russischen Botschaft in Berlin mindestens drei Geheimdienste arbeiten. <a href=\"https:\/\/www.spiegel.de\/politik\/deutschland\/frueherer-bnd-informant-und-ehefrau-wegen-spionage-fuer-china-verurteilt-a-1c085bf8-0691-421f-aa42-47c2970e976a\">Am 29. April<\/a> wird durch Presseberichte bekannt, dass ein ehemaliger Agent des Bundesnachrichtendienstes (BND) und Referatsleiter der CSU-Hanns-Seidel-Stiftung bereits im Dezember 2021 wegen Spionage f\u00fcr China zu einer Haftstrafe von zwei Jahren auf Bew\u00e4hrung verurteilt wurde; seine Frau erhielt anderthalb Jahre auf Bew\u00e4hrung.<\/p>\n<p>14. April: <b>Demonstrationen gegen Corona-Auflagen:<\/b> Nach Auskunft des Kreisverwaltungsamtes (KVR) M\u00fcnchen (Bayern) gab es in der Stadt bisher etwa <a href=\"https:\/\/www.abendzeitung-muenchen.de\/muenchen\/bussgelder-nach-corona-spaziergaengen-25000-euro-fuer-die-stadt-muenchen-art-807537\">50 unangemeldete Anti-Corona-Demonstrationen<\/a>. Wegen Verst\u00f6\u00dfen gegen Auflagen wurden bis dato 462 Bu\u00dfgeldbescheide in H\u00f6he von 300 EUR erlassen; insgesamt wurden 771 Teilnehmer*innen angezeigt. Laut der <a href=\"https:\/\/www.tagesspiegel.de\/berlin\/knapp-500-000-straftaten-in-2021-kriminalitaetsbelastung-in-berlin-erneut-zurueckgegangen\/28270892.html\">am 22. April<\/a> vorgestellten PKS 2021 wurden in Berlin im vergangenen Jahr bei Anti-Corona-Demonstrationen insgesamt 330 Straftaten ver\u00fcbt. Zudem wurden weitere 791 sonstige Straftaten von Corona-Leugner*innen ver\u00fcbt, davon 300 Gewalttaten.<\/p>\n<p>19. April: <b>Rassistische Angriffe:<\/b> Infolge eines Streites \u00fcber den Fahrweg wird in Berlin ein Taxifahrer von <a href=\"https:\/\/www.morgenpost.de\/berlin\/polizeibericht\/article235121183\/berlin-polizei-feuerwehr-unfall-brand-ueberfall-feuer.html\">einem Paar rassistisch beleidigt und von dem Mann geschlagen<\/a>. Die Polizei kann den Mann in der N\u00e4he aufgreifen und stellt seine Personalien fest. <a href=\"https:\/\/www.tagesspiegel.de\/berlin\/gewalt-im-oeffentlichen-nahverkehr-34-jaehriger-in-u-bahn-in-mitte-rassistisch-beleidigt-und-geschlagen\/28273522.html\">Am 22. April<\/a> wird auf einem Berliner U-Bahnhof ein Mann von einem Unbekannten rassistisch beleidigt und geschlagen. In einem Park in Berlin wird <a href=\"https:\/\/www.morgenpost.de\/berlin\/polizeibericht\/article235161889\/Sechs-Patienten-aus-brennender-Pflegeeinrichtung-gebracht.html\">am 24. April<\/a> ein Mann von einem Unbekannten zun\u00e4chst nach seiner Nationalit\u00e4t gefragt und danach rassistisch beleidigt und mit einer vollen Bierflasche beworfen, die ihn knapp verfehlt. <a href=\"https:\/\/www.tagesspiegel.de\/berlin\/mit-dem-draht-des-nothammers-mutmasslich-rassistischer-angriff-auf-frau-bei-busfahrt-in-berlin-kreuzberg\/28283976.html\">Am 27. April<\/a> fragt in einem Berliner Bus ein Unbekannter eine Frau nach ihrer Nationalit\u00e4t und versucht danach ihr den Sicherungsdraht eines Nothammers um den Hals zu wickeln; Mitfahrerende stoppen ihn.<\/p>\n<p>22. April: <b>Polizeiliche Kriminalstatistik (PKS):<\/b> Laut der <a href=\"https:\/\/www.tagesspiegel.de\/berlin\/knapp-500-000-straftaten-in-2021-kriminalitaetsbelastung-in-berlin-erneut-zurueckgegangen\/28270892.html\">vorgestellten PKS 2021<\/a> wurden in Berlin im vergangenen Jahr insgesamt 482.127 Straftaten registriert. Bei Betrug bei Corona-Soforthilfen wurden bis Ende Februar 2020 insgesamt 9.139 Ermittlungsverfahren eingeleitet, bei Betrug mit Corona-Testzentren im vergangenen Jahr insgesamt 281 Ermittlungsverfahren.<\/p>\n<p><b>Innenminister entlassen:<\/b> Nach einer Reihe von Polizeiskandalen entl\u00e4sst Sachsens Ministerpr\u00e4sident Michael Kretschmer (CDU) seinen <a href=\"https:\/\/www.faz.net\/aktuell\/politik\/inland\/sachsen-kretschmer-entlaesst-innenminister-woeller-nach-polizeiskandalen-17975008.html\">Innenminister Roland W\u00f6llner (CDU)<\/a>, der sich zudem noch in ein Geflecht von Vetternwirtschaft verstrickt hatte. Neuer Innenminister wird <a href=\"https:\/\/www.mdr.de\/nachrichten\/sachsen\/politik\/amtseinfuehrung-innenminister-schuster-vereidigung-100.html\">am 25. April<\/a> der bisherige Leiter des Bundesamtes f\u00fcr Bev\u00f6lkerungsschutz und Katastrophenhilfe, Armin Schuster (CDU), ein <a href=\"https:\/\/www.mdr.de\/nachrichten\/sachsen\/wer-ist-der-neue-innenminister-armin-schuster-100.html\">ehemaliger BPol-Beamter<\/a>.<\/p>\n<p>24. April: <b>Ermittlungen gegen Justizbeamt*innen:<\/b> Durch Presseberichte wird bekannt, dass in der <a href=\"https:\/\/www.faz.net\/aktuell\/gesellschaft\/kriminalitaet\/frankfurter-korruptionsaffaere-noch-ein-staatsanwalt-unter-verdacht-17979721.html\">Korruptionsaff\u00e4re bei der GStA Frankfurt\/M. (Hessen)<\/a> unterdessen gegen einen dritten StA wegen des Verdachts der Beihilfe zur Untreue ermittelt wird.<\/p>\n<p>26. April: <b>Verfassungsschutz:<\/b> Das Bundesverfassungsgericht (BVerfG) entscheidet, dass \u201emehrere Vorschriften des Bayerischen Verfassungsschutzgesetzes (<a href=\"https:\/\/www.spiegel.de\/panorama\/justiz\/karlsruhe-bayerisches-verfassungsschutzgesetz-ist-teils-verfassungswidrig-a-c589b12e-74da-41fd-a5c5-4af9740db65c\">BayVSG) mit dem Grundgesetz unvereinbar\u201c<\/a> sind und bis sp\u00e4testens Ende 2023 ge\u00e4ndert werden m\u00fcssen. Gegen das 2016 in Kraft getretene BayVSG geklagt hatten drei Mitglieder der \u201eVereinigung der Verfolgten des Naziregimes \u2013 Bund der Antifaschistinnen und Antifaschisten (VVN-BdA) (Az: 1 BvR 1619\/17). <a href=\"https:\/\/www.fr.de\/rhein-main\/landespolitik\/hessen-innenministerium-prueft-urteil-zum-verfassungsschutz-91505845.html\">Am 27. April<\/a> geben die Sprecher des hessischen Innenministeriums und des Landesamtes f\u00fcr Verfassungsschutz (LfV) bekannt, dass gepr\u00fcft werde, ob und inwieweit das BVerfG-Urteil auch Hessen betreffe.<\/p>\n<p>29. April: <b>Rechtsradikalismus bei der Bundeswehr:<\/b> Durch Presseberichte wird bekannt, dass ein AfD-Mitglied und Mitbegr\u00fcnder des seit 2020 offiziell als verboten geltenden, rechtsextremistischen \u201eFl\u00fcgels\u201c, <a href=\"https:\/\/www.fr.de\/rhein-main\/in-nordhessen-fuehrt-ein-afd-rechtsaussen-reservisten-der-bundeswehr-an-91511306.htmlhttps:\/\/www.fr.de\/rhein-main\/in-nordhessen-fuehrt-ein-afd-rechtsaussen-reservisten-der-bundeswehr-an-91511306.html\">Vorsitzender der Bundeswehr-Reservistenkameradschaft Werra-Gertenbach<\/a> (Hessen) ist.<\/p>\n<h6>Beitragsbild: Auf einer Demonstration in Wunsiedel vermisst die Polizei im November 2021 die H\u00f6he eines Transparentes (<a href=\"https:\/\/twitter.com\/ResiLucetti\/status\/1521179746196992001\">@ResiLucetti<\/a>).<\/h6>\n","protected":false},"excerpt":{"rendered":"<p>zusammengestellt von Otto Diederich 1. April: Umweltdemonstrationen: Das Landgericht (LG) Gie\u00dfen (Hessen) verurteilt eine Umweltaktivistin<\/p>\n","protected":false},"author":2,"featured_media":20062,"comment_status":"open","ping_status":"open","sticky":false,"template":"","format":"standard","meta":{"footnotes":""},"categories":[6],"tags":[820,1094,1186,1195,1216],"class_list":["post-20054","post","type-post","status-publish","format-standard","has-post-thumbnail","hentry","category-chronologien","tag-justiz","tag-polizei","tag-rassismus","tag-rechtsextremismus","tag-repression"],"_links":{"self":[{"href":"https:\/\/wp-dev.daten.cool\/index.php?rest_route=\/wp\/v2\/posts\/20054","targetHints":{"allow":["GET"]}}],"collection":[{"href":"https:\/\/wp-dev.daten.cool\/index.php?rest_route=\/wp\/v2\/posts"}],"about":[{"href":"https:\/\/wp-dev.daten.cool\/index.php?rest_route=\/wp\/v2\/types\/post"}],"author":[{"embeddable":true,"href":"https:\/\/wp-dev.daten.cool\/index.php?rest_route=\/wp\/v2\/users\/2"}],"replies":[{"embeddable":true,"href":"https:\/\/wp-dev.daten.cool\/index.php?rest_route=%2Fwp%2Fv2%2Fcomments&post=20054"}],"version-history":[{"count":0,"href":"https:\/\/wp-dev.daten.cool\/index.php?rest_route=\/wp\/v2\/posts\/20054\/revisions"}],"wp:featuredmedia":[{"embeddable":true,"href":"https:\/\/wp-dev.daten.cool\/index.php?rest_route=\/wp\/v2\/media\/20062"}],"wp:attachment":[{"href":"https:\/\/wp-dev.daten.cool\/index.php?rest_route=%2Fwp%2Fv2%2Fmedia&parent=20054"}],"wp:term":[{"taxonomy":"category","embeddable":true,"href":"https:\/\/wp-dev.daten.cool\/index.php?rest_route=%2Fwp%2Fv2%2Fcategories&post=20054"},{"taxonomy":"post_tag","embeddable":true,"href":"https:\/\/wp-dev.daten.cool\/index.php?rest_route=%2Fwp%2Fv2%2Ftags&post=20054"}],"curies":[{"name":"wp","href":"https:\/\/api.w.org\/{rel}","templated":true}]}}