{"id":20072,"date":"2022-06-07T16:24:28","date_gmt":"2022-06-07T16:24:28","guid":{"rendered":"https:\/\/www.cilip.de\/?p=20072"},"modified":"2022-06-07T16:24:28","modified_gmt":"2022-06-07T16:24:28","slug":"chronologie-mai-2022","status":"publish","type":"post","link":"https:\/\/wp-dev.daten.cool\/?p=20072","title":{"rendered":"Chronologie Mai 2022"},"content":{"rendered":"<h3>zusammengestellt von Otto Diederichs<\/h3>\n<p>1. Mai: <b>Mai-Demonstrationen:<\/b> An der Mai-Demonstration des Deutschen Gewerkschaftsbundes (DGB) in Berlin <a href=\"https:\/\/www.morgenpost.de\/1-mai-berlin\/article235221589\/Giffey-bei-DGB-Kundgebung-mit-Ei-beworfen.html\">beteiligen sich etwa 7.500 Menschen<\/a>, bei der Abschlusskundgebung wird die Regierende B\u00fcrgermeisterin Franziska Giffey (SPD) <a href=\"https:\/\/www.tagesspiegel.de\/berlin\/nach-angriff-auf-franziska-giffey-polizei-sucht-nach-ei-werfer-von-1-mai-demo-am-brandenburger-tor\/28294160.html\">mit einem Ei beworfen<\/a>. An der \u201eRevolution\u00e4ren 1. Mai\u201c-Demonstration <a href=\"https:\/\/www.faz.net\/aktuell\/politik\/inland\/tausende-bei-demonstrationen-in-berlin-und-hamburg-17998283.html\">beteiligen sich rund 14.000 Teilnehmer*innen<\/a>; hier kommt es am Abend zu einigen Auseinandersetzungen mit der Polizei, 74 Personen werden festgenommen, 29 Polizist*innen werden leicht verletzt (2021: 93), insgesamt werden 123 Ermittlungsverfahren eingeleitet. Die Polizei <a href=\"https:\/\/www.berliner-zeitung.de\/news\/ruhige-1-mai-demonstration-in-berlin-vereinzelt-rangeleien-li.225345\">zieht eine positive Bilanz<\/a> und spricht vom \u201efriedlichsten 1. Mai seit Jahrzehnten\u201c. <a href=\"https:\/\/www.faz.net\/aktuell\/politik\/inland\/tausende-bei-demonstrationen-in-berlin-und-hamburg-17998283.html\">In Hamburg<\/a> beteiligen sich an drei Demonstrationen \u00fcber 4.000 Menschen. <a href=\"https:\/\/www.fr.de\/frankfurt\/revolutionare-1-mai-demo-frankfurt-polizei-festnahme-91517092.html\">In Frankfurt\/M.<\/a> (Hessen) sind es \u00fcber 1.000 Demonstrierende; \u00fcberwiegend bleibt es friedlich, f\u00fcnf Personen werden festgenommen. In <a href=\"https:\/\/www.sueddeutsche.de\/muenchen\/demonstration-kundgebung-ausschreitungen-1.5576685\">M\u00fcnchen<\/a> (Bayern) wird ein Demonstrationszug von 700 bis 1.000 Beteiligten mehrmals von der Polizei angehalten, weil Pyrotechnik gez\u00fcndet wird. Es kommt zu Ausschreitungen bei den f\u00fcnf Polizist*innen verletzt werden, einer schwer. Gegen f\u00fcnf Personen werden Ermittlungen wegen K\u00f6rperverletzung, Beleidigung und anderer Delikte eingeleitet.<!--more--><\/p>\n<p><b>Umweltdemonstrationen:<\/b> Aktivist*innen manipulieren die \u00d6lpipeline einer Raffinerie in Schwedt und eine Verbindungsleitung in Liepe (beide Brandenburg); danach kleben sie sich fest und ketten sich an. Zwei M\u00e4nner werden in <a href=\"https:\/\/www.tagesspiegel.de\/berlin\/angekettet-und-festgeklebt-aktivisten-manipulieren-erneut-oelpipeline-nach-schwedt\/28294072.html\">polizeiliches Gewahrsam<\/a> genommen. <a href=\"https:\/\/www.sueddeutsche.de\/muenchen\/muenchen-iaa-prozess-polizisten-1.5576700\">Am 2. Mai<\/a> verurteilt das Amtsgericht (AG) M\u00fcnchen (Bayern) einen Studenten wegen Widerstand gegen Vollstreckungsbeamt*innen zu einer elfmonatigen Bew\u00e4hrungsstrafe. Der Mann hatte zuvor gestanden bei einer Demonstration gegen die \u201eInternationale Automobil-Ausstellung\u201c (IAA) im September 2021 mit einem Schirm vor den Polizist*innen herumgewedelt zu haben. In einem weiteren Prozess verurteilt das AG M\u00fcnchen (Bayern) <a href=\"https:\/\/www.spiegel.de\/panorama\/justiz\/muenchen-urteil-nach-hausbesetzung-waehrend-iaa-a-a00342d6-950b-4635-870e-7d69441482d1\">am 5. Mai<\/a> vier Angeklagte die im Rahmen der Anti-IAA-Proteste ein Haus besetzt hatten wegen Hausfriedensbruch zu einer Geldstrafe von 30 Tagess\u00e4tzen mit Strafvorbehalt; ein f\u00fcnfter Angeklagter erhielt eine Geldstrafe von 40 Tagess\u00e4tzen. <a href=\"https:\/\/www.welt.de\/politik\/deutschland\/article238641767\/Heidelberg-Klima-Aktivisten-kleben-sich-auf-Autobahn-fest.html\">Am 8. Mai<\/a> kleben sich in Heidelberg vier Umweltaktivist*innen auf einer Bundesstra\u00dfe fest; der Verkehr muss umgeleitet werden. Auch in Stuttgart (beide Baden-W\u00fcrttemberg) versuchen Aktivist*innen auf diese Art eine Bundesstra\u00dfe zu blockieren. Sie werden jedoch bereits von der Polizei erwartet und abgef\u00fchrt. Nachdem sie ihre Identit\u00e4t preisgeben hat, wird eine Umweltaktivistin, die bei einem Polizeieinsatz zur R\u00e4umung des Dannenr\u00f6der Forstes Polizeibeamte getreten haben soll, <a href=\"https:\/\/www.faz.net\/aktuell\/gesellschaft\/kriminalitaet\/ella-aus-dannenroeder-forst-umweltaktivistin-aus-haft-entlassen-18017743.html\">am 9. Mai<\/a> aus der Haft entlassen. Die Frau hatte diese seit ihrer Festnahme im November 2020 geheimgehalten. Der <a href=\"https:\/\/www.hessenschau.de\/panorama\/identitaet-geklaert-a49-baumbesetzerin-ella-darf-gefaengnis-verlassen,a49-baumbesetzerin-ella-frei-100.html\">Prozess<\/a> wird nun vor dem Oberlandesgericht (OLG) Frankfurt\/M. (Hessen) fortgesetzt. <a href=\"https:\/\/www.tagesspiegel.de\/berlin\/aktivisten-in-brandenburg-wieder-stoeraktionen-nahe-oelleitungen\/28329658.html\">Am 11. Mai<\/a> kommt es in Hangelsberg und Trampe (beide Brandenburg) zu Manipulationen an Leitungen von Mineral\u00f6lfirmen; die Polizei nimmt vier Aktivist*innen in Gewahrsam. Ihnen drohen Anzeigen wegen Hausfriedensbruch und St\u00f6rung \u00f6ffentlicher Betriebe. In M\u00fcnchen (Bayern) kleben sich am fr\u00fchen Morgen <a href=\"https:\/\/www.abendzeitung-muenchen.de\/muenchen\/autofahrer-stinksauer-klimaaktivisten-kleben-sich-auf-a95-fest-art-815027\">des 16. Mai<\/a> drei Klimaaktivist*innen auf einer Autobahnabfahrt fest und verursachen so einem 100 Meter langen Stau; einige Autofahrer*innen gehen ver\u00e4rgert auf die Aktivist*innen los. W\u00e4hrend sich <a href=\"https:\/\/www.tagesspiegel.de\/berlin\/protest-der-initiative-letzte-generation-aktivisten-blockieren-tanklager-von-mineraloelkonzern-im-kreis-barnim\/28368074.html\">am 23. Mai<\/a> von 15 Klimaaktivist*innen einige vor der Einfahrt eines Heiz\u00f6llagers in Werneuchen (Brandenburg) festkleben, klettern andere auf Tanklaster um sie an der Ausfahrt zu hindern. In M\u00fcnchen (Bayern) kleben sich <a href=\"https:\/\/www.sueddeutsche.de\/muenchen\/muenchen-klimaaktivisten-blockade-1.5590147\">am gleichen Tag<\/a> zwei Aktivist*innen auf einer zentralen Ausfallstra\u00dfe fest.<\/p>\n<p><b>Rechtsextremismus:<\/b> Nachdem bei einer <a href=\"https:\/\/www.welt.de\/regionales\/sachsen\/article238494055\/Zwickau-Vier-Rechtsextreme-bei-Angriff-zum-Teil-schwer-verletzt.html\">Demonstration der rechtsextremistischen Kleinpartei \u201eDer III. Weg<\/a>\u201c in Zwickau (Sachsen) anreisende Gegendemonstrant*innen angegriffen wurden, kommt es zu Gegenangriffen auf die Rechten; dabei werden vier Leute zum Teil schwer verletzt. An der rechten Demonstration beteiligen sich etwa 250 Personen; 37 von ihnen werden im Laufe der Auseinandersetzungen in Gewahrsam genommen (Gegendemonstration: 850). Durch Presserecherchen wird <a href=\"https:\/\/www.ndr.de\/nachrichten\/info\/Chronologie-des-Hasses-Rechte-Uebergriffe-auf-Gedenkstaetten,gedenkstaetten112.html\">am 10. Mai<\/a> bekannt, dass es in den vergangenen sechs Jahren bundesweit \u00fcber 100 rechtsextreme \u00dcbergriffe auf NS-Gedenkst\u00e4tten gegeben hat. Laut der <a href=\"https:\/\/www.spiegel.de\/politik\/deutschland\/bundeskriminalamt-bka-politische-kriminalitaet-nimmt-wegen-coronaproteste-deutlich-zu-a-db9ef0d0-6603-4475-9f30-acf04b286295\">am gleichenTag<\/a> in Berlin vorgestellten Jahresstatistik 2021 registrierte das Bundeskriminalamt (BKA) im vergangenen Jahr bundesweit knapp 22.000 rechtsextremistische Straftaten. <a href=\"https:\/\/www.tagesspiegel.de\/gesellschaft\/panorama\/rechtsextreme-militanz-nimmt-weiter-zu-zwei-rechte-gewalttaten-pro-tag-im-ersten-quartal\/28344000.html\">Am 16. Mai<\/a> wird durch eine parlamentarische Anfrage der Linksfraktion im Bundestag bekannt, dass im ersten Quartal diesen Jahres von der Polizei bundesweit insgesamt 3.605 rechtsextremistische Straftaten registriert wurden (2013: 467); davon 169 Gewalttaten (2021: 123), verletzt wurden dabei 73 Menschen. <a href=\"https:\/\/www.sueddeutsche.de\/politik\/rechtsextremismus-bayern-neonazis-untergetaucht-1.5585773\">Am gleichen Tag<\/a> wird durch eine Presserecherche bekannt, dass aktuell bundesweit 596 mit Haftbefehl gesuchte Rechtsextremist*innen untergetaucht sind (2012: 266). Die meisten davon mit 128 in Bayern (NRW: 98 \/ Berlin: 56 \/ Sachsen: 47 \/ Th\u00fcringen: 42 \/ Niedersachsen: 30 \/ Hessen: 21). <a href=\"https:\/\/www.tagesspiegel.de\/berlin\/senatsantwort-auf-linken-anfrage-kampfsporttraining-von-rechtsextremisten-in-berlin-weissensee\/28358176.html\">Am 19. Mai<\/a> wird durch eine parlamentarische Anfrage der Linksfraktion im Berliner Abgeordnetenhaus bekannt, dass Rechtsextremisten mit Kenntnis des Senats eine Sportanlage f\u00fcr Kampfsporttraining nutzen. Auch andere rechte Gruppierungen w\u00fcrden regelm\u00e4\u00dfig \u00fcber solche Trainings berichten, dar\u00fcber habe der Senat jedoch keine Kenntnis. Laut dem <a href=\"https:\/\/www.tagesspiegel.de\/berlin\/wachsender-extremismus-in-berlin-verfassungsschutz-warnt-vor-angriffen-auf-journalisten\/28367828.html\">am 24. Mai<\/a> bekannt gewordenen Jahresbericht 2021 des Berliner Landesamt f\u00fcr Verfassungsschutz (LfV) umfasst die rechtsextreme Szene in der Stadt insgesamt 1.440 Personen, von denen 750 als \u201egewaltbereit\u201c gelten. Weiterhin werden der Kleinpartei \u201eDer III. Weg\u201c 60 Personen zugerechnet (2020: 30) und der NPD 180 (2020: 200).<\/p>\n<p>2. Mai: <b>Tod nach Polizeiein<\/b><b>s<\/b><b>atz:<\/b> In Mannheim (Baden-W\u00fcrttemberg) wird die Polizei informiert, dass ein <a href=\"https:\/\/www.spiegel.de\/panorama\/justiz\/mannheim-mann-stirbt-infolge-von-polizeieinsatz-ermittlungen-gegen-beamte-aufgenommen-a-c93b1a3b-5d8a-4a4d-8f12-cd414181d80c\">psychisch kranker Mann<\/a> seine Behandlungseinrichtung eigenm\u00e4chtig verlassen hat und dringend Hilfe braucht. Als die Beamt*innen eintreffen, leistet der Mann Widerstand. Ein Polizist schl\u00e4gt ihm daraufhin zwei Mal mit der Faust gegen den Kopf. Der Mann kollabiert und obwohl ein anwesender Arzt erste Hilfe leistet und der Mann ins Krankenhaus gebracht wird, <a href=\"https:\/\/www.spiegel.de\/panorama\/justiz\/mann-stirbt-nach-fixierung-durch-polizei-a-38de9050-46c2-4216-8286-f3ea3b9fe71f\">verstirbt er dort<\/a>. Am 3. M<a href=\"https:\/\/www.spiegel.de\/panorama\/justiz\/mannheim-mann-stirbt-infolge-von-polizeieinsatz-ermittlungen-gegen-beamte-aufgenommen-a-c93b1a3b-5d8a-4a4d-8f12-cd414181d80c\">ai<\/a> nimmt die Staatsanwaltschaft (StA) gegen die beteiligten Beamt*innen Ermittlungen wegen K\u00f6rperverletzung im Amt mit Todesfolge auf.<\/p>\n<p><b>Islamismus:<\/b> Durch eine <a href=\"https:\/\/www.morgenpost.de\/politik\/inland\/article235237991\/Anhaengerschaft-von-Islamistengruppen-leicht-geschrumpft.html\">parlamentarische Anfrage<\/a> der Fraktion der Alternative f\u00fcr Deutschland (AfD) im Bundestag wird bekannt, dass das \u201eislamistisch-terroristische Personenpotenzial\u201c von den Sicherheitsbeh\u00f6rden aktuell auf 1.940 Personen gesch\u00e4tzt wird (2021: 1.950), darunter 328 Gef\u00e4hrder.<a href=\"https:\/\/www.abendzeitung-muenchen.de\/bayern\/bgh-stellt-klar-nicht-jede-is-rueckkehrerin-war-is-mitglied-art-814174\"> Am 12. Mai<\/a> entscheidet der Bundesgerichtshof (BGH), dass nicht jede Frau, die vom \u201eIslamischen Staat\u201c (IS) zur\u00fcckkehrt auch automatisch IS-Mitglied war. In dem Fall ging es um zwei Frauen, die im Oktober 2021 von der Bundesrepublik aus einem Gefangenenlager zur\u00fcckgeholt worden waren und sich seither in Untersuchungshaft befanden. In einem Fall hob der BGH die U-Haft auf, im zweiten verl\u00e4ngerte er sie (Az: AK 14\/22 u.a.). Vor dem OLG Frankfurt\/M. (Hessen) erhebt die Bundesanwaltschaft (BAW) <a href=\"https:\/\/www.spiegel.de\/panorama\/justiz\/laura-h-bundesanwaltschaft-klagt-is-rueckkehrerin-an-a-af32b08c-9e10-47a9-980a-b39605a901ab\">am 17. Mai<\/a> Anklage gegen eine IS-R\u00fcckkehrerin wegen Mitgliedschaft im IS und Verletzung der F\u00fcrsorge- und Erziehungspflicht ihrer Kinder. <a href=\"https:\/\/www.spiegel.de\/panorama\/justiz\/halle-is-kaempferin-verlaesst-gericht-nach-urteil-auf-freiem-fuss-a-b89d44a4-d938-4481-843d-75093ab61fd4\">Am 18. Mai<\/a> verurteilt das OLG Naumburg (Sachsen-Anhalt) eine IS-R\u00fcckkehrerin, die sich 2015 als 15-J\u00e4hrige dem IS angeschlossen hatte, zu einer zweij\u00e4hrigen Jugendstrafe auf Bew\u00e4hrung; sie wird auf freien Fu\u00df gesetzt. Vor dem OLG Hamburg beginnt <a href=\"https:\/\/www.morgenpost.de\/politik\/inland\/article235398897\/Terrorverdaechtige-soll-Frau-in-Syrien-misshandelt-haben.html\">am 19. Mai<\/a> der Prozess gegen eine mutma\u00dfliche IS-R\u00fcckkehrerin wegen Mitgliedschaft in einer terroristischen Vereinigung im Ausland, V\u00f6lkermord, Kriegsverbrechen und weiterer Delikte. <a href=\"https:\/\/www.faz.net\/aktuell\/politik\/inland\/is-terroristen-erhalten-bis-zu-neuneinhalb-jahre-haft-18070552.html\">Am 31. Mai<\/a> verurteilt das OLG D\u00fcsseldorf (NRW) f\u00fcnf IS-Mitglieder wegen der Vorbereitung von Anschl\u00e4gen auf US-Milit\u00e4r-Einrichtungen in Deutschland zu Haftstrafen zwischen drei Jahren und acht Monaten und neuneinhalb Jahren. In seinem <a href=\"https:\/\/www.tagesspiegel.de\/berlin\/wachsender-extremismus-in-berlin-verfassungsschutz-warnt-vor-angriffen-auf-journalisten\/28367828.html\">Jahresbericht 2021<\/a> rechnet das LfV Berlin in der Stadt 2.200 Personen dem Islamismus zu (2020: 2.110), davon gelten 40 Personen als \u201egewaltbereit\u201c (2020: 30). 1.100 Personen werden dem Salafismus zugerechnet.<\/p>\n<p><b>Prozesse<\/b><b> gegen <\/b><b>Justiz<\/b><b>beamt*<\/b><b>inn<\/b><b>e<\/b><b>n:<\/b> Vor dem LG Karlsruhe (Baden-W\u00fcrttemberg) beginnt der <a href=\"https:\/\/www.spiegel.de\/panorama\/justiz\/baden-wuerttemberg-ehemaliger-richter-muss-wegen-diverser-vorwuerfe-vor-gericht-a-0de37d0b-23b2-4bf3-adb7-6c89152341ef\">Prozess gegen einen Richter<\/a>, dem Rechtsbeugung, Vorteilsannahme, Bestechlichkeit und weitere Delikte vorgeworfen werden; der Mann ist vorl\u00e4ufig vom Dienst suspendiert.<b> <\/b>Durch Presseberichte wird <a href=\"https:\/\/www.faz.net\/aktuell\/gesellschaft\/kriminalitaet\/anklage-gegen-frankfurter-oberstaatsanwalt-erhoben-18063785.html\">am 27. Mai<\/a> bekannt, dass die StA Frankfurt\/M. (Hessen) Anklage gegen einen Oberstaatsanwaltschaft (OStA) wegen gewerbsm\u00e4\u00dfiger Bestechlichkeit, gewerbsm\u00e4\u00dfiger Untreue und Steuerhinterziehung erhoben hat. Gegen weitere neun Beschuldigte wird in diesem Komplex noch ermittelt.<\/p>\n<p>4. Mai: <b>A<\/b><b>ntisemitismus:<\/b> Laut dem, von der Berliner <a href=\"https:\/\/www.morgenpost.de\/berlin\/article235249633\/Opferberatung-353-rassistische-Angriffe-und-Drohungen-2021.html\">Opferberatung \u201eReachout\u201c<\/a> vorgestellten Bericht kam es 2021 in Berlin zu mindestens 24 antisemitischen Bedrohungen und Angriffen. Laut der <a href=\"https:\/\/www.spiegel.de\/politik\/deutschland\/bundeskriminalamt-bka-politische-kriminalitaet-nimmt-wegen-coronaproteste-deutlich-zu-a-db9ef0d0-6603-4475-9f30-acf04b286295\">am 10. Mai<\/a> in Berlin vorgestellten Jahresstatistik 2021 registrierte das BKA im vergangenen Jahr bundesweit 3.027 antisemitische Straftaten. Nachdem es im April bei einer pal\u00e4stinensischen Demonstration in Berlin zu antisemitischen Ausrufen und Angriffen auf Polizist*innen und Journalist*innen gekommen war, verbietet die Polizei <a href=\"https:\/\/www.tagesspiegel.de\/berlin\/gefahr-antisemitischer-ausrufe-und-gewalt-berliner-polizei-untersagt-demos-am-nakba-tag\/28334134.html\">am 12. Mai<\/a> f\u00fcnf weitere geplante Demonstrationen f\u00fcr das Wochenende. Das <a href=\"https:\/\/www.berliner-zeitung.de\/mensch-metropole\/verwaltungsgericht-berlin-zu-nakba-tag-palaestinensische-demos-bleiben-verboten-li.227740\">VG Berlin<\/a> best\u00e4tigt die Verbote (Az: VG 1 L 180\/22). Ebenfalls <a href=\"https:\/\/www.morgenpost.de\/berlin\/polizeibericht\/article235333339\/Mariendorf-Kreuzungsunfall-mit-mehreren-Verletzten.html\">am 12. Mai<\/a> beleidigt in Berlin ein Mann einen Busfahrer, der verkehrsbedingt einige Meter vor der Haltestelle h\u00e4lt, antisemitisch, spuckt ihn an und schl\u00e4gt ihm ins Gesicht. Danach entfernt er sich unerkannt. <a href=\"https:\/\/www.tagesspiegel.de\/gesellschaft\/medien\/antisemitistische-aussagen-mikrobiologe-bhakdi-wegen-volksverhetzung-angeklagt\/28334558.html\">Am gleichen Tag<\/a> teilt die Generalstaatsanwaltschaft (GStA) Schleswig-Holstein mit, dass sie einen Mikrobiologen wegen Volksverhetzung angeklagt hat, der bei kritischen \u00c4u\u00dferungen zur Coroana-Impfpolitik in Israel im April 2021 auch gegen in Deutschland lebende j\u00fcdische Menschen gehetzt hatte.<a href=\"https:\/\/www.berliner-zeitung.de\/mensch-metropole\/antisemitismus-berliner-polizisten-rieten-angegriffenen-ihre-juedischen-symbole-abzulegen-li.229604\"> Am 24. Mai<\/a> teilt die Recherche- und Informationsstelle Antisemitismus (RIAS) mit, dass sie 2021 in Berlin insgesamt 1.052 antisemitische Vorf\u00e4lle registriert har (2020: 1.019 \/2019: 886).<\/p>\n<p><b>Rockerkriminalit\u00e4t:<\/b> In der Innenstadt von Duisburg (NRW) kommt es zu einer <a href=\"https:\/\/www.faz.net\/aktuell\/gesellschaft\/kriminalitaet\/brutaler-streit-rocker-und-clan-mitglieder-festgenommen-18008281.html\">Schie\u00dferei<\/a> zwischen Rockern der \u201eHells Angels\u201c und Mitgliedern eines t\u00fcrkischen Clans, vier Personen werden schwerverletzt; 15 Personen von den rund 100 Beteiligten werden festgenommen. Nach einer erkennungsdienstlichen Behandlung werden sie wieder <a href=\"https:\/\/www.spiegel.de\/panorama\/justiz\/duisburg-schiesserei-im-rocker-und-clanmilieu-festgenommene-wieder-frei-a-261d6d24-b08b-499b-997e-a539c231b546\">auf freien Fu\u00df gesetzt<\/a>.<\/p>\n<p><b>Ermittlungen gegen <\/b><b>Innenminister<\/b><b>:<\/b> In einer <a href=\"https:\/\/www.swr.de\/swraktuell\/baden-wuerttemberg\/sex-vorwuerfe-bw-polizei-strobl-100.htm\">Sondersitzung des Innenausschuss<\/a> des baden-w\u00fcrttembergischen Landtages wird Landesinnenminister Thomas Strobl (CDU) zur Weitergabe von Dienstgeheimnissen im Fall von Ermittlungen gegen den Inspekteur der Landespolizei wegen sexueller Bel\u00e4stigung, vernommen. Strobl soll in dem Fall ein Anwaltsschreiben an die Presse weitergegeben haben. Ein staatsanwaltliches Ermittlungsverfahren musste eingestellt werden, weil das Ministerium eine entsprechende Erm\u00e4chtigung verweigert hatte. Strobl r\u00e4umt die Weitergabe ein; die Staatsanwaltschaft (StA) leitet umgehend ein <a href=\"https:\/\/www.spiegel.de\/politik\/deutschland\/thomas-strobl-ermittlungen-gegen-baden-wuerttembergs-innenminister-wegen-polizeiaffaere-a-2f02fb60-d454-4f44-bbdd-18730e83f8dd)\">Ermittlungsverfahren<\/a> wegen \u201eAnstiftung zu verbotenen Mitteilungen \u00fcber Gerichtsverhandlungen\u201c gegen ihn ein. Auch gegen den betreffenden Journalisten wird ein Verfahren eingeleitet. <a href=\"https:\/\/www.spiegel.de\/panorama\/justiz\/thomas-strobl-staatsanwaltschaft-durchsucht-innenministerium-von-baden-wuerttemberg-a-2ffe0e66-bb96-4503-bcab-424b9338f9c4\">Am 6. Mai<\/a> durchsucht die Polizei das Innenministerium um Beweismittel sicherzustellen. <b> <\/b><\/p>\n<p><b>Ermittlungen gegen <\/b><b>Polizeibeamt*<\/b><b>i<\/b><b>nnen<\/b><b>:<\/b> Durch Presseberichte wird bekannt, dass gegen die beiden Polizisten, die an dem Einsatz in Mannheim (Baden-W\u00fcrttemberg) bei dem ein Mann kollabierte und starb, ein Ermittlungsverfahren wegen Verdacht auf <a href=\"https:\/\/www.spiegel.de\/panorama\/justiz\/tod-nach-polizeikontrolle-in-mannheim-mann-hatte-herzinsuffizienz-leiche-zeigt-spuren-von-gewalt-a-dd6506f8-fe01-4dd7-be9b-6723f2d8aaa4\">K\u00f6rperverletzung im Amt mit Todesfolge<\/a> eingeleitet wurde; sie sind vom Dienst suspendiert. <a href=\"https:\/\/www.berliner-zeitung.de\/mensch-metropole\/hauptkommissar-soll-polizei-interna-an-rechtsextreme-weitergegeben-haben-li.225983\">Am gleichen Tag<\/a> verschiebt das AG Berlin erneut den Prozess gegen einen Berliner Polizeibeamten wegen des Verdachts des Verrats von Dienstgeheimnissen. Der Mann soll innerhalb einer Chatgruppe zu der auch Neonazis und ein AfD-Bezirksverordneter geh\u00f6rten, Ermittlungserkenntnisse zum Terroranschlag auf den Weihnachtsmarkt im Jahr 2016 weitergegeben haben. Es seien noch \u201eNachermittlungen\u201c n\u00f6tig, so das Gericht. <a href=\"https:\/\/taz.de\/Rassistische-Gewalt-gegen-Gefluechteten\/!5853152\/\">Am 6. Mai<\/a> verurteilt ein AG in Berlin einen Polizeibeamten wegen gemeinschaftlicher gef\u00e4hrlicher K\u00f6rperverletzung zu einer Geldstrafe von 9.600 EUR sowie einem Schmerzensgeld von 800 EUR. Seine beiden Mitt\u00e4ter erhalten eine Geldstrafe von je 7.200 EUR. Die drei M\u00e4nner hatten im April 2017 einen Afghanen aus <a href=\"https:\/\/www.tagesspiegel.de\/berlin\/rassismus-als-tatmotiv-berliner-polizist-wegen-angriff-auf-gefluechteten-zu-geldstrafe-verurteilt\/28313526.html\">rassistischen Motiven zusammengeschlagen und -getreten<\/a>; der damalige Asylbewerber wurde im M\u00e4rz 2020 abgeschoben. Das LG M\u00fcnchen (Bayern) verurteilt <a href=\"https:\/\/www.sueddeutsche.de\/muenchen\/starnberg\/gauting-ex-polizist-sexueller-missbrauch-prozess-landkreis-starnberg-1.5582395\">am 10. Mai<\/a> einen fr\u00fcheren Polizisten wegen mehrfachen sexuellen Missbrauchs seiner Stieftochter zu einer Haftstrafe von vier Jahren und 10 Monaten. Das Polizeipr\u00e4sidium Stuttgart und die StA Pforzheim (beide Baden-W\u00fcrttemberg) teilen <a href=\"https:\/\/www.sueddeutsche.de\/panorama\/kriminalitaet-pforzheim-ermittlungen-um-moegliche-polizeigewalt-eingestellt-dpa.urn-newsml-dpa-com-20090101-220520-99-365847\">am 20. Mai<\/a> mit, dass die Ermittlungen gegen einen Polizeibeamten wegen K\u00f6rperverletzung im Amt eingestellt wurden. Der Beamte hatte Ende Oktober 2021 einen am Boden liegenden und gefesselten Mann geschlagen; der Fall war durch ein Video \u00f6ffentlich geworden. Es k\u00f6nne nicht ausgeschlossen werden, dass der Polizist rechtm\u00e4\u00dfig gehandelt habe, so die StA, da der betrunkene Mann Widerstand geleistet und einen anderen Beamten so verletzt hatte, dass er vom Dienst abtreten musste. <a href=\"https:\/\/www.sueddeutsche.de\/panorama\/prozesse-feuerzeug-gestohlen-gericht-verurteilt-jungen-polizisten-dpa.urn-newsml-dpa-com-20090101-220523-99-403055\">Am 23. Mai<\/a> verurteilt das AG Recklinghausen (NRW) einen Polizeibeamten, der bei einer Hausdurchsuchung im Sommer 2021 wegen des Verdachts auf einen Einbruch, ein Einwegfeuerzeug eingesteckt hatte, zu einer Geldstrafe von 720 EUR. <a href=\"https:\/\/www.abendzeitung-muenchen.de\/muenchen\/beim-kollegen-koks-gekauft-wieder-muenchner-polizist-vor-gericht-art-817022\">Am 24. Mai<\/a> beginnt vor dem AG M\u00fcnchen (Bayern) der Prozess gegen einen Polizeibeamten, der im April 2019 von einem Kollegen Kokain gekauft und konsumiert haben soll; er wird noch <a href=\"https:\/\/www.sueddeutsche.de\/muenchen\/muenchen-polizei-kokain-drogen-gericht-freispruch-1.5591125\">am gleichen Tag<\/a> aus Mangel an Beweisen freigesprochen. Im Drogenskandal der M\u00fcnchner Polizei wurden bisher 39 <a href=\"https:\/\/www.abendzeitung-muenchen.de\/muenchen\/beim-kollegen-koks-gekauft-wieder-muenchner-polizist-vor-gericht-art-817022\">Ermittlungsverfahren gegen 37 Beamt*innen<\/a> gef\u00fchrt; in acht F\u00e4llen kam es bislang zu Anklagen. Durch Presseberichte wird <a href=\"https:\/\/www.tagesschau.de\/inland\/boehmermann-polizei-hassverbrechen-101.html\">am 28. Mai<\/a> bekannt, dass in Bremen und Sachsen-Anhalt gegen Polizeibeamt*innen wegen der Nicht-Weiterverfolgung von Anzeigen wegen Hassverbrechen im Internet ermittelt wird. Ermittelt wird auch in Brandenburg und Sachsen, wie <a href=\"https:\/\/www.sueddeutsche.de\/panorama\/polizei-fuerstenwalde-spree-strafanzeige-gegen-polizistin-nach-experiment-zu-hass-dpa.urn-newsml-dpa-com-20090101-220530-99-484755\">am 30. Mai<\/a> bekannt wird. <a href=\"https:\/\/www.faz.net\/aktuell\/gesellschaft\/kriminalitaet\/mord-ohne-leiche-polizist-zu-lebenslanger-haft-verurteilt-18071261.html\">Am 31. Mai<\/a> verurteilt das LG Braunschweig (Niedersachsen) einen BPol-Beamten wegen Mordes an einem Freund im April 2021 zu lebenslanger Haft. Berufung ist m\u00f6glich.<\/p>\n<p>5. Mai: <b>Polizeisc<\/b><b>h<\/b><b>\u00fc<\/b><b>ss<\/b><b>e<\/b><b>:<\/b> Auf dem Hauptbahnhof von Koblenz (Rheinland-Pfalz) kontrolliert die Bundespolizei (BPol) einen Bahnreisenden; daraufhin springt der Mann ins Gleisbett und wirft mit Schottersteinen. Nachdem der Einsatz von Pfefferspray versagt, gibt ein Beamter <a href=\"https:\/\/www.presseportal.de\/blaulicht\/pm\/70138\/5213564\">einen Warnschuss<\/a> ab; der Mann wird festgenommen. Bei einem Einsatz wegen h\u00e4uslicher Gewalt in Mannheim (Baden-W\u00fcrttemberg) <a href=\"https:\/\/www.spiegel.de\/panorama\/justiz\/mannheim-erneut-toter-nach-polizeieinsatz-a-b5cbf45a-5965-4564-a33b-d5fc1459b637\">am 10. Mai<\/a> versuchen die Polizist*innen zun\u00e4chst einen psychisch kranken Mann, der sich bereits mehrere Schnitt- und Stichverletzungen beigebracht hat, durch den Einsatz von Reizgas zu \u00fcberw\u00e4ltigen. Als dies misslingt, schie\u00dft ihm ein Beamter ins Bein. Der Mann kollabiert und stirbt noch vor Ort. Die Obduktion <a href=\"https:\/\/www.spiegel.de\/panorama\/justiz\/mannheim-31-jaehriger-starb-offenbar-nicht-durch-polizeischuss-a-363b2146-93df-448c-8c2c-8339f57808e7\">am 11. Mai<\/a> ergibt, dass kein Zusammenhang mit dem Schuss besteht, sondern der Mann an Blutverlust durch die selbst zugef\u00fcgten Verletzungen gestorben ist. Ebenfalls <a href=\"https:\/\/www.abendzeitung-muenchen.de\/muenchen\/stadtviertel\/fahndung-nach-schuessen-in-milbertshofen-polizist-stellt-verdaechtigen-mit-warnschuss-art-813948\">am 11. Mai<\/a> kommt es zu Sch\u00fcssen in Milbertshofen (Bayern). Als die Beamt*innen eintreffen finden sie einen Mann mit Schussverletzungen vor, der jedoch keine Angaben macht. Wenig sp\u00e4ter wird ein mutma\u00dflicher T\u00e4ter festgestellt, der versucht zu fliehen und erst nach einem polizeilichen Warnschuss festgenommen werden kann. <a href=\"https:\/\/www.sueddeutsche.de\/muenchen\/muenchen-raser-polizei-schuesse-porsche-1.5587227\">Am 18. Mai<\/a> versucht in M\u00fcnchen (Bayern) ein Autofahrer ohne F\u00fchrerschein sich einer Polizeikontrolle zu entziehen und rast auf den Polizisten zu. Die Beamt*innen schie\u00dfen auf das fl\u00fcchtende Fahrzeug. Es wird sp\u00e4ter gestoppt und der Fahrer festgenommen; verletzt wird niemand. In Castrop-Rauxel (NRW) \u00fcberrascht <a href=\"https:\/\/www.faz.net\/aktuell\/gesellschaft\/kriminalitaet\/sprengattacke-auf-geldautomaten-in-nrw-zweimal-schuesse-gefallen-18046960.html\">am 19. Mai<\/a> eine Polizeistreife drei Geldautomatensprenger in einer Sparkassenfiliale. Es kommt zu einem Schusswechsel bei dem einer der T\u00e4ter getroffen und in ein Krankenhaus gebracht wird; Lebensgefahr besteht nicht. Die anderen T\u00e4ter k\u00f6nnen fliehen. <a href=\"https:\/\/www.faz.net\/aktuell\/gesellschaft\/kriminalitaet\/sprengattacke-auf-geldautomaten-in-nrw-zweimal-schuesse-gefallen-18046960.html\">Am 30. Mai<\/a> versuchen in Ibbenb\u00fcren (NRW) ebenfalls Geldautomatensprenger auf ihrer Flucht eine Polizeisperre zu umfahren und rasen dabei gezielt auf einen Beamten zu. Dieser kann sich durch einen Sprung retten und gibt mehrere Sch\u00fcsse auf den Wagen ab; die T\u00e4ter k\u00f6nnen fliehen. In Kraftsolms (Hessen) stoppen Polizist*innen einen betrunkenen Autofahrer um ihn zu kontrollieren; daraufhin flieht der Mann zu Fu\u00df. Als die Beamt*innen ihn einholen, greift er sie an und kann erst durch <a href=\"https:\/\/www.faz.net\/aktuell\/gesellschaft\/kriminalitaet\/wetzlar-polizisten-baendigen-angreifer-erst-nach-warnschuss-18062222.html\">einen Warnschuss gestoppt<\/a> werden. Bei der Durchsuchung des Fahrzeugs werden mehrere Waffen gefunden.<\/p>\n<p>6. Mai: <b>Hasskriminalit\u00e4t:<\/b><b> <\/b>Im Lichtschacht einer russischen Nachrichtenagentur in Berlin wird ein <a href=\"https:\/\/www.tagesspiegel.de\/berlin\/hintergruende-noch-unklar-brandsatz-an-gebaeude-von-russischer-nachrichtenagentur-ria-nowosti-in-berlin\/28314016.html\">Brandsatz<\/a> entdeckt, der nicht gez\u00fcndet hat. Auf einer Wahlkampfveranstaltung der Gr\u00fcnen am 7. Mai in K\u00f6ln trennt die Polizei Anti-Corona-Demonstrant*innen und Gegner*innen von Waffenlieferungen an die Ukraine, die versuchen, den Auftritt von Bundesau\u00dfenministerin Annalena Baerbock (Gr\u00fcne) zu verhindern. Bei ihrem Auftritt bei der Veranstaltung <a href=\"https:\/\/www.spiegel.de\/politik\/deutschland\/wuppertal-demonstrierende-werfen-eier-auf-annalena-baerbock-a-43ed8a85-09d5-4493-9ff6-e777530d8da8\">am 8. Mai<\/a> in Wuppertal (beide NRW) wird sie mit Eiern beworfen. Laut der <a href=\"https:\/\/www.spiegel.de\/politik\/deutschland\/bundeskriminalamt-bka-politische-kriminalitaet-nimmt-wegen-coronaproteste-deutlich-zu-a-db9ef0d0-6603-4475-9f30-acf04b286295\">am 10. Mai<\/a> in Berlin vorgestellten Jahresstatistik 2021 registrierte das BKA im vergangenen Jahr bundesweit 21.339 Straftaten, bei denen ein Zusammenhang mit Anti-Corona-Protesten vermutet wird.<\/p>\n<p><b>Angriffe auf Polizist*innen:<\/b><b> <\/b>Durch eine <a href=\"https:\/\/dserver.bundestag.de\/btd\/20\/016\/2001679.pdf\">parlamentarische Anfrage<\/a> der Linksfraktion im Bundestag wird bekannt, dass seit Beginn der Corona-Pandemie insgesamt 401 BPol-Beamt*innen angegriffen wurden, 105 wurden dabei verletzt (Frage 86). In Oettingen (Bayern) will die Polizei <a href=\"https:\/\/www.abendzeitung-muenchen.de\/bayern\/mann-verletzt-mehrere-polizisten-drogen-gefunden-art-813835\">am 10. Mai<\/a> einen mit Haftbefehl gesuchten Mann festnehmen, der zuvor ein Auto demoliert hatte. Der in einem \u201epsychischen Ausnahmezustand\u201c befindliche Mann greift die Beamt*innen massiv an, so dass einer von ihnen in ein Krankenhaus gebracht werden muss. <a href=\"https:\/\/www.faz.net\/aktuell\/gesellschaft\/kriminalitaet\/polizistenmord-in-kusel-mordanklage-gegen-verdaechtigen-erhoben-18019420.html\">Am gleichen Tag<\/a> erhebt die StA Kaiserslautern Anklage wegen Mordes gegen den Mann, der Ende Januar in Kusel (beide Rheinland-Pfalz) zwei Polizisten erschossen hatte. In Genthin (Sachsen-Anhalt) wird die Polizei <a href=\"https:\/\/www.sueddeutsche.de\/panorama\/kriminalitaet-genthin-mann-verletzt-zwei-polizisten-bei-einsatz-in-einkaufsmarkt-dpa.urn-newsml-dpa-com-20090101-220515-99-295570\">am 13. Mai<\/a> zu einem Einkaufsmarkt gerufen, wo ein Mann des Diebstahls verd\u00e4chtigt wird. Als die Beamt*innen eintreffen wirft der Mann zun\u00e4chst mit Waren nach ihnen; bei der Personalienfeststellung tritt er einem Beamten ins Gesicht. Er wird festgenommen. Als Polizist*innen <a href=\"https:\/\/www.abendzeitung-muenchen.de\/muenchen\/umland\/starnberger-wirft-molotow-cocktail-auf-polizisten-unterbringungsbefehl-erlassen-art-815427\">am 17. Mai<\/a> in Starnberg (Bayern) einen Mann zur erkennungsdienstlichen Behandlung vorf\u00fchren sollen, verbarrikadiert der sich zun\u00e4chst in seiner Wohnung und wirft sp\u00e4ter einen Molotow-Cocktail auf die Beamt*innen. Verletzt wird dabei niemand; gegen den Mann wird ein Unterbringungsbeschluss erlassen und wegen eines versuchten T\u00f6tungsdeliktes ermittelt. <a href=\"https:\/\/www.sueddeutsche.de\/panorama\/kriminalitaet-koblenz-angriff-auf-polizei-mann-nach-entlassung-wieder-in-zelle-dpa.urn-newsml-dpa-com-20090101-220531-99-493763\">Am 30. Mai<\/a> wird die Polizei in Koblenz (Rheinland-Pfalz) informiert, dass ein hilfloser Mann auf dem Bahnhofsvorplatz liegt. Als die Beamt*innen eintreffen, stellen sie fest, dass der Mann sturzbetrunken ist. Als sie ihm den Schnaps wegnehmen wollen, schl\u00e4gt und bespuckt er sie; er wird in Gewahrsam genommen.<\/p>\n<p>9. Mai: <b>Rechtsextreme <\/b><b>Polizist*innen:<\/b> Durch eine parlamentarische Anfrage der Gr\u00fcnen-Fraktion im Berliner Abgeordnetenhaus wird bekannt, dass die Polizei in der Stadt seit Oktober 2020 eine<a href=\"https:\/\/www.morgenpost.de\/berlin\/article235287759\/Extremismus-bei-Polizei-Berichte-bleiben-unter-Verschluss.html\"> Stelle des Extremismusbeauftragten<\/a> besitzt; deren T\u00e4tigkeitsberichte jedoch nicht ver\u00f6ffentlicht werden. Bekannt ist, dass im Februar diesen Jahres \u00fcber 60 Beamt*innen im Verdacht des rassistischen oder rechtsradikalen Verhaltens standen. 64 Disziplinarverfahren wurden eingeleitet, in 11 F\u00e4llen wurde ein Dienstverbot ausgesprochen und in drei F\u00e4llen wird eine Dienstentfernung eingeleitet. <a href=\"https:\/\/www.faz.net\/aktuell\/politik\/inland\/mehr-faelle-von-rechtsextremismus-in-sicherheitsbehoerden-18027398.html\">Am 13. Mai<\/a> stellt Bundesinnenministerin Nancy Faeser (SPD) in Berlin ein Lagebild zum Rechtsradikalismus bei den Sicherheitsbeh\u00f6rden vor. Ausgewertet wurden daf\u00fcr insgesamt 860 Verdachtsf\u00e4lle im Zeitraum Juli 2018 bis Juni 2021; davon wurden 327 als positiv eingestuft. Bei den Landessicherheitsbeh\u00f6rden 189, bei den Bundessicherheitsbeh\u00f6rden 138. Durch Presseberichte wird <a href=\"https:\/\/www.saechsische.de\/sachsen\/polizei-rassismus-schneeberg-beleidigung-verfahren-5689479-plus.html\">am 18. Mai<\/a> bekannt, dass die Polizeischule in Schneeberg (Sachsen) einen Polizeisch\u00fcler suspendiert und Strafanzeige erstattet hat, der Anfang Mai einen Mitsch\u00fcler rassistisch beleidigt hatte. <a href=\"https:\/\/www.fr.de\/rhein-main\/landespolitik\/hessen-polizisten-waren-in-67-rechten-chatgruppen-aktiv-91558148.html\">Am 19. Mai<\/a> berichtet Landesinnenminister Peter Beuth (CDU) im Innenausschuss des hessischen Landtages, dass den dortigen Beh\u00f6rden insgesamt 67 Chatgruppen bekannt geworden sind, in denen rechtsradikale Inhalte ausgetauscht werden und an denen 110 Polizist*innen aller hessischen Polizeipr\u00e4sidien beteiligt sind. 35 Chatgruppen wurden strafrechtlich \u00fcberpr\u00fcft und gegen 67 Beamt*innen Strafverfahren und gegen 62 Disziplinarverfahren eingeleitet. Laut dem <a href=\"https:\/\/www.tagesspiegel.de\/berlin\/wachsender-extremismus-in-berlin-verfassungsschutz-warnt-vor-angriffen-auf-journalisten\/28367828.html\">am 24. Mai<\/a> bekannt gewordenen Jahresbericht 2021 des LfV Berlin gab es in Berlin von Januar 2017 bis August 2021 bei Berliner Sicherheitsbeh\u00f6rden insgesamt 74 Verdachtsf\u00e4lle auf Rechtsradikalismus bei 93 Personen.<\/p>\n<p>12. Mai: <b>\u201eNSU <\/b><b>2.0\u201c-Drohschreiben<\/b><b>:<\/b> Im Prozess um die \u201eNSU 2.0\u201c-Drohschreiben vor dem LG Frankfurt\/M. (Hessen) sagt ein <a href=\"https:\/\/www.fr.de\/rhein-main\/nsu-prozess-in-frankfurt-polizist-in-naziuniform-gezeichnet-91541349.html\">Ermittler des Landeskriminalamtes (LKA) aus<\/a>, dass auf einem Rechner eines Frankfurter Polizeireviers Daten der sp\u00e4ter bedrohten Rechtsanw\u00e4ltin Basay-Yildiz abgefragt wurden. Einer der mit diesem Rechner arbeitenden Beamten, der als rechtsradikal gilt, stand zeitweilig im Verdacht der Urheber der Schreiben zu sein. Die Ermittlungen wurden jedoch eingestellt, da keine entsprechenden Beweise erbracht werden konnten.<\/p>\n<p>13. Mai: <b>Homophobe <\/b><b>Handl<\/b><b>ungen:<\/b> Aus Presseberichten wird bekannt, dass die BPol Sachsen einen t<a href=\"https:\/\/www.saechsische.de\/sachsen\/polizei-transmann-entlassung-gericht-5685989.html\">ranssexuellen Auszubildenden<\/a>, der sich im Herbst 2020 vor seiner Geschlechtsumwandlung zum Mann noch als Frau beworben hatte, und daraufhin wegen \u201earglistiger T\u00e4uschung\u201c entlassen worden war, wieder einstellen muss. Dies hat das Oberverwaltungsgericht (OVG) Bautzen (Sachsen) beschlossen.<\/p>\n<p><b>Rechtsextremismus<\/b><b> bei <\/b><b>der<\/b><b> Bundeswehr:<\/b> In Berlin stellt Bundesinnenministerin Nancy Faeser (SPD) ein Lagebild zum Rechtsradikalismus bei den Sicherheitsbeh\u00f6rden vor. Beim <a href=\"https:\/\/www.faz.net\/aktuell\/politik\/inland\/mehr-faelle-von-rechtsextremismus-in-sicherheitsbehoerden-18027398.html\">Milit\u00e4rischen Abschirmdienst (MAD) wurden dabei 83 F\u00e4lle als positiv eingestuft<\/a>. <a href=\"https:\/\/www.faz.net\/aktuell\/gesellschaft\/kriminalitaet\/bundeswehr-soldat-hortete-waffen-anklage-erhoben-18047138.html\">Am 20. Mai<\/a> erhebt die StA Frankfurt\/M (Hessen) Anklage gegen einen Bundeswehrsoldaten, der im Sommer 2021 versucht hatte, illegal Waffenteile in die USA zu schicken. Bei einer Wohnungsdurchsuchung waren dann weitere gro\u00dfe Waffenmengen und Sprengmittel gefunden worden; der Mann wurde im Oktober 2021 festgenommen. Im Rahmen eines gr\u00f6\u00dferen Einsatzes in mehreren Bundesl\u00e4ndern gegen f\u00fcnf Verd\u00e4chtige findet die Polizei bei der Wohnungsdurchsuchung eines Bundeswehrsoldaten in Itzehoe <a href=\"https:\/\/www.spiegel.de\/panorama\/justiz\/itzehoe-polizei-findet-waffen-in-wohnhaus-kampfmittelraeumdienst-rueckt-an-a-8a65a99f-600b-4bd9-8084-501a4ccc1c3d\">am 22. Mai<\/a> Waffen und Sprengmittel. Er soll <a href=\"https:\/\/www.24hamburg.de\/schleswig-holstein\/itzehoe-soldat-der-bundeswehr-soll-sprengfallen-gehortet-haben-zr-91563895.html\">Sprengstoffanschl\u00e4ge in der Ukraine<\/a> geplant haben. <a href=\"https:\/\/www.spiegel.de\/politik\/deutschland\/schleswig-holstein-haftbefehl-gegen-zwei-bundeswehrsoldaten-a-1edad136-75a9-451b-83f8-8e4826435c0c\">Am 23. Mai<\/a> wird dann bekannt, dass die StA Kiel (beide Schleswig-Holstein) zwei Soldaten hat festnehmen lassen, die als Teil einer Bande Einbruchdiebst\u00e4hle in Kasernen ver\u00fcbt haben. Insgesamt wird gegen 10 Beschuldigte, darunter vier Soldaten, ermittelt; der in Itzehoe Festgenommene gilt als Hauptt\u00e4ter.<\/p>\n<p>\u201e<b>Reichsb\u00fcrger\u201c:<\/b> In Boxberg (Baden-W\u00fcrttemberg) durchsucht die Polizei das Grundst\u00fcck eines <a href=\"https:\/\/www.swr.de\/swraktuell\/baden-wuerttemberg\/heilbronn\/boxberg-reichsbuerger-erneut-sekeinsatz-100.html\">mutma\u00dflichen \u201eReichsb\u00fcrgers\u201c.<\/a> Das Objekt des Trainers f\u00fcr Kampfsportarten war bereits Mitte April schon einmal durchsucht worden, dabei waren gro\u00dfe Mengen Schusswaffen gefunden worden; der Mann hatte seinerzeit heftigen Widerstand geleistet und dabei einen Polizisten angeschossen. Laut dem <a href=\"https:\/\/www.tagesspiegel.de\/berlin\/wachsender-extremismus-in-berlin-verfassungsschutz-warnt-vor-angriffen-auf-journalisten\/28367828.html\">am 24. Mai<\/a> bekannt gewordenen Jahresbericht 2021 des LfV Berlin umfasst die \u201eReichsb\u00fcrger\u201c-Szene in Berlin wie bereits in den Vorjahren insgesamt 670 Personen.<\/p>\n<p>16. Mai: <b>Polizei und Datenschutz:<\/b> Durch Presseberichte wird bekannt, dass die Polizei in Berlin auf <a href=\"https:\/\/www.berliner-zeitung.de\/mensch-metropole\/berliner-polizei-darf-uebergriffe-auf-juden-und-homosexuelle-nicht-mehr-melden-li.227711\">Anordnung des Datenschutzbeauftragten<\/a> der StA seit einem Jahr keine Informationen mehr zu homosexuellen, rassistischen oder antisemitischen Angriffen an Opferberatungsstellen weitergeben darf.<\/p>\n<p><b>Rechts<\/b><b>extremistisch<\/b><b>er Mordanschlag in Hanau:<\/b> Im <a href=\"https:\/\/www.fr.de\/rhein-main\/main-kinzig-kreis\/hanau-ort66348\/geheimdienst-chef-zum-anschlag-von-hanau-keine-erkenntnisse-zu-attentaeter-91550734.html\">Untersuchungsausschuss des hessischen Landtages<\/a> zum rechtsextremistischen Mordanschlag in Hanau (Hessen) 2020 sagt der Chef des hessischen LfV als Zeuge aus, vor dem Anschlag h\u00e4tten seinem Amt \u201ekeinerlei Erkenntnisse\u201c zum Attent\u00e4ter vorgelegen. Auch aktuell gebe es keine Erkenntnisse, dass er regional oder \u00fcberregional in die rechtsextreme Szene eingebunden gewesen sei. <a href=\"https:\/\/www.fr.de\/rhein-main\/main-kinzig-kreis\/hanau-ort66348\/ermittlungen-zum-anschlag-von-hanau-beschwerde-abgewiesen-91553736.html\">Am 17. Mai<\/a> wird durch Presseberichte bekannt, dass die GStA Frankfurt\/M. eine Beschwerde der Opferangeh\u00f6rigen wegen der Einstellung von Ermittlungen durch die StA Hanau (beide Hessen) abgewiesen hat. Deren Ermittlungsergebnisse seien rechtlich nicht zu beanstanden.<\/p>\n<p>19. Mai: <b>Rechtsextremistische Terrorgruppe \u201eNationalsozialistischer Untergrund (NSU):<\/b> Der Bayerische Landtag setzt einen <a href=\"https:\/\/www.spiegel.de\/panorama\/justiz\/nsu-bayerischer-landtag-setzt-zweiten-untersuchungsausschuss-ein-a-efd5bfc2-a3f6-4cb7-afd8-b4c1d85b90ab\">zweiten NSU-Untersuchungsausschuss<\/a> ein, da noch etliche Fragen offen seien.<\/p>\n<p><b>Alternative f\u00fcr Deutschland (AfD):<\/b> Das <a href=\"https:\/\/www.spiegel.de\/politik\/deutschland\/dubravko-mandic-frueherer-afd-politiker-wegen-koerperverletzung-verurteilt-a-bd21f719-7631-437c-ab7f-8f324ed6ecca\">LG Freiburg (Baden-W\u00fcrttemberg) verurteilt einen ehemaligen AfD-Politiker<\/a>, der im Zuge eines Handgemenges einen zuf\u00e4llig dabei anwesenden Mann beleidigt und mit Abwehrspray attackiert hatte, wegen K\u00f6rperverletzung zu einer Bew\u00e4hrungsstrafe von sechs Monaten und einer Zahlung von 3.000 EUR an eine Kinderkrebsklinik. Durch Presseberichte wird <a href=\"https:\/\/www.welt.de\/politik\/deutschland\/article238858621\/AfD-Was-in-den-radikalen-Chats-der-Bundestagsfraktion-steht.html)\">am 20. Mai<\/a> bekannt, dass innerhalb der AfD-Bundestagsfraktion eine Chatgruppe besteht, in der rechtsextremistische Inhalte ausgetauscht werden. Die Berichte gehen dabei auf 40.000 Chatbeitr\u00e4ge aus den Jahren 2017-2021 zur\u00fcck, die den Medien anonym zugespielt wurden. <a href=\"https:\/\/www.faz.net\/aktuell\/politik\/inland\/afd-klage-gegen-brandenburger-verfassungsschutz-abgewiesen-18046754.htmlhttps:\/\/www.faz.net\/\">Am gleichen Tag<\/a> weist das Verwaltungsgericht (VG) Brandenburg die Klage der AfD-Landtagsfraktion ab, die dagegen geklagt hatte vom LfV \u00f6ffentlich als Extremismus-Verdachtsfall genannt zu werden.<\/p>\n<p>20. Mai:\u00a0<b>Rassistische<\/b><b> <\/b><b>Handlungen:<\/b> Als Polizist*innen in Dortmund (NRW) nach einer Verfolgungsfahrt Jugendliche kontrollieren, die zu dritt auf einem E-Scooter fahren, kommt es zu verbalen Auseinandersetzungen, bei der die M\u00e4dchen auch <a href=\"https:\/\/www.spiegel.de\/panorama\/gesellschaft\/dortmund-polizei-prueft-videoaufnahmen-nach-eskalierter-verkehrskontrolle-a-e687d119-2801-4a68-bb0a-e01aa1250e80\">rassistisch beleidigt<\/a> worden sein sollen. Dies wird durch ein Internet-Video wird bekannt; die Polizei pr\u00fcft den Vorfall. Durch Presseberichte wird <a href=\"https:\/\/www.tagesspiegel.de\/berlin\/us-amerikaner-wirft-bvg-diskriminierung-vor-kontrolleure-sollen-opernsaenger-rassistisch-beleidigt-und-verletzt-haben\/28365724.html\">am 22. Mai<\/a> bekannt, dass ein schwarzer US-Amerikaner die Verkehrsbetriebe in Berlin auf Grundlage des seit 2020 geltenden Antidiskriminierungsgesetzes verklagt hat: Im Oktober 2020 sollen ihn Fahrkartenkontrolleure rassistisch beleidigt und durch einen Sto\u00df gegen eine Metallbank verletzt haben. <a href=\"https:\/\/www.tagesspiegel.de\/berlin\/polizei-justiz\/polizeimeldungen-aus-berlin-und-brandenburg-gruppe-greift-29-jaehrigen-an-schaedelbruch-und-not-op\/25616846.html\">Am 26. Mai<\/a> greift in F\u00fcrstenberg (Brandenburg) eine siebenk\u00f6pfige Gruppe drei M\u00e4nner an, schl\u00e4gt, bespuckt und beleidigt sie rassistisch bevor sie fl\u00fcchtet.<\/p>\n<p>22. Mai: <b>Angriff<\/b><b>e<\/b><b> a<\/b><b>uf<\/b><b> Politiker*in<\/b><b>nen<\/b><b>: <\/b>In Hessen wurden von 2016 bis 2019 insgesamt <a href=\"https:\/\/www.faz.net\/aktuell\/gesellschaft\/kriminalitaet\/mitglied-der-kommunalen-auslaendervertretung-in-frankfurt-sieht-sich-bedroht-18048306.html\">246 Straftaten gegen Politiker*innen<\/a> erfasst, wie durch einen Pressebericht bekannt wird. <a href=\"https:\/\/www.sueddeutsche.de\/bayern\/bayern-kommunalpolitiker-straftaten-hass-und-hetze-1.5589607\">Am gleichen Tag<\/a> wird durch eine parlamentarische Anfrage der bayerischen Landtagsfraktion der Gr\u00fcnen bekannt, dass im dortigen Bundesland 2021 <a href=\"https:\/\/www.faz.net\/aktuell\/gesellschaft\/kriminalitaet\/mitglied-der-kommunalen-auslaendervertretung-in-frankfurt-sieht-sich-bedroht-18048306.html\">insgesamt 267 Straftaten gegen Politiker*innen<\/a> registriert wurden, darunter 32 Gewaltdelikte mit 44 Opfern. 119 der erfassten Taten wurden von \u201eReichsb\u00fcrgern\u201c begangen, 105 fanden online statt, 50 standen in Zusammenhang mit der Corona-Pandemie. 195 T\u00e4ter*innen konnten ermittelt werden. Bundesweit erfasste das BKA 2021 insgesamt 4.458 Straftaten (2017: 1.527). <a href=\"https:\/\/www.sueddeutsche.de\/panorama\/prozesse-sigmaringen-geldstrafe-nach-unangemeldeter-demo-vor-kretschmann-wohnhaus-dpa.urn-newsml-dpa-com-20090101-220530-99-485589\">Am 30. Mai<\/a> verurteilt das AG Sigmaringen (Baden-W\u00fcrttemberg) den Leiter einer unangemeldeten Anti-Corona-Demonstration im Februar nahe des Hauses von Ministerpr\u00e4sident Winfried Kretschmann (Gr\u00fcne) zu einer Geldstrafe von 30.000 EUR. Berufung ist m\u00f6glich.<\/p>\n<p><em>Beitragsbild: Die regierende B\u00fcrgermeisterin Berlins nach einem Eierwurf am 1. Mai (<a href=\"https:\/\/christian-ditsch.photoshelter.com\/gallery-image\/2022-05-01-Berlin-1-Mai-DGB-Demonstration\/G0000Btdz9RwE00w\/I0000oNkDL1az6j4\/C0000mmFa6b2.kVY\">Christian Ditsch<\/a>).<\/em><\/p>\n","protected":false},"excerpt":{"rendered":"<p>zusammengestellt von Otto Diederichs 1. Mai: Mai-Demonstrationen: An der Mai-Demonstration des Deutschen Gewerkschaftsbundes (DGB) in<\/p>\n","protected":false},"author":2,"featured_media":20077,"comment_status":"open","ping_status":"open","sticky":false,"template":"","format":"standard","meta":{"footnotes":""},"categories":[6],"tags":[667,1115,1195],"class_list":["post-20072","post","type-post","status-publish","format-standard","has-post-thumbnail","hentry","category-chronologien","tag-geheimdienste","tag-polizeijustiz","tag-rechtsextremismus"],"_links":{"self":[{"href":"https:\/\/wp-dev.daten.cool\/index.php?rest_route=\/wp\/v2\/posts\/20072","targetHints":{"allow":["GET"]}}],"collection":[{"href":"https:\/\/wp-dev.daten.cool\/index.php?rest_route=\/wp\/v2\/posts"}],"about":[{"href":"https:\/\/wp-dev.daten.cool\/index.php?rest_route=\/wp\/v2\/types\/post"}],"author":[{"embeddable":true,"href":"https:\/\/wp-dev.daten.cool\/index.php?rest_route=\/wp\/v2\/users\/2"}],"replies":[{"embeddable":true,"href":"https:\/\/wp-dev.daten.cool\/index.php?rest_route=%2Fwp%2Fv2%2Fcomments&post=20072"}],"version-history":[{"count":0,"href":"https:\/\/wp-dev.daten.cool\/index.php?rest_route=\/wp\/v2\/posts\/20072\/revisions"}],"wp:featuredmedia":[{"embeddable":true,"href":"https:\/\/wp-dev.daten.cool\/index.php?rest_route=\/wp\/v2\/media\/20077"}],"wp:attachment":[{"href":"https:\/\/wp-dev.daten.cool\/index.php?rest_route=%2Fwp%2Fv2%2Fmedia&parent=20072"}],"wp:term":[{"taxonomy":"category","embeddable":true,"href":"https:\/\/wp-dev.daten.cool\/index.php?rest_route=%2Fwp%2Fv2%2Fcategories&post=20072"},{"taxonomy":"post_tag","embeddable":true,"href":"https:\/\/wp-dev.daten.cool\/index.php?rest_route=%2Fwp%2Fv2%2Ftags&post=20072"}],"curies":[{"name":"wp","href":"https:\/\/api.w.org\/{rel}","templated":true}]}}