{"id":20215,"date":"2022-08-03T17:32:33","date_gmt":"2022-08-03T17:32:33","guid":{"rendered":"https:\/\/www.cilip.de\/?p=20215"},"modified":"2022-08-03T17:32:33","modified_gmt":"2022-08-03T17:32:33","slug":"chronologie-juli-2022","status":"publish","type":"post","link":"https:\/\/wp-dev.daten.cool\/?p=20215","title":{"rendered":"Chronologie Juli 2022"},"content":{"rendered":"<h3>zusammengestellt von Otto Diederichs<\/h3>\n<p>1. Juli: <b>Rechtsradikale Polizist*innen:<\/b> Durch <a href=\"https:\/\/www.spiegel.de\/panorama\/justiz\/hannover-polizistin-soll-mit-rechtsextremist-liiert-sein-ministerium-laesst-pruefen-a-53141238-73d7-4c9e-ba7d-d349bc6513fa\">Presseberichte<\/a> wird bekannt, dass das nieders\u00e4chsische Innenministerium die Beziehungen einer Polizistin zu einem Rechtsextremisten \u00fcberpr\u00fcft. Die Frau wurde von einigen ihrer Aufgaben entbunden. Die Liebesbeziehung war vor einem Jahr schon einmal ohne Ergebnis von ihrer Dienststelle in Hannover untersucht worden. <a href=\"https:\/\/www.welt.de\/politik\/deutschland\/article239739581\/Polizei-im-Suedwesten-verweigert-Teilnahme-an-Studie-zu-Rassismus-und-rechten-Umtrieben.html\">Am 5. Juli<\/a> wird durch Presseberichte bekannt, dass die Polizei in Baden-W\u00fcrttemberg ihre Teilnahme an einer bundesweiten Studie der Deutschen Hochschule f\u00fcr Polizei (DHPol) zu Rechtsradikalismus und Rassismus in der Polizei verweigert hat. Auch Hamburg hatte sich nicht beteiligt, sondern eine eigene Untersuchung durchgef\u00fchrt. In den \u00fcbrigen Bundesl\u00e4ndern ist die Studie abgeschlossen oder kurz vor dem Abschluss. Durch Pressefotos wird die Polizei in Bielefeld (NRW) <a href=\"https:\/\/www.nw.de\/lokal\/bielefeld\/mitte\/23305434_Nazi-Aufnaeher-auf-Uniform-Bielefelder-Polizei-ermittelt-gegen-SEK-Beamten.html\">am 12. Juli<\/a> darauf aufmerksam, dass einer der Beamten ihres Spezialeinsatz-Kommandos (SEK) bei einem Einsatz einen Aufn\u00e4her mit rechtsextremistischem Bezug auf der Uniform trug; der Mann wurde in eine andere Dienststelle versetzt, gegen ihn wird ermittelt. <a href=\"https:\/\/www.spiegel.de\/panorama\/justiz\/muenster-sek-einheit-unterhielt-rechtsextreme-chatgruppe-a-9df62615-d637-4504-9fe9-8c6081b31693\">Am 15. Juli<\/a> teilt die Polizei in M\u00fcnster (NRW) mit, dass sie gegen acht von 20 Mitgliedern einer rechtsradikalen Chatgruppe Straf- und Disziplinarverfahren eingeleitet hat. Alle acht Beamt*innen waren SEK-Mitglieder; sie wurden aus dem Dienst entfernt. Die Ermittlungen gegen die \u00fcbrigen Beamt*innen laufen weiter. Am 29. Juli durchsucht das Landeskriminalamt (LKA) Wiesbaden die Wohnungen von f\u00fcnf Polizist*innen in Frankfurt\/M. (beide Hessen). Einem Beamten wird die Verwendung von Kennzeichen verfassungsfeindlicher Organisationen vorgeworfen. Den \u00fcbrigen Strafvereitelung im Amt und Verrat von Dienstgeheimnissen. Alle f\u00fcnf sind <a href=\"https:\/\/www.spiegel.de\/panorama\/justiz\/hessen-lka-durchsucht-wegen-chatgruppen-inhalten-wohnungen-von-fuenf-polizisten-a-59d94ec5-c8eb-40b2-b62f-059c8e38e094\">vom Dienst suspendiert<\/a>. Auch gegen Vorgesetzte <a href=\"https:\/\/www.welt.de\/vermischtes\/article240205679\/Hessen-Neue-Ermittlungen-wegen-Nazi-Chats-bei-Frankfurter-Polizei.html\">wird ermittelt<\/a>. <!--more--><\/p>\n<p><b>Angriffe auf Polizist*innen: <\/b>In M\u00fcnchen Bayern) wurden im vergangenen Jahr 531 Polizist*innen im Dienst angegriffen und verletzt. Dies geht aus einem <a href=\"https:\/\/www.sueddeutsche.de\/muenchen\/muenchen-polizei-gewalt-koerperverletzung-1.5613303\">vorgestellten Bericht<\/a> hervor. In Herford (NRW) rammt am 12. Juli ein Rollerfahrer eine Polizistin, die ihn wegen \u00fcberh\u00f6hter Geschwindigkeit anhalten will und f\u00fcgt ihr dadurch schwere Kopfverletzungen zu. Dann fl\u00fcchtet der Mann; <a href=\"https:\/\/www.sueddeutsche.de\/panorama\/kriminalitaet-herford-rollerfahrer-verletzt-polizistin-schwer-u-haft-dpa.urn-newsml-dpa-com-20090101-220715-99-35860\">am 14. Juli<\/a> wird er festgenommen und in Untersuchungshaft (U-Haft) genommen. Als die Polizei <a href=\"https:\/\/www.sueddeutsche.de\/panorama\/kriminalitaet-ploen-betrunkener-mann-randaliert-in-fussgaengerzone-dpa.urn-newsml-dpa-com-20090101-220720-99-91625\">am 19. Juli<\/a> in Pl\u00f6n (Schleswig-Holstein) einen betrunkenen P\u00f6bler kontrollieren will, der in der Fu\u00dfg\u00e4ngerzone randaliert, leistet dieser erheblichen Widerstand und bricht dabei einem Beamten die Hand. <a href=\"https:\/\/www.morgenpost.de\/berlin\/polizeibericht\/article235959409\/polizei-feuerwehr-berlin-news-aktuell-unfall-verbrechen-blaulicht.html\">Am 21. Juli<\/a> wollen Polizist*innen in Berlin die Beteiligten eines mutma\u00dflichen Drogendeals kontrollieren: Diese leisten heftigen Widerstand und verletzen drei Polizist*innen, bevor sie vorl\u00e4ufig festgenommen werden.<\/p>\n<p><b>Verfassungsschutz:<\/b> Durch Presseberichte wird bekannt, dass die Marxistisch-Leninistische Partei Deutschlands (MLPD) beim Oberverwaltungsgericht (OVG) M\u00fcnster (NRW) <a href=\"https:\/\/www.sueddeutsche.de\/panorama\/urteile-muenster-verfassungsschutzbericht-mlpd-zieht-vor-ovg-in-muenster-dpa.urn-newsml-dpa-com-20090101-220701-99-873841\">Klage gegen ihre Nennung im Verfassungsschutzbericht 2018<\/a> eingereicht hat. <a href=\"https:\/\/taz.de\/Hamburgs-Verfassungsschuetzer-maulfaul\/!5865398\/\">Am 17. Juli<\/a> wird ebenfalls durch Presseberichte bekannt, dass das Landesamt f\u00fcr Verfassungsschutz (LfV) Hamburg einer Rechtsanw\u00e4ltin (RAin) auf ein Auskunftsbegehren zu ihrer Person aus dem Jahre 2019 nur unter der Bedingung antworten will, dass diese sich zuvor verpflichtet, dar\u00fcber \u00f6ffentlich nicht zu berichten. Die Frau klagt dagegen vor dem Verwaltungsgericht (VG) Hamburg.<\/p>\n<p><b>Umweltdemonstrationen:<\/b> In Berlin besetzen Klimaaktivist*innen <a href=\"https:\/\/www.tagesspiegel.de\/berlin\/klimaproteste-in-berlin-aktivisten-der-letzten-generation-blockieren-erneut-autobahnen\/28472196.html\">f\u00fcnf Autobahnauffahrten<\/a>, die Polizei erstellt Strafanzeigen. <a href=\"https:\/\/www.morgenpost.de\/berlin\/article235784017\/Strassenblockaden-koennen-fuer-Klimaaktivisten-teuer-werden.html\">Am gleichen Tag<\/a> erkl\u00e4rt Berlins Innensenatorin Iris Spranger (SPD), dass die Polizei unterdessen die ersten Geb\u00fchrenbescheide in H\u00f6he von 241 EUR verschickt; weitere w\u00fcrden gepr\u00fcft. <a href=\"https:\/\/www.faz.net\/aktuell\/gesellschaft\/kriminalitaet\/mit-gleitschirm-auf-ezb-dach-gelandet-aktivisten-verurteilt-18152324.html\">Am 5. Juli<\/a> verurteilt das Amtsgericht (AG) Frankfurt\/M. (Hessen) zwei Umweltaktivisten, die im M\u00e4rz 2021 mit Gleitschirmen auf den Dach der Europ\u00e4ischen Zentralbank (EZB) gelandet waren und dort ein Greenpeace-Banner entrollt hatten, wegen Hausfriedensbruch zu Geldstrafen von 1.200 und 1.800 EUR. <a href=\"https:\/\/www.tagesspiegel.de\/berlin\/protest-von-letzte-generation-in-berlin-bereits-73-verfahren-gegen-klimaaktivisten-bei-der-staatsanwaltschaft\/28486142.html\">Am 6. Juli<\/a> teilt die Staatsanwaltschaft (StA) Berlin auf Presseanfrage mit, dass sie bislang 73 Verfahren gegen Umweltaktivist*innen f\u00fchrt. Auf Pressenachfragen erkl\u00e4rt die Polizei <a href=\"https:\/\/www.berliner-zeitung.de\/mensch-metropole\/800-verfahren-gegen-blockierer-warum-sitzt-die-letzte-generation-nicht-in-haft-li.244796\">am 8. Juli<\/a>, bisher mehr als 800 Straf- und Ordnungswidrigkeitsverfahren eingeleitet zu haben. <a href=\"https:\/\/www.morgenpost.de\/berlin\/article235848919\/Klimaschuetzer-demonstrieren-als-Scholz-verkleidet.html\">Am 9. Juli<\/a> demonstrieren 10 Aktivist*innen vor dem Bundeskanzleramt und versch\u00fctten dort schwarze Farbe auf der Wiese; sie werden in Handschellen abgef\u00fchrt. <a href=\"https:\/\/www.tagesspiegel.de\/berlin\/letzte-generation-protestiert-in-berlin-klimaschutz-aktivisten-blockieren-autobahnausfahrten-warnung-vor-stau\/28496682.html\">Am 11. Juli<\/a> kleben sich wieder etwa 40 Klimaaktivist*innen auf zentralen Berliner Stra\u00dfen fest, 23 Personen werden in <a href=\"https:\/\/www.tagesspiegel.de\/berlin\/justizgeht-haerter-gegenklimaaktivisten-vor-zweidutzendstrassenblockierer-in-berlinuebernachtingewahrsam\/28501802.html\">Unterbindungsgewahrsam<\/a> genommen; \u00e4hnlich<a href=\"https:\/\/www.morgenpost.de\/berlin\/article235861405\/letzte-generation-autobahnen-berlin-sperrungen-staus.html\"> am 12. Juli<\/a>, diesmal kommen <a href=\"https:\/\/www.tagesspiegel.de\/berlin\/justizgeht-haerter-gegenklimaaktivisten-vor-zweidutzendstrassenblockierer-in-berlinuebernachtingewahrsam\/28501802.html\">vier Aktivist*innen in Gewahrsam<\/a>. <a href=\"https:\/\/www.tagesspiegel.de\/berlin\/erste-verfahren-nach-strassenblockaden-abgeschlossen-berliner-staatsanwaltschaft-beantragt-strafbefehle-gegen-klimaaktivisten\/28534894.html\">Am 20. Juli<\/a> wird bekannt, dass die StA Berlin bisher in 17 F\u00e4llen Strafbefehle gegen Stra\u00dfenblockierer*innen beantragt hat.<\/p>\n<p>\u201e<b>NSU 2.0\u201c-Drohschreiben:<\/b> Im Prozess vor dem Landgericht (LG) Frankfurt\/M. (Hessen) macht ein Polizeibeamter als Zeuge von seinem <a href=\"https:\/\/www.fr.de\/frankfurt\/frankfurter-polizist-verweigert-aussage-im-prozess-um-den-nsu-91643505.html\">Aussageverweigerungsrecht<\/a> Gebrauch, da er als mutma\u00dfliches Mitglied einer rechten Chatgruppe in einem anderen Verfahren angeklagt ist.<\/p>\n<p align=\"left\"><b>Justizskandale:<\/b> Im Rechtsausschuss des hessischen Landtags berichtet Landesjustizminister Roman Poseck (CDU), dass die Korruptionsaff\u00e4re um einen Oberstaatsanwalt (OStA) f\u00fcr das Land einen <a href=\"https:\/\/www.faz.net\/aktuell\/gesellschaft\/kriminalitaet\/justizskandal-in-hessen-schaden-in-millionenenhoehe-18143388.html\">Schaden von rund 10 Mio. EUR<\/a> verursacht hat. Zudem beklagt der Landesrechnungshof eine \u201efehlende Innenrevision\u201c.<\/p>\n<p><b>Elektro-Taser:<\/b> In Neustadt (Rheinland-Pfalz) wird die Polizei gerufen, weil ein Mann laut herumschreit. Als er sich gegen die Beamt*innen aggressiv verh\u00e4lt,<a href=\"https:\/\/www.sueddeutsche.de\/panorama\/kriminalitaet-neustadt-an-der-weinstrasse-polizei-setzt-taser-gegen-randalierer-ein-dpa.urn-newsml-dpa-com-20090101-220704-99-903603\"> setzen sie einen Taser ein<\/a>.<\/p>\n<p>2. Juli: <b>Ermittlungen gegen Polizeibeamt*innen:<\/b> Durch eine parlamentarische Anfrage der Gr\u00fcnen-Fraktion im Berliner Abgeordnetenhaus wird bekannt, dass seit August 2020 insgesamt <a href=\"https:\/\/www.tagesspiegel.de\/berlin\/politisch-motivierte-dienstvergehen-74-disziplinarverfahren-gegen-berliner-polizisten-eingeleitet\/28475090.html\">74 Disziplinarverfahren gegen Berliner Polizist*innen<\/a> \u201ewegen Verdachts von Dienstvergehen mit politisch motiviertem Hintergrund\u201c eingeleitet wurden. Davon werden 52 Verfahren noch bearbeitet, 22 wurden abgeschlossen. Hiervon wurden acht eingestellt, in 10 F\u00e4llen kam es zu Entlassungen und in jeweils zwei F\u00e4llen gab es Geldbu\u00dfen oder einen Verweis. <a href=\"https:\/\/www.tagesspiegel.de\/verbot-zur-amtsausuebung-beantragt-polizist-faehrt-radfahrer-in-berlin-an-ermittlungen-gegen-beamten\/28561386.html\">Am 28. Juli<\/a> beleidigt in Berlin ein Fahrradfahrer im Vorbeifahren einen Polizeibeamten, dieser nimmt mit dem Streifenwagen die Verfolgung auf und f\u00e4hrt den Radfahrer dabei an. Da nicht ausgeschlossen werden kann, dass dies absichtlich geschah, ermittelt die Polizei wegen gef\u00e4hrlichem Eingriff in den Stra\u00dfenverkehr und K\u00f6rperverletzung im Amt gegen den Beamten.<\/p>\n<p>5. Juli: <b>Polizeiausbildung:<\/b> Durch Presseberichte wird bekannt, dass das Innenministerium Sachsen-Anhalt mit speziellen <a href=\"https:\/\/www.sueddeutsche.de\/panorama\/polizei-magdeburg-kurse-fuer-polizeianwaerter-mit-migrationshintergrund-dpa.urn-newsml-dpa-com-20090101-220705-99-920934\">Sprachtrainings um mehr Polizeisch\u00fcler*innen mit Mitgrationshintergrund<\/a> wirbt. Durch die Trainings sollen sie besser auf die Aufnahmetests vorbereitet werden.<\/p>\n<p>6. Juli: <b>Demonstrationsrecht:<\/b> Vor einem Gericht in D\u00fcsseldorf (NRW) beginnt der Prozess gegen den Anmelder einer Kurden-Demonstration wegen <a href=\"https:\/\/www.sueddeutsche.de\/panorama\/prozesse-duesseldorf-zu-viele-demonstranten-demo-anmelder-vor-gericht-dpa.urn-newsml-dpa-com-20090101-220706-99-928924\">Versto\u00df gegen das Versammlungsgesetz<\/a>. Zu der Demonstration im M\u00e4rz 2021 waren damals 1.2000 Personen gekommen, obwohl wegen Corona-Auflagen nur 500 zugelassen waren. Der Mann hatte dagegen nichts unternommen; gegen einen Strafbefehl \u00fcber 1.200 EUR hatte er Einspruch eingelegt.<\/p>\n<p><b>Rechtsextremismus:<\/b> Durch eine parlamentarische Anfrage der Linksfraktion im hessischen Landtag wird bekannt, dass in dem Bundesland 2021 insgesamt <a href=\"https:\/\/www.fr.de\/rhein-main\/hessen-mehr-rechte-gewalttaten-91652497.html\">1.029 rechtsextreme Straftaten registriert<\/a> wurden, darunter 48 Gewaltdelikte (2020: 1.273, 42 Gewaltdelikte). <a href=\"https:\/\/www.berliner-zeitung.de\/news\/nazi-symbole-hakenkreuze-am-holocaust-mahnmal-in-berlin-mitte-schmierereien-entdeckt-li.247062\">Am 15. Juli<\/a> werden am Berliner Holocaust-Mahnmal eingeritzte Hakenkreuze und eine aufgespr\u00fchte \u201eHeil Hitler\u201c-Schmiererei entdeckt. Von Januar 2020 bis Juli 2022 leitete die Bundesanwaltschaft (BAW) insgesamt 26 Ermittlungsverfahren wegen Rechtsterrorismus ein. Dies geht <a href=\"https:\/\/www.welt.de\/politik\/deutschland\/article239937699\/Generalbundesanwalt-Bedrohung-durch-islamistischen-Terrorismus-am-groessten.html\">am 16. Juli<\/a> aus einem Pressebericht hervor. <a href=\"https:\/\/www.faz.net\/aktuell\/gesellschaft\/kriminalitaet\/mainz-protest-gegen-aufmarsch-von-rechtsextremen-18179304.html\">Am gleichen Tag<\/a> stoppt in Mainz (Rheinland-Pfalz) ein B\u00fcndnis von rund 3.000 Gegendemonstrant*innen einen Aufmarsch von 50 Neo-Nazis; dabei kommt es zu Auseinandersetzungen mit der Polizei. Ebenfalls <a href=\"https:\/\/www.morgenpost.de\/berlin\/polizeibericht\/article235909727\/polizei-feuerwehr-berlin-blaulicht-blog-unfall-brand-aktuell.html\">am 16. Juli<\/a> nimmt die Polizei in Berlin drei Rechtsextremisten, die nationalsozialistische Parolen gr\u00f6len und den Hitlergru\u00df zeigen, vor\u00fcbergehend fest. Durch Presseberichte wird <a href=\"https:\/\/www.sueddeutsche.de\/muenchen\/muenchen-strafbefehl-neonazi-synagoge-1.5624121\">am 19. Juli<\/a> bekannt, dass ein bekannter Rechtsextremist aus M\u00fcnchen (Bayern) mit Kontakten ins NSU-Umfeld seinen Strafbefehl f\u00fcr eine verbotene Demonstration akzeptiert hat. Sein f\u00fcr diesen Tag angesetzter Prozess vor dem AG M\u00fcnchen entf\u00e4llt somit. Der Mann hatte im Januar trotz Verbot zu einer Anti-Corona-Demonstration vor der dortigen Synagoge aufgerufen und bei seiner Festnahme Widerstand geleistet. An der Demonstration hatten sich etwa 50 Personen beteiligt. <a href=\"https:\/\/www.spiegel.de\/panorama\/gesellschaft\/konzentrationslager-buchenwald-erinnerungsbaeume-an-haeftlinge-abgesaegt-a-85319645-da1c-481a-9147-6bbda13388b1\">Am 20. Juli<\/a> wird bekannt, dass Unbekannte bei der Gedenkst\u00e4tte Buchenwald (Th\u00fcringen) f\u00fcr die, in dem damaligen Konzentrationslager von den Nazis, get\u00f6teten Menschen sieben B\u00e4ume abges\u00e4gt und einen Wegweiser zerkratzt haben; weitere zwei abges\u00e4gte B\u00e4ume werden <a href=\"https:\/\/www.spiegel.de\/panorama\/gesellschaft\/weimar-weitere-gedenkbaeume-fuer-kz-opfer-beschaedigt-a-835150d8-3b6e-492e-a03f-a17d17d0cbcd\">am 23. Juli<\/a> entdeckt. Durch eine parlamentarische Anfrage der Linksfraktion im Bundestag wird <a href=\"https:\/\/www.tagesspiegel.de\/gesellschaft\/panorama\/bilanz-des-innenministeriums-seit-2019-bundespolizei-verhinderte-auslandsreisen-von-49-rechtsextremisten\/28554518.html\">am 28. Juli<\/a> bekannt, dass die Bundespolizei (BPol) seit November 2019 insgesamt 49 Rechtsextremist*innen die Ausreise zu Gedenk-, Musik- und Kampfsportveranstaltungen im Ausland verweigert hat.<\/p>\n<p><b>Alternative f\u00fcr Deutschland (AfD):<\/b> Das AG F\u00fcrstenfeldbruck (Bayern) verurteilt den dortigen <a href=\"https:\/\/www.sueddeutsche.de\/muenchen\/dachau\/fuerstenfeldbruck-florian-jaeger-afd-volksverhetzung-1.5616373\">AfD-Kreisvorsitzenden wegen Volksverhetzung<\/a> auf einem facebook-Video zu einer Geldstrafe von 4.400 EUR. <a href=\"https:\/\/www.faz.net\/aktuell\/politik\/inland\/stephan-protschka-immunitaet-von-afd-abgeordneten-aufgehoben-18156532.html\">Am 7. Juli<\/a> hebt der Bundestag die Immunit\u00e4t des bayerischen AfD-Landesvorsitzenden auf. Daraufhin l\u00e4sst die StA F\u00fcrstenfeldbruck noch am gleichen Tag seine B\u00fcro- und Gesch\u00e4ftsr\u00e4ume unter dem Verdacht des Betruges durchsuchen. Das LfV Baden-W\u00fcrttemberg stuft den AfD-Landesverband als Verdachtsobjekt ein. Dies gibt Landesinnenminister Thomas Strobl (CDU) <a href=\"https:\/\/www.faz.net\/aktuell\/politik\/inland\/afd-in-baden-wuerttemberg-unter-beobachtung-vom-verfassungsschutz-18171901.html\">am 14. Juli<\/a> bei der Vorlage des Verfassungsschutzberichtes 2021 bekannt. <a href=\"https:\/\/www.spiegel.de\/politik\/deutschland\/afd-landtagsabgeordneter-torsten-czuppon-zu-30-000-euro-geldstrafe-verurteilt-a-934fd871-64e6-46da-8179-14a929e990bf\">Am gleichen Tag<\/a> verurteilt das AG Erfurt (Th\u00fcringen) einen AfD-Landtagsabgeordneten zu einer Geldstrafe von 30.000 EUR. Der fr\u00fchere Polizist war im November 2017 in einem rechtsextremistischen T-Shirt durch die Gedenkst\u00e4tte Buchenwald gelaufen. Gegen zwei Zeugen, die deshalb Anzeige gegen ihn erstatteten, leitete er Verfahren wegen Verleumdung und falscher Verd\u00e4chtigung ein und bearbeitete sie auch gleich selbst weiter. Das AG-Urteil ist noch nicht rechtskr\u00e4ftig.<\/p>\n<p>7. Juli: <b>Rechtsextremistische Terrorgruppe \u201eNationalsozialistischer Untergrund (NSU):<\/b> Im NSU-Untersuchungsausschuss des bayerischen Landtages r\u00e4umt der, als Zeuge geladene, LKA-Pr\u00e4sident ein, dass trotz eines bestehenden L\u00f6schmoratoriums <a href=\"https:\/\/taz.de\/Datenloeschung-bei-NSU-Aufklaerung\/!5866369\/\">565.000 Datens\u00e4tze gel\u00f6scht<\/a> wurden. Die sei auf eine technische Panne zur\u00fcckzuf\u00fchren.<\/p>\n<p><b>Hasskriminalit\u00e4t: <\/b>Das AG M\u00fcnchen (Bayern) verurteilt einen Mann wegen der <a href=\"https:\/\/www.faz.net\/aktuell\/gesellschaft\/kriminalitaet\/getoetete-polizisten-in-kusel-prozess-gegen-mann-wegen-hassrede-18156849.html\">Verunglimpfung des Andenkens get\u00f6teter Polizist*innen<\/a> zu einer Freiheitsstrafe von einem Jahr. Als Beamt*innen Anfang Februar gerufen wurden, weil er in seiner Wohnung randalierte, hatte er neben den zwei Ende Januar bei Kusel (Rheinland-Pfalz) erschossenen Polizist*innen auch diese Beamt*innen r\u00fcde beschimpft und beleidigt sowie mit einem Messer bedroht. <a href=\"https:\/\/www.spiegel.de\/panorama\/justiz\/kaiserslautern-35-jaehriger-wegen-hassnachrichten-zu-polizistenmorden-in-kusel-festgenommen-a-16931f9a-d8f8-4afd-b16c-1877a25d8cfb\">Am 27. Juli<\/a> nimmt die Polizei in Kaiserslautern (Rheinland-Pfalz) einen Mann fest, der im Internet Hasskommentare zu der Kuseler Polizist*innen-T\u00f6tung verbreitet hatte; er wird in U-Haft genommen.<\/p>\n<p>8. Juli: <b>Dschihadismus:<\/b> Das Oberlandesgericht (OLG) Hamburg verurteilt einen jungen Mann wegen Vorbereitung einer <a href=\"https:\/\/www.spiegel.de\/panorama\/justiz\/hamburg-al-qaida-anhaenger-abdurrahman-c-wegen-terrorplanung-verurteilt-a-376c9f0c-4b6c-49fc-b80e-6f51f45fd3af\">staatsgef\u00e4hrdenden Gewalttat und Versto\u00df gegen das Kriegswaffenkontrollgesetz<\/a> zu acht Jahren Gef\u00e4ngnis. Der Mann hatte zum 20. Jahrestag des Anschlags vom 11. September 2001 einen Anschlag vorbereitet; er war im August 2021 festgenommen worden. <a href=\"https:\/\/www.sueddeutsche.de\/panorama\/prozesse-hamburg-is-prozess-jesidin-schildert-unvorstellbares-martyrium-dpa.urn-newsml-dpa-com-20090101-220713-99-07949\">Am 14. Juli<\/a> sagt vor dem OLG Hamburg im Prozess gegen eine mutma\u00dfliche R\u00fcckkehrerin des \u201eIslamischen Staates\u201c (IS) eine als Sklavin gehaltene Jesidin \u00fcber ihre erlittenen Misshandlungen aus; die Frau befindet sich im Zeugenschutzprogramm. Von Januar 2020 bis Juli 2022 leitete die BAW insgesamt 757 Ermittlungsverfahren wegen islamistischem Terrorismus ein. Dies geht <a href=\"https:\/\/www.welt.de\/politik\/deutschland\/article239937699\/Generalbundesanwalt-Bedrohung-durch-islamistischen-Terrorismus-am-groessten.html\">am 16. Juli<\/a> aus einem Pressebericht hervor. <a href=\"https:\/\/www.sueddeutsche.de\/bayern\/bayern-ice-messer-attacke-anklage-1.5627564\">Am 25. Juli<\/a> teilt die BAW mit, dass sie gegen einen Mann, der im November 2021 in einem ICE-Zug vier M\u00e4nner mit einem Messer zum Teil schwer verletzt hat, wegen \u201egravierender Anhaltspunkte f\u00fcr einen islamistischen Hintergrund\u201c vor dem OLG M\u00fcnchen (Bayern) Anklage wegen versuchtem Mord und gef\u00e4hrlicher K\u00f6rperverletzung erhoben hat. Das OLG Hamburg verurteilt <a href=\"https:\/\/www.spiegel.de\/politik\/deutschland\/duesseldorf-is-rueckkehrerin-muss-dreieinhalb-jahre-in-haft-a-eb089821-1578-4475-a34a-ca5bba5cf2c7\">am 26. Juli<\/a> eine IS-R\u00fcckkehrerin, die ein Gest\u00e4ndnis abgelegt und sich vom IS distanziert hat, zu einer Haftstrafe von dreieinhalb Jahren. Das Urteil ist noch nicht rechtskr\u00e4ftig. <a href=\"https:\/\/www.spiegel.de\/panorama\/justiz\/hamburg-is-rueckkehrerin-aus-bremen-muss-fuenf-jahre-ins-gefaengnis-a-cd7aa66e-a5e4-4b86-8f80-7be10d7f962e\">Am 27. Juli<\/a> verurteilt das Hamburger OLG die IS-R\u00fcckkehrerin, die eine Jesidin als Sklavin gehalten hatte, zu einer f\u00fcnfeinhalbj\u00e4hrigen Haftstrafe.<\/p>\n<p><b>Rassistische Angriffe und Handlungen:<\/b> <a href=\"https:\/\/www.tagesspiegel.de\/mehrere-frauen-in-berlin-rassistisch-attackiert-frau-greift-opfer-koerperlich-an-und-reisst-kopftuch-vom-kopf\/28495040.html\">In Berlin<\/a> rei\u00dft in einer Gastst\u00e4tte eine betrunkene Frau einer anderen das Kopftuch herunter und schl\u00e4gt ihr gegen Kopf und Oberk\u00f6rper. In einem anderen Stadtteil beschimpft ein Mann zwei Frauen rassistisch. Als er auch die herbeigerufenen Polizist*innen beleidigt, wird er vor\u00fcbergehend festgenommen. In Bayreuth (Bayern) wird <a href=\"https:\/\/www.faz.net\/aktuell\/politik\/inland\/bayreuther-lokalpolitiker-tasdelen-bei-attacke-verletzt-18161545.html\">am gleichen Tag<\/a> ein Stadtrat von einem mutma\u00dflichen Rechtsextremisten rassistisch beschimpft und heftig ins Gesicht geschlagen; wodurch das Opfer erhebliche Verletzungen erleidet. Auch die Begleiterin des T\u00e4ters beleidigt den Mann. <a href=\"https:\/\/www.sueddeutsche.de\/panorama\/kriminalitaet-berlin-staatsschutz-ermittelt-wegen-rassistischer-beleidigung-dpa.urn-newsml-dpa-com-20090101-220715-99-32121\">Am 12. Juli<\/a> beleidigen in einer Berliner S-Bahn drei unbekannte M\u00e4nner eine Frau zun\u00e4chst rassistisch und zeigen den Hitlergru\u00df. Kurz darauf versuchen sie auf dem Bahnhof sie eine Treppe hinunter zu sto\u00dfen. In der Stra\u00dfenbahn in M\u00fcnchen (Bayern) p\u00f6beln <a href=\"https:\/\/www.abendzeitung-muenchen.de\/muenchen\/stadtviertel\/muenchen-schwabing-mann-in-tram-rassistisch-beleidigt-art-829751\">am 14. Juli<\/a> zwei betrunkene M\u00e4nner die \u00fcbrigen Fahrg\u00e4ste an; einer wird rassistisch beleidigt und geschlagen. Die Polizei fertigt Strafanzeigen aus. In Haidhausen (Bayern) beleidigt <a href=\"https:\/\/www.abendzeitung-muenchen.de\/muenchen\/stadtviertel\/ostbahnhof-24-jaehriger-beleidigt-gruppe-rassistisch-unbekannte-schlagen-ihm-gegen-kopf-art-831482\">am 20. Juli<\/a> ein Mann mehrere Personen rassistisch. Daraufhin schlagen drei von ihnen den Mann so heftig zusammen, dass er schwere Kopfverletzungen erleidet und notoperiert werden muss. <a href=\"https:\/\/www.morgenpost.de\/berlin\/polizeibericht\/article235959409\/polizei-feuerwehr-berlin-news-aktuell-unfall-verbrechen-blaulicht.html\">Am 21. Juli<\/a> beleidigt und bedroht in Berlin ein Mann Fahrg\u00e4ste einer Stra\u00dfenbahn; einen beschimpft er dabei rassistisch und greift ihn an. Der Mann wird kurz darauf festgenommen. In Freimann (Bayern) versperrt <a href=\"https:\/\/www.abendzeitung-muenchen.de\/muenchen\/stadtviertel\/freimann-hautfarbe-passt-21-jaehrigem-nicht-mann-30-wird-rassistisch-beleidigt-art-832229\">am 23. Juli<\/a> ein Mann einem anderen den Weg und beleidigt ihn rassistisch; es kommt zu einer Auseinandersetzung.<\/p>\n<p>10.Juli: <b>Polizeilicher Todesschuss:<\/b> Auf Pressenachfragen teilt die StA Frankfurt\/M. (Hessen) mit,dass sie Ermittlungen gegen zwei Polizist*innen, die im Juni 2021 in Frankfurt einen psychisch kranken Mann <a href=\"https:\/\/www.fr.de\/frankfurt\/ermittlung-zu-toedlichen-schuessen-in-frankfurt-eingestellt-91658642.html\">mit 10 Sch\u00fcssen get\u00f6tet hatten, eingestellt hat.<\/a> Gegen keinen der beiden Beschuldigten bestehe ein \u201ehinreichender Tatverdacht f\u00fcr eine strafrechtlich relevante Straftat\u201c, so die StA. Die Anw\u00e4ltin der Hinterbliebenen hat Beschwerde gegen die Entscheidung eingelegt.<\/p>\n<p>13. Juli: <b>Prozesse gegen Polizist*innen:<\/b> Unter Ausschluss der Presse beginnt in M\u00fcnchen (Bayern) der Prozess gegen einen <a href=\"https:\/\/www.abendzeitung-muenchen.de\/muenchen\/prozess-ohne-presse-angeblicher-v-mann-vor-gericht-art-829139\">Kriminalbeamten wegen Strafvereitelung<\/a>. Er soll einem mutma\u00dflichen straff\u00e4lligen Bekannten einen fiktiven V-Mann-Status verliehen haben, um ihn vor Verfolgung zu sch\u00fctzen.<\/p>\n<p>14. Juli: <b>Tod nach Polizeieinsatz:<\/b> Durch Pressemeldungen wird bekannt, dass im Fall des Mannes, der Anfang Mai in Mannheim (Baden-W\u00fcrttemberg) infolge eines Polizeieinsatzes verstarb, die <a href=\"https:\/\/www.sueddeutsche.de\/panorama\/polizei-stuttgart-weiteres-gutachten-nach-toedlicher-polizeikontrolle-dpa.urn-newsml-dpa-com-20090101-220714-99-15430\">Ermittlungen gegen die Beamt*innen andauern.<\/a> Aktuell wurde ein zweites Gutachten in Auftrag gegeben.<\/p>\n<p>15. Juli: <b>Rechtsextremismus bei der Bundeswehr:<\/b> Das OLG Frankfurt\/M. (Hessen) verurteilt einen ehemaligen <a href=\"https:\/\/www.faz.net\/aktuell\/politik\/inland\/franco-a-zu-fuenfeinhalb-jahren-haft-in-terrorprozess-verurteilt-18174720.html\">Bundeswehrsoldaten wegen Planung eines Anschlages, Waffendelikten und Betrug<\/a> zu einer Haftstrafe von f\u00fcnfeinhalb Jahren.<\/p>\n<p>18. Juli: <b>Rechtsextremistischer Mordanschlag in Hanau:<\/b> Im Untersuchungsausschuss des Hessischen Landtages zum Hanauer Mordanschlag von 2020 mit 11 Toten sagt die Wachhabende der Hanauer Polizeiwache als Zeugin aus, die den ersten Notruf entgegengenommen hatte. Die Polizistin war an dem Abend als einzige auf der Wache und musste sich um zwei Notrufnummern, ein weiteres Telefon und ankommende anzeigende Personen k\u00fcmmern. Dass es <a href=\"https:\/\/www.fr.de\/rhein-main\/notruf-probleme-bei-anschlag-von-hanau-krasses-organisationsversagen-91676989.html\">keine automatische Weiterleitung<\/a> von Notrufen auf andere Dienststellen gab, war<a href=\"https:\/\/www.faz.net\/aktuell\/politik\/inland\/warum-funktionierte-der-notruf-beim-attentat-von-hanau-nicht-18182259.html\"> ihr nicht bekannt<\/a>.<\/p>\n<p>20. Juli: <b>Rechtsextremer Mordanschlag:<\/b> Im Untersuchungsausschuss des hessischen Landtages sagt eine Mitarbeiterin des LfV als Zeugin aus, dass das LfV im Jahr 2015 die Akten von rund <a href=\"https:\/\/www.fr.de\/rhein-main\/landespolitik\/luebcke-ausschuss-neonazis-nicht-mehr-im-fokus-91679394.html\">1.300 Rechtsextremisten gesperrt und damit aus der weiteren Beobachtung<\/a> genommen hat. Darunter auch die des sp\u00e4teren M\u00f6rders des Kasseler Regierungspr\u00e4sidenten Walter L\u00fcbcke (CDU). Danach wird ein <a href=\"https:\/\/www.fr.de\/rhein-main\/landespolitik\/luebcke-ausschuss-sein-name-ist-temme-er-weiss-von-nichts-91681408.html\">ehemaliger LfV-V-Mann-F\u00fchrer<\/a>, der bereits im NSU-Untersuchungsausschuss des Bundestages eine zwielichtige Rolle gespielt hat, befragt. Er beruft sich jedoch nur auf Erinnerungsl\u00fccken. <a href=\"https:\/\/www.fr.de\/rhein-main\/landespolitik\/mord-an-walter-luebcke-familie-will-antworten-91694284.html\">Am 28. Juli<\/a> beginnt vor dem Bundesgerichtshof (BGH) der Berufungsprozess der Angeh\u00f6rigen des Mordopfers Walter L\u00fcbcke und der BAW gegen das Urteil des OLG Frankfurt (Hessen). Dieses hatte im Januar 2021 den M\u00f6rder zu lebenslanger Haft verurteilt, seinen, wegen Beihilfe Mitangeklagten jedoch freigesprochen. Dieses Urteil wollen die Kl\u00e4ger nun aufheben lassen.<\/p>\n<p>\u201e<b>Reichsb\u00fcrger\u201c: <\/b>Durch Presseberichte wird bekannt, dass das VG Ansbach (Bayern) <a href=\"https:\/\/www.morgenpost.de\/politik\/inland\/article235948087\/Reichsbuerger-Verdacht-Lehrerin-bekommt-Gehalt-gekuerzt.html\">einer Lehrerin aus der \u201eReichsb\u00fcrger\u201c-Szene<\/a> f\u00fcr die Dauer von f\u00fcnf Jahren das Gehalt um 20 Prozent gek\u00fcrzt hat.<\/p>\n<p>22. Juli: <b>Abschiebungen:<\/b> Als Polizist*innen in Ansbach (Bayern) einen Asylbewerber zur Abschiebung abholen wollen, springt dieser aus dem <a href=\"https:\/\/www.abendzeitung-muenchen.de\/bayern\/asylbewerber-verletzt-sich-bei-flucht-vor-polizei-schwer-art-831166\">Fenster im dritten Stock des Wohnheimes<\/a> und verletzt sich dabei lebensgef\u00e4hrlich.<\/p>\n<p><b>Polizei und Datenschutz:<\/b> Die Berliner Polizei teilt mit, dass bei einer turnusm\u00e4\u00dfigen Kontrolle der Computerabfragen <a href=\"https:\/\/www.berlin.de\/polizei\/polizeimeldungen\/2022\/pressemitteilung.1228662.php\">83 Verst\u00f6\u00dfe festgestellt<\/a> wurden. Dienst- und disziplinarische Ermittlungen wurden aufgenommen, strafrechtliche Ermittlungen werden gepr\u00fcft.<\/p>\n<p>26. Juli: <b>Polizeisch\u00fcsse:<\/b> In Berlin wird die Polizei alarmiert weil ein Mann im Hof eines Krankenhauses randaliert. Als die Beamt*innen eintreffen, greift er sie mit einer abgebrochenen Flasche an. Nach einem <a href=\"https:\/\/www.tagesspiegel.de\/berlin\/polizei-einsatz-eskaliert-mann-im-hof-des-berliner-st-hedwig-krankenhauses-angeschossen\/28551282.html\">Warnschuss schie\u00dfen sie ihm ins Bein<\/a>. Durch Presseberichte wird <a href=\"https:\/\/www.spiegel.de\/panorama\/justiz\/dohna-bei-dresden-rottweiler-attackiert-helfer-und-wird-von-polizei-erschossen-a-7501b13e-c9b3-43d6-a86d-edb6fde705bd\">am 29. Juli<\/a> bekannt, dass die Polizei in Dohna (Sachsen) einen Hund erschossen hat, der einen Mann angegriffen und schwer verletzt hat, als dieser Mann der gest\u00fcrzten Hundeshalterin helfen wollte.<\/p>\n<p><b>Bodycams:<\/b> Mit zun\u00e4chst 15 Ger\u00e4ten startet die Polizeiinspektion Potsdam (Brandenburg) den <a href=\"https:\/\/www.tagesspiegel.de\/berlin\/kameras-zum-schutz-der-beamten-brandenburger-polizei-startet-einsatz-von-bodycams-in-potsdam\/28553398.html\">probeweisen Einsatz von Bodycams<\/a>.<b> <\/b><\/p>\n<h3>Beitragsbild: Besetzung in L\u00fctzerath (<a href=\"https:\/\/twitter.com\/LuetziBleibt\/status\/1552371174050611208\/photo\/1\">@LuetziBleibt<\/a>).<\/h3>\n","protected":false},"excerpt":{"rendered":"<p>zusammengestellt von Otto Diederichs 1. Juli: Rechtsradikale Polizist*innen: Durch Presseberichte wird bekannt, dass das nieders\u00e4chsische<\/p>\n","protected":false},"author":2,"featured_media":20217,"comment_status":"open","ping_status":"open","sticky":false,"template":"","format":"standard","meta":{"footnotes":""},"categories":[6],"tags":[820,1094,1195],"class_list":["post-20215","post","type-post","status-publish","format-standard","has-post-thumbnail","hentry","category-chronologien","tag-justiz","tag-polizei","tag-rechtsextremismus"],"_links":{"self":[{"href":"https:\/\/wp-dev.daten.cool\/index.php?rest_route=\/wp\/v2\/posts\/20215","targetHints":{"allow":["GET"]}}],"collection":[{"href":"https:\/\/wp-dev.daten.cool\/index.php?rest_route=\/wp\/v2\/posts"}],"about":[{"href":"https:\/\/wp-dev.daten.cool\/index.php?rest_route=\/wp\/v2\/types\/post"}],"author":[{"embeddable":true,"href":"https:\/\/wp-dev.daten.cool\/index.php?rest_route=\/wp\/v2\/users\/2"}],"replies":[{"embeddable":true,"href":"https:\/\/wp-dev.daten.cool\/index.php?rest_route=%2Fwp%2Fv2%2Fcomments&post=20215"}],"version-history":[{"count":0,"href":"https:\/\/wp-dev.daten.cool\/index.php?rest_route=\/wp\/v2\/posts\/20215\/revisions"}],"wp:featuredmedia":[{"embeddable":true,"href":"https:\/\/wp-dev.daten.cool\/index.php?rest_route=\/wp\/v2\/media\/20217"}],"wp:attachment":[{"href":"https:\/\/wp-dev.daten.cool\/index.php?rest_route=%2Fwp%2Fv2%2Fmedia&parent=20215"}],"wp:term":[{"taxonomy":"category","embeddable":true,"href":"https:\/\/wp-dev.daten.cool\/index.php?rest_route=%2Fwp%2Fv2%2Fcategories&post=20215"},{"taxonomy":"post_tag","embeddable":true,"href":"https:\/\/wp-dev.daten.cool\/index.php?rest_route=%2Fwp%2Fv2%2Ftags&post=20215"}],"curies":[{"name":"wp","href":"https:\/\/api.w.org\/{rel}","templated":true}]}}