{"id":20278,"date":"2022-09-02T08:16:29","date_gmt":"2022-09-02T08:16:29","guid":{"rendered":"https:\/\/www.cilip.de\/?p=20278"},"modified":"2022-09-02T08:16:29","modified_gmt":"2022-09-02T08:16:29","slug":"mythos-clankriminalitaet","status":"publish","type":"post","link":"https:\/\/wp-dev.daten.cool\/?p=20278","title":{"rendered":"Mythos Clankriminalit\u00e4t"},"content":{"rendered":"<p><strong>Release-Veranstaltung der CILIP-Ausgabe 129 zur Ethnisierung von Kriminalit\u00e4t und rassistischen Kontrollpraktiken<\/strong><\/p>\n<p>Die gesonderte Erfassung und Verfolgung bestimmter Bev\u00f6lkerungsgruppen durch verschiedene Beh\u00f6rden f\u00fchrt zur Ethnisierung von Kriminalit\u00e4t und geht mit rassistischen Kontrollpraktiken sowie der Auf\u00adweichung rechtsstaatlicher Grunds\u00e4tze einher.<\/p>\n<blockquote class=\"alignright\"><p>Donnerstag, 15. September 2022, 20 Uhr<br \/>\nAda, Sonnenallee 100 (M41, Haltestelle Erkstra\u00dfe)<\/p><\/blockquote>\n<p>In unserem aktuellen Heft beleuchten wir das Thema aus verschiedenen Perspektiven und geben angesichts komplexer Interessenpolitiken mehr als nur eine Antwort. Dabei schauen wir vor allem auf Betroffene, die sich zunehmend gegen Stigma und Rassialisierung organisieren.<\/p>\n<p><strong>Jorinde Schulz<\/strong>, Aktivistin und Autorin<br \/>\n<strong>Melly Amira<\/strong>, Aktivistin<br \/>\n<strong>Ulrich von Klinggr\u00e4ff<\/strong>, Strafverteidiger<\/p>\n<p>Moderation: <strong>Benjamin Derin<\/strong>, Rechtsanwalt, CILIP-Redakteur<\/p>\n<audio class=\"wp-audio-shortcode\" id=\"audio-20278-1\" preload=\"none\" style=\"width: 100%;\" controls=\"controls\"><source type=\"audio\/mpeg\" src=\"https:\/\/archiv.cilip.de\/Audio\/20220915_CILIP-VA_Clankriminalitaet.mp3?_=1\" \/><a href=\"https:\/\/archiv.cilip.de\/Audio\/20220915_CILIP-VA_Clankriminalitaet.mp3\">https:\/\/archiv.cilip.de\/Audio\/20220915_CILIP-VA_Clankriminalitaet.mp3<\/a><\/audio>\n<p><em>Veranstaltet vom Institut f\u00fcr B\u00fcrgerrechte &amp; \u00f6ffentliche Sicherheit e.V.\/ Zeitschrift B\u00fcrgerrechte &amp; Polizei\/CILIP<\/em><\/p>\n<h3>Beitragsbild: &#8222;Gemeinsame Kontrollma\u00dfnahmen von Polizei und kommunaler Ordnungsbeh\u00f6rde in Langenfeld&#8220; (<a href=\"https:\/\/www.presseportal.de\/blaulicht\/pm\/43777\/4176635\">Polizei Mettmann<\/a>).<\/h3>\n","protected":false},"excerpt":{"rendered":"<p>Release-Veranstaltung der CILIP-Ausgabe 129 zur Ethnisierung von Kriminalit\u00e4t und rassistischen Kontrollpraktiken Die gesonderte Erfassung und<\/p>\n","protected":false},"author":2,"featured_media":20282,"comment_status":"open","ping_status":"open","sticky":false,"template":"","format":"standard","meta":{"footnotes":""},"categories":[150],"tags":[],"class_list":["post-20278","post","type-post","status-publish","format-standard","has-post-thumbnail","hentry","category-veranstaltungen"],"_links":{"self":[{"href":"https:\/\/wp-dev.daten.cool\/index.php?rest_route=\/wp\/v2\/posts\/20278","targetHints":{"allow":["GET"]}}],"collection":[{"href":"https:\/\/wp-dev.daten.cool\/index.php?rest_route=\/wp\/v2\/posts"}],"about":[{"href":"https:\/\/wp-dev.daten.cool\/index.php?rest_route=\/wp\/v2\/types\/post"}],"author":[{"embeddable":true,"href":"https:\/\/wp-dev.daten.cool\/index.php?rest_route=\/wp\/v2\/users\/2"}],"replies":[{"embeddable":true,"href":"https:\/\/wp-dev.daten.cool\/index.php?rest_route=%2Fwp%2Fv2%2Fcomments&post=20278"}],"version-history":[{"count":0,"href":"https:\/\/wp-dev.daten.cool\/index.php?rest_route=\/wp\/v2\/posts\/20278\/revisions"}],"wp:featuredmedia":[{"embeddable":true,"href":"https:\/\/wp-dev.daten.cool\/index.php?rest_route=\/wp\/v2\/media\/20282"}],"wp:attachment":[{"href":"https:\/\/wp-dev.daten.cool\/index.php?rest_route=%2Fwp%2Fv2%2Fmedia&parent=20278"}],"wp:term":[{"taxonomy":"category","embeddable":true,"href":"https:\/\/wp-dev.daten.cool\/index.php?rest_route=%2Fwp%2Fv2%2Fcategories&post=20278"},{"taxonomy":"post_tag","embeddable":true,"href":"https:\/\/wp-dev.daten.cool\/index.php?rest_route=%2Fwp%2Fv2%2Ftags&post=20278"}],"curies":[{"name":"wp","href":"https:\/\/api.w.org\/{rel}","templated":true}]}}