{"id":20322,"date":"2022-11-02T15:58:28","date_gmt":"2022-11-02T15:58:28","guid":{"rendered":"https:\/\/www.cilip.de\/?p=20322"},"modified":"2022-11-02T15:58:28","modified_gmt":"2022-11-02T15:58:28","slug":"chronologie-oktober-2022","status":"publish","type":"post","link":"https:\/\/wp-dev.daten.cool\/?p=20322","title":{"rendered":"Chronologie Oktober 2022"},"content":{"rendered":"<h3>zusammengestellt von Otto Diederichs<\/h3>\n<p>1. Oktober: <b>Umweltproteste: <\/b>Bis September des Jahres hat die Berliner Staatsanwaltschaft (StA) bereits 460 Ermittlungsverfahren gegen Klimaaktivist*innen <a href=\"https:\/\/www.tagesspiegel.de\/berlin\/proteste-fuhren-zu-langeren-staus-klimaaktivisten-blockieren-erneut-berliner-autobahnen-8732701.html\">eingeleitet<\/a>. <a href=\"https:\/\/www.tagesspiegel.de\/berlin\/600-euro-fur-blockade-der-a100-berliner-gericht-verurteilt-klima-aktivist-der-gruppe-letzte-generation-zu-geldstrafe-8767378.html\">Am 18. Oktober<\/a> verurteilt ein Berliner AG einen Klimaaktivisten, der sich im Februar an einer Stra\u00dfenblockade beteiligt hatte, zu einer Geldstrafe von 600 EUR. <a href=\"https:\/\/www.morgenpost.de\/berlin\/article236707509\/CDU-Politiker-stellt-Strafanzeige-gegen-Letzte-Generation.html\">Am gleichen Tag<\/a> erstattet ein Berliner CDU-Abgeordneter gegen die Klimaschutzbewegung Anzeige wegen Gr\u00fcndung einer kriminellen Vereinigung. Durch Presseberichte wird <a href=\"https:\/\/www.tagesspiegel.de\/berlin\/fast-700-verfahren-gegen-blockierer-vier-aktivisten-der-letzen-generation-in-berlin-fur-blockaden-verurteilt-8772628.html\">am 19. Oktober<\/a> bekannt, dass die Berliner Justiz in Verbindung mit den Stra\u00dfenblockaden aktuell 666 Verfahren f\u00fchrt, in 224 F\u00e4llen wurden bereits Strafbefehle verschickt. Wegen eines Steinwurfs auf einen Polizisten im November 2020 verurteilt das AG Alsfeld (Hessen) ebenfalls <a href=\"https:\/\/www.faz.net\/aktuell\/gesellschaft\/kriminalitaet\/bewaehrungsstrafe-fuer-steinwurf-bei-protesten-gegen-a49-18399460.html\">am 19. Oktober<\/a> eine Besetzerin des Dannenr\u00f6der Forstes zu einer Freiheitsstrafe von 12 Monaten, ausgesetzt auf drei Jahre zur Bew\u00e4hrung sowie 1.200 EUR Geldstrafe. Bis zum 25. Oktober hat die Berliner Justiz bereits <a href=\"https:\/\/www.tagesspiegel.de\/berlin\/konsequenzen-fur-die-letzte-generation-inzwischen-rund-730-verfahren-gegen-klimademonstranten-in-berlin-8819344.html\">130 Verfahren abgeschlossen<\/a> und 150 Strafbefehle gegen Klimaaktivist*innen erlassen; 730 Verfahren sind aktuell noch offen. <a href=\"https:\/\/www.tagesspiegel.de\/berlin\/klimaproteste-zum-wochenstart-demonstranten-blockieren-erneut-strassen-in-berlin--polizei-verhindert-klebe-versuch-8816050.html\">Am 31. Oktober<\/a> blockieren Umweltsch\u00fctzer*innen erneut die Berliner Stadtautobahn und mehrere Stra\u00dfen in der Stadt, vermutlich durch den entstehenden Verkehrsstau erreicht ein Feuerwehrfahrzeug einen Unfallort mit einer lebensgef\u00e4hrlich verletzten Fahrradfahrerin erst <a href=\"https:\/\/www.tagesspiegel.de\/berlin\/unter-lkw-eingeklemmt-radlerin-bei-unfall-in-berlin-lebensgefahrlich-verletzt--feuerwehr-steht-wegen-blockaden-im-stau-8816137.html\">mit erheblicher Versp\u00e4tung<\/a>. Die Polizei nimmt gegen zwei Aktivisten <a href=\"https:\/\/www.morgenpost.de\/berlin\/polizeibericht\/article236801039\/letzte-generation-fahrad-unfall-bundesallee-ermittlungen-strafanzeige-aktion-berlin-aktuell.html\">Ermittlungen auf<\/a>.<!--more--><\/p>\n<p><b>Rechtsradikale Demonstrationen und Kundgebungen:<\/b> In Berlin findet eine als<a href=\"https:\/\/www.spiegel.de\/politik\/deutschland\/demonstrationen-in-berlin-wie-es-zur-ersten-querfront-im-heissen-herbst-kam-a-f77610e5-95ad-4050-9fb6-0cb0f97a6808\"> \u201eHandwerker-Protest\u201c<\/a> getarnte, rechtsradikale Demonstration mit rund 600 Teilnehmer*innen statt. Nach der Abschlusskundgebung dr\u00e4ngen etliche von ihnen durch die Polizeiketten und verschmelzen mit einer linken Friedensdemonstration.<\/p>\n<p>4. Oktober: <b>Angriffe auf Polizist*innen:<\/b> Vor dem LG Berlin beginnt der Prozess gegen einen Mann, der bei einem Einsatz wegen Ruhest\u00f6rung im November 2021, eine <a href=\"https:\/\/www.sueddeutsche.de\/panorama\/prozesse-berlin-polizistin-mit-metallstange-verletzt-mann-vor-gericht-dpa.urn-newsml-dpa-com-20090101-221004-99-01305\">Polizistin mit einer Metallstange angegriffen<\/a> und am Kopf verletzt hatte. Laut einer Studie des Bundeskriminalamtes (BKA), die <a href=\"https:\/\/www.spiegel.de\/panorama\/justiz\/deutschland-bundeskriminalamt-registriert-mehr-gewalttaten-gegen-polizisten-a-de1cb99e-ec47-45fe-aaf4-1f569ec38364\">am 13. Oktober<\/a> bekannt wird, wurden 2021 bundesweit insgesamt 39.649 gewaltt\u00e4tige Angriffe auf Polizist*innen registriert, darunter etwa 1.500 F\u00e4lle schwerer oder gef\u00e4hrlicher K\u00f6rperverletzung und 30 versuchte Mord- oder Totschlagsdelikte (2020: 63); au\u00dferdem wurden \u00fcber 19.000 Widerstandshandlungen erfasst. Demgegen\u00fcber ging die Zahl der Gewalttaten in Rheinland-Pfalz im Vorjahr zur\u00fcck (2021: 1.553), wie<a href=\"https:\/\/www.sueddeutsche.de\/panorama\/kriminalitaet-wiesbaden-weniger-gewalttaten-gegen-polizisten-verzeichnet-dpa.urn-newsml-dpa-com-20090101-221013-99-114835\"> am gleichen Tag<\/a> durch Pressemeldungen bekannt wird; <a href=\"https:\/\/www.sueddeutsche.de\/panorama\/kriminalitaet-wiesbaden-mehr-gewalttaten-gegen-polizisten-im-bund-weniger-in-nrw-dpa.urn-newsml-dpa-com-20090101-221013-99-116479\">ebenso in NRW<\/a> (2021: 7.512) und zwei weiteren Bundesl\u00e4ndern. In <a href=\"https:\/\/www.sueddeutsche.de\/panorama\/kriminalitaet-wiesbaden-starker-anstieg-bei-gewalttaten-gegen-polizisten-in-mv-dpa.urn-newsml-dpa-com-20090101-221013-99-114015\">Mecklenburg-Vorpommern<\/a> sind die Zahlen jedoch auf 912 gestiegen (2020: 696). Ebenfalls <a href=\"https:\/\/www.sueddeutsche.de\/panorama\/polizei-bonn-polizistin-bei-kontrolle-verletzt-autofahrer-stellt-sich-dpa.urn-newsml-dpa-com-20090101-221014-99-127360\">am 13. Oktober<\/a> versucht sich in Bonn (NRW) ein Autofahrer einer Verkehrskontrolle zu entziehen und f\u00e4hrt dabei eine Polizistin an; die Frau muss ins Krankenhaus gebracht werden. Als sich der T\u00e4ter am 14. Oktober selbst stellt, wird Haftbefehl gegen ihn erlassen. <a href=\"https:\/\/www.sueddeutsche.de\/muenchen\/randalierer-festnahme-faustschlaege-obersendling-polizei-1.5676652\">Am 17. Oktober<\/a> wird die Polizei in Obersendling (Bayern) gerufen, weil ein Mann in der Innenstadt randaliert. Als die Beamt*innen eintreffen, greift der Mann sie sofort an. Ein Beamter wird durch Schl\u00e4ge leicht verletzt, ein zweiter in den Oberschenkel gebissen. Ein Berliner AG verurteilt <a href=\"https:\/\/www.berliner-zeitung.de\/mensch-metropole\/zwei-schlaeger-verletzen-berliner-polizisten-und-verlassen-als-freie-maenner-das-gericht-li.277944\">am 18. Oktober<\/a> zwei M\u00e4nner, die im September zwei Polizisten angegriffen und schwer verletzt hatten, zu einem Jahr Haft auf drei Jahre zur Bew\u00e4hrung. <a href=\"https:\/\/www.tagesspiegel.de\/berlin\/mehrere-polizisten-in-berlin-angegriffen-angehorige-versuchen-festnahme-zu-verhindern-8786563.html\">Am 21. Oktober<\/a> wird die Polizei in Berlin zu einem Streit in einer Bar gerufen. Bei ihrem Eintreffen schubst einer der Kontrahenten die Polizistin weg und versucht ihren Kollegen zu schlagen; er wird festgenommen. Daraufhin erscheinen sein Vater und sein Bruder und versuchen ihn zu befreien. Durch herbeigerufene Verst\u00e4rkung werden alle drei festgenommen. Ebenfalls in Berlin alarmiert <a href=\"https:\/\/www.berliner-zeitung.de\/news\/reinickendorf-mieter-ruft-polizisten-und-attackiert-sie-mit-messer-li.280192\">am 24. Oktober<\/a> ein Mann die Polizei, weil sich in seiner Wohnung Unbekannte aufhalten. Als die Beamt*innen eintreffen und niemand \u00f6ffnet, sie aber Ger\u00e4usche in der Wohnung h\u00f6ren, verschaffen sie sich gewaltsam Zutritt. Daraufhin greift der psychisch gest\u00f6rte Wohnungsinhaber sie mit einem Messer an und verletzt eine Beamtin leicht, er wird in Gewahrsam genommen. <a href=\"https:\/\/www.sueddeutsche.de\/panorama\/kriminalitaet-doetlingen-betrunkene-autofahrerin-schlaegt-polizistin-dpa.urn-newsml-dpa-com-20090101-221029-99-308306\">Am 28. Oktober<\/a> stoppt die Polizei in D\u00f6tlingen (Niedersachsen) eine betrunkene Autofahrerin. Als die Frau zur Blutprobe auf\u00b4s Revier gebracht werden soll, schl\u00e4gt sie der Polizistin ins Gesicht. Gegen sie werden Ermittlungsverfahren eingeleitet. Die Polizei in Straubing (Bayern) teilt <a href=\"https:\/\/www.abendzeitung-muenchen.de\/bayern\/22-jaehriger-schlaegt-und-beleidigt-polizisten-art-854537\">am 29. Oktober<\/a> mit, dass ein Mann, der sich nach einer Auseinandersetzung nicht ausweisen wollte und die Beamt*innen angriff, in Gewahrsam genommen wurde. In der Halloween-Nacht <a href=\"https:\/\/www.morgenpost.de\/berlin\/polizeibericht\/article236801497\/polizei-feuerwehr-berlin-blaulicht-notruf-feuer-kriminalitaet.html\">des 31. Oktober<\/a> werden in Berlin <a href=\"https:\/\/www.sueddeutsche.de\/panorama\/kriminalitaet-gelsenkirchen-halloween-in-nrw-eierwuerfe-boeller-und-schlaegereien-dpa.urn-newsml-dpa-com-20090101-221101-99-342391\">und anderen deutschen St\u00e4dten<\/a> Polizist*innen angegriffen. Zu den heftigsten Angriffen kommt es <a href=\"https:\/\/www.spiegel.de\/panorama\/justiz\/halloween-randale-in-deutschland-polizei-ging-in-mehreren-staedten-gegen-jugendliche-vor-a-2620bccf-bd03-4961-bad2-f3c853d6d513\">in Hamburg<\/a>.<\/p>\n<p><strong>Prozesse gegen Polizeibeamt*innen:<\/strong> In M\u00fcnchen (Bayern) stehen zwei Polizeibeamte <a href=\"https:\/\/www.abendzeitung-muenchen.de\/muenchen\/tickende-zeitbombe-haben-polizisten-einen-unschuldigen-verfolgt-art-853292\">wegen Verfolgung Unschuldiger und falscher uneidlicher Aussage<\/a> vor Gericht. Ihnen wird vorgeworfen, in Eins\u00e4tzen \u201egezielt unangemessene Gewalt angewendet\u201c, \u201eLeute schikaniert\u201c und sich \u201ean dem, was man erreicht hat, noch erfreut\u201c zu haben. Vor allem Obdachlose, Ausl\u00e4nder und Alkoholisierte seien von den Beamten brutal attackiert worden. Aufgefallen waren sie, weil sich in <a href=\"https:\/\/www.tz.de\/muenchen\/stadt\/muenchen-polizei-skandal-beamte-verpruegelten-obdachlose-und-partygaenger-zr-91871992.html\">Handy-Chats<\/a> stolz dar\u00fcber ausgetauscht hatten. Im Berufungsprozess vor dem LG Hagen (NRW) gegen zwei Polizistinnen, die im Mai 2020 Kollegen, die in eine Schie\u00dferei verwickelt waren, nicht unterst\u00fctzt hatten, verurteilt das Gericht <a href=\"https:\/\/www.sueddeutsche.de\/panorama\/urteile-hagen-polizistinnen-liessen-kollegen-zurueck-bewaehrungsstrafen-dpa.urn-newsml-dpa-com-20090101-221005-99-15385\">am 5. Oktober<\/a> die Frauen zu je vier Monaten Haft auf Bew\u00e4hrung. <a href=\"https:\/\/www.morgenpost.de\/berlin\/polizeibericht\/article236606835\/Berliner-Polizist-beim-Drogen-Kauf-aus-Koks-Taxi-erwischt.html\">Am gleichen Tag<\/a> beobachten Zivilbeamt*innen in Berlin einen Kollegen dabei wie er Kokain aus dem Fahrzeug eines Drogenlieferdienstes kauft; gegen ihn und die Fahrerin des \u201eKoks-Taxis\u201c wird ermittelt. <a href=\"https:\/\/www.sueddeutsche.de\/muenchen\/muenchen-polizei-kokain-soko-nightlife-prozess-1.5672338\">Am 10. Oktober<\/a> beginnt vor dem AG M\u00fcnchen (Bayern) der Prozess gegen zwei Polizeibeamte wegen K\u00f6rperverletzung im Amt, Verfolgung Unschuldiger, N\u00f6tigung, Falschaussage und Weitergabe von Kokain. Durch Presseberichte wird\u00a0 <a href=\"https:\/\/www.spiegel.de\/panorama\/kriminologe-thomas-feltes-ueber-hamburger-polizeieinsatz-nichts-entschuldigt-diese-gewalt-a-b3b85c41-6fe2-4d90-902d-c3649a434cef\">am 16. Oktober<\/a> bekannt, dass gegen einen Polizeibeamten, der bei einem Marsch von Fans des Hamburger Fu\u00dfballvereins FC St. Pauli am 14. Oktober auf einen der Fans, der bereits fixiert am Boden lag, eingeschlagen hatte, <a href=\"https:\/\/www.ndr.de\/nachrichten\/hamburg\/Ermittlungen-nach-Polizeieinsatz-beim-Hamburger-Stadtderby-,stadtderby146.html\">ein Strafverfahren er\u00f6ffnet wurde<\/a>. Durch Presseberichte wird <a href=\"https:\/\/www.spiegel.de\/panorama\/justiz\/dresden-polizist-soll-zwei-17-jaehrige-bei-kontrolle-geschlagen-haben-kollegen-zeigen-ihn-an-a-7f06dfd7-b282-4ca6-8b65-3e05bd32fe1a\">am 19. Oktober<\/a> bekannt, dass die Polizei in Dresden (Sachsen) gegen einen ihrer Beamten Ermittlungen wegen zweifacher K\u00f6rperverletzung sowie ein Disziplinarverfahren eingeleitet hat. Der Mann war als Zivilbeamter an einer Kontrolle Jugendlicher beteiligt und hat dabei grundlos zwei von ihnen geschlagen; Kolleg*innen erstatteten noch vor Ort Anzeige gegen ihn.<\/p>\n<p><b>Rechtsextremismus:<\/b> Vor einem Berliner AG beginnt der Prozess gegen einen Rechtsextremisten wegen Verwendung <a href=\"https:\/\/www.tagesspiegel.de\/berlin\/neukollner-neonazi-nach-messerangriff-vor-gericht-warum-bekam-maurice-p-hafterleichterung-8711356.html\">verfassungswidriger Kennzeichen und gef\u00e4hrlicher K\u00f6rperverletzung<\/a>. <a href=\"https:\/\/www.sueddeutsche.de\/bayern\/bayreuth-klinikum-chefarzt-ns-propaganda-prozess-1.5668570\">Am gleichen Tag<\/a> verurteilt ein AG in Bayreuth (Bayern) einen Chefarzt wegen Verwendung von verfassungswidrigen Kennzeichen zu einer Geldstrafe von rund 32.000 EUR. Der Mann hatte auf einer Internetplattform den Nationalsozialismus verherrlichende Videos ver\u00f6ffentlicht; er war gest\u00e4ndig. <a href=\"https:\/\/www.sueddeutsche.de\/panorama\/notfaelle-vaterstetten-durchsuchungen-in-straussfurt-wegen-hakenkreuz-sprengsatz-dpa.urn-newsml-dpa-com-20090101-221014-99-128389\">Am 9. Oktober<\/a> werden auf dem Bahnhof in Strau\u00dffurt (Th\u00fcringen) zwei nicht z\u00fcndf\u00e4hige Bomben gefunden, von denen eine ein Hakenkreuz tr\u00e4gt. Durch Pressemeldungen wird <a href=\"https:\/\/www.spiegel.de\/panorama\/justiz\/essen-bundesanwaltschaft-klagt-schueler-wegen-vorbereitung-einer-schweren-staatsgefaehrdenden-gewalttat-an-a-a0812fee-f100-424b-8434-c63992b5b9ed\">am 11. Oktober<\/a> bekannt, dass die Bundesanwaltschaft (BAW) Anklage gegen einen Jugendlichen erhoben hat, der im Mai einen rechtsextremistisch und rassistisch motivierten Bombenanschlag auf seine Schule in Essen (NRW) geplant haben soll. <a href=\"https:\/\/www.tagesschau.de\/investigativ\/ndr\/rechtsextremismus-kriminalitaet-schelm-101.html\">Am gleichen Tag<\/a> wird ebenfalls durch Presseberichte bekannt, dass die BAW in mehreren Bundesl\u00e4ndern gegen einen rechtsextremen Buchverlag ermittelt; nach dem Hauptverantwortlichen wird mit Haftbefehl gefahndet. Im Prozess vor einem Berliner AG gegen einen Rechtsextremisten, der im Juli 2021 einen Jamaikaner mit einem Messer am Hals verletzt hatte, stellt sich der Angeklagte <a href=\"https:\/\/www.spiegel.de\/panorama\/prozess-gegen-den-neonazi-maurice-p-ich-hatte-ein-grosses-maul-war-ein-grosskotziger-angeber-a-d81fe298-4c20-4559-9ddb-bb4cca454a60\">am 13. Oktober<\/a> als Opfer dar. Er sei von dem Mann zuerst angegriffen worden und habe sich nur verteidigt. In Zusammenhang mit dem Bombenfund auf dem Bahnhof von Strau\u00dffurt (Th\u00fcringen) durchsucht die Polizei <a href=\"https:\/\/www.sueddeutsche.de\/panorama\/notfaelle-vaterstetten-durchsuchungen-in-straussfurt-wegen-hakenkreuz-sprengsatz-dpa.urn-newsml-dpa-com-20090101-221014-99-128389\">am 14. Oktober<\/a> vier Wohnungen und ein Gartengrundst\u00fcck; Grundstoffe zur Sprengstoffherstellung werden sichergestellt. <a href=\"https:\/\/www.fr.de\/rhein-main\/hessen-rechter-schlaeger-verurteilt-91861876.html\">Am 19. Oktober<\/a> stockt das AG Schwalmstadt (Hessen) eine bereits bestehende Jugendstrafe eines Rechtsextremisten auf zwei Jahre und 11 Monate auf. Im November 2021 hatte der junge Mann einen anderen vor ein Auto geworfen; das Opfer war nur aufgrund der schnellen Reaktion des Autofahrers unverletzt geblieben. <a href=\"https:\/\/www.berliner-zeitung.de\/mensch-metropole\/rechtsextremismus-polizei-justiz-prozess-am-amtsgericht-tiergarten-rechte-straftaten-in-berlin-neukoelln-taeter-fuer-rudolf-hess-aufkleber-verurteilt-li.278382\">Am gleichen Tag<\/a> verurteilt ein AG in Berlin einen Rechtsextremisten, der im Sommer 2017 Rudolf-He\u00df-Aufkleber an Bushaltestellen und Verteilerk\u00e4sten angebracht hatte, zu einer Geldstrafe von 4.500 EUR. In Hamburg entdeckt ein Hausmeister <a href=\"https:\/\/www.spiegel.de\/panorama\/justiz\/hamburg-hunderte-hakenkreuz-schmierereien-an-zwei-schulen-a-797c039c-4261-40c8-adba-c66a5c0c693c\">am 22. Oktober<\/a> \u00fcber 100 Hakenkreuze und Nazi-Parolen an zwei Schulen. <a href=\"https:\/\/www.berliner-zeitung.de\/news\/razzia-in-berlin-ermittler-durchsuchen-privatwohnungen-nach-telegram-eklat-li.280285\">Am 25. Oktober<\/a> durchsucht die Polizei in Berlin die Wohnungen von f\u00fcnf Personen wegen des Verdachts der Volksverhetzung und weiterer Delikte. Sie hatten im Internet gewaltverherrlichende Texte und Bilder, unter anderem mit Corona-Bez\u00fcgen, ver\u00f6ffentlicht. <a href=\"https:\/\/www.abendzeitung-muenchen.de\/muenchen\/halbes-jahr-gefaengnis-urteil-im-prozess-um-neonazi-wahlplakate-in-muenchen-art-853437\">Am gleichen Tag<\/a> verurteilt das AG M\u00fcnchen (Bayern) zwei Mitglieder der rechtsextremen Kleinpartei \u201eDer III. Weg\u201c, die im September 2021 Plakate mit der Aufschrift \u201eH\u00e4ngt die Gr\u00fcnen\u201c verklebt hatten, wegen Volksverhetzung und Aufforderung zum Totschlag. Ein Angeklagter erh\u00e4lt eine Haftstrafe von sechs Monaten, der zweite eine Geldstrafe. In mehreren St\u00e4dten in Hessen durchsucht die Polizei <a href=\"https:\/\/www.faz.net\/aktuell\/gesellschaft\/kriminalitaet\/razzia-in-hessen-lka-warnt-vor-rechtsextremer-szene-18415104.html\">am 26. Oktober<\/a> die Wohnungen von 11 Personen der rechtsextremen Szene; ihnen wird Bedrohung, Volksverhetzung und die Verwendung verfassungsfeindlicher Organisationen vorgeworfen. Mobiltelefone, Tablets und verschiedene Waffen werden sichergestellt. <a href=\"https:\/\/www.sueddeutsche.de\/panorama\/kriminalitaet-weimar-schilder-an-gedenkstaette-buchenwald-mit-hakenkreuzen-bemalt-dpa.urn-newsml-dpa-com-20090101-221028-99-300180\">Am 27. Oktober<\/a> werden auf mehreren Schildern der Gedenkst\u00e4tte Buchenwald (Th\u00fcringen) rechtsextreme Schmierereien entdeckt. In Berlin werfen <a href=\"https:\/\/www.tagesspiegel.de\/berlin\/rassistischer-schriftzug-hinterlassen-staatsschutz-ermittelt-nach-brandattacke-auf-backerei-in-berlin-lichterfelde-8816851.html\">am 30. Oktober<\/a> Unbekannte die Scheiben eines Caf\u00e9s, legen Feuer und hinterlassen eines rechten Schriftzug.<\/p>\n<p><b>Abschiebungen:<\/b> Durch eine parlamentarische Anfrage der Links-Fraktion im Berliner Abgeordnetenhaus wird bekannt, dass aus der Stadt von <a href=\"https:\/\/www.tagesspiegel.de\/berlin\/moldau-bosnien-und-herzegowina-serbien-berlin-schiebt-wieder-mehr-asylbewerber-in-heimatlander-ab-8710816.html\">Januar bis August bisher 570 Menschen abgeschoben<\/a> wurden; \u00fcberwiegend in Balkanl\u00e4nder (Moldau: 169 \/ Bosnien\/Herzegowina: 118 \/ Serbien: 44 \/ Polen: 26 \/ Russland: 23). Durch Presseberichte wird <a href=\"https:\/\/www.sueddeutsche.de\/bayern\/passau-abschiebung-iran-protest-herrmann-1.5668517\">am gleichen Tag<\/a> bekannt, dass das Landratsamt in Passau (Bayern) Ende September einen Iraner mit falschen Behauptungen in das Amt gelockt hat, um ihn dort f\u00fcr die Abschiebung festnehmen zu lassen. Noch <a href=\"https:\/\/www.sueddeutsche.de\/bayern\/passau-abschiebung-iran-bayern-fluechtling-1.5669160\">am gleichen Abend<\/a> stoppt das bayerische Innenministerium die Abschiebung. <a href=\"https:\/\/www.sueddeutsche.de\/bayern\/iran-abschiebung-bayern-herrmann-faeser-1.5671066\">Am 7. Oktober<\/a> k\u00fcndigt Landesinnenminister Joachim Herrmann (CSU) an, Abschiebungen in den Iran vorerst auszusetzen. Nach weiteren Bundesl\u00e4ndern setzt <a href=\"https:\/\/www.morgenpost.de\/politik\/inland\/article236626401\/Mehrere-Bundeslaender-setzen-Abschiebungen-in-den-Iran-aus.html\">am 9. Oktober<\/a> auch NRW Abschiebungen in den Iran aus. <a href=\"https:\/\/www.tagesspiegel.de\/berlin\/innensenatorin-rechnet-mit-geheimdienstaktivitaten-berlin-verzichtet-vorerst-auf-abschiebungen-in-den-iran-8735047.html\">Am 10. Oktober<\/a> erkl\u00e4rt auch Berlin einen vorl\u00e4ufigen Abschiebestopp in den Iran. Das Verwaltungsgericht (VG) W\u00fcrzburg (Bayern) stoppt <a href=\"https:\/\/www.sueddeutsche.de\/bayern\/wuerzburg-fluechtling-osaivbie-ekogiawe-abschiebung-1.5676605\">am 17. Oktober<\/a> die geplante Abschiebung eines Nigerianers. Den Mann, der in Deutschland eine Schul- und eine Krankenpflegerausbildung machte, nennt selbst der W\u00fcrzburger CDU-Oberb\u00fcrgermeister ein \u201eBeispiel gelungener Integration\u201c.<\/p>\n<p><b>Corona-Proteste:<\/b> Ein AG in Frankfurt (Hessen) verurteilt einen <a href=\"https:\/\/www.faz.net\/aktuell\/gesellschaft\/kriminalitaet\/haftstrafe-fuer-maskenverweigerer-nach-schlaegen-im-bus-18362794.html\">Corona-Leugner<\/a>, der in einem Linienbus einen Mann, der ihn auf die Maskenpflicht aufmerksam gemacht hatte, ins Gesicht geschlagen und anschlie\u00dfend alarmierte Polizist*innen angegriffen hatte, zu einer Haftstrafe von 16 Monaten. <a href=\"https:\/\/www.tagesspiegel.de\/berlin\/drohbriefe-von-coronaleugnern-gegen-lehrkrafte-schulen-in-berlin-neukolln-werden-besonders-haufig-adressiert-8723749.html\">Am 6. Oktober<\/a> wird durch Presseberichte bekannt, dass bei 34 Schulen in neun Berliner Bezirken Drohschreiben eingegangen sind, in denen Lehrer*innen unter <a href=\"https:\/\/www.tagesspiegel.de\/berlin\/bezirke\/die-nasen-brechen-und-einen-aufschlitzen-34-berliner-schulen-erhalten-drohbriefe-von-corona-leugnern-8720593.html\">Androhung von Gewalt<\/a> davor gewarnt werden, Corona-Ma\u00dfnahmen wie Masken, L\u00fcften oder Testen umzusetzen. Durch Presseberichte wird <a href=\"https:\/\/www.morgenpost.de\/vermischtes\/article236657055\/corona-impfpflicht-bundeswehr-querdenker.html\">am 11. Oktober<\/a> bekannt, dass der Richter des Truppendienstgerichtes in Erfurt (Th\u00fcringen) die Corona-Impfpflicht f\u00fcr Soldat*innen der Bundeswehr Ende September ausgesetzt hat. Sie sei wegen erheblicher Gesundheitsgefahren unzumutbar und zudem wirkungslos (<a href=\"https:\/\/www.lto.de\/recht\/hintergruende\/h\/truppendienstgericht-soldaten-impfpflicht-bverwg\/\">Az: S 5 Blc 11\/22<\/a>). <a href=\"https:\/\/www.sueddeutsche.de\/panorama\/kriminalitaet-frankfurt-am-main-maskenverweigerer-verletzt-bahnmitarbeiter-dpa.urn-newsml-dpa-com-20090101-221027-99-283655\">Am 26. Oktober<\/a> machen zwei Bahnmitarbeiter*innen in einem Zug in Frankfurt\/M. (Hessen) einen Mann auf die Maskenpflicht aufmerksam; daraufhin greift er sie an und verletzt sie. Er wird von der BPol festgenommen.<\/p>\n<p>6. Oktober: <b>Tod nach Polizeieinsatz:<\/b> In einem <a href=\"https:\/\/www.morgenpost.de\/berlin\/article236612869\/Mann-stirbt-drei-Wochen-nach-Polizeieinsatz-in-Berlin.html\">Berliner Krankenhaus verstirbt ein Mann<\/a>, der Mitte September bei einem Polizeieinsatz kollabiert war und von einem Notarzt reanimiert werden werden musste. Da es sich bei dem Verstorbenen um einen psychisch kranken PoC handelt, wirft die Opferberatungsstelle Reachout der <a href=\"https:\/\/www.tagesspiegel.de\/berlin\/opferberatung-wirft-rassismus-und-brutalitat-vor-mann-stirbt-drei-wochen-nach-polizeieinsatz-in-berlin-8724220.html\">Polizei Rassismus<\/a> vor. Im Innenausschuss des Berliner Abgeordnetenhauses erkl\u00e4rt Polizeipr\u00e4sidentin Barbara Slowik <a href=\"https:\/\/www.tagesspiegel.de\/berlin\/tod-eines-schwarzen-psychiatriepatienten-berliner-polizeiprasidentin-sieht-keine-hinweise-auf-straftat-von-polizisten-8759881.html\">am 17. Oktober<\/a>, bisher l\u00e4gen noch keine zuverl\u00e4ssigen Ergebnisse zur Todesursache des Mannes vor; Hinweise auf <a href=\"https:\/\/www.morgenpost.de\/berlin\/polizeibericht\/article236688485\/Toter-nach-Polizeieinsatz-Kein-Hinweis-auf-Fremdverschulden.html\">ein Fremdverschulden gebe es jedoch nicht<\/a>. <a href=\"https:\/\/www.welt.de\/vermischtes\/article241667205\/Dortmund-Mann-stirbt-nach-Taser-Einsatz-der-Polizei.html\">Am 19. Oktober<\/a> setzt die Polizei in Dortmund (NRW) gegen einen Randalierer einen Elektro-Taser ein, der Mann kollabiert. Im Krankenhaus wird sein Tod festgestellt. Die Obduktion ergibt, dass der <a href=\"https:\/\/www.spiegel.de\/panorama\/justiz\/luebeck-ex-polizeigewerkschafter-zu-geldstrafe-verurteilt-a-13900ea9-20d9-489d-8ea8-e7b4bd6c1cbd\">Mann schwer herzkrank und alkoholisiert<\/a> war.<\/p>\n<p><b>Grenzkontrollen:<\/b> Bayerns Innenminister Joachim Herrmann (CSU) <a href=\"https:\/\/www.welt.de\/politik\/deutschland\/article241445085\/Migration-ueber-Westbalkan-Bayern-ordnet-deutlich-mehr-Schleierfahndungen-an.html\">ordnet eine verst\u00e4rkte Schleierfahndung des bayerischen Grenzschutzes<\/a> in den Gebieten zu Tschechien und \u00d6sterreich an, um irregul\u00e4re Grenz\u00fcbertritte von Fl\u00fcchtlingen zu verhindern. Am 7. Oktober nimmt der Grenzschutz die Arbeit hierzu auf.<\/p>\n<p>7. Oktober: <b>Rassistische Angriffe und Handlungen:<\/b> In einem Park in Berlin wird ein Mann von drei Unbekannten <a href=\"https:\/\/www.tagesspiegel.de\/berlin\/liveblog\/polizeimeldungen-aus-berlin-und-brandenburg-mann-in-moabit-rassistisch-beleidigt-und-geschlagen-8609494.html\">rassistisch beleidigt, geschlagen und mit einem Stein beworfen<\/a>. Als <a href=\"https:\/\/www.morgenpost.de\/berlin\/polizeibericht\/article236625931\/Adlershof-Rollcontainer-mit-Textilien-mit-brennen.html\">am 8. Oktober<\/a> ein Bangladeshi in Berlin aus einem Bus aussteigt, wird er von einem anderen Fahrgast geschubst, rassistisch beleidigt und mit der flachen Hand ins Gesicht geschlagen. Der T\u00e4ter kann wenig sp\u00e4ter in der N\u00e4he festgenommen werden. In Brandenburg\/Havel (Brandenburg) wird ein dunkelh\u00e4utiger Pizza-Auslieferer von einem Mitarbeiter des Johanniter-Unfalldienstes angegriffen, weil die Bestellung unvollst\u00e4ndig ausgeliefert wurde. Der Mann erleidet <a href=\"https:\/\/taz.de\/Angriff-auf-Fastfood-Lieferanten\/!5883867\">einen Armbruch<\/a>. Der Mitarbeiter wird bis zum Abschluss der polizeilichen Ermittlungen <a href=\"https:\/\/www.tagesspiegel.de\/potsdam\/brandenburg\/dunkelhautiger-lieferdienstfahrer-misshandelt-johanniter-sichern-opfer-unterstutzung-zu-8745472.html\">vom Dienst suspendiert<\/a>. In mehreren St\u00e4dten in Sachsen kommt es <a href=\"https:\/\/www.tagesspiegel.de\/politik\/hetze-gegen-ukrainer-bei-demos-in-sachsen-hier-in-dresden-konnten-wir-auch-einen-angriff-vertragen-8738950.html\">am 10. Oktober<\/a> zu Demonstrationen gegen ukrainische Kriegsfl\u00fcchtlinge mit teilweise um die 1.000 Teilnehmer*innen. <a href=\"https:\/\/www.tagesspiegel.de\/berlin\/verbaler-angriff-auf-rettungskraft-sanitaterin-in-berlin-neukolln-rassistisch-beleidigt-8785645.html\">Am 21. Oktober<\/a> wird in Berlin eine Rettungssanit\u00e4terin im Einsatz von einem Mann rassistisch beleidigt; die Polizei stellt seine Personalien fest. In M\u00fcnchen (Bayern) wird <a href=\"https:\/\/www.abendzeitung-muenchen.de\/muenchen\/stadtviertel\/rassistischer-vorfall-am-scheidplatz-mann-schlaegt-frau-ins-gesicht-art-854356\">am 25. Oktober<\/a> eine Westafrikanerin von einem Mann rassistisch beleidigt, geschlagen und getreten; er wird festgenommen.<\/p>\n<p><b>Rechtsradikale Polizist*innen:<\/b> Die StA Berlin teilt mit, dass sie gegen einen Beamten der Gefangenensammelstelle der Berliner Polizei ermittelt, der seit etwa<a href=\"https:\/\/www.tagesspiegel.de\/berlin\/rassismus-verdacht-staatsanwaltschaft-ermittelt-wegen-rassistischer-beleidigungen-innerhalb-der-berliner-polizei-8726572.html\"> zwei Jahren Kolleg*innen rassistisch beleidigen<\/a> soll; sechs Vorf\u00e4lle seien bisher bekannt. <a href=\"https:\/\/www.berlin.de\/sen\/inneres\/presse\/weitere-informationen\/artikel.1252150.php\">Am gleichen Tag<\/a> stellt die Senatsinnenverwaltung eine 2021 in Auftrag gegebene Studie vor. Darin berichten migrantische Jugendliche \u00fcber h\u00e4ufige Personenkontrollen. Auch w\u00fcrden Migrant*innen bei Anzeigenerstattungen h\u00e4ufig unsensibel behandelt und weniger Ernst genommen. Ein Racial Profiling bei der Berliner Polizei erkennt die Studie jedoch nicht; die <a href=\"https:\/\/www.berliner-zeitung.de\/mensch-metropole\/rassismus-diskriminierung-racial-profiling-studie-vorgestellt-wie-rassistisch-sind-die-berliner-polizisten-li.274459\">Rassismusfrage bleibt unbeantwortet<\/a>. <a href=\"https:\/\/www.tagesspiegel.de\/berlin\/nach-kommentaren-in-polizei-chatgruppe-durchsuchung-bei-berliner-polizist-wegen-anfangsverdachts-der-volksverhetzung-8772499.html\">Am 18. Oktober<\/a> durchsucht die Berliner Polizei die Dienstelle eines Kollegen, der sich in einer polizeilichen Chatgruppe rechtsradikal ge\u00e4u\u00dfert hatte. Von StA und Polizei wird gegen ihn wegen Verdacht auf Volksverhetzung ermittelt; zudem werden weitere dienstrechtliche Schritte gepr\u00fcft.<\/p>\n<p><b>Rechtsextremer Mordanschlag:<\/b> Vor dem Untersuchungsausschuss des hessischen Landtages zum Mordanschlag auf den Kasseler Regierungspr\u00e4sidenten Walter L\u00fcbcke (CDU) im Juni 2019 sagt der <a href=\"https:\/\/www.fr.de\/rhein-main\/landespolitik\/hessen-den-namen-des-luebcke-moerders-nie-gehoert-91836600.html\">fr\u00fchere Pr\u00e4sident des Landesamtes f\u00fcr Verfassungsschutz (LfV), Roland Desch<\/a>, als Zeuge aus. Er kann sich nicht daran erinnern, dass der Name des sp\u00e4teren M\u00f6rders w\u00e4hrend seiner Amtszeit \u00fcberhaupt gefallen ist.<\/p>\n<p>8. Oktober: <b>Alternative f\u00fcr Deutschland (AfD): <\/b>Rund 10.000 Teilnehmer*innen (https:\/\/www.tagesspiegel.de\/berlin\/liveblog\/pressevertreter-attackiert-angriffe-auf-mehrere-journalisten-8727343.html) beteiligen sich in Berlin an einer <a href=\"https:\/\/www.tagesspiegel.de\/berlin\/liveblog\/pressevertreter-attackiert-angriffe-auf-mehrere-journalisten-8727343.html\">AfD-Demonstration gegen die Energiepolitik der Bundesregierung<\/a> und die Sanktionspolitik gegen Russland. Es kommt zu Angriffen auf Pressevertreter*innen und <a href=\"https:\/\/www.berliner-zeitung.de\/news\/afd-demo-in-berlin-hitlergruesse-und-angriffe-auf-journalisten-li.274941\">auch Rechtsextremist*innen<\/a> nehmen an der Demonstration teil. An einer Gegendemonstration beteiligen sich etwa 1.400 Personen. Auf beiden Demonstrationen kommt es zu<a href=\"https:\/\/www.tagesspiegel.de\/berlin\/liveblog\/pressevertreter-attackiert-angriffe-auf-mehrere-journalisten-8727343.html\"> insgesamt 24 Festnahmen, gegen 18 Personen werden Ermittlungsverfahren<\/a> eingeleitet. <a href=\"https:\/\/www.tagesspiegel.de\/berlin\/justizsenatorin-scheitert-vor-gericht-fruhere-afd-abgeordnete-darf-richterin-in-berlin-bleiben-8747737.html\">Am 13. Oktober<\/a> scheitert die Berliner Justizverwaltung vor dem Richterdienstgericht damit, eine Richterin, die vier Jahre als AfD-Bundestabgeordnete gearbeitet hatte, in den vorzeitigen Ruhestand zu versetzen. Die Frau muss wieder als Richterin zugelassen werden. Das Urteil ist noch nicht rechtskr\u00e4ftig, die Verwaltung kann in Berufung gehen. Durch Presseberichte wird <a href=\"https:\/\/www.morgenpost.de\/berlin\/article236661259\/Pose-auf-Holocaust-Mahnmal-Ermittlungen-gegen-AfD-Politiker.html\">am 14. Oktober<\/a> bekannt, dass die Berliner Polizei gegen einen th\u00fcringischen AfD-Politiker Ermittlungen wegen St\u00f6rung der Totenruhe und der Verunglimpfung des Andenkens Verstorbener eingeleitet hat. Der Mann war am 8. Oktober am Rande einer AfD-Demonstration auf das Holocaust-Denkmal geklettert und hatte sich dort mit ausgebreiteten Armen fotografieren lassen. Auf ihrem Bundeskongress in Apolda (Th\u00fcringen) w\u00e4hlt <a href=\"https:\/\/www.faz.net\/aktuell\/politik\/inland\/gnauck-neuer-bundesvorsitzender-von-afd-jugendorganisation-18390130.html\">die AfD-Jugendorganisation \u201eJunge Alternative\u201c (JA) den Bundestagsabgeordneten und ehemaligen Zeitsoldaten Hannes Gnauck zu ihren neuen Bundesvorsitzenden<\/a>. Gnauck wurde vom Milit\u00e4rischen Abschirmdienst (MAD) als Extremist eingestuft; die JA wird vom Verfassungsschutz (VfS) als Verdachtsfall eingestuft. <a href=\"https:\/\/www.welt.de\/politik\/deutschland\/article241785865\/Gericht-untersagt-Verfassungsschutz-in-Bayern-heimliches-Ausforschen-der-AfD.html\">Am 25. Oktober<\/a> entscheidet das VG M\u00fcnchen (Bayern), dass das LfV den bayerischen AfD-Landesverband bis auf Weiteres nicht mehr mit nachrichtendienstlichen Mitteln beobachten darf. Au\u00dferdem ist es ihm vorl\u00e4ufig untersagt, \u201e\u00d6ffentlichkeitsarbeit hinsichtlich m\u00f6glicher verfassungsfeindlicher Bestrebungen der Partei zu betreiben\u201c. Der Beschluss gilt bis zu einem endg\u00fcltigen Urteil. <a href=\"https:\/\/www.mdr.de\/nachrichten\/sachsen\/bautzen\/bautzen-hoyerswerda-kamenz\/brandanschlag-spreehotel-asylunterkunft-100.html\">Am gleichen Tag<\/a> demonstriert in Bautzen (Sachsen) die AfD vor einem ehemaligen Hotel gegen dessen Umwidmung zu einer Fl\u00fcchtlingsunterkunft. Etwa 50 Personen beteiligen sich <a href=\"https:\/\/www.tagesspiegel.de\/berlin\/protest-gegen-rechte-kampagne-afd-demonstriert-in-berlin-gegen-queere-kita--mehr-als-300-menschen-stellen-sich-ihr-entgegen-8813059.html\">am 29. Oktober<\/a> in Berlin an einer AfD-Demonstration gegen eine geplante Kindertagesst\u00e4tte der Berliner Schwulenberatung. Rund 300 Menschen demonstrieren dagegen.<\/p>\n<p>9. Oktober: <b>Polizeisch\u00fcsse:<\/b> In Berkheim (Baden-W\u00fcrttemberg) bedroht ein Betrunkener zun\u00e4chst eine Kollegin und sp\u00e4ter zwei weitere Personen, die ihn daran hindern wollen mit seinem Auto zu fahren, mit einem Messer. Als Polizist*innen eintreffen und er sie angreift, <a href=\"https:\/\/www.sueddeutsche.de\/panorama\/kriminalitaet-berkheim-mann-greift-polizisten-an-beamte-schiessen-ihm-ins-bein-dpa.urn-newsml-dpa-com-20090101-221012-99-104069\">schie\u00dft ihm ein Beamter in den Oberschenkel<\/a>. In Ludwigshafen (Rheinland-Pfalz) ersticht ein Mann zwei Menschen und verletzt auf seiner Flucht einen weiteren schwer. Eine Polizeistreife nimmt die Verfolgung auf; bei <a href=\"https:\/\/www.faz.net\/aktuell\/gesellschaft\/kriminalitaet\/zwei-tote-bei-messerangriff-in-ludwigshafen-taeter-angeschossen-18395543.html\">seiner Festnahme wird der T\u00e4ter angeschossen und schwer verletzt<\/a>. Drei Sch\u00fcsse treffen den Mann in die <a href=\"https:\/\/www.swr.de\/swraktuell\/rheinland-pfalz\/ludwigshafen\/obduktion-nach-messerangriff-ludwigshafen-100.html\">Beine und ins Ges\u00e4\u00df<\/a>. <a href=\"https:\/\/www.tagesspiegel.de\/berlin\/liveblog\/polizeimeldungen-aus-berlin-und-brandenburg-schlichtende-polizistin-bei-schlagerei-in-frankfurt-oder-verletzt--beamter-gibt-warnschuss-ab-8609494.html\">Am 26. Oktober<\/a> kommt es in Frankfurt\/O. (Brandenburg) zu einem Streit zwischen einem Mann und einem Jugendlichen, der dabei mit einem Messer verletzt wird. Als er ins Krankenhaus gebracht werden soll, erscheinen weitere Personen und es kommt erneut zu einer Schl\u00e4gerei, bei der eine Polizistin leicht verletzt wird; ihr Kollege gibt einen Warnschuss ab.<\/p>\n<p>10. Oktober: <b>Bundesnachrichtendienst (BND):<\/b> Durch eine Studie der Unabh\u00e4ngigen Historikerkommission zur Erforschung der Geschichte des BND wird bekannt, dass der <a href=\"https:\/\/www.tagesschau.de\/inland\/bnd-nazi-vergangenheit-101.html\">Auslandsgeheimdienst bis in 1960er Jahre gezielt NS-Verbrecher als Mitarbeiter angeworben<\/a> hat.<\/p>\n<p><b>Rechtsextremistische und rassistische Angriffe auf Fl\u00fcchtlinge und Fl\u00fcchtlingsheime:<\/b> In Apolda (Th\u00fcringen) wird ein <a href=\"https:\/\/www.spiegel.de\/politik\/deutschland\/apolda-feuerwehr-verhindert-anschlag-auf-unterkunft-fuer-ukrainische-gefluechtete-a-4d32aa65-d30c-4650-8bee-e489d1d81301\">Anschlag auf eine Unterkunft f\u00fcr Ukrainer*innen<\/a> von der Feuerwehr verhindert. Ein Unbekannter hatte in unmittelbarer N\u00e4he der Unterkunft eine ge\u00f6ffnete Gasflasche deponiert; bei den L\u00f6scharbeiten wird ein Feuerwehrmann leicht verletzt. In der <a href=\"https:\/\/www.faz.net\/aktuell\/gesellschaft\/kriminalitaet\/mecklenburg-vorpommern-fluechtlingsunterkunft-abgebrannt-18399832.html\">Nacht des 19. Oktober<\/a> brennt in Gro\u00df Str\u00f6mkendorf (Mecklenburg-Vorpommern) eine Unterkunft f\u00fcr Ukraine-Fl\u00fcchtlinge nahezu vollst\u00e4ndig ab, verletzt wird niemand. Da am gleichen Tag bereits Hakenkreuz-Schmierereien an dem Geb\u00e4ude entdeckt wurden, geht die Polizei von Brandstiftung aus. <a href=\"https:\/\/www.mdr.de\/nachrichten\/thueringen\/nord-thueringen\/eichsfeld\/fluechtlinge-halle-aufnahmestopp-100.html\">Am 24. Oktober<\/a> wird durch Presseberichte bekannt, dass der Landkreis Eichsfeld die Anmietung einer Unterkunft f\u00fcr 150 ukrainische Kriegsfl\u00fcchtlinge in Leinefelde (Th\u00fcringen) r\u00fcckg\u00e4ngig gemacht hat, da deren Sicherheit nicht gew\u00e4hrleistet sei. Grund sind Drohungen im Internet sowohl gegen den Vermieter wie Mitarbeiter des Landkreises. Auf eine geplante Fl\u00fcchtlingsunterkunft in Bautzen (Sachsen) wird <a href=\"https:\/\/www.spiegel.de\/panorama\/justiz\/bautzen-in-sachsen-schwerer-brand-in-geplanter-fluechtlingsunterkunft-wenige-tage-vor-eroeffnung-a-8ed87547-5ba7-493a-94c5-7b008907f36a\">am 28. Oktober<\/a> ein Brandanschlag ver\u00fcbt; vier Personen, die sich im Geb\u00e4ude aufhielten um es vorzubereiten bleiben unverletzt.<a href=\"https:\/\/www.sueddeutsche.de\/panorama\/kriminalitaet-rostock-haus-mit-fluechtlingswohnungen-mit-hakenkreuzen-beschmiert-dpa.urn-newsml-dpa-com-20090101-221030-99-318128\"> Am 29. Oktober<\/a> beschmieren Unbekannte ein Mehrfamilienhaus in Rostock (Mecklenburg-Vorpommern), in dem Fl\u00fcchtlinge untergebracht sind, mit Hakenkreuzen. In Neukieritzsch (Sachsen) werfen <a href=\"https:\/\/www.faz.net\/aktuell\/politik\/inland\/sachsen-pyrotechnik-auf-fluechtlingsheimgelaende-geworfen-18426869.html\">am 30. Oktober<\/a> Unbekannte Pytotechnik auf das Gel\u00e4nde eines Fl\u00fcchtlingsheimes, verletzt wird niemand.<\/p>\n<p>13. Oktober: <b>\u201eReichsb\u00fcrger\u201c:<\/b> In Sachsen nimmt die Polizei die <a href=\"https:\/\/www.welt.de\/politik\/deutschland\/article241574091\/Karl-Lauterbach-Raedelsfuehrerin-von-Gruppe-mit-Entfuehrungsplaenen-festgenommen.html\">mutma\u00dfliche Anf\u00fchrerin einer militanten \u201eReichsb\u00fcrger\u201c-Gruppierung<\/a> fest. Die Gruppe soll eine Entf\u00fchrung von Bundesgesundheitsminister Karl Lauterbach (SPD) und die Zerst\u00f6rung von Einrichtungen der Stromversorgung als Auftakt eines Staatsstreichs geplant haben. Der GBA ermittelt gegen die Frau und vier, im April festgenommene, Mitbeschuldigte wegen <a href=\"https:\/\/www.spiegel.de\/politik\/deutschland\/karl-lauterbach-raedelsfuehrerin-von-gruppe-mit-plan-fuer-entfuehrung-des-gesundheitsministers-festgenommen-a-fe029610-a97f-4873-a24f-561d2608b485\">Vorbereitung eines hochverr\u00e4terischen Unternehmens<\/a>.<\/p>\n<p>\u201e<b>Identit\u00e4re Bewegung\u201c:<\/b> Das VG K\u00f6ln (NRW) lehnt eine Klage der <a href=\"https:\/\/www.spiegel.de\/politik\/deutschland\/rechtsextreme-identitaere-bewegung-darf-weiter-beobachtet-werden-a-4296a0d5-e3b9-4b93-9289-fdca534254a9\">\u201eIdentit\u00e4ren Bewegung\u201c<\/a> gegen ihre Einstufung als rechtsextrem und die Beobachtung durch das Bundesamt f\u00fcr Verfassungsschutz (BfV) ab. Seit 2019 ist die \u201eIdentit\u00e4re Bewegung\u201c Beobachtungsobjekt.<\/p>\n<p><b>Ermittlungen gegen Politiker*innen:<\/b> Im Rahmen von Ermittlungen gegen den <a href=\"https:\/\/www.faz.net\/aktuell\/politik\/inland\/staatsanwaltschaft-ermittelt-gegen-thueringens-cdu-landeschef-voigt-18386133.html\">CDU-Landesvorsitzenden wegen des Verdachts der Bestechlichkeit<\/a> l\u00e4sst die StA Erfurt (Th\u00fcringen) mehrere seiner R\u00e4ume durchsuchen.<\/p>\n<p>14. Oktober: <b>Rechtsextremistischer Mordanschlag in Hanau:<\/b> Vor dem <a href=\"https:\/\/www.fr.de\/rhein-main\/schlampige-ermittlungen-91854487.html\">Untersuchungsausschuss des hessischen Landtags zum Anschlag vom Februar 2020 sagt ein StA als Zeuge<\/a> aus, die Situation am Tatort sei polizeilich sehr nachl\u00e4ssig dokumentiert worden; ein vollst\u00e4ndiger Lagebericht etwa sei nie vorgelegt worden. <a href=\"https:\/\/www.fr.de\/rhein-main\/hanau-attentaeter-vater-aengstigt-hinterbliebene-91862066.html\">Am 20. Oktober<\/a> wird durch Presseberichte bekannt, dass der Vater des Attent\u00e4ters mehrfach mit seinem Sch\u00e4ferhund vor dem Haus der Mutter eines der Mordopfer aufgetaucht ist und sie eingesch\u00fcchtert hat. <a href=\"https:\/\/www.spiegel.de\/panorama\/vater-des-hanau-attentaeters-soll-opfer-angehoerige-bedroht-haben-a-d16d7b11-e392-4c21-a911-e6017163c383\">Am 18. Oktober<\/a> erteilt die StA ein Ann\u00e4herungsverbot und leitet Ermittlungen ein.<\/p>\n<p>15. Oktober: <b>Racial Profiling:<\/b> Einem<a href=\"https:\/\/www.fr.de\/frankfurt\/flughafen-frankfurt-afrikanischer-funktionaer-wirft-polizei-rassismus-vor-zr-91854088.html\"> hochrangigen Funktion\u00e4r einer afrikanischen Gesundheitsorganisation<\/a> wird bei seiner Einreise auf dem Flughafen Frankfurt\/M. (Hessen) von kontrollierenden BPol-Beamt*innen unterstellt, er wolle illegal in Europa bleiben. Der Mann bricht seine Weiterreise zum Weltgesundheitsgipfel in Berlin ab und reist zur\u00fcck. <a href=\"https:\/\/www.lto.de\/recht\/nachrichten\/n\/egmr-21519-deutschland-hat-vorwurf-racial-profiling-nicht-genug-untersucht-polizeikontrolle\/\">Am 18. Oktober<\/a> kritisiert der Europ\u00e4ische Gerichtshof f\u00fcr Menschenrechte (EGMR) Deutschlands Umgang mit polizeilichem Racial Profiling (Beschwerde-Nr: 215\/19). In Berlin haben sich seit September 2020 insgesamt 68 Menschen \u00fcber Racial Profiling durch Beamt*innen der Polizei beschwert. Dies teilt die Justizsenatorin <a href=\"https:\/\/www.morgenpost.de\/berlin\/article236718891\/Fast-70-Rassismus-Beschwerden-gegen-die-Berliner-Polizei.html\">am 19. Oktober<\/a> im Rechtsausschuss des Abgeordnetenhauses mit. Mindestens 109 Menschen h\u00e4tten diskriminierendes Verhalten durch Beamt*innen der Polizei mitgeteilt.<\/p>\n<p>18. Oktober: <b>Bundesamt f\u00fcr Sicherheit in der Informationstechnik (BSI):<\/b> Bundesinnenministerin Nancy Faeser (SPD) beruft den <a href=\"https:\/\/www.faz.net\/aktuell\/politik\/inland\/bsi-praesident-arne-schoenbohm-von-nancy-faeser-freigestellt-18395575.html\">BSI-Pr\u00e4sidenten Arne Sch\u00f6nbohm wegen \u201em\u00f6glicherweise mangelnder Distanz zu russischen Geheimdienstkreisen\u201c<\/a> von seinem Amt ab.<\/p>\n<p>19. Oktober: <b>Prozess gegen Polizeigewerkschafter:<\/b> Durch Presseberichte wird bekannt, dass das LG L\u00fcbeck (Schleswig-Holstein) einen ehemaligen Gewerkschafter der <a href=\"https:\/\/www.spiegel.de\/panorama\/justiz\/luebeck-ex-polizeigewerkschafter-zu-geldstrafe-verurteilt-a-13900ea9-20d9-489d-8ea8-e7b4bd6c1cbd\">rechtskonservativen Deutschen Polizeigewerkschaft (DPolG) wegen Weitergabe von Dienst- und Privatgeheimnissen<\/a> an einen Journalisten zu einer Geldstrafe von 13.200 EUR verurteilt hat.<\/p>\n<p>24. Oktober: <b>Polizeilicher Todesschuss:<\/b> In Z\u00fclpich (NRW) wird die Polizei zu einem Einbruchsversuch alarmiert. Als die Beamt*innen eintreffen, greift der Mann die Beamtin einem Messer an. Ihr<a href=\"https:\/\/www.ksta.de\/region\/euskirchen-eifel\/zuelpich\/nach-mutmasslichem-messerangriff-polizist-erschiesst-randalierer-in-zuelpich-39998914\"> Kollege schie\u00dft daraufhin<\/a> auf ihn und trifft ihn in den Kopf; der <a href=\"https:\/\/www.sueddeutsche.de\/panorama\/kriminalitaet-zuelpich-vor-toedlichem-polizeischuss-randalierer-bedrohte-beamtin-dpa.urn-newsml-dpa-com-20090101-221026-99-268206\">Mann stirbt noch vor Ort.<\/a><\/p>\n<p><b>Rechtsextremistische Terrorgruppe \u201eNationalsozialistischer Untergrund (NSU):<\/b> Das Bundesverfassungsgericht (BVerfG) weist eine Verfassungsbeschwerde der NSU-Terroristin Beate Zsch\u00e4pe ab. <a href=\"https:\/\/www.sueddeutsche.de\/politik\/nsu-beate-zschaepe-bgh-1.5680467\">Zsch\u00e4pe wollte damit ein neues Verfahren des Bundesgerichtshofs (BGH) erzwingen<\/a>. Vor dem NSU-Untersuchungsausschuss des bayerischen Landtages sagt <a href=\"https:\/\/www.sueddeutsche.de\/bayern\/bayern-nsu-landtag-untersuchungsausschuss-1.5680801\">am gleichen Tag<\/a> ein Opfer des NSU aus. Der Mann berichtet, nach einem misslungenen Anschlag in N\u00fcrnberg 1999, sei er bei den damaligen Ermittlungen anf\u00e4nglich selbst als Verd\u00e4chtiger behandelt worden. <a href=\"https:\/\/www.faz.net\/aktuell\/politik\/inland\/zdf-magazin-royale-jan-boehmermann-veroeffentlicht-angebliche-nsu-akten-18422744.html\">Am 28. Oktober<\/a> ver\u00f6ffentlichen der Fernseh-Moderator Jan B\u00f6hmermann und die Internet-Plattform \u201eFrag den Staat\u201c Akten des hessischen LfV zu den Morden des NSU, die urspr\u00fcnglich geheim bleiben sollten. <a href=\"https:\/\/www.sueddeutsche.de\/politik\/nsu-strafanzeige-landesamt-fuer-verfassungsschutz-hessen-zdf-magazin-royale-boehmermann-1.5684867\">Am 31. Oktober<\/a> erstattet das LfV daraufhin Strafanzeige gegen Unbekannt wegen der unrechtm\u00e4\u00dfigen Weitergabe von als Verschlusssachen eingestuften Dokumenten.<\/p>\n<p><b>Rechtsextremismus bei der Bundeswehr:<\/b> Das OLG Stuttgart (Hessen) verurteilt zwei ehemalige Bundeswehrsoldaten zu 18 und 14 Monaten Haft zur zweij\u00e4hrigen Bew\u00e4hrung. Die M\u00e4nner hatten versucht, aus aktiven und fr\u00fcheren Bundeswehrsoldaten eine <a href=\"https:\/\/www.spiegel.de\/politik\/deutschland\/stuttgart-zwei-ex-bundeswehrsoldaten-fuer-plaene-zum-aufbau-einer-soeldnertruppe-im-jemen-verurteilt-a-f135df36-fab7-4513-85ac-014df35bf4f4\">150 Mann starke S\u00f6ldnertruppe f\u00fcr den B\u00fcrgerkrieg im Jemen<\/a> zu gr\u00fcnden.<\/p>\n<h3>Beitragsbild: Screenshot aus dem neu erschienenen Film <a href=\"https:\/\/twitter.com\/Buck_is_onfire\/status\/1581318379826094081\">&#8222;49 Problems&#8220; von Maxi Buck<\/a>.<\/h3>\n","protected":false},"excerpt":{"rendered":"<p>zusammengestellt von Otto Diederichs 1. Oktober: Umweltproteste: Bis September des Jahres hat die Berliner Staatsanwaltschaft<\/p>\n","protected":false},"author":2,"featured_media":20325,"comment_status":"open","ping_status":"open","sticky":false,"template":"","format":"standard","meta":{"footnotes":""},"categories":[6],"tags":[667,820,1094,1186,1195],"class_list":["post-20322","post","type-post","status-publish","format-standard","has-post-thumbnail","hentry","category-chronologien","tag-geheimdienste","tag-justiz","tag-polizei","tag-rassismus","tag-rechtsextremismus"],"_links":{"self":[{"href":"https:\/\/wp-dev.daten.cool\/index.php?rest_route=\/wp\/v2\/posts\/20322","targetHints":{"allow":["GET"]}}],"collection":[{"href":"https:\/\/wp-dev.daten.cool\/index.php?rest_route=\/wp\/v2\/posts"}],"about":[{"href":"https:\/\/wp-dev.daten.cool\/index.php?rest_route=\/wp\/v2\/types\/post"}],"author":[{"embeddable":true,"href":"https:\/\/wp-dev.daten.cool\/index.php?rest_route=\/wp\/v2\/users\/2"}],"replies":[{"embeddable":true,"href":"https:\/\/wp-dev.daten.cool\/index.php?rest_route=%2Fwp%2Fv2%2Fcomments&post=20322"}],"version-history":[{"count":0,"href":"https:\/\/wp-dev.daten.cool\/index.php?rest_route=\/wp\/v2\/posts\/20322\/revisions"}],"wp:featuredmedia":[{"embeddable":true,"href":"https:\/\/wp-dev.daten.cool\/index.php?rest_route=\/wp\/v2\/media\/20325"}],"wp:attachment":[{"href":"https:\/\/wp-dev.daten.cool\/index.php?rest_route=%2Fwp%2Fv2%2Fmedia&parent=20322"}],"wp:term":[{"taxonomy":"category","embeddable":true,"href":"https:\/\/wp-dev.daten.cool\/index.php?rest_route=%2Fwp%2Fv2%2Fcategories&post=20322"},{"taxonomy":"post_tag","embeddable":true,"href":"https:\/\/wp-dev.daten.cool\/index.php?rest_route=%2Fwp%2Fv2%2Ftags&post=20322"}],"curies":[{"name":"wp","href":"https:\/\/api.w.org\/{rel}","templated":true}]}}