{"id":20331,"date":"2022-11-03T15:05:46","date_gmt":"2022-11-03T15:05:46","guid":{"rendered":"https:\/\/www.cilip.de\/?p=20331"},"modified":"2022-11-03T15:05:46","modified_gmt":"2022-11-03T15:05:46","slug":"us-regierung-will-europaeische-biometriedaten","status":"publish","type":"post","link":"https:\/\/wp-dev.daten.cool\/?p=20331","title":{"rendered":"US-Regierung will europ\u00e4ische Biometriedaten"},"content":{"rendered":"<p>Die Einreise im Programm f\u00fcr visumfreies Reisen (Visa Waiver Program \u2013 VWP) in die USA wird an eine neue Vorschrift gekoppelt. Mit einer Verst\u00e4rkten Partnerschaft f\u00fcr Grenzsicherheit (Enhanced Border Security Partnership \u2013 EBSP) fordert das US-Heimatschutzministerium von den teilnehmenden 40 L\u00e4ndern den Zugriff auf dort gespeicherte biometrische Daten.<a href=\"#_ftn1\" name=\"_ftnref1\">[1]<\/a> Diese sollen zur verbesserten Grenzkontrolle sowie zur Strafverfolgung genutzt werden k\u00f6nnen. Beim Grenz\u00fcbertritt erfolgt dann eine au\u00adtomatisierte Abfrage, ob die Person in den VWP-Staaten in polizeilichen oder migrationsbezogenen Datenbanken gelistet ist. Im Falle eines Treffers sollen die US-Beamt*innen die Datens\u00e4tze dann selbst im Pull-Verfahren abrufen d\u00fcrfen. In der Diskussion ist zudem der Zugang zu Daten aus nationalen Einwohnermelde\u00e4mtern.<!--more--><\/p>\n<p>Ab 2027 wird die Teilnahme an dem neuen Biometrie-Programm verpflichtend. Mindestens f\u00fcnf Regierungen, darunter drei EU-Staaten, sollen der neuen Regelung angeblich schon zugestimmt haben. 2006 hatte die Regierung in Washington bereits vorgeschrieben, im VWP biometrische Reisep\u00e4sse zu benutzen. 2008 f\u00fchrten US-Beh\u00f6rden ein zus\u00e4tzliches System zur Voranmeldung des Grenz\u00fcbertrittes ein.<\/p>\n<p>In Br\u00fcssel wird nun diskutiert, welche Rolle die EU-Kommission und der Rat, in dem sich die 27 Mitgliedstaaten zusammenschlie\u00dfen, im Rahmen des EBSP spielen sollen. Es handelt sich zwar jeweils um bilaterale Abkommen unter einzelnen Regierungen, zweifellos ist aber das EU-US-Visa-Regime und das europ\u00e4ische Datenschutzrecht davon betroffen. Aus diesem Grund hatte die franz\u00f6sische Ratspr\u00e4sidentschaft im Schnellverfahren durchgesetzt, der US-Regierung im Namen aller EU-Mitglieder zu antworten. Nach einem Schreiben an den US-Botschafter bei der EU hat Frankreich dazu Ende M\u00e4rz in einem \u201etechnischen Treffen\u201c direkte Gespr\u00e4che gef\u00fchrt. Die Ergebnisse wurden in den beiden Ratsarbeitsgruppen \u201eVisa\u201c und \u201eInformationsaustausch\u201c beraten.<\/p>\n<h6><a href=\"#_ftnref1\" name=\"_ftn1\">[1]<\/a> \u00a0 F\u00fcnf Staaten geben Forderung der US-Regierung nach, EU-Abgeordnete sprechen von \u201eErpressung\u201c, netzpolitik.org v. 11.7.2022<\/h6>\n","protected":false},"excerpt":{"rendered":"<p>Die Einreise im Programm f\u00fcr visumfreies Reisen (Visa Waiver Program \u2013 VWP) in die USA<\/p>\n","protected":false},"author":3,"featured_media":0,"comment_status":"open","ping_status":"open","sticky":false,"template":"","format":"standard","meta":{"footnotes":""},"categories":[134,145],"tags":[],"class_list":["post-20331","post","type-post","status-publish","format-standard","hentry","category-cilip-130","category-meldungen-europa"],"_links":{"self":[{"href":"https:\/\/wp-dev.daten.cool\/index.php?rest_route=\/wp\/v2\/posts\/20331","targetHints":{"allow":["GET"]}}],"collection":[{"href":"https:\/\/wp-dev.daten.cool\/index.php?rest_route=\/wp\/v2\/posts"}],"about":[{"href":"https:\/\/wp-dev.daten.cool\/index.php?rest_route=\/wp\/v2\/types\/post"}],"author":[{"embeddable":true,"href":"https:\/\/wp-dev.daten.cool\/index.php?rest_route=\/wp\/v2\/users\/3"}],"replies":[{"embeddable":true,"href":"https:\/\/wp-dev.daten.cool\/index.php?rest_route=%2Fwp%2Fv2%2Fcomments&post=20331"}],"version-history":[{"count":0,"href":"https:\/\/wp-dev.daten.cool\/index.php?rest_route=\/wp\/v2\/posts\/20331\/revisions"}],"wp:attachment":[{"href":"https:\/\/wp-dev.daten.cool\/index.php?rest_route=%2Fwp%2Fv2%2Fmedia&parent=20331"}],"wp:term":[{"taxonomy":"category","embeddable":true,"href":"https:\/\/wp-dev.daten.cool\/index.php?rest_route=%2Fwp%2Fv2%2Fcategories&post=20331"},{"taxonomy":"post_tag","embeddable":true,"href":"https:\/\/wp-dev.daten.cool\/index.php?rest_route=%2Fwp%2Fv2%2Ftags&post=20331"}],"curies":[{"name":"wp","href":"https:\/\/api.w.org\/{rel}","templated":true}]}}