{"id":20337,"date":"2022-11-03T15:08:33","date_gmt":"2022-11-03T15:08:33","guid":{"rendered":"https:\/\/www.cilip.de\/?p=20337"},"modified":"2022-11-03T15:08:33","modified_gmt":"2022-11-03T15:08:33","slug":"eu-datenschuetzer-bringt-europol-befugnis-vor-gericht","status":"publish","type":"post","link":"https:\/\/wp-dev.daten.cool\/?p=20337","title":{"rendered":"EU-Datensch\u00fctzer bringt Europol-Befugnis vor Gericht"},"content":{"rendered":"<p>Am 16. September 2022 ging der seit Monaten andauernde Konflikt um die Massendatenverarbeitung durch Europol in die n\u00e4chste Runde. Der Europ\u00e4ische Datenschutzbeauftragte (EDPS) schaltete den Europ\u00e4ischen Gerichtshof (EuGH) ein und beantragte, zwei Bestimmungen der ge\u00e4nderten Europol-Verordnung f\u00fcr nichtig zu erkl\u00e4ren, die am 28. Juni des Jahres in Kraft getreten war.<a href=\"#_ftn1\" name=\"_ftnref1\">[1]<\/a> Die beiden Bestimmungen, die durch Verordnung (EU) 2022\/991 eingef\u00fcgten Artikel 74a und 74b, legalisieren r\u00fcckwirkend die Verarbeitung von Daten zu Personen, ohne dass diese in Verbindung zu Straftaten stehen. Am 3. Januar 2022 hatte der EDPS angeordnet, Massendatendatens\u00e4tze, die Europol u.\u00a0a. im Rahmen der Encrochat-Verfahren aus den Mitgliedstaaten erhalten hatte, bis sp\u00e4testens Anfang Januar 2023 zu l\u00f6schen, nachdem die Sechs-Monats-Frist verstrichen war, welche die alte Verordnung Europol einger\u00e4umt hatte, um angelieferte Daten zu pr\u00fcfen und Informationen zu Unbeteiligten, Opfern, Zeug*innen oder Kontaktpersonen herauszufiltern. Gem\u00e4\u00df der ge\u00e4nderten Verordnung kann Europol entsprechende Daten nun entgegen der Anordnung des EDPS weiterverarbeiten.<!--more--><\/p>\n<p>In seinem Antrag an den EuGH erl\u00e4utert der EDPS, dass das Europ\u00e4ische Parlament und der Rat durch die r\u00fcckwirkende Legalisierung einen gef\u00e4hrlichen Pr\u00e4zedenzfall geschaffen haben, da sie betroffene Personen der Garantien berauben, die der EDPS als Aufsichtsbeh\u00f6rde durchsetzen soll. Weiter warnt er, dass das Beispiel Europols Schule machen k\u00f6nnte und es das Risiko berge, dass Beh\u00f6rden m\u00f6gliche Reaktionen des EU-Gesetzgebers auf Anordnungen von Kontrollbeh\u00f6rden vorwegn\u00e4hmen. Damit w\u00fcrde unabh\u00e4ngige Aufsicht zum Spielball politischer Opportunit\u00e4ten.<\/p>\n<p>Es ist zu hoffen, dass der EuGH den Ausf\u00fchrungen des EDPS folgt und wieder Rechtssicherheit herstellt. Bis dahin allerdings wird Europol die mindestens vier Petabyte gro\u00dfen Datenberge munter weiteranalysieren.<\/p>\n<h6><a href=\"#_ftnref1\" name=\"_ftn1\">[1]<\/a> \u00a0 EDPS takes legal action as new Europol Regulation puts rule of law and EDPS independence under threat, Pressemitteilung v. 22.9.2022<\/h6>\n","protected":false},"excerpt":{"rendered":"<p>Am 16. September 2022 ging der seit Monaten andauernde Konflikt um die Massendatenverarbeitung durch Europol<\/p>\n","protected":false},"author":12,"featured_media":0,"comment_status":"open","ping_status":"open","sticky":false,"template":"","format":"standard","meta":{"footnotes":""},"categories":[134,145],"tags":[],"class_list":["post-20337","post","type-post","status-publish","format-standard","hentry","category-cilip-130","category-meldungen-europa"],"_links":{"self":[{"href":"https:\/\/wp-dev.daten.cool\/index.php?rest_route=\/wp\/v2\/posts\/20337","targetHints":{"allow":["GET"]}}],"collection":[{"href":"https:\/\/wp-dev.daten.cool\/index.php?rest_route=\/wp\/v2\/posts"}],"about":[{"href":"https:\/\/wp-dev.daten.cool\/index.php?rest_route=\/wp\/v2\/types\/post"}],"author":[{"embeddable":true,"href":"https:\/\/wp-dev.daten.cool\/index.php?rest_route=\/wp\/v2\/users\/12"}],"replies":[{"embeddable":true,"href":"https:\/\/wp-dev.daten.cool\/index.php?rest_route=%2Fwp%2Fv2%2Fcomments&post=20337"}],"version-history":[{"count":0,"href":"https:\/\/wp-dev.daten.cool\/index.php?rest_route=\/wp\/v2\/posts\/20337\/revisions"}],"wp:attachment":[{"href":"https:\/\/wp-dev.daten.cool\/index.php?rest_route=%2Fwp%2Fv2%2Fmedia&parent=20337"}],"wp:term":[{"taxonomy":"category","embeddable":true,"href":"https:\/\/wp-dev.daten.cool\/index.php?rest_route=%2Fwp%2Fv2%2Fcategories&post=20337"},{"taxonomy":"post_tag","embeddable":true,"href":"https:\/\/wp-dev.daten.cool\/index.php?rest_route=%2Fwp%2Fv2%2Ftags&post=20337"}],"curies":[{"name":"wp","href":"https:\/\/api.w.org\/{rel}","templated":true}]}}