{"id":20447,"date":"2022-11-30T17:12:04","date_gmt":"2022-11-30T17:12:04","guid":{"rendered":"https:\/\/www.cilip.de\/?p=20447"},"modified":"2022-11-30T17:12:04","modified_gmt":"2022-11-30T17:12:04","slug":"offener-brief-filmen-von-rassistischen-polizeieinsaetzen-zur-beweissicherung-zulassen","status":"publish","type":"post","link":"https:\/\/wp-dev.daten.cool\/?p=20447","title":{"rendered":"Offener Brief: Filmen von rassistischen Polizeieins\u00e4tzen zur Beweissicherung zulassen!"},"content":{"rendered":"<p>Wir erfahren regelm\u00e4\u00dfig von Zeug*innen rassistischer Polizeigewalt, dass sie kriminalisiert werden, wenn sie Polizeima\u00dfnahmen filmen. Sie werden bedroht, geschlagen, Handys werden konfisziert und Video-Material gel\u00f6scht. Nicht selten werden sie durch Anzeigen wie \u201eWiderstand gegen Vollstreckungsbeamte\u201c kriminalisiert. Die Polizei behauptet, dass Filmen verboten sei. Dabei beruft sie sich immer wieder auf den sogenannten \u201eAbh\u00f6rparagrafen\u201c \u00a7 201 StGB (Verletzung der Vertraulichkeit des Wortes). Dieser besagt, dass, wer unbefugt \u201edas nicht\u00f6ffentlich gesprochene Wort eines anderen auf einen Tontr\u00e4ger aufnimmt&#8220;, eine Straftat begeht.<\/p>\n<p>Polizeiliche Ma\u00dfnahmen im \u00f6ffentlichen Raum k\u00f6nnen jedoch nicht als &#8222;nicht\u00f6ffentlich&#8220; verstanden werden. &#8222;Eines Schutzes der Unbefangenheit bedarf ein Amtstr\u00e4ger, dessen Handeln rechtlich gebunden ist und als solches der rechtlichen \u00dcberpr\u00fcfung unterliegt, [&#8230;] nicht&#8220; (LG Osnabr\u00fcck 10. Gro\u00dfe Strafkammer vom 24.09.2021). Daher kritisieren wir die missbr\u00e4uchliche Anwendung dieses Paragraphen als klaren Versuch, eine kritische \u00d6ffentlichkeit und Zeug*innenschaft zu kriminalisieren.<!--more--><\/p>\n<p>Dieser Rechtsauffassung haben sich auch zahlreiche Gerichte in den letzten Jahren angeschlossen:<\/p>\n<ul>\n<li>Hanseatisches Oberlandesgericht Hamburg 1. Strafsenat vom 12.09.2018<\/li>\n<li>LG M\u00fcnchen I 25. Kleine Strafkammer vom 11.02.2019<\/li>\n<li>LG Kassel 2. Gro\u00dfe Strafkammer vom 23.09.2019<\/li>\n<li>LG Aachen 10. Gro\u00dfe Strafkammer vom 19.08.2020<\/li>\n<li>AG Frankenthal vom 16.10.2020<\/li>\n<\/ul>\n<p>Wir sind \u00fcberzeugt, dass es h\u00f6chste Zeit ist, als B\u00fcndnis gegen diese gewaltvolle Praxis der Polizei vorzugehen und fordern die Entkriminalisierung des Filmens von polizeilichen Ma\u00dfnahmen. In einem demokratischen Rechtsstaat muss es f\u00fcr die B\u00fcrger*innen die M\u00f6glichkeit geben, rechtswidriges Polizeiverhalten zu dokumentieren. Nur so kann die Polizei in ihrer Arbeit kontrolliert und rechenschaftspflichtig gemacht werden. Es muss politisch klargestellt werden, dass Videoaufnahmen von polizeilichen Ma\u00dfnahmen als Beweismittel vor Gericht zugelassen sind. Sie dienen der Sichtbarmachung rassistischer Polizeigewalt und der Identifizierung und \u00dcberf\u00fchrung von gewaltt\u00e4tigen Polizeibeamt*innen. Das Filmen darf nicht verhindert werden.<\/p>\n<h4>Wir fordern:<\/h4>\n<ul>\n<li>Videoaufnahmen von Polizeieins\u00e4tzen durch Zeug*innen und Betroffene zu entkriminalisieren;<\/li>\n<li>die Konfiszierung von Handys und\/oder L\u00f6schung von<\/li>\n<li>Videoaufnahmen durch die Polizei zu verbieten;<\/li>\n<li>Videoaufnahmen als sichere Beweismittel vor Gericht zuzulassen;<\/li>\n<li>verd\u00e4chtige Polizeibeamt*innen zu identifizieren und zu verurteilen.<\/li>\n<\/ul>\n<h4>Erstunterzeichner*innen:<\/h4>\n<p>KOP &#8211; Kampagne f\u00fcr Opfer rassistischer Polizeigewalt<br \/>\nISD Bund<br \/>\nISD Berlin<br \/>\nDedcolonize Berlin<br \/>\nRomaniPhen<br \/>\nWrangelkiez United!<br \/>\nEOTO e.V.<br \/>\nFACQ Berlin<br \/>\nISKS<br \/>\nMigrantifa Berlin<br \/>\nReachOut Berlin<br \/>\nAntirassistische Initiative<br \/>\nB\u00fcrgerrechte &amp; Polizei\/ CILIP<br \/>\nBVG &#8211; Weil wir uns f\u00fcrchten<\/p>\n<p><em>Berlin, den 30.11.2022<\/em><\/p>\n","protected":false},"excerpt":{"rendered":"<p>Wir erfahren regelm\u00e4\u00dfig von Zeug*innen rassistischer Polizeigewalt, dass sie kriminalisiert werden, wenn sie Polizeima\u00dfnahmen filmen.<\/p>\n","protected":false},"author":2,"featured_media":20451,"comment_status":"open","ping_status":"open","sticky":false,"template":"","format":"standard","meta":{"footnotes":""},"categories":[5],"tags":[],"class_list":["post-20447","post","type-post","status-publish","format-standard","has-post-thumbnail","hentry","category-blog"],"_links":{"self":[{"href":"https:\/\/wp-dev.daten.cool\/index.php?rest_route=\/wp\/v2\/posts\/20447","targetHints":{"allow":["GET"]}}],"collection":[{"href":"https:\/\/wp-dev.daten.cool\/index.php?rest_route=\/wp\/v2\/posts"}],"about":[{"href":"https:\/\/wp-dev.daten.cool\/index.php?rest_route=\/wp\/v2\/types\/post"}],"author":[{"embeddable":true,"href":"https:\/\/wp-dev.daten.cool\/index.php?rest_route=\/wp\/v2\/users\/2"}],"replies":[{"embeddable":true,"href":"https:\/\/wp-dev.daten.cool\/index.php?rest_route=%2Fwp%2Fv2%2Fcomments&post=20447"}],"version-history":[{"count":0,"href":"https:\/\/wp-dev.daten.cool\/index.php?rest_route=\/wp\/v2\/posts\/20447\/revisions"}],"wp:featuredmedia":[{"embeddable":true,"href":"https:\/\/wp-dev.daten.cool\/index.php?rest_route=\/wp\/v2\/media\/20451"}],"wp:attachment":[{"href":"https:\/\/wp-dev.daten.cool\/index.php?rest_route=%2Fwp%2Fv2%2Fmedia&parent=20447"}],"wp:term":[{"taxonomy":"category","embeddable":true,"href":"https:\/\/wp-dev.daten.cool\/index.php?rest_route=%2Fwp%2Fv2%2Fcategories&post=20447"},{"taxonomy":"post_tag","embeddable":true,"href":"https:\/\/wp-dev.daten.cool\/index.php?rest_route=%2Fwp%2Fv2%2Ftags&post=20447"}],"curies":[{"name":"wp","href":"https:\/\/api.w.org\/{rel}","templated":true}]}}