{"id":20454,"date":"2022-12-02T13:46:50","date_gmt":"2022-12-02T13:46:50","guid":{"rendered":"https:\/\/www.cilip.de\/?p=20454"},"modified":"2022-12-02T13:46:50","modified_gmt":"2022-12-02T13:46:50","slug":"chronologie-november-2022","status":"publish","type":"post","link":"https:\/\/wp-dev.daten.cool\/?p=20454","title":{"rendered":"Chronologie November 2022"},"content":{"rendered":"<h3>zusammengestellt von Otto Diederichs<\/h3>\n<p>1. November: <b>Prozesse gegen Polizist*innen:<\/b> Die Staatsanwaltschaft (StA) Stuttgart (Baden-W\u00fcrttemberg) erhebt gegen den fr\u00fcheren Inspekteur der Polizei <a href=\"https:\/\/www.faz.net\/aktuell\/politik\/inland\/anklage-gegen-frueheren-inspekteur-der-polizei-erhoben-18431233.html\">Anklage wegen sexueller N\u00f6tigung<\/a>. Der Mann soll Ende 2021 einer Polizistin gegen sexuelle Dienstleistungen eine Bef\u00f6rderung angeboten haben; er ist aktuell vom Dienst suspendiert. <a href=\"https:\/\/www.swr.de\/swraktuell\/baden-wuerttemberg\/polizei-affaere-strobl-ermittlungen-beamtin-bw-100.html\">Zeitgleich<\/a> setzt der baden-w\u00fcrttembergische Landtag einen Untersuchungsausschuss zu der Aff\u00e4re ein. Auch gegen die betroffene Beamtin wird ermittelt. Am 14. November wird durch Presseberichte bekannt, dass die StA Duisburg (NRW) zwei Polizisten wegen Strafvereitelung angeklagt hat, die versucht hatten, Ermittlungen gegen einen Kollegen wegen Misshandlung eines Migranten zu verhindern. Der betreffende Beamte, der bereits zuvor wegen rechter Posts im Internet aufgefallen war, wurde bereits zu einer neunmonatigen Bew\u00e4hrungsstrafe verurteilt. Auch eine Polizistin, die ihn zun\u00e4chst mit einer Falschaussage gedeckt hatte, <a href=\"https:\/\/www1.wdr.de\/nachrichten\/ruhrgebiet\/polizisten-wegen-strafvereitelung-angeklagt--100.html\">erhielt schon eine siebenmonatige Bew\u00e4hrungsstrafe<\/a>. Das Amtsgericht (AG) M\u00fcnchen (Bayern) verurteilt <a href=\"https:\/\/www.faz.net\/aktuell\/gesellschaft\/kriminalitaet\/prozess-um-drogenskandal-muenchener-polizisten-zu-bewaehrungsstrafen-verurteilt-18462479.html\">am 15. November<\/a> zwei Polizeibeamte wegen Besitz und Weitergabe von Drogen sowie Verfolgung Unschuldiger zu einem Jahr und acht Monaten Haft auf Bew\u00e4hrung. In dem 2020 aufgedeckten Drogenskandal bei der M\u00fcnchner Polizei <a href=\"https:\/\/www.spiegel.de\/panorama\/justiz\/muenchen-drogenskandal-bei-der-polizei-beamte-zu-bewaehrungsstrafen-verurteilt-a-b8917d89-8989-4fae-a407-1f99e24e5e3a\">waren von der StA<\/a> gegen 37 Beamt*\u00ecnnen Ermittlungsverfahren eingeleitet und acht Anklagen erhoben worden. <a href=\"https:\/\/www.abendzeitung-muenchen.de\/muenchen\/prozess-in-muenchen-schuss-eines-polizisten-trifft-frau-in-den-bauch-art-859086\">Am 17. November<\/a> beginnt vor dem Landgericht (LG) M\u00fcnchen (Bayern) der Prozess um einen, aus dem Ruder gelaufenen Polizeieinsatz im September 2020. Dabei hatte ein Beamter einen Schuss auf eine psychisch kranke Frau abgegeben, die ihn und seine Kolleg*innen mit einem Messer bedroht hatte, und sie in den Bauch getroffen. Die Frau lag eine Woche lang im Koma und verlangt nun Schmerzensgeld. Das VG Berlin teilt <a href=\"https:\/\/www.tagesspiegel.de\/berlin\/urteil-am-verwaltungsgericht-berliner-polizist-wegen-cannabis-konsum-zu-recht-entlassen-8945569.html\">am 30. November<\/a> mit, dass die Beschwerde eines Polizeisch\u00fclers gegen seine Entlassung aus dem Polizeidienst abgelehnt wurde, die Entlassung ist damit rechtens. Eine Polizei\u00e4rztin hatte den Mann wegen seines Drogenkonsums f\u00fcr dauerhaft dienstunf\u00e4hig erkl\u00e4rt.<!--more--><\/p>\n<p><b>Rechtsextremistischer Mordanschlag in Hanau:<\/b> Der <a href=\"https:\/\/www.fr.de\/rhein-main\/terroranschlag-von-hanau-klage-wegen-geschwaerzter-akten-91888407.html\">Untersuchungsausschuss des Hessischen Landtages zur Aufkl\u00e4rung von m\u00f6glichem Beh\u00f6rdenversagen<\/a> beim rechtsextremen Mordanschlag mit neun Toten beschlie\u00dft, vor dem Bundesverfassungsgericht (BVerfG) zu klagen, um die erforderlichen Akten ohne Schw\u00e4rzungen zu erhalten. Dies lehnt der hessische Generalbundesanwalt (GBA) bisher ab. <a href=\"https:\/\/www.fr.de\/rhein-main\/landespolitik\/hessen-was-stephan-ernst-alles-nicht-sagt-91895373.html\">Am 4. November<\/a> ist vor dem Untersuchungsausschuss der seinerzeitige M\u00f6rder als Zeuge geladen. Von seinem Anwalt l\u00e4sst er erkl\u00e4ren, er \u00a0berufe sich auf sein \u201eumfassendes Aussageverweigerungsrecht\u201c. Im Untersuchungsausschuss berichtet <a href=\"https:\/\/www.fr.de\/rhein-main\/notruf-probleme-bei-anschlag-von-hanau-personalnot-und-veraltete-technik-91901093.html\">am 7. November<\/a> eine Polizeibeamtin \u00fcber Personalnot und technische Probleme w\u00e4hrend des Mordanschlages. <a href=\"https:\/\/www.fr.de\/rhein-main\/anschlag-in-hanau-hatte-grosse-furcht-dass-das-morden-weitergeht-91930537.html\">Am 21. November<\/a> tritt der Direktionsleiter und damalige Einsatzleiter zum zweiten Mal als Zeuge im Untersuchungsausschuss auf und berichtet \u00fcber die Einsatzabl\u00e4ufe. Durch Presseberichte wird <a href=\"https:\/\/www.fr.de\/rhein-main\/terror-in-hanau-sti1519756\/terror-hanau-vater-attentaeter-droht-schuelern-heinrich-heine-schule-zr-91937206.html\">am 24. November<\/a> bekannt, dass der Vater des Attent\u00e4ters am Vortag mit seinem Sch\u00e4ferhund am Zaun einer Grundschule aufgetaucht ist und die Kinder bedroht hat.<\/p>\n<p><b>Angriffe auf Polizist*innen:<\/b> Vor dem<a href=\"https:\/\/www.abendzeitung-muenchen.de\/bayern\/polizisten-angefahren-prozess-wegen-versuchten-mordes-art-855347\"> LG Hof (Bayern) beginnt der Prozess gegen zwei M\u00e4nner wegen illegalen Autorennens und versuchten Mordes<\/a>. Als sie im November 2021 von der Polizei gestoppt werden sollten, \u00fcberfuhren sie einen Beamten, der dabei eine schwere Beinverletzung erlitt. <a href=\"https:\/\/www.sueddeutsche.de\/panorama\/kriminalitaet-oldenburg-auseinandersetzung-zwischen-polizei-und-70-menschen-dpa.urn-newsml-dpa-com-20090101-221106-99-405514\">Am 5. Oktober<\/a> versammeln sich in Oldenburg (Niedersachsen) etwa 100 Personen zu einem Konzert in einer Diskothek. Da der Betreiber jedoch keine Genehmigung f\u00fcr den Betrieb besitzt, erteilt die Polizei Platzverweise. Daraufhin werfen rund 70 von ihnen Flaschen und Steine auf die Beamt*innen. In Berlin werden <a href=\"https:\/\/www.berliner-zeitung.de\/news\/berlin-staaken-verkehrskontrolle-artet-aus-polizisten-werden-angegriffen-li.285008\">am 8. November<\/a> zwei Polizist*innen bei einer Verkehrskontrolle von den betrunkenen Fahrzeuginsassen angegriffen; der Beamte tritt vom Dienst ab. Weil er sich \u00fcber die lange Wartezeit auf einem Berliner Polizeirevier \u00e4rgert, schl\u00e4gt <a href=\"https:\/\/www.berliner-zeitung.de\/news\/streit-wegen-wartezeit-auf-der-wache-in-berlin-johannisthal-mann-schlaegt-polizist-ins-gesicht-li.285551\">am 9. November<\/a> ein Mann einem Polizisten mit der Faust ins Gesicht; der Beamte tritt vom Dienst ab. <a href=\"https:\/\/www.berliner-zeitung.de\/news\/friedrichshain-mann-randaliert-im-jugendamt-und-attackiert-polizisten-li.287097\">Am 14. November<\/a> randaliert in einem Berliner Jugendamt ein junger Mann und weigert sich das Geb\u00e4ude zu verlassen. Als die Polizei ihn herausf\u00fchren will, greift er die Beamt*innen massiv an; einer erleidet dabei einen Handbruch. Der Mann wird festgenommen, die Beamt*innen treten vom Dienst ab. In Kaiserslautern (Rheinland-Pfalz) versucht<a href=\"https:\/\/www.sueddeutsche.de\/panorama\/kriminalitaet-kaiserslautern-betrunkener-mann-verletzt-polizistin-dpa.urn-newsml-dpa-com-20090101-221121-99-607608\"> am 19. November<\/a> ein betrunkener Autofahrer vor einer Kontrolle zu fl\u00fcchten; bei seiner Festnahme wird eine Polizistin leicht verletzt. In einem Berliner Bus beleidigt <a href=\"https:\/\/www.tagesspiegel.de\/berlin\/beamter-mit-verdacht-auf-hirnblutung-im-krankenhaus-fahrgast-beleidigt-busfahrer-und-verletzt-vier-polizisten-in-berlin-spandau-8901139.html\">am 20. November<\/a> ein Mann zun\u00e4chst den Busfahrer und greift die eintreffenden Polizist*innen anschlie\u00dfend massiv an. Mehrere Beamt*innen werden verletzt, ein Polizist muss mit Verdacht auf eine Hirnblutung ins Krankenhaus gebracht werden. <a href=\"https:\/\/www.sueddeutsche.de\/panorama\/kriminalitaet-berlin-betrunkener-bricht-einem-polizisten-die-nase-dpa.urn-newsml-dpa-com-20090101-221127-99-681387\">Am 26. November<\/a> wird die Polizei in Berlin zu einem Einsatz wegen h\u00e4uslicher Gewalt gerufen. Bei ihrem Eintreffen werden die Beamt*innen von dem betrunkenen Mann massiv angegriffen; einem Polizisten wird dabei die Nase gebrochen. Der Mann wird in Gewahrsam genommen.<\/p>\n<p>3. November:\u00a0<b>Polizeisch\u00fcsse:<\/b> In Essen (NRW) wird die Polizei zu einem Einbruchsversuch gerufen. Als die Polizist*innen eintreffen, greift der Einbrecher sie, nach Zeugenaussagen, mit einer Eisenstange an. Als er auf Warnrufe nicht reagiert, gibt ein <a href=\"https:\/\/www.derwesten.de\/staedte\/essen\/essen-schuesse-polizei-bergeborbeck-id300108155.html\">Polizeibeamter drei Sch\u00fcsse auf den Mann ab und verletzt ihn schwer<\/a>; Lebensgefahr besteht nicht. \u00dcber die Hintergr\u00fcnde macht die Polizei selbst zun\u00e4chst keine Angaben. <a href=\"https:\/\/www.spiegel.de\/panorama\/justiz\/enger-mann-durch-polizeischuesse-im-kreis-herford-schwer-verletzt-a-982de3d2-9ce3-4a13-8af4-38fb35a6467a\">Am gleichen Tag<\/a> schie\u00dft auch in Enger (NRW) ein Polizeibeamter auf einen Mann, der Teile eines Wohnhauses in Brand gesetzt hat und mit einem Messer hantiert und verletzt ihn schwer. <a href=\"https:\/\/www.sueddeutsche.de\/panorama\/kriminalitaet-essen-polizist-schiesst-auf-einbrecher-und-verletzt-ihn-schwer-dpa.urn-newsml-dpa-com-20090101-221104-99-384918\">Am 4. Oktober<\/a> geben StA und Polizei bekannt, gegen den T\u00e4ter von Essen habe bereits ein Haftbefehl wegen eines anderen Einbruchsversuchs vorgelegen; die Tatwaffe sei ein Beil gewesen. W\u00e4hrend <a href=\"https:\/\/www.sueddeutsche.de\/panorama\/kriminalitaet-lengerich-polizist-schiesst-in-tankstelle-auf-bewaffneten-angreifer-dpa.urn-newsml-dpa-com-20090101-221130-99-725051\">am 30. November<\/a> ein Polizist in Lengerich (NRW) seinen Streifenwagen betankt, wird die Tankstelle \u00fcberfallen. Als der T\u00e4ter auf den Betreiber einsticht, wird der Beamte durch Hilferufe darauf aufmerksam und schie\u00dft mehrfach auf den T\u00e4ter; dieser und sein Opfer m\u00fcssen im Krankenhaus notoperiert werden. Beide schweben in <a href=\"https:\/\/www1.wdr.de\/nachrichten\/westfalen-lippe\/tankstellenueberfall-lengerich-schuesse-polizei-100.html\">Lebensgefahr<\/a>.<\/p>\n<p>\u201e<b>Reichsb\u00fcrger\u201c:<\/b> Durch eine parlamentarische Anfrage der Linksfraktion im Hessischen Landtag wird bekannt, dass <a href=\"https:\/\/www.fr.de\/rhein-main\/landespolitik\/hessen-reichsbuerger-schrieb-2000-gutachten-fuer-gerichte-91890126.html\">hessische Gerichte in rund 2.000 F\u00e4llen einen Vordenker der \u201eReichsb\u00fcrger-Szene\u201c als psychiatrischen Gutachter<\/a> beauftragt haben. <a href=\"https:\/\/www.sueddeutsche.de\/panorama\/kriminalitaet-lueneburg-frau-aus-reichsbuerger-szene-gibt-haltung-vor-gericht-zu-dpa.urn-newsml-dpa-com-20090101-221102-99-359375\">Am gleichen Tag<\/a> beginnt vor dem LG L\u00fcneburg (Niedersachsen) der Prozess gegen eine \u201eReichsb\u00fcrgerin\u201c wegen Verbreitens von Propagandamitteln verfassungswidriger Organisationen, Volksverhetzung und Missbrauch von Berufsbezeichnungen. Die Frau, die sich als Rechtsanw\u00e4ltin (RAin) bezeichnet, gilt als R\u00e4delsf\u00fchrerin eines verbotenen Vereins der \u201eReichsb\u00fcrger-Szene\u201c, der ein eigenes staatliches System errichten will. Das LG L\u00fcneburg (Niedersachsen) verurteilt <a href=\"https:\/\/www.sueddeutsche.de\/panorama\/kriminalitaet-lueneburg-frau-aus-reichsbuerger-szene-erhaelt-freiheitsstrafe-dpa.urn-newsml-dpa-com-20090101-221122-99-621866\">am 22. November<\/a> eine Frau aus der \u201eReichsb\u00fcrger\u201c-Bewegung wegen Volksverhetzung, Missbrauch von Berufsbezeichnungen und weiterer Delikte zu einer Haftstrafe von dreieinhalb Jahren. Das Urteil ist noch nicht rechtskr\u00e4ftig.<\/p>\n<p><b>Rechtsextremismus\/ Rassismus:<\/b>\u00a0In Waldheim (Sachsen) skandiert ein <a href=\"https:\/\/www.sueddeutsche.de\/panorama\/kriminalitaet-waldheim-rassistische-parolen-vor-fluechtlingseinrichtung-in-waldheim-dpa.urn-newsml-dpa-com-20090101-221103-99-372483\">Mann vor einer Fl\u00fcchtlingseinrichtung rassistische und nationalsozialistische Parolen<\/a> bevor er sich entfernt. Die Polizei kann ihn jedoch identifizieren und ermittelt. Als zwei M\u00e4nner, die zuvor zwei Kinder mit einer Eisenstange geschlagen und ihre Handys geraubt haben, von der Polizei gestellt werden, zeigen sie ihnen den <a href=\"https:\/\/www.tagesspiegel.de\/berlin\/hitlergruss-und-rassistische-beleidigung-kind-und-jugendlicher-in-berlin-pankow-angegriffen--drei-festnahmen-8840272.html\">Hitlergru\u00df und beleidigen sie rassistisch<\/a>. <a href=\"https:\/\/www.spiegel.de\/panorama\/justiz\/suelzhayn-in-thueringen-hakenkreuze-an-fluechtlingsunterkunft-geschmiert-a-ed359887-a2ac-4023-8d06-aaff07276c2a\">Am 5. November<\/a> beschmieren mehrere Unbekannte in S\u00fclzhayn (Th\u00fcringen) eine Unterkunft f\u00fcr Kriegsfl\u00fcchtlinge aus der Ukraine mit Hakenkreuzen und werfen eine Fensterscheibe ein. In Berlin beginnt <a href=\"https:\/\/www.tagesspiegel.de\/berlin\/bezirke\/neukollner-rechtsextremist-vor-gericht-neonazis-sollen-mit-stuhlen-auf-linke-kneipenbesucher-eingeprugelt-haben-8843878.html\">am 7. November<\/a> der Prozess gegen einen Rechtsextremisten, der im September 2018 mit anderen in einer linken Kneipe randaliert und mehrere Personen verletzt hatte, wegen besonders schwerem Landfriedensbruch. Ebenfalls in diesem Prozess wird auch einer anderer Fall verhandelt, bei dem der Mann einen Jamaikaner aus rassistischen Motiven mit einem Messer am Hals verletzt hatte. Durch eine parlamentarische Anfrage der Linksfraktion im Bundestag <a href=\"https:\/\/www.spiegel.de\/politik\/deutschland\/fluechtlingsheime-erstmals-seit-jahren-wieder-mehr-angriffe-auf-unterkuenfte-a-0c812320-9683-4122-97ce-f702ee2b183b\">wird am 8. November<\/a> bekannt, dass im ersten Dreivierteljahr bereits 65 Angriffe auf Fl\u00fcchtlingsheime stattgefunden haben (2021 total: 70 \/ 2015 total: 1.047); zudem wurden 711 Menschen au\u00dferhalb ihrer Unterk\u00fcnfte angegriffen. <a href=\"https:\/\/www.spiegel.de\/panorama\/gesellschaft\/leipziger-autoritarismus-studie-weniger-rechtsextremismus-mehr-vorbehalte-a-8ce3b320-2785-4185-b124-ca9e4eb0965f\">Am 9. November<\/a> wird in Berlin eine \u201eLeipziger Autoritarismus-Studie\u201c vorgestellt. Danach nimmt der Rechtsextremismus bundesweit ab; \u201eAusl\u00e4nderfeindlichkeit, Antifeminismus und Antisemitismus\u201c nehmen dagegen zu. Vor dem parlamentarischen Untersuchungsausschuss des Abgeordnetenhauses zu rechtsextremistischen Gewalttaten in einem Berliner Stadtbezirk sagt <a href=\"https:\/\/www.morgenpost.de\/berlin\/article236889889\/Neukoellner-Anschlagsserie-Ermittlungen-voller-Pannen-236889889.html\">am 11. November<\/a> eine Sozialarbeiterin als Zeugin aus, die in etwa 70 F\u00e4llen Opfer von Anschl\u00e4gen war. In der gleichen Sitzung beklagen Mitglieder zudem, der <a href=\"https:\/\/www.tagesspiegel.de\/berlin\/weil-senat-akten-nicht-bereitstellt-untersuchungsausschuss-zu-rechtsextremem-terror-in-neukolln-droht-arbeitsunfahigkeit-8866966.html\">Ausschuss stehe kurz vor der Arbeitsunf\u00e4higkeit<\/a>. Grund daf\u00fcr seien die schleppenden Akteneing\u00e4nge aus der Innen- und der Justizverwaltung, die teilweise Monate dauerten. <a href=\"https:\/\/www.spiegel.de\/panorama\/erfurt-1500-menschen-protestieren-gegen-rechte-kundgebung-a-3fbc602d-16b4-4a56-b50e-bcfb4e636ebf\">Am 12. November<\/a> halten am Landtag in Erfurt (Sachsen) etwa 2.000 Rechtsextremist*innen eine Kundgebung ab. Die Polizei fertigt 10 Strafanzeigen und stellt 39 Slogan-Plakate sicher. Rund 1.500 Menschen demonstrieren gegen die Kundgebung. Mit rund 35 Teilnehmer*innen veranstaltet die <a href=\"https:\/\/www.tagesspiegel.de\/potsdam\/brandenburg\/rechtsextreme-im-spremberg-die-brandenburger-npd-versinkt-in-der-bedeutungslosigkeit-8880121.html\">NPD an diesem Tag ebenfalls eine Kundgebung<\/a> in Spremberg (Brandenburg). <a href=\"https:\/\/www.tagesspiegel.de\/berlin\/anschlag-geplant-generalstaatsanwaltschaft-brandenburg-klagt-jungen-gefahrder-aus-potsdam-an-8868418.html)\">Am gleichen Tag<\/a> wird durch Presseberichte zudem bekannt, dass die StA Potsdam (Brandenburg) gegen einen Rechtsextremisten Anklage wegen Vorbereitung einer schweren staatsgef\u00e4hrdenden Gewalttat erhoben hat. Der Mann soll Sprengstoffanschl\u00e4ge vorbereitet haben. Ebenfalls <a href=\"https:\/\/www.nd-aktuell.de\/artikel\/1168602.rechtsextremismus-attacke-im-stil-der-er-jahre.html\">am 12. November<\/a> versuchen f\u00fcnf bis sechs Rechtsextremist*innen in Frankfurt\/O. (Brandenburg) einen Verein f\u00fcr Jugendarbeit anzuz\u00fcnden. Die Feuerwehr kann das Feuer schnell l\u00f6schen. In Gotha (Th\u00fcringen) l\u00f6st die Polizei <a href=\"https:\/\/www.spiegel.de\/panorama\/justiz\/gera-polizei-loest-liederabend-der-rechten-szene-in-thueringen-auf-a-41433dc9-c365-48af-8f2a-d8ca2c356ab1\">am 13. November<\/a> einen unangemeldeten \u201eLiederabend\u201c von rund 50 Rechtsextremist*innen auf, stellt ihre Identit\u00e4ten fest und erteilt Platzverweise; die Instrumente werden beschlagnahmt. <a href=\"https:\/\/www.welt.de\/politik\/deutschland\/article242161541\/Gross-Stroemkendorf-Feuerwehrmann-nach-Brand-von-Fluechtlingsunterkunft-festgenommen.html\">Am 16. November<\/a> wird durch Presseberichte bekannt, dass die Polizei einen freiwilligen Feuerwehrmann als den Brandstifter einer Fl\u00fcchtlingsunterkunft in Gro\u00df-Str\u00f6mkendorf (Mecklenburg-Vorpommern) im Oktober gefasst hat. Etwaige Zusammenh\u00e4nge <a href=\"https:\/\/www.spiegel.de\/panorama\/justiz\/fluechtlinge-in-gross-stroemkendorf-was-ueber-den-brand-bekannt-ist-a-22940c8b-8757-45ba-9199-e73c5fd8faff\">mit fr\u00fcheren Brandstiftungen in dieser Gegend<\/a> werden gepr\u00fcft. Ebenfalls <a href=\"https:\/\/www.sueddeutsche.de\/politik\/yeboah-saarlouis-prozess-1.5697175\">am 16. November<\/a> beginnt vor dem OLG Koblenz (Rheinland-Pfalz) der Prozess wegen Volksverhetzung, Bedrohung und anderer Delikte gegen den mutma\u00dflichen Brandstifter eines Asylbewerberheimes in Saarlouis (Saarland) im September 1991, bei dem ein Mann zu Tode kam. Nachdem sich 2019 eine neue Zeugin gemeldet hatte, vor der der Angeklagte mit der Tat geprahlt hatte, waren die Ermittlungen von der Bundesanwaltschaft (BAW) wieder aufgenommen worden. <a href=\"https:\/\/www.sueddeutsche.de\/muenchen\/muenchen-neonazis-razzia-terrorverdacht-1.5704126\">Am 22. November<\/a> durchsucht die Polizei in Baden-W\u00fcrttemberg und Bayern <a href=\"https:\/\/www.sueddeutsche.de\/panorama\/kriminalitaet-stuttgart-durchsuchungsaktion-bei-anhaengern-der-neue-staerke-partei-dpa.urn-newsml-dpa-com-20090101-221123-99-630518\">acht Wohnungen von Rechtsextremist*innen<\/a>, NS-Devolutionalien, Waffen und Datentr\u00e4ger werden beschlagnahmt; <a href=\"https:\/\/www.abendzeitung-muenchen.de\/muenchen\/grosse-durchsuchungsaktion-im-rechten-milieu-art-860076\">gegen f\u00fcnf M\u00e4nner wird ermittelt<\/a>. <a href=\"https:\/\/www.spiegel.de\/panorama\/bildung\/schwerin-tagesmutter-mit-npd-bezug-darf-kinder-betreuen-a-64dbb231-7fc5-407a-95eb-f02ae14da575\">Am 24. November<\/a> entscheidet das VG Schwerin (Mecklenburg-Vorpommern), dass einer Frau die beh\u00f6rdliche Erlaubnis f\u00fcr eine T\u00e4tigkeit als Tagesmutter nicht allein wegen ihrer N\u00e4he zur rechtsextremistischen Szene verweigert werden darf. Gegen diese Verweigerung hatte die Frau geklagt (Az: 6 A 1813\/19). Im Untersuchungsausschuss zu der rechtsextremen Anschlagsserie in Berlin sagt <a href=\"https:\/\/www.tagesspiegel.de\/berlin\/rechte-angriffe-in-neukolln-die-polizei-hatte-vielleicht-weitere-anschlage-verhindern-konnen-8921512.html\">am 25. November<\/a> die Gesch\u00e4ftsf\u00fchrerin der \u201eMobilen Beratung gegen Rechtsextremismus\u201c (MBR) aus und kritisiert die Polizei, die auf ihre Hinweise nicht reagiert habe. In Pritzwalk (Brandenburg) beschmieren Unbekannte <a href=\"https:\/\/www.sueddeutsche.de\/panorama\/kriminalitaet-pritzwalk-dutzend-hakenkreuze-auf-fahrzeuge-und-stromkaesten-geschmiert-dpa.urn-newsml-dpa-com-20090101-221127-99-681310\">am 25. November<\/a> 12 Autos, mehrere Stromk\u00e4sten und weitere Gegenst\u00e4nde mit Hakenkreuzen. <a href=\"https:\/\/www.tagesspiegel.de\/politik\/sitzblockaden-und-ausschreitungen-rechte-kundgebung-in-leipzig-trifft-auf-starken-gegenprotest-8926990.html\">Am 26. November<\/a> kommt es in Leipzig (Sachsen) zu einer rechtsextremistischen Kundgebung mit etwa 900 Teilnehmer*innen; bei der Gegendemonstration liegt die Teilnehmer*innenzahl nach Polizeiangaben im \u201eniedrigen vierstelligen Bereich\u201c. Vor dem LG Potsdam (Brandenburg) beginnt <a href=\"https:\/\/www.tagesspiegel.de\/potsdam\/brandenburg\/wegen-volksverhetzung-erneuter-prozess-gegen-horst-mahler-hat-begonnen-8937172.html\">am 29. November<\/a> der Prozess wegen Volksverhetzung und Leugnung des Holocaust gegen den fr\u00fcheren Rechtsanwalt der linken \u201eRoten Armee Fraktion\u201c (RAF) Horst Mahler. <a href=\"https:\/\/www.sueddeutsche.de\/panorama\/prozesse-erfurt-prozess-um-angriff-auf-maenner-aus-guinea-in-erfurt-dpa.urn-newsml-dpa-com-20090101-221129-99-711530\">Am 30. November<\/a> beginnt vor dem LG Erfurt (Sachsen) der Prozess gegen neun M\u00e4nner und eine Frau, die im August 2020 drei Guinaer rassistisch beleidigt und angegriffen hatten.<\/p>\n<p>4. Oktober: <b>Umweltdemonstrationen:<\/b> Ein AG verurteilt 12 Personen zu einem <a href=\"https:\/\/www.welt.de\/politik\/deutschland\/article241972647\/Muenchen-Zwoelf-Aktivisten-kommen-einen-Monat-in-Gewahrsam.html\">&#8222;pr\u00e4ventiven&#8220; Polizeigewahrsam<\/a> von 30 Tagen; andere werden zu k\u00fcrzeren Ingewahrsamnahmen verurteilt. <a href=\"https:\/\/www.berliner-zeitung.de\/news\/berlin-aktivistin-der-letzten-generation-zu-geldstrafe-verurteilt-li.283755\">Am gleichen Tag<\/a> verurteilt ein Berliner AG eine Klimaaktivistin wegen N\u00f6tigung in drei F\u00e4llen und Widerstand gegen Vollstreckungsbeamt*innen zu einer Geldstrafe von 1.350 EUR. Nach Presseberichten wurden in Berlin bisher insgesamt 170 Strafbefehle gegen Aktivist*innen erlassen. In M\u00fcnchen (Bayern) besetzen <a href=\"https:\/\/www.sueddeutsche.de\/muenchen\/muenchen-klimaprotest-verkehrsblockade-letzte-generation-1.5688437\">am 7. November<\/a> f\u00fcnf Aktivist*innen erneut eine wichtige Kreuzung; die Polizei stellt ihre Personalien fest und fertigen Anzeigen wegen N\u00f6tigung. Eine zweite Aktion vor der Staatskanzlei wird von der Polizei verhindert. <a href=\"https:\/\/www.sueddeutsche.de\/panorama\/prozesse-stuttgart-nach-strassenblockaden-stehen-klimaaktivisten-vor-gericht-dpa.urn-newsml-dpa-com-20090101-221106-99-408814\">Am gleichen Tag<\/a> beginnt vor einem AG in Stuttgart (Baden-W\u00fcrttemberg) der Prozess gegen zwei Aktivisten, die sich im Sommer auf Stra\u00dfen festgeklebt hatten. Einer von ihnen erh\u00e4lt eine <a href=\"https:\/\/www.tagesspiegel.de\/politik\/verkehr-in-stuttgart-blockiert-klimaaktivisten-wegen-notigung-zu-geldstrafen-verurteilt-8848387.html\">Geldstrafe<\/a> von 2.200 EUR, der andere wird zu 5.500 EUR verurteilt. Ein Berliner AG verurteilt <a href=\"https:\/\/www.tagesspiegel.de\/politik\/verkehr-in-stuttgart-blockiert-klimaaktivisten-wegen-notigung-zu-geldstrafen-verurteilt-8848387.html\">am gleichen Tag<\/a> einen Aktivisten wegen N\u00f6tigung zu einer Geldstrafe von 1.650 EUR. Durch Presseberichte wird <a href=\"https:\/\/www.berliner-zeitung.de\/mensch-metropole\/amtsgericht-tiergarten-letzte-generation-ueber-700-verfahren-gegen-klima-kleber-ein-berliner-richter-gab-ihnen-recht-li.284934\">am 8. November<\/a> bekannt, dass bei Berliner AGs aktuell 174 Verfahren gegen Umweltaktivist*innen anh\u00e4ngig sind; bei der StA sind es \u00fcber 700. <a href=\"https:\/\/www.berliner-zeitung.de\/news\/kriminelle-vereinigung-staatsanwaltschaft-berlin-ueberprueft-letzte-generation-li.286219\">Am 11. November<\/a> best\u00e4tigt die Berliner Generalstaatsanwaltschaft (GStA), dass sie aktuell pr\u00fcft, ob bei der Organisation der Klimaaktivist*innen die Voraussetzungen f\u00fcr eine Einstufung als Kriminelle Vereinigung vorliegen. <a href=\"https:\/\/www.welt.de\/politik\/deutschland\/article242085833\/Letzte-Generation-2000-Strafverfahren-in-Berlin-gegen-Klimakleber.html\">Am 12. November<\/a> wird durch ein Presseinterview mit Berlins Polizeipr\u00e4sidentin Barbara Slowik bekannt, dass die Berliner Polizei seit Beginn der Klimaproteste rund 2.000 Strafverfahren gegen Aktivist*innen eingeleitet hat, 576 sind bereits an die StA \u00fcbergeben und 224 Strafbefehle und 457 Geb\u00fchrenbescheide ergangen. In M\u00fcnchen (Bayern) demonstrieren <a href=\"https:\/\/www.sueddeutsche.de\/muenchen\/muenchen-demonstration-praeventivhaft-klimaschutz-1.5695288\">am 13. November<\/a> rund 1.000 Menschen vor der Justizvollzugsanstalt Stadelheim gegen die 30-t\u00e4gige Pr\u00e4ventivhaft von dort einsitzenden 13 Klimaaktivist*innen, die sich auf der Stra\u00dfe festgeklebt hatten. Ein Berliner AG verurteilt <a href=\"https:\/\/www.tagesspiegel.de\/berlin\/konsequenzen-fur-die-letzte-generation-56-jahrige-fur-drei-strassenblockaden-zu-750-euro-strafe-verurteilt-8881174.html\">am 15. November<\/a> eine Klimaaktivistin wegen gemeinschaftlicher N\u00f6tigung in drei F\u00e4llen zu einer Geldstrafe von 750 EUR. <a href=\"https:\/\/www.tagesspiegel.de\/gesellschaft\/panorama\/in-munchen-in-gewahrsam-genommen-klimaaktivist-tritt-in-den-hungerstreik-8886451.html\">Am gleichen Tag<\/a> tritt einer der in M\u00fcnchen (Bayern)<br \/>\nin Pr\u00e4ventivhaft einsitzenden Aktivisten in den Hungerstreik. Das AG M\u00fcnchen (Bayern) erl\u00e4sst <a href=\"https:\/\/www.tagesspiegel.de\/gesellschaft\/letzte-generation-in-munchen-gericht-erlasst-strafbefehle-gegen-klima-aktivisten-8892094.html\">am 18. November<\/a> Strafbefehle gegen drei Klimaaktivisten, die sich im August in der Pinakothek an ein Rubens-Gem\u00e4lde geklebt hatten; \u00fcber die H\u00f6he werden keine Angaben gemacht. In M\u00fcnchen (Bayern) und f\u00fcnf weiteren St\u00e4dten werden <a href=\"https:\/\/www.sueddeutsche.de\/muenchen\/muenchen-klima-protest-letzte-generation-luitpoldbruecke-1.5699835\">am 19. November<\/a> Stra\u00dfen blockiert; in M\u00fcnchen nimmt die Polizei neun Aktivist*innen vorl\u00e4ufig fest. Das AG Freiburg (Baden-W\u00fcrttemberg) spricht <a href=\"https:\/\/www.sueddeutsche.de\/panorama\/kriminalitaet-freiburg-im-breisgau-strassenblockaden-klimaaktivist-in-freiburg-freigesprochen-dpa.urn-newsml-dpa-com-20090101-221121-99-607494\">am gleichen Tag<\/a> einen Umweltaktivisten vom Vorwurf der dreifachen N\u00f6tigung frei (Az. 24 Cs 450 Js 18098\/22). In Frankfurt\/M. (Hessen) bespr\u00fchen <a href=\"https:\/\/www.tagesspiegel.de\/gesellschaft\/letzte-generation-aktion-gegen-wm-schwarze-farbe-an-dfb-campus-fassade-8914240.html\">am 23. November<\/a> Aktivist*innen ein Geb\u00e4ude auf dem DFB-Campus mit schwarzer Farbe, zwei von ihnen werden vor\u00fcbergehend festgenommen. <a href=\"https:\/\/www.tagesspiegel.de\/gesellschaft\/panorama\/an-sixtinische-madonna-geklebt-polizei-durchsucht-wohnungen-von-klimaaktivisten-8914969.html\">Am 24. November<\/a> durchsucht die Polizei in Dresden (Sachsen) im Rahmen eines Ermittlungsverfahrens wegen gemeinschaftlicher Sachbesch\u00e4digung die Wohnungen von drei Klimaaktivist*innen, die sich vor drei Monaten an ein Raffael-Gem\u00e4lde geklebt hatten. In Berlin dringen<a href=\"https:\/\/www.tagesspiegel.de\/berlin\/letzte-generation-am-ber-landebahn-gesperrt--klimaaktivisten-im-sicherheitsbereich-des-flughafens-8918629.html\"> am gleichen Tag<\/a> mehrere Aktivist*innen auf die Rollbahnen des Berlin-Brandenburgischen Flughafens BER vor, fahren dort mit Fahrr\u00e4dern herum und kleben sich fest. Der Flugverkehr muss f\u00fcr etwa zwei Stunden eingestellt werden; die Polizei nimmt die Aktivist*innen in Gewahrsam und bereitet Anzeigen vor. Nachdem die Klimaaktivist*innen nach dieser Aktion <a href=\"https:\/\/www.tagesspiegel.de\/letzte-sitzungswoche-des-bundestags-letzte-generation-kundigt-unterbrechung-der-proteste-an-8924671.html\">am 25. November<\/a> ank\u00fcndigen, ihre Proteste f\u00fcr eine Woche in Berlin und M\u00fcnchen (Bayern) einzustellen, entl\u00e4sst die Polizei in M\u00fcnchen<a href=\"https:\/\/www.welt.de\/vermischtes\/kriminalitaet\/article242348161\/Muenchen-19-Klimaaktivisten-der-Letzten-Generation-aus-Polizeigewahrsam-entlassen.html\"> am 26. November<\/a> 19 Aktivist*innen aus dem Unterbindungsgewahrsam. <a href=\"https:\/\/www.sueddeutsche.de\/panorama\/prozesse-berlin-kunstblut-auf-gemaelde-in-nationalgalerie-gespritzt-anklage-dpa.urn-newsml-dpa-com-20090101-221129-99-707961\">Am 29. November<\/a> klagt die StA Berlin eine Klimaaktivistin wegen Sachbesch\u00e4digung an. Die Frau hatte im Oktober ein Gem\u00e4lde der Alten Nationalgalerie mit Kunstblut bespritzt und sich daneben festgeklebt; sie befindet sich seither in Untersuchungshaft. <a href=\"https:\/\/www.abendzeitung-muenchen.de\/muenchen\/eilverfahren-drei-klimakleber-in-muenchen-vor-gericht-art-861861\">Am 30. November<\/a> beginnt vor dem AG M\u00fcnchen (Bayern) gegen drei von ihnen der Prozess wegen Eingriff in den Stra\u00dfenverkehr. <a href=\"https:\/\/www.tagesspiegel.de\/berlin\/bezirke\/amtsgericht-berlin-tiergarten-so-verteidigte-linken-politiker-gysi-einen-aktivisten-der-letzten-generation-8948029.html\">Am gleichen Tag<\/a> verurteilt das Amtsgericht Berlin Tiergarten einen Klimaaktivisten zu einer Geldstrafe von 550 EUR. Durch Presseberichte wird ebenfalls <a href=\"https:\/\/www.faz.net\/aktuell\/gesellschaft\/kriminalitaet\/staedel-museum-in-frankfurt-fordert-7000-euro-von-klimaaktivisten-18500495.html\">am 30. November<\/a> bekannt, dass ein Museum in Frankfurt\/M. (Hessen), an dessen dortiges Gem\u00e4lde sich im August Klimaaktivist*innen festgeklebt hatten, eine Schadensersatzklage von 7.000 EUR erhoben hat. Insgesamt ermittelt die StA Frankfurt\/M. aktuell in 10 F\u00e4llen gegen Klimaaktivist*innen.<\/p>\n<p><b>Ermittlungen gegen Polizeibeamt*innen:<\/b> Das Landesinnenministerium best\u00e4tigt Presseberichte, wonach die StA Koblenz (Rheinland-Pfalz) gegen einen <a href=\"https:\/\/www.sueddeutsche.de\/panorama\/polizei-mainz-ermittlungen-gegen-polizisten-wegen-handy-inhalten-dpa.urn-newsml-dpa-com-20090101-221104-99-390585\">Polizeibeamten wegen mutma\u00dflich rechtsextremer und sexistischer Inhalte<\/a> auf seinem Handy ermittelt. Auch<a href=\"https:\/\/www.sueddeutsche.de\/panorama\/polizei-mainz-gdp-extremismus-und-sexismus-in-polizei-nichts-zu-suchen-dpa.urn-newsml-dpa-com-20090101-221105-99-396682\"> gegen weitere Beamt*innen<\/a> wird in diesem Zusammenhang ermittelt. <a href=\"https:\/\/www.spiegel.de\/panorama\/koblenz-antisemitische-und-rassistische-posts-behoerden-ermitteln-gegen-50-beschuldigte-auch-polizisten-a-82b1b44e-8d69-4e95-a209-2161075ddda4\">Am 7. November<\/a> wird durch Presseberichte bekannt, dass die Gruppe, gegen die ermittelt wird, 50 Personen umfasst, darunter vier Polizist*innen; der Tatzeitraum beziffert sich auf die Jahre 2018 bis 2021. Durch Presseberichte wird <a href=\"https:\/\/www.berliner-zeitung.de\/news\/wegen-dubioser-reisen-nach-belarus-und-russland-berliner-lka-mann-ab-von-staatsschutz-abgezogen-li.285171\">am 8. November<\/a> bekannt, dass ein Beamter des Landeskriminalamtes (LKA) Berlin aus der Staatsschutzabteilung versetzt wurde und gegen ihn ein Disziplinarverfahren eingeleitet wurde. Der Mann soll mit einem polizeibekannten <a href=\"https:\/\/www.tagesspiegel.de\/berlin\/verschworungsideologien-und-rassismus-berliner-staatsschutzbeamter-soll-kontakt-zu-rechtsextremisten-haben-8852515.html\">Rechtsextremisten bekannt sein und mit ihm gemeinsam Reisen nach Belarus und Russland<\/a> gemacht haben ohne diese anzumelden. Die Polizei macht hierzu bisher keine Angaben. <a href=\"https:\/\/www.tagesspiegel.de\/berlin\/22-jahriger-war-ausser-dienst-berliner-polizist-dreht-mit-privatauto-kreise-und-verursacht-unfall-in-neukolln-8870458.html\">Am 12. November<\/a> verliert in Berlin ein Polizeibeamter in seiner dienstfreien Zeit bei verbotenen Fahrman\u00f6vern auf einer Kreuzung die Kontrolle \u00fcber das Fahrzeug und verursacht einen Unfall. Es wird ein Disziplinarverfahren eingeleitet. Der Innenausschuss des Landtages in NRW ver\u00f6ffentlicht <a href=\"https:\/\/www.sueddeutsche.de\/panorama\/kriminalitaet-duesseldorf-rechte-chats-bei-sek-ermittlungen-wegen-kinderpornografie-dpa.urn-newsml-dpa-com-20090101-221116-99-545713\">am 16. November<\/a> einen Bericht, wonach die Ermittlungen gegen acht SEK-Beamte in M\u00fcnster (NRW) wegen rechtsextremistischer Chats um den Verdacht der Kinderpornografie sowie auf weitere 16 Beamte anderer Dienststellen ausgeweitet wurden. Durch Presseberichte wird <a href=\"https:\/\/www.wz.de\/nrw\/wuppertal\/nach-schuessen-auf-mann-mit-messer-in-wuppertal-ermittlungen-gegen-polizisten-eingestellt_aid-80019405\">am gleichen Tag<\/a> bekannt, dass die Ermittlungen gegen drei Polizist*innen in Wuppertal, die im Juni auf einen Mann geschossen und ihn schwer verletzt hatten, eingestellt wurden. Der Mann habe seinerzeit eine Spielzeugpistole gezogen, die als \u201eAnscheinswaffe\u201c nicht als solche erkennbar gewesen sei. <a href=\"https:\/\/www.hessenschau.de\/panorama\/frau-stirbt-nach-polizeieinsatz---ermittlungen-gegen-beamte-v1,tote-polizeieinsatz-hochtaunus-100.html\">Am 18. November<\/a> wird durch Pressemeldungen bekannt, dass die StA Frankfurt\/M. gegen die Beamt*innen, die an einem Einsatz am Vortag in Usingen (beide Hessen) beteiligt waren, ein Ermittlungsverfahren wegen fahrl\u00e4ssiger T\u00f6tung er\u00f6ffnet hat. Im Zuge dieses Einsatzes war eine Frau kollabiert und im Krankenhaus verstorben. Nachdem ein mutma\u00dfliches Opfer Anzeige wegen sexuellen Missbrauchs gegen einen Polizeibeamten aus D\u00fcsseldorf erstattet hat, durchsucht die Polizei <a href=\"https:\/\/www.t-online.de\/region\/duesseldorf\/id_100088540\/nrw-kinder-sexuell-missbraucht-hochrangiger-duesseldorfer-polizist-unter-verdacht.html\">am 24. November<\/a> die Wohnung des Mannes; <a href=\"https:\/\/www.nw.de\/nachrichten\/zwischen_weser_und_rhein\/23420861_Ermittlungen-gegen-Polizisten-aus-NRW-wegen-Missbrauchverdachts.html\">Datentr\u00e4ger werden sichergestellt<\/a>. Der Beamte, ein Personensch\u00fctzer, wird in Gewahrsam genommen und <a href=\"https:\/\/www.t-online.de\/region\/duesseldorf\/id_100088540\/nrw-kinder-sexuell-missbraucht-hochrangiger-duesseldorfer-polizist-unter-verdacht.html\">am 25. November<\/a> wieder auf freien Fu\u00df gesetzt; die StA Wuppertal (beide NRW) ermittelt. <a href=\"https:\/\/www.berliner-zeitung.de\/news\/berlin-prenzlauer-berg-polizist-bedroht-tuersteher-eines-berliner-clubs-li.292211\">Am 28. November<\/a> bedroht in Berlin ein Polizeibeamter in seiner Freizeit die T\u00fcrsteher eines Clubs, aus dem er zuvor wegen starker Trunkenheit herausgeworfen wurde; gegen ihn wird nun ermittelt.<\/p>\n<p><b>Schusswaffenandrohung:<\/b> In Berlin beobachtet ein Zivilbeamter eine Auseinandersetzung zwischen neun Personen. Als einer der <a href=\"https:\/\/www.berliner-zeitung.de\/news\/warschauer-bruecke-friedrichshain-polizei-verhindert-offenbar-messerstecherei-li.283892\">Beteiligten mit einem Messer auf einen anderen losgeht, gibt er sich als Polizist zu erkennen und droht mit Schusswaffeneinsatz<\/a>; alle Beteiligten werden festgenommen. In Berlin droht <a href=\"https:\/\/www.morgenpost.de\/berlin\/polizeibericht\/article237004495\/Schoeneberg-Wohnung-in-Brand-geraten-Tote-Person-geborgen.html\">am 26. November<\/a> ein Polizeibeamter einem betrunkenen Mann, der ihn mit einem Zimmermannshammer bedroht, mit dem Einsatz der Schusswaffe. Nach mehrfacher Androhung l\u00e4sst der Mann den Hammer fallen; er wird zur Identit\u00e4tsfeststellung kurzfristig festgenommen.<\/p>\n<p>5. November: <b>Tod nach Polizeieinsatz:<\/b> Rund ein halbes Jahr nachdem in Mannheim (Baden-W\u00fcrttemberg) ein Mann bei einem Polizeieinsatz im Mai verstorben ist, demonstrieren in der dortigen Innenstadt etwa 175 Personen um ein Zeichen zu setzen, dass <a href=\"https:\/\/www.sueddeutsche.de\/panorama\/polizei-mannheim-menschen-demonstrieren-nach-toedlichem-polizeieinsatz-dpa.urn-newsml-dpa-com-20090101-221104-99-389304\">psychisch erkrankte Menschen nicht durch Polizeigewalt sterben<\/a> d\u00fcrfen. Laut einem Gutachten starb der Mann an einer \u201elage- und fixationsbedingten Atembehinderung\u201c. <a href=\"https:\/\/www.sueddeutsche.de\/panorama\/notfaelle-usingen-frau-stirbt-nach-polizeieinsatz-im-hochtaunuskreis-dpa.urn-newsml-dpa-com-20090101-221118-99-571319\">Am 17. November<\/a> wird in Usingen (Hessen) die Polizei gerufen, weil eine Frau in ihrer Wohnung randaliert. Die eintreffenden Beamt*innen treffen sie auf der Stra\u00dfe an, wo sie bei der Ansprache beginnt, auf die Polizist*innen einzuschlagen. Als ihr Handschellen angelegt werden, kollabiert sie und Rettungskr\u00e4fte werden gerufen. Die Frau stirbt im Krankenhaus.<\/p>\n<p>8. November: <b>Alternative f\u00fcr Deutschland (AfD):<\/b> Durch Presseberichte wird bekannt, dass die <a href=\"https:\/\/www.tagesspiegel.de\/berlin\/beleidigt-geschlagen-und-gebissen-berliner-afd-politiker-wird-angeklagt-8847025.html\">StA Anklage gegen einen Berliner AfD-Bezirkspolitiker<\/a> erhoben hat. Der Mann soll im August 2021 zwei Frauen rassistisch beleidigt und angegriffen haben. <a href=\"https:\/\/www.spiegel.de\/politik\/deutschland\/afd-raeume-im-bayerischen-landtag-durchsucht-a-a1f195f1-5938-49bc-9e7c-7271287814ea\">Am 10. November<\/a> durchsucht die Polizei die R\u00e4ume der AfD-Fraktion im bayerischen Landtag nach einem Video mit verf\u00e4lschten Aussagen von Abgeordneten anderer Parteien. Das Berliner KG weist <a href=\"https:\/\/www.spiegel.de\/politik\/deutschland\/afd-andreas-kalbitz-scheitert-mit-berufung-gegen-afd-rauswurf-a-69b39810-a179-4b9d-b244-9b36a26a3d38\">am 17. November<\/a> die Berufungsklage von Andreas Kalbitz gegen seinen Rauswurf aus der AfD zur\u00fcck. Dem ehemaligen Chef der brandenburgischen AfD war 2020 seine Mitgliedschaft entzogen worden, weil er eine fr\u00fchere Mitgliedschaft bei den \u201eRepublikanern\u201c und der rechtsextremen \u201eHeimattreuen Deutschen Jugend\u201c verschwiegen hatte. <a href=\"https:\/\/www.abendzeitung-muenchen.de\/bayern\/abgeordneter-wegen-falscher-verdaechtigung-vor-gericht-art-859137\">Am 18. November<\/a> beginnt vor dem AG Augsburg (Bayern) der Prozess gegen einen ehemaligen AfD-Landtagsabgeordneten wegen der Herabw\u00fcrdigung von Gefl\u00fcchteten, Verharmlosung von Nazi-Terror und falscher Beschuldigungen; <a href=\"https:\/\/www.abendzeitung-muenchen.de\/bayern\/landtagsabgeordneter-bayerbach-in-prozess-freigesprochen-art-859217\">noch am gleichen Tag<\/a> wird er freigesprochen. Nachdem der Fraktionsvorsitzende der AfD Baden-W\u00fcrttemberg vom AG Pforzheim (Baden-W\u00fcrttemberg) wegen Schwarzarbeitsvorw\u00fcrfen und Vorenthaltung von Arbeitsentgelt in 11 F\u00e4llen zu einer Geldstrafe von 27.300 EUR verurteilt wurde, k\u00fcndigt er <a href=\"https:\/\/www.welt.de\/regionales\/baden-wuerttemberg\/article242386549\/Bernd-Goegel-AfD-Fraktionschef-tritt-nach-Strafbefehl-zurueck.html\">am 29. November<\/a> seinen R\u00fccktritt zum Jahresende an.<\/p>\n<p>9. November: <b>Polizeilicher Todesschuss:<\/b> Im Rechtsausschuss des NRW-Landtages wird die Auswertung des Bundeskriminalamtes (BKA) einer Tonaufnahme des polizeilichen Todesschusses auf einen senegalesischen Jugendlichen in Dortmund Anfang August vorgestellt. Danach fiel der <a href=\"https:\/\/www.sueddeutsche.de\/panorama\/kriminalitaet-dortmund-fall-dortmund-schuss-fiel-keine-sekunde-nach-tasereinsatz-dpa.urn-newsml-dpa-com-20090101-221109-99-454711\">erste Schuss aus der Maschinenpistole keine Sekunde nach einem vorherigen Tasereinsatz<\/a>.<\/p>\n<p><b>Rassismus-Studie zur Polizei:<\/b> Durch Presseberichte wird bekannt, dass die Polizei in <a href=\"https:\/\/www.swr.de\/swraktuell\/baden-wuerttemberg\/polizeistudie-ohne-bw-100.html\">Baden-W\u00fcrttemberg es endg\u00fcltig abgelehnt<\/a> hat, an der Rassismus-Studie der Deutschen Hochschule f\u00fcr Polizei (DHPol) teilzunehmen. Auch Hamburg nimmt nicht daran teil.<\/p>\n<p>12. November: <b>Taser:<\/b> In Landau (Rheinland-Pfalz) kommt es zu zwei Taser-Eins\u00e4tzen: In einem Fall leistet ein Mann nach einer Kneipenschl\u00e4gerei <a href=\"https:\/\/www.sueddeutsche.de\/panorama\/kriminalitaet-landau-in-der-pfalz-polizei-benutzt-taser-bei-einsaetzen-wegen-gewalttaten-dpa.urn-newsml-dpa-com-20090101-221113-99-503985\">massiven Widerstand gegen seine Festnahme; es wird der Taser eingesetzt.<\/a> Bei einer anderen Schl\u00e4gerei tritt der T\u00e4ter trotz polizeilicher Warnung weiter auf sein Opfer ein; es kommt zum Taser-Einsatz.<\/p>\n<p>15. November: <strong>Urteil gegen Polizeibeamte<\/strong>: Das Amtsgericht M\u00fcnchen verurteilt zwei bereits suspendierte <a href=\"https:\/\/www.rnd.de\/panorama\/drogenskandal-bei-polizei-muenchen-zwei-ex-beamte-verurteilt-NL6ZDSMKXZOACE7LEDXKKHR7EE.html\">Polizeibeamte zu einem Jahr und acht Monaten auf Bew\u00e4hrung<\/a> wegen Verfolgung Unschuldiger, N\u00f6tigung sowie \u00dcberlassen und Besitz von Bet\u00e4ubungsmitteln. Die beiden hatten einen Mann bei einer Polizeikontrolle verletzt und daraufhin einen Angriff auf einen der beiden Beamten behauptet. Der Gesch\u00e4digte wurde daraufhin zu einer Geldstrafe verurteilt. Zu Unrecht, wie im Zusammenhang mit Ermittlungen wegen eines Drogenskandals im M\u00fcnchener Polizeipr\u00e4sidium aus dem Jahr 2020 festgestellt wurde. Bei den Ermittlungen gegen insgesamt 37 Polizeibeamte wegen Besitz von und Handel mit Kokain waren Smartphones gefunden worden, auf denen sich unter anderem Chatverl\u00e4ufe mit der Verabredung zu der Falschanzeige fanden. Die Anw\u00e4lte der beiden ehemaligen Polizisten haben Berufung angek\u00fcndigt.<\/p>\n<p>17. November: <b>\u201eNSU 2.0\u201c-Drohschreiben:<\/b> Das OLG Frankfurt\/M. (Hessen) verurteilt den Verfasser der <a href=\"https:\/\/www.fr.de\/rhein-main\/nsu-hohe-strafe-fuer-drohschreiben-91922926.html\">\u201eNSU 2.0\u201c-Drohschreiben zu einer Haftstrafe von f\u00fcnf Jahren und 10 Monaten<\/a>. Zwischen August 2016 und M\u00e4rz 2021 waren \u00fcber 60 solcher Schreiben verschickt worden (<a href=\"https:\/\/www.faz.net\/aktuell\/politik\/inland\/urteil-ueber-nsu-2-0-fast-sechs-jahren-haft-fuer-drohschreiber-18467698.html\">Az: 5\/17 KLs \u2013 6190 Js 216386\/21<\/a> (24\/21)). <a href=\"https:\/\/www.spiegel.de\/panorama\/justiz\/nsu-2-0-verurteilter-will-revision-einlegen-a-9753bed9-4f78-43a2-b283-ca8443f73c3e\">Am 22. November<\/a> teilt sein Anwalt mit, dass der Verurteilte ihn beauftragt hat, gegen das Urteil Revision einzulegen.<\/p>\n<p>18. November: <b>Spionage:<\/b> Das OLG D\u00fcsseldorf (NRW) verurteilt einen <a href=\"https:\/\/www.faz.net\/aktuell\/politik\/inland\/spionage-fuer-russland-bewaehrungsstrafe-fuer-frueheren-bundeswehr-reserveoffizier-18470420.html\">ehemaligen Reserveoffizier der Bundeswehr wegen Spionage f\u00fcr den russischen Geheimdienst<\/a> zu einer Bew\u00e4hrungsstrafe von eindreiviertel Jahren.<\/p>\n<p><strong>Ermittlungen gegen Polizeibeamte<\/strong>: Nach dem Tod einer Frau bei einem Polizeieinsatz hat die Staatsanwaltschaft Frankfurt\/Main gegen die beteiligten Beamten ein <a href=\"https:\/\/www.hessenschau.de\/panorama\/frau-stirbt-nach-polizeieinsatz---ermittlungen-gegen-beamte-v1,tote-polizeieinsatz-hochtaunus-100.html\">Verfahren wegen fahrl\u00e4ssiger T\u00f6tung<\/a> eingeleitet. Die 39-j\u00e4hrige habe am  Abend des 17. November in ihrer Wohnung randaliert und sei kurz darauf von Streifenpolizisten in der N\u00e4he entdeckt worden, die ihr wegen aggressiven Verhaltens Handschellen anlegten.<\/p>\n<p>22. November: <b>Rechtsextremistische Terrorgruppe \u201eNationalsozialistischer Untergrund (NSU):<\/b> Der Bundesgerichtshof (BGH) l<a href=\"https:\/\/www.tagesspiegel.de\/politik\/waffenbeschaffer-des-nsu-ralf-wohlleben-muss-rest-haft-vorerst-verbussen-8905348.html\">ehnt es ab, die Reststrafe des NSU-Waffenbeschaffers von dreieinhalb Jahren zur Bew\u00e4hrung<\/a> auszusetzen.<\/p>\n<p>23. November:\u00a0<b>Ermittlungen gegen Justizbeamt*innen:<\/b> Durch Presseberichte wird bekannt, dass die Polizei die Dienstr\u00e4ume eines Richters am LG Frankfurt\/M. (Hessen) wegen Verletzung von Privatgeheimnissen und Rechtsbeugung durchsucht hat. Der Mann steht im Verdacht, einem Rechtsanwalt, gegen den wegen <a href=\"https:\/\/www.faz.net\/aktuell\/rhein-main\/frankfurt\/durchsuchung-am-frankfurter-landgericht-18481837.html\">Drogenhandel in gro\u00dfem Stil ermittelt wird, geheime Informationen weitergegeben zu haben<\/a>. Gegen ihn werden ein <a href=\"https:\/\/www.faz.net\/aktuell\/gesellschaft\/kriminalitaet\/ermittlungen-und-durchsuchung-bei-richter-am-landgericht-wegen-weitergabe-von-information-an-anwalt-18486006.html\">Disziplinar- und ein Ermittlungsverfahren<\/a> eingeleitet.<\/p>\n<p>25. November: <b>Rechtsextremer Mordanschlag:<\/b> Im Untersuchungsausschuss des Hessischen Landtages zum Mord an dem Kasseler Regierungspr\u00e4sidenten Walter L\u00fcbcke (CDU) sagt ein <a href=\"https:\/\/www.fr.de\/rhein-main\/landespolitik\/hessen-luecke-untersuchungsausschuss-rechter-aufmarsch-ohne-folgen-91938913.html\">Mitarbeiter des LfV als Zeuge aus<\/a>, zwischen den Verfassungsschutz\u00e4mtern der einzelnen Bundesl\u00e4nder gebe es nur von Montag bis Donnerstag einen Informationsaustausch. Daher habe sein Amt seinerzeit nicht erfahren, dass der sp\u00e4tere M\u00f6rder L\u00fcbckes im September 2018 an einer gewaltt\u00e4tigen rechtsextremistischen Demonstration teilgenommen habe und ihn weiterhin als \u201eabgek\u00fchlt\u201c gef\u00fchrt.<\/p>\n<p>29. November: <b>Polizeikennzeichnung:<\/b> Das <a href=\"https:\/\/www.tagesspiegel.de\/potsdam\/brandenburg\/polizistin-scheitert-mit-verfassungsbeschwerde-brandenburger-kommissarin-muss-namensschild-an-dienstkleidung-tragen-8937040.html\">BVerfG weist die Klage einer brandenburgischen Polizistin<\/a> gegen das, seit 2013 geltende Gesetz, zum Tragen eines Namensschildes an der Uniform letztinstanzlich, als nicht ausreichend begr\u00fcndet, zur\u00fcck (https:\/\/www.tagesspiegel.de\/potsdam\/brandenburg\/polizistin-scheitert-mit-verfassungsbeschwerde-brandenburger-kommissarin-muss-namensschild-an-dienstkleidung-tragen-8937040.html) (<a href=\"http:\/\/www.bverfg.de\/e\/rk20221104_2bvr220219.html\">Az: 2 BvR 2202\/19)<\/a>.<\/p>\n<p><b>K\u00f6rperverletzung im Amt: <\/b>Das AG Bad Homburg (Hessen) stellt das <a href=\"https:\/\/www.faz.net\/aktuell\/gesellschaft\/kriminalitaet\/amtsgericht-bad-homburg-zweifel-an-vorgehen-der-polizei-18496804.html\">Verfahren gegen einen Arzt, der einen Polizisten im Gesicht verletzt hatte, gegen Zahlung von 500 EUR Schmerzensgeld ein<\/a>. Grund daf\u00fcr sind Zweifel des Gerichts, ob die Beamten bei dem Einsatz verh\u00e4ltnism\u00e4\u00dfig vorgegangen sind.<\/p>\n<p>30. November: <b>Polizist*innenmord:<\/b> Das LG Kaiserslautern verurteilt den <a href=\"https:\/\/www.faz.net\/aktuell\/gesellschaft\/kriminalitaet\/mord-an-polizisten-in-kusel-andreas-s-zu-lebenslanger-haft-verurteilt-18498420.html\">Polizist*innenm\u00f6rder von Kusel (beide Rheinland-Pfalz) zu einer lebenslangen Haftstrafe<\/a>. Der T\u00e4ter hatte im Januar zwei Polizisten erschossen, um seine Jagdwilderei zu verdecken. Die <a href=\"https:\/\/www.morgenpost.de\/vermischtes\/article237035007\/Lebenslange-Haft-fuer-Polizistenmoerder-von-Kusel.html\">Verteidigung legt Revision<\/a> ein.<\/p>\n<p>30. November. <strong>Urteil gegen Polizisten<\/strong>: Das Berliner Verwaltungsgericht hat die <a href=\"https:\/\/www.zeit.de\/news\/2022-11\/30\/gericht-polizist-wegen-cannabis-konsum-zu-recht-entlassen\">Entlassung eines Polizisten in Ausbildung<\/a> best\u00e4tigt. Im Rahmen einer betriebs\u00e4rztlichen Untersuchung wegen h\u00e4ufiger Fehlzeiten waren in einer Urinprobe Hinweise auf Cannabiskonsum festgestellt worden. Das Gericht best\u00e4tigte die Position des Dienstherrn, dass die Wirkungen von Cannabis der Aufgabenwahrnehmung als Polizist entgegenst\u00fcnden und auch die charakterliche Eignung in Zweifel st\u00fcnde.<\/p>\n<h3>Beitragsbild: &#8222;Verbinderin&#8220; und &#8222;Verbinder&#8220; bei der Polizei NRW (<a href=\"https:\/\/twitter.com\/infozentrale\/status\/1591818832338984964\">Infozentrale<\/a>).<\/h3>\n","protected":false},"excerpt":{"rendered":"<p>zusammengestellt von Otto Diederichs 1. November: Prozesse gegen Polizist*innen: Die Staatsanwaltschaft (StA) Stuttgart (Baden-W\u00fcrttemberg) erhebt<\/p>\n","protected":false},"author":2,"featured_media":20456,"comment_status":"open","ping_status":"open","sticky":false,"template":"","format":"standard","meta":{"footnotes":""},"categories":[6],"tags":[820,1094,1195],"class_list":["post-20454","post","type-post","status-publish","format-standard","has-post-thumbnail","hentry","category-chronologien","tag-justiz","tag-polizei","tag-rechtsextremismus"],"_links":{"self":[{"href":"https:\/\/wp-dev.daten.cool\/index.php?rest_route=\/wp\/v2\/posts\/20454","targetHints":{"allow":["GET"]}}],"collection":[{"href":"https:\/\/wp-dev.daten.cool\/index.php?rest_route=\/wp\/v2\/posts"}],"about":[{"href":"https:\/\/wp-dev.daten.cool\/index.php?rest_route=\/wp\/v2\/types\/post"}],"author":[{"embeddable":true,"href":"https:\/\/wp-dev.daten.cool\/index.php?rest_route=\/wp\/v2\/users\/2"}],"replies":[{"embeddable":true,"href":"https:\/\/wp-dev.daten.cool\/index.php?rest_route=%2Fwp%2Fv2%2Fcomments&post=20454"}],"version-history":[{"count":0,"href":"https:\/\/wp-dev.daten.cool\/index.php?rest_route=\/wp\/v2\/posts\/20454\/revisions"}],"wp:featuredmedia":[{"embeddable":true,"href":"https:\/\/wp-dev.daten.cool\/index.php?rest_route=\/wp\/v2\/media\/20456"}],"wp:attachment":[{"href":"https:\/\/wp-dev.daten.cool\/index.php?rest_route=%2Fwp%2Fv2%2Fmedia&parent=20454"}],"wp:term":[{"taxonomy":"category","embeddable":true,"href":"https:\/\/wp-dev.daten.cool\/index.php?rest_route=%2Fwp%2Fv2%2Fcategories&post=20454"},{"taxonomy":"post_tag","embeddable":true,"href":"https:\/\/wp-dev.daten.cool\/index.php?rest_route=%2Fwp%2Fv2%2Ftags&post=20454"}],"curies":[{"name":"wp","href":"https:\/\/api.w.org\/{rel}","templated":true}]}}