{"id":20673,"date":"2021-12-17T16:02:21","date_gmt":"2021-12-17T16:02:21","guid":{"rendered":"https:\/\/www.cilip.de\/?p=20673"},"modified":"2021-12-17T16:02:21","modified_gmt":"2021-12-17T16:02:21","slug":"schusswaffengebrauch-neu-sortiert-cilip-webseite-zu-toedlichen-polizeischuessen-ab-1976","status":"publish","type":"post","link":"https:\/\/wp-dev.daten.cool\/?p=20673","title":{"rendered":"Schusswaffengebrauch neu sortiert:\u00a0CILIP-Webseite zu t\u00f6dlichen Polizeisch\u00fcssen ab 1976"},"content":{"rendered":"<h3>von Johannes Filter und Matthias Monroy<\/h3>\n<p><strong>Auff\u00e4llig viele Menschen werden von der Polizei in ihrer eigenen Wohnung get\u00f6tet, in vielen F\u00e4llen befanden sich die Betroffenen in einer psychischen Ausnahmesituation. Fr\u00fcher trugen die Get\u00f6teten h\u00e4ufiger selbst eine Schusswaffe, heute sind es eher Stichwaffen. Diese und andere Informationen lassen sich aus einer datenjournalistischen Aufbereitung unserer j\u00e4hrlichen Todesschuss-Statistik ablesen.<\/strong><\/p>\n<p>Das gr\u00f6\u00dfte Risiko, in Deutschland von einer Polizeikugel t\u00f6dlich getroffen zu werden, besteht in Hamburg und Hessen. Insgesamt ist Berlin mit 28 Opfern die t\u00f6dlichste Stadt. Am h\u00e4ufigsten betroffen sind 25-j\u00e4hrige M\u00e4nner, gef\u00e4hrlichster Monat ist der Dezember. Auch eine H\u00e4ufung an einzelnen Wochentagen ist erkennbar, es \u00fcberwiegt der Donnerstag und der sechste Tag im Monat. Am Wochenende sterben weniger Menschen durch den polizeilichen Schusswaffengebrauch, dort f\u00e4llt ebenso die Beteiligung von Spezialeinheiten an den t\u00f6dlichen Eins\u00e4tzen deutlich geringer aus.<!--more--><\/p>\n<p>Die Schlussfolgerungen ergeben sich aus j\u00e4hrlichen Statistiken unserer Zeitschrift, die wir jetzt neu sortieren und darstellen.<a href=\"#_ftn1\" name=\"_ftnref1\">[1]<\/a> Seit 1976 z\u00e4hlt die CILIP t\u00f6dliche Polizeisch\u00fcsse und gleicht diese mit anderen Informationen ab.<a href=\"#_ftn2\" name=\"_ftnref2\">[2]<\/a> Im Auftrag der St\u00e4ndigen Konferenz der Innenminister*innen und -senator*innen der L\u00e4nder (IMK) erstellt die Deutsche Hochschule der Polizei (DHPol) eine j\u00e4hrliche Schusswaffengebrauchsstatistik, die im Fr\u00fchjahr oder sp\u00e4testens im Sommer des Folgejahres abgeschlossen und auf Anfrage herausgegeben wird.<a href=\"#_ftn3\" name=\"_ftnref3\">[3]<\/a> Neben Warnsch\u00fcssen unterscheidet die \u00dcbersicht zwischen dem Gebrauch gegen Tiere, Sachen und gegen Personen. Eine weitere Kategorie ist der unzul\u00e4ssige Schusswaffengebrauch, darunter auch gegen Unbeteiligte. Gez\u00e4hlt werden schlie\u00dflich auch Verletzte und Tote.<\/p>\n<p>Seit dem Fall der Mauer wurden 307 Menschen von der deutschen Polizei erschossen, von 1976 bis 1990 z\u00e4hlen wir weitere 146 Opfer in Westdeutschland. Mit unserer neuen \u00dcbersicht k\u00f6nnen wir die These st\u00fctzen, dass eine betr\u00e4chtliche Zahl von psychisch beeintr\u00e4chtigten Menschen Opfer von Polizeisch\u00fcssen werden. In rund einem F\u00fcnftel aller F\u00e4lle finden wir entsprechende Hinweise; viele der Betroffenen werden dabei in ihrer eigenen Wohnung get\u00f6tet, etwa wenn sie als Reaktion auf das polizeiliche Eindringen oder im Gef\u00fchl des Bedrohtseins pl\u00f6tzlich zu einem Messer greifen. In einer Mehrzahl der F\u00e4lle ist das polizeiliche Gegen\u00fcber bewaffnet, heutzutage allerdings eher mit einer Stich- und seltener mit einer Schusswaffe. Sichtbar wird auch, dass im letzten Jahrhundert h\u00e4ufiger bei Bank\u00fcberf\u00e4llen geschossen wurde.<\/p>\n<p>Wir z\u00e4hlen alle F\u00e4lle, in denen Menschen durch eine Polizeikugel gestorben sind. Aufgef\u00fchrt ist jedoch nur die dienstliche Verwendung der Waffen. Deshalb beziehen wir die zahlreichen \u201eerweiterten Suizide\u201c, in denen Polizisten zuvor Partnerinnen oder Angeh\u00f6rige t\u00f6ten, nicht ein. Ebenfalls nicht gez\u00e4hlt sind Situationen, in denen dies au\u00dferhalb des Dienstes erfolgt. Dies betrifft mindestens zwei F\u00e4lle von 1986 und 1995, in denen Polizisten zur Aushilfe an einer Tankstelle arbeiteten und bei einem \u00dcberfall ihre Dienstwaffe eingesetzt haben.<\/p>\n<p>Die Todessch\u00fcsse recherchiert unser Redakteur Otto Diederichs gew\u00f6hnlich in der Presse. Fr\u00fcher erfolgte dies durch die Sichtung von gedruckten Tageszeitungen, heute ausschlie\u00dflich im Internet. Die Medienberichte sind mit Vorsicht zu genie\u00dfen, denn oft \u00fcberwiegt darin die Darstellung und mithin die Sichtweise der Polizei.<\/p>\n<p>Weitere Details erfragen wir anschlie\u00dfend bei den zust\u00e4ndigen Polizeibeh\u00f6rden oder Staatsanwaltschaften. Manchmal m\u00fcssen wir dann F\u00e4lle erg\u00e4nzen, die uns nicht bekannt wurden. Mitunter korrigieren wir unsere Z\u00e4hlung auch, etwa wenn die von uns gez\u00e4hlten Todessch\u00fcsse lediglich zu einer schweren Verletzung gef\u00fchrt haben. Einige F\u00e4lle haben wir wom\u00f6glich auch nicht korrekt dargestellt, z.\u00a0B. wenn in sp\u00e4teren Untersuchungen neue Sachverhalte bekannt wurden.<\/p>\n<p>Diskrepanzen zur polizeilichen Z\u00e4hlung ergeben sich, wenn die staatsanwaltlichen Ermittlungen zur Todesursache nach einem Schusswaffengebrauch nicht abgeschlossen sind. Dann werden die F\u00e4lle als \u201eoffen\u201c bewertet, sie tauchen also in der offiziellen Jahresstatistik nicht als \u201eTote\u201c auf. Dies hat die DHPol erst ab 2014 mit der neuen Rubrik \u201enoch nicht klassifizierte F\u00e4lle (Folgen)\u201c ber\u00fccksichtigt.<\/p>\n<p>F\u00fcr die Visualisierung haben wir die F\u00e4lle nach Hinweisen auf eine psychische Ausnahmesituation der Opfer durchsucht und markiert. Uns haben auch Schussabgaben innerhalb und au\u00dferhalb von Geb\u00e4uden interessiert, nicht immer lie\u00df sich dies jedoch rekonstruieren.<\/p>\n<p>Unsere Fallbeschreibungen sind erst mit den Jahren umfangreicher geworden. So bleibt etwa das Geschlecht der Get\u00f6teten bis zum Jahr 1982 h\u00e4ufig offen. In der neuen \u00dcbersicht haben wir ab der Jahrtausendwende Online-Quellen nachgetragen. Nachweise zu den fr\u00fcheren Ereignissen finden sich in unserem Zeitungsarchiv, in das wir auf Anfrage gern Einblick gew\u00e4hren.<\/p>\n<h4>Tod durch Taser<\/h4>\n<p>Seit 2021 sammeln wir auch Todesf\u00e4lle durch den polizeilichen Einsatz von Tasern (technisch \u201eElektroimpuls-Distanzwaffen\u201c). Bis vor einigen Jahren waren lediglich Spezialeinheiten damit ausger\u00fcstet. In einigen Bundesl\u00e4ndern ist dies bereits auf \u201egeschlossenen Einheiten\u201c der Landespolizei ausgeweitet (Bayern), in anderen geh\u00f6ren die Ger\u00e4te zur \u201eGrundausstattung\u201c mehrerer Polizeipr\u00e4sidien (Nordrhein-Westfalen, Hessen, Saarland). In Rheinland-Pfalz hat angeblich \u201ejeder Streifenwagen\u201c einen Taser an Bord.<a href=\"#_ftn4\" name=\"_ftnref4\">[4]<\/a><\/p>\n<p>Die Taser-Statistik stellen wir gesondert dar, denn die Elektroschocks f\u00fchren zu deutlich anderen Todesursachen als Munition aus Schusswaffen. Die Opfer sterben an Herz- oder Kreislaufstillstand, Organversagen oder sie ersticken an Erbrochenem. Unsere Liste zeigt, dass bislang fast alle Opfer innerhalb von Geb\u00e4uden getasert werden. Bei allen Get\u00f6teten lassen die Presseberichte auf eine psychische Ausnahmesituation bzw. Drogenkonsum schlie\u00dfen.<\/p>\n<h6><a href=\"#_ftnref1\" name=\"_ftn1\">[1]<\/a>\u00a0\u00a0 <a href=\"https:\/\/polizeischuesse.cilip.de\">https:\/\/polizeischuesse.cilip.de<\/a><\/h6>\n<h6><a href=\"#_ftnref2\" name=\"_ftn2\">[2]<\/a>\u00a0\u00a0 vgl. <a href=\"http:\/\/www.cilip.de\/category\/polizeiliche-todesschuesse\">www.cilip.de\/category\/polizeiliche-todesschuesse<\/a>. 2017 haben Erik Peter und Svenja Bednarczyk in der taz eigene Recherchen zu unserer Sammlung angestellt (<a href=\"https:\/\/web.archive.org\/web\/20210129215547\/https:\/taz.atavist.com\/polizeitote\">https:\/\/web.archive.org\/web\/20210129215547\/https:\/taz.atavist.com\/polizeitote<\/a>). Auch Clemens Lorei dokumentiert den polizeilichen Schusswaffengebrauch in Deutschland auf seiner Webseite (<a href=\"http:\/\/schusswaffeneinsatz.de\">http:\/\/schusswaffeneinsatz.de<\/a>) und beruft sich dabei oft auf die CILIP. Die Kampagne \u201eDeath in Custody\u201c (<a href=\"https:\/\/doku.deathincustody.info\">https:\/\/doku.deathincustody.info<\/a>) sammelt zudem Informationen zu Todesf\u00e4llen von Schwarzen Menschen, People of Color und von Rassismus betroffenen Personen in Gewahrsam sowie durch Polizeigewalt im Allgemeinen.<\/h6>\n<h6><a href=\"#_ftnref3\" name=\"_ftn3\">[3]<\/a> \u00a0 <a href=\"https:\/\/polizeischuesse.cilip.de\/statistik\">https:\/\/polizeischuesse.cilip.de\/statistik<\/a><\/h6>\n<h6><a href=\"#_ftnref4\" name=\"_ftn4\">[4]<\/a> \u00a0 Zur Einf\u00fchrung von Tasern bei deutschen Polizeien siehe den Artikel von Volker Eick in diesem Heft, S. 26.<\/h6>\n","protected":false},"excerpt":{"rendered":"<p>von Johannes Filter und Matthias Monroy Auff\u00e4llig viele Menschen werden von der Polizei in ihrer<\/p>\n","protected":false},"author":2,"featured_media":0,"comment_status":"open","ping_status":"open","sticky":false,"template":"","format":"standard","meta":{"footnotes":""},"categories":[152,131],"tags":[774,820,1094,1437],"class_list":["post-20673","post","type-post","status-publish","format-standard","hentry","category-artikel","category-cilip-127","tag-innenministerkonferenz","tag-justiz","tag-polizei","tag-todesschuesse"],"_links":{"self":[{"href":"https:\/\/wp-dev.daten.cool\/index.php?rest_route=\/wp\/v2\/posts\/20673","targetHints":{"allow":["GET"]}}],"collection":[{"href":"https:\/\/wp-dev.daten.cool\/index.php?rest_route=\/wp\/v2\/posts"}],"about":[{"href":"https:\/\/wp-dev.daten.cool\/index.php?rest_route=\/wp\/v2\/types\/post"}],"author":[{"embeddable":true,"href":"https:\/\/wp-dev.daten.cool\/index.php?rest_route=\/wp\/v2\/users\/2"}],"replies":[{"embeddable":true,"href":"https:\/\/wp-dev.daten.cool\/index.php?rest_route=%2Fwp%2Fv2%2Fcomments&post=20673"}],"version-history":[{"count":0,"href":"https:\/\/wp-dev.daten.cool\/index.php?rest_route=\/wp\/v2\/posts\/20673\/revisions"}],"wp:attachment":[{"href":"https:\/\/wp-dev.daten.cool\/index.php?rest_route=%2Fwp%2Fv2%2Fmedia&parent=20673"}],"wp:term":[{"taxonomy":"category","embeddable":true,"href":"https:\/\/wp-dev.daten.cool\/index.php?rest_route=%2Fwp%2Fv2%2Fcategories&post=20673"},{"taxonomy":"post_tag","embeddable":true,"href":"https:\/\/wp-dev.daten.cool\/index.php?rest_route=%2Fwp%2Fv2%2Ftags&post=20673"}],"curies":[{"name":"wp","href":"https:\/\/api.w.org\/{rel}","templated":true}]}}