{"id":20720,"date":"2023-02-18T14:20:24","date_gmt":"2023-02-18T14:20:24","guid":{"rendered":"https:\/\/www.cilip.de\/?p=20720"},"modified":"2023-02-18T14:20:24","modified_gmt":"2023-02-18T14:20:24","slug":"razzia-bei-radio-dreyeckland","status":"publish","type":"post","link":"https:\/\/wp-dev.daten.cool\/?p=20720","title":{"rendered":"Razzia bei \u201eRadio Dreyeckland\u201c"},"content":{"rendered":"<p>Die Polizei hat am 17. Januar das \u201eRadio Dreyeckland\u201c in Freiburg durchsucht und dabei mehrere Durchsuchungsbeschl\u00fcsse der Staatsanwaltschaft Karlsruhe vollstreckt.<a href=\"#_ftn1\" name=\"_ftnref1\">[1]<\/a>\u00a0 Zehn Beamt*innen durchsuchten dabei die Redaktionsr\u00e4ume des \u00e4ltesten deutschen Freien Radios, au\u00dferdem die Wohnsitze von zwei Redakteuren. Dort wurden unter anderem USB-Sticks und Mobiltelefone beschlagnahmt. Hintergrund ist ein Ermittlungsverfahren wegen des \u201eVerdachts eines Versto\u00dfes gegen ein Vereinigungsverbot\u201c. Die Webseite des Rundfunkkollektivs hatte einen Artikel ver\u00f6ffentlicht, der auf \u201eLinksunten Indymedia\u201c verlinkt. Darin wurde \u00fcber die Einstellung des Ermittlungsverfahrens wegen \u201eBildung einer kriminellen Vereinigung\u201c gegen \u201eLinksunten\u201c berichtet. Die Internetplattform war 2017 vom damaligen Bundesinnenminister Thomas de Maizi\u00e8re (CDU) nach dem Vereinsgesetz verboten worden, da sich ihr Zweck und ihre T\u00e4tigkeiten \u201egegen die verfassungsm\u00e4\u00dfige Ordnung richteten\u201c.<!--more--><\/p>\n<p>Nachdem sich ein Redakteur als Autor des Artikels outete und den daf\u00fcr genutzten Laptop \u00fcbergab, zogen die Beamt*innen wieder ab. Der Betroffene wertet dies als Erpressung und einen \u201ebeispiellosen Eingriff in das Redaktionsgeheimnis\u201c. Zahlreiche Kontakte zu Quellen des langj\u00e4hrigen Journalisten befinden sich nun in den H\u00e4nden der Polizei, allerdings auf einem verschl\u00fcsselten Ger\u00e4t. Auch der Rechner eines Gesch\u00e4ftsf\u00fchrers wurde beschlagnahmt, die darauf befindlichen Daten waren nicht verschl\u00fcsselt. Ein anderer Gesch\u00e4ftsf\u00fchrer kritisiert die Durchsuchung als Angriff auf das Redaktionsgeheimnis und den Informantenschutz. Die Polizei habe nicht wie vorgeschrieben vor einer Durchsuchung mildere Mittel gew\u00e4hlt.<\/p>\n<p>Au\u00dferdem habe die Staatsanwaltschaft eine Anfrage an den Hoster der Webseite des Radios gestellt und darin die Herausgabe von IP-Adressen aller Besucher*innen verlangt, erkl\u00e4rte ein Techniker. Das als Rechtfertigung angef\u00fchrte Telemediengesetz erlaube eine solche Anfrage aber nur zu Bestandsdaten.<\/p>\n<h6><a href=\"#_ftnref1\" name=\"_ftn1\">[1]<\/a> \u00a0 Pressemitteilung Polizeipr\u00e4sidium Freiburg v. 17.1.2023<\/h6>\n","protected":false},"excerpt":{"rendered":"<p>Die Polizei hat am 17. Januar das \u201eRadio Dreyeckland\u201c in Freiburg durchsucht und dabei mehrere<\/p>\n","protected":false},"author":3,"featured_media":0,"comment_status":"open","ping_status":"open","sticky":false,"template":"","format":"standard","meta":{"footnotes":""},"categories":[135,146],"tags":[],"class_list":["post-20720","post","type-post","status-publish","format-standard","hentry","category-cilip-131","category-meldungen-inland"],"_links":{"self":[{"href":"https:\/\/wp-dev.daten.cool\/index.php?rest_route=\/wp\/v2\/posts\/20720","targetHints":{"allow":["GET"]}}],"collection":[{"href":"https:\/\/wp-dev.daten.cool\/index.php?rest_route=\/wp\/v2\/posts"}],"about":[{"href":"https:\/\/wp-dev.daten.cool\/index.php?rest_route=\/wp\/v2\/types\/post"}],"author":[{"embeddable":true,"href":"https:\/\/wp-dev.daten.cool\/index.php?rest_route=\/wp\/v2\/users\/3"}],"replies":[{"embeddable":true,"href":"https:\/\/wp-dev.daten.cool\/index.php?rest_route=%2Fwp%2Fv2%2Fcomments&post=20720"}],"version-history":[{"count":0,"href":"https:\/\/wp-dev.daten.cool\/index.php?rest_route=\/wp\/v2\/posts\/20720\/revisions"}],"wp:attachment":[{"href":"https:\/\/wp-dev.daten.cool\/index.php?rest_route=%2Fwp%2Fv2%2Fmedia&parent=20720"}],"wp:term":[{"taxonomy":"category","embeddable":true,"href":"https:\/\/wp-dev.daten.cool\/index.php?rest_route=%2Fwp%2Fv2%2Fcategories&post=20720"},{"taxonomy":"post_tag","embeddable":true,"href":"https:\/\/wp-dev.daten.cool\/index.php?rest_route=%2Fwp%2Fv2%2Ftags&post=20720"}],"curies":[{"name":"wp","href":"https:\/\/api.w.org\/{rel}","templated":true}]}}