{"id":20726,"date":"2023-02-22T14:23:16","date_gmt":"2023-02-22T14:23:16","guid":{"rendered":"https:\/\/www.cilip.de\/?p=20726"},"modified":"2023-02-22T14:23:16","modified_gmt":"2023-02-22T14:23:16","slug":"grimheden-will-mehr-frontex-in-problemstaaten","status":"publish","type":"post","link":"https:\/\/wp-dev.daten.cool\/?p=20726","title":{"rendered":"Grimheden will mehr Frontex in Problemstaaten"},"content":{"rendered":"<p>Der Grundrechtsbeauftragte bei Frontex schl\u00e4gt vor, den Artikel 46 der Frontex-Verordnung \u201eumzukehren\u201c: Kommt es in einem Gaststaat zu Men\u00adschenrechtsverletzungen, soll Frontex demnach mehr und nicht weniger Personal dorthin entsenden, erkl\u00e4rt der aus Schweden stammende Jonas Grimheden auf Anfrage. Die Agentur komme mit Beamt*innen aus anderen L\u00e4ndern als jenem, in dem die Verst\u00f6\u00dfe passierten, erl\u00e4utert er die Vorteile seiner Idee. Sie seien daher unabh\u00e4ngiger von dortigen nationalen Interessen. W\u00fcrden Eins\u00e4tze beendet, fehle es an einer \u201eHebelwirkung\u201c, so der Beauftragte, der das Amt vor 18 Monaten \u00fcbernommen hat.<!--more--><\/p>\n<p>Der Artikel 46 erm\u00f6glicht den R\u00fcckzug aus Missionen in einem Gaststaat, \u201ewenn die Voraussetzungen f\u00fcr ihre Durchf\u00fchrung nicht mehr gegeben sind\u201c. Die Entscheidung dar\u00fcber obliegt allein dem Direktor der Agentur. Zu den m\u00f6glichen Anl\u00e4ssen nennt die Verordnung die Zahl registrierter Beschwerden, interne Berichte \u00fcber \u201eschwerwiegende Vorf\u00e4lle\u201c oder Meldungen von \u201eeinschl\u00e4gigen internationalen Organisationen\u201c.<\/p>\n<p>Besonders der Frontex-Einsatz in Griechenland ist umstritten. Im vergangenen Sommer forderten sieben auf Samos t\u00e4tige Nichtregierungsorganisationen den Abzug.<a href=\"#_ftn1\" name=\"_ftnref1\">[1]<\/a> Sogar Grimheden selbst soll im vergangenen Jahr in Vierteljahresberichten angeregt haben, die T\u00e4tigkeit in dem Land einzustellen, weil griechische Grenzschutzbeamt*innen immer wieder \u00dcbergriffe begangen h\u00e4tten. Das gehe aus vertraulichen Dokumenten hervor, berichtet die New York Times.<a href=\"#_ftn2\" name=\"_ftnref2\">[2]<\/a> Demnach habe Grimheden \u201eglaubw\u00fcrdige Berichte\u201c gesammelt, wonach griechische Beh\u00f6rden Gefl\u00fcchtete systematisch sowohl an den See- als auch an den Landgrenzen abweisen, ihnen den Zugang zu internationalem Schutz verweigern, Kinder von ihren Eltern trennen und die Betroffenen \u201eerniedrigend\u201c behandeln.<\/p>\n<p>Der neue Frontex-Chef Hans Leijtens h\u00e4lt jedoch an der Pr\u00e4senz in Griechenland fest. Bei seiner Vorstellung im Europaparlament Ende November hatte der niederl\u00e4ndische Gendarm noch erkl\u00e4rt, den Artikel 46 auszul\u00f6sen, wenn dies \u201en\u00f6tig\u201c sei. Welche Umst\u00e4nde daf\u00fcr gegeben sein m\u00fcssten, f\u00fchrte er aber nicht aus.<\/p>\n<h6><a href=\"#_ftnref1\" name=\"_ftn1\">[1]<\/a> \u00a0 <a href=\"https:\/\/ihaverights.eu\/wp-content\/uploads\/2022\/07\/Article-46-Samos-Human-Rights-Defenders-Letter-of-Concern.pdf\">https:\/\/ihaverights.eu\/wp-content\/uploads\/2022\/07\/Article-46-Samos-Human-Rights-Defenders-Letter-of-Concern.pdf<\/a><\/h6>\n<h6><a href=\"#_ftnref2\" name=\"_ftn2\">[2]<\/a> \u00a0 Greece Border Abuses Highlight Europe\u2019s Clashing Priorities on Migration, New York Times v. 14.2.2023<\/h6>\n","protected":false},"excerpt":{"rendered":"<p>Der Grundrechtsbeauftragte bei Frontex schl\u00e4gt vor, den Artikel 46 der Frontex-Verordnung \u201eumzukehren\u201c: Kommt es in<\/p>\n","protected":false},"author":3,"featured_media":0,"comment_status":"open","ping_status":"open","sticky":false,"template":"","format":"standard","meta":{"footnotes":""},"categories":[135,145],"tags":[],"class_list":["post-20726","post","type-post","status-publish","format-standard","hentry","category-cilip-131","category-meldungen-europa"],"_links":{"self":[{"href":"https:\/\/wp-dev.daten.cool\/index.php?rest_route=\/wp\/v2\/posts\/20726","targetHints":{"allow":["GET"]}}],"collection":[{"href":"https:\/\/wp-dev.daten.cool\/index.php?rest_route=\/wp\/v2\/posts"}],"about":[{"href":"https:\/\/wp-dev.daten.cool\/index.php?rest_route=\/wp\/v2\/types\/post"}],"author":[{"embeddable":true,"href":"https:\/\/wp-dev.daten.cool\/index.php?rest_route=\/wp\/v2\/users\/3"}],"replies":[{"embeddable":true,"href":"https:\/\/wp-dev.daten.cool\/index.php?rest_route=%2Fwp%2Fv2%2Fcomments&post=20726"}],"version-history":[{"count":0,"href":"https:\/\/wp-dev.daten.cool\/index.php?rest_route=\/wp\/v2\/posts\/20726\/revisions"}],"wp:attachment":[{"href":"https:\/\/wp-dev.daten.cool\/index.php?rest_route=%2Fwp%2Fv2%2Fmedia&parent=20726"}],"wp:term":[{"taxonomy":"category","embeddable":true,"href":"https:\/\/wp-dev.daten.cool\/index.php?rest_route=%2Fwp%2Fv2%2Fcategories&post=20726"},{"taxonomy":"post_tag","embeddable":true,"href":"https:\/\/wp-dev.daten.cool\/index.php?rest_route=%2Fwp%2Fv2%2Ftags&post=20726"}],"curies":[{"name":"wp","href":"https:\/\/api.w.org\/{rel}","templated":true}]}}