{"id":2098,"date":"1999-08-20T13:09:38","date_gmt":"1999-08-20T13:09:38","guid":{"rendered":"http:\/\/www.cilip.de\/?p=2098"},"modified":"1999-08-20T13:09:38","modified_gmt":"1999-08-20T13:09:38","slug":"redaktionelle-vorbemerkung-2","status":"publish","type":"post","link":"https:\/\/wp-dev.daten.cool\/?p=2098","title":{"rendered":"Redaktionelle Vorbemerkung"},"content":{"rendered":"<h3>von Heiner Busch<\/h3>\n<p>\u201eSchily nennt Situation \u201asehr bedenklich\u2018\u201c, hei\u00dft es im Untertitel eines Artikels der S\u00fcddeutschen Zeitung vom 26. Mai dieses Jahres. Der Innenminister stellt gerade die Polizeiliche Kriminalstatistik (PKS) f\u00fcr das vergangene Jahr vor und h\u00e4tte eigentlich Grund zur Freude. Die Zahl der gemeldeten und von der Polizei erfa\u00dften Delikte ist zur\u00fcckgegangen, die Aufkl\u00e4rungsquote ist die h\u00f6chste seit 1966. Statt eines freude-strahlenden blickt uns aber ein sehr bedenklich dreinschauender Minister von der Zeitungsseite entgegen.<\/p>\n<p>Schily hat die Jugendkriminalit\u00e4t wieder entdeckt und will deshalb trotz der \u201epositiven Entwicklung\u201c nicht von einer Entspannung der Lage sprechen. Das Ritual der PKS-Vorstellung, das die Innenminister des Bundes und der L\u00e4nder j\u00e4hrlich begehen, darf nicht getr\u00fcbt werden. Zu diesem Ritual geh\u00f6rt es aber, da\u00df zumindest irgendetwas an der \u201eLage\u201c nicht entspannt ist. Jugend in ihren diversen Auspr\u00e4gungen hat sich f\u00fcr dieses Fehlen der Entspannung immer wieder geeignet.<!--more--><\/p>\n<p>Selbst junge Leute werden sich, wenn sie die eigene Lebenszeit \u00fcberblicken, an eine ganze Reihe von Phasen erinnern, in denen \u201edie\u201c Jugend und \u201eihre\u201c Kriminalit\u00e4t, \u201eihre\u201c Gewalt Konjunktur hatten \u2013 sei es, da\u00df es sich um politische Bewegungen handelte, die als Jugendph\u00e4nomen veranschlagt wurden, sei es, da\u00df es sich nur um die scheinbar rein kriminellen Angelegenheiten handelte. Die \u201eJugend\u201c geh\u00f6rt ohne Zweifel zum Hauptthema der Kriminologie. Grund zur Besorgnis gab es immer. Und die Labels der Gewalt und Kriminalit\u00e4t eignen sich hervorragend dazu, den politischen Charakter von Bewegungen abzutun. Bei rechten Skinheads f\u00e4llt vor allem ihre Jugendlichkeit auf und nicht, da\u00df sie der verl\u00e4ngerte Arm einer repressiven Migrations- und Asylpolitik sind, die die Parole \u201eAusl\u00e4nder raus\u201c in b\u00fcrokratisch-vornehmere Ausdr\u00fccke kleidet. Auf die Forderungen linker junger Leute wird ohnehin nicht eingegangen.<\/p>\n<p>Das hier vorliegende Heft soll nicht die kriminologischen Bibliotheken \u00fcber Jugend erweitern. Unser Ziel ist es, einerseits noch einmal aufzukl\u00e4ren und Jugend und Jugendkriminalit\u00e4t als Konstruktionen darzustellen (was manche f\u00fcr Abwiegelei halten werden). Zum anderen geht es um die Konzepte und organisatorischen Modelle, mit denen die Polizei die realen Jugendlichen bearbeitet.<\/p>\n<p>Glaubt man der Polizei, so sind ihre Vorgehensweisen vor allem \u201epr\u00e4ventiv\u201c und scheinen mehr denn je jenen zu \u00e4hneln, die auch die Sozialarbeit f\u00fcr sich in Anspruch nimmt. Tats\u00e4chlich wird jedoch deutlich, da\u00df die polizeiliche Pr\u00e4vention in hohem Ma\u00dfe repressiv ist, da\u00df sie von Platzverweisen bis hin zu umfassenden Datensammlungen reicht, da\u00df Konzepte der \u201et\u00e4terorientierten\u201c Bearbeitung angewendet werden, die bisher vor allem als R\u00fcstzeug im Kampf gegen die \u201eorganisierte Kriminalit\u00e4t\u201c dienten, und da\u00df die Sozialarbeit bei dem wieder aufgelegten Pr\u00e4ventionsjargon gegen\u00fcber der Polizei schnell den K\u00fcrzeren zieht.<\/p>\n<p>Um Pr\u00e4vention wird es auch im n\u00e4chsten Heft gehen, genauer um \u201ekommunale Kriminalpr\u00e4vention\u201c, um das, was andernorts als \u201eCommunity Policing\u201c verkauft wird.<\/p>\n<p>Noch zwei Bemerkungen in eigener Sache: Gerade erschienen ist eine CD-ROM unseres Providers IPN. Neben acht anderen Zeitschriften enth\u00e4lt \u201eInfoLinks \u2013 Die Archiv CD-ROM\u201c alle CILIP-Hefte von 1995 bis Heft 1\/1999 im Volltext. Einzelheiten zu Umfang und Bezugsbedingungen k\u00f6nnen der Anzeige auf der hinteren Umschlagseite entnommen werden. Seit einigen Monaten gibt es auch ein aktuelles und komplettes CILIP-Register auf unserer Homepage: http:\/\/www.cilip.de\/suche\/suche.shtml<\/p>\n<h5>Heiner Busch ist Redakteur und Mitherausgeber von B\u00fcrgerrechte &amp; Polizei\/CILIP.<\/h5>\n","protected":false},"excerpt":{"rendered":"<p>von Heiner Busch \u201eSchily nennt Situation \u201asehr bedenklich\u2018\u201c, hei\u00dft es im Untertitel eines Artikels der<\/p>\n","protected":false},"author":2,"featured_media":0,"comment_status":"open","ping_status":"open","sticky":false,"template":"","format":"standard","meta":{"footnotes":""},"categories":[69,141],"tags":[],"class_list":["post-2098","post","type-post","status-publish","format-standard","hentry","category-cilip-63","category-editorials"],"_links":{"self":[{"href":"https:\/\/wp-dev.daten.cool\/index.php?rest_route=\/wp\/v2\/posts\/2098","targetHints":{"allow":["GET"]}}],"collection":[{"href":"https:\/\/wp-dev.daten.cool\/index.php?rest_route=\/wp\/v2\/posts"}],"about":[{"href":"https:\/\/wp-dev.daten.cool\/index.php?rest_route=\/wp\/v2\/types\/post"}],"author":[{"embeddable":true,"href":"https:\/\/wp-dev.daten.cool\/index.php?rest_route=\/wp\/v2\/users\/2"}],"replies":[{"embeddable":true,"href":"https:\/\/wp-dev.daten.cool\/index.php?rest_route=%2Fwp%2Fv2%2Fcomments&post=2098"}],"version-history":[{"count":0,"href":"https:\/\/wp-dev.daten.cool\/index.php?rest_route=\/wp\/v2\/posts\/2098\/revisions"}],"wp:attachment":[{"href":"https:\/\/wp-dev.daten.cool\/index.php?rest_route=%2Fwp%2Fv2%2Fmedia&parent=2098"}],"wp:term":[{"taxonomy":"category","embeddable":true,"href":"https:\/\/wp-dev.daten.cool\/index.php?rest_route=%2Fwp%2Fv2%2Fcategories&post=2098"},{"taxonomy":"post_tag","embeddable":true,"href":"https:\/\/wp-dev.daten.cool\/index.php?rest_route=%2Fwp%2Fv2%2Ftags&post=2098"}],"curies":[{"name":"wp","href":"https:\/\/api.w.org\/{rel}","templated":true}]}}