{"id":21004,"date":"2023-07-05T19:26:25","date_gmt":"2023-07-05T19:26:25","guid":{"rendered":"https:\/\/www.cilip.de\/?p=21004"},"modified":"2023-07-05T19:26:25","modified_gmt":"2023-07-05T19:26:25","slug":"europol-kriminalisiert-anti-frontex-kampagne","status":"publish","type":"post","link":"https:\/\/wp-dev.daten.cool\/?p=21004","title":{"rendered":"Europol kriminalisiert Anti-Frontex-Kampagne"},"content":{"rendered":"<p>In ihrem j\u00e4hrlichen \u201eBericht \u00fcber die Lage und Entwicklung des Terrorismus in der Europ\u00e4ischen Union\u201c (TE-SAT) listet Europol terroristische Vorf\u00e4lle in den 27 Mitgliedstaaten und damit im Zusammenhang stehende Verhaftungen.<a href=\"#_ftn1\" name=\"_ftnref1\">[1]<\/a> Wie Europol schreibt, erw\u00e4hnt der Bericht aber auch \u201egewaltt\u00e4tige extremistische Vorf\u00e4lle, Handlungen und Aktivit\u00e4ten\u201c sowie entsprechende \u201eNetzwerke\u201c. Im aktuellen TE-SAT wird hierzu unter anderem \u201eAbolish Frontex\u201c genannt. Dieser internationale Zusammenschluss arbeitet zur EU-Migrationsabwehr und besteht derzeit aus 132 Gruppen und Organisationen, darunter aus der Seenotrettung oder Rechtsberatung, sowie der Selbstorganisation von Gefl\u00fcchteten.\u00a0Auch eine \u201eNo-Border-Bewegung\u201c wird erw\u00e4hnt. Deren Anh\u00e4nger*innen bezeichnet Europol als \u201eExtremisten\u201c, die \u201eNarrative zur Unterst\u00fctzung ihrer eigenen Vorstellungen \u00fcber Migration\u201c entwickelten. Dabei werde vor allem die Grenzagentur Frontex \u201eals Feindbild gesehen\u201c. Au\u00dferdem z\u00e4hlt Europol ein Grenzcamp vom August 2022 in Rotterdam zu den Netzwerken, die linken Terrorismus beg\u00fcnstigten.<!--more--><\/p>\n<p>In dem Bericht widmet sich Europol auch terroristischen Bedrohungen in den Kategorien rechts, dschihadistisch, ethno-nationalistisch oder separatistisch. In allen Bereichen z\u00e4hlt die Polizeiagentur f\u00fcr 2022 insgesamt 28 abgeschlossene oder gescheiterte Anschl\u00e4ge, viele davon mit Brands\u00e4tzen. Unter diesen geplanten oder vollendeten Taten seien 16 dem \u201elinken und anarchistischen Terrorismus\u201c zuzuordnen, zwei dem dschihadistischen Terrorismus und einer dem Rechtsterrorismus. 2022 seien vier Todesopfer zu beklagen gewesen, von denen zwei auf dschihadistisch motivierte Taten in Belgien und Frankreich sowie zwei auf einen rechtsextremen Terroranschlag in der Slowakei zur\u00fcckzuf\u00fchren seien.<\/p>\n<p>Europol recherchiert die Eintr\u00e4ge f\u00fcr den TE-SAT nicht selbst. Meldungen dazu kommen aus den EU-Staaten, diese sind auch f\u00fcr die mitunter nicht nachvollziehbare Kategorisierung verantwortlich. Deutsche Stellen halten etwa die Ermordung des Politikers Walter L\u00fcbcke und den Angriff auf eine Synagoge in Halle in 2019 nicht f\u00fcr Terrorismus, da es sich in beiden F\u00e4llen um einzelne T\u00e4ter gehandelt habe.<a href=\"#_ftn2\" name=\"_ftnref2\">[2]<\/a><\/p>\n<h6><a href=\"#_ftnref1\" name=\"_ftn1\">[1]<\/a> \u00a0 <a href=\"http:\/\/www.europol.europa.eu\/publication-events\/main-reports\/european-union-terrorism-situation-and-trend-report-2023-te-sat\">www.europol.europa.eu\/publication-events\/main-reports\/european-union-terrorism-situation-and-trend-report-2023-te-sat<\/a><\/h6>\n<h6><a href=\"#_ftnref2\" name=\"_ftn2\">[2]<\/a> \u00a0 <a href=\"http:\/\/www.europol.europa.eu\/publications-events\/main-reports\/european-union-terrorism-situation-and-trend-report-te-sat-2020\">www.europol.europa.eu\/publications-events\/main-reports\/european-union-terrorism-situation-and-trend-report-te-sat-2020<\/a><\/h6>\n","protected":false},"excerpt":{"rendered":"<p>In ihrem j\u00e4hrlichen \u201eBericht \u00fcber die Lage und Entwicklung des Terrorismus in der Europ\u00e4ischen Union\u201c<\/p>\n","protected":false},"author":3,"featured_media":0,"comment_status":"open","ping_status":"open","sticky":false,"template":"","format":"standard","meta":{"footnotes":""},"categories":[136,145],"tags":[],"class_list":["post-21004","post","type-post","status-publish","format-standard","hentry","category-cilip-132","category-meldungen-europa"],"_links":{"self":[{"href":"https:\/\/wp-dev.daten.cool\/index.php?rest_route=\/wp\/v2\/posts\/21004","targetHints":{"allow":["GET"]}}],"collection":[{"href":"https:\/\/wp-dev.daten.cool\/index.php?rest_route=\/wp\/v2\/posts"}],"about":[{"href":"https:\/\/wp-dev.daten.cool\/index.php?rest_route=\/wp\/v2\/types\/post"}],"author":[{"embeddable":true,"href":"https:\/\/wp-dev.daten.cool\/index.php?rest_route=\/wp\/v2\/users\/3"}],"replies":[{"embeddable":true,"href":"https:\/\/wp-dev.daten.cool\/index.php?rest_route=%2Fwp%2Fv2%2Fcomments&post=21004"}],"version-history":[{"count":0,"href":"https:\/\/wp-dev.daten.cool\/index.php?rest_route=\/wp\/v2\/posts\/21004\/revisions"}],"wp:attachment":[{"href":"https:\/\/wp-dev.daten.cool\/index.php?rest_route=%2Fwp%2Fv2%2Fmedia&parent=21004"}],"wp:term":[{"taxonomy":"category","embeddable":true,"href":"https:\/\/wp-dev.daten.cool\/index.php?rest_route=%2Fwp%2Fv2%2Fcategories&post=21004"},{"taxonomy":"post_tag","embeddable":true,"href":"https:\/\/wp-dev.daten.cool\/index.php?rest_route=%2Fwp%2Fv2%2Ftags&post=21004"}],"curies":[{"name":"wp","href":"https:\/\/api.w.org\/{rel}","templated":true}]}}