{"id":21328,"date":"2023-11-11T13:43:29","date_gmt":"2023-11-11T13:43:29","guid":{"rendered":"https:\/\/www.cilip.de\/?p=21328"},"modified":"2023-11-11T13:43:29","modified_gmt":"2023-11-11T13:43:29","slug":"bundestagspolizei-erhaelt-eigenes-polizeigesetz","status":"publish","type":"post","link":"https:\/\/wp-dev.daten.cool\/?p=21328","title":{"rendered":"Bundestagspolizei erh\u00e4lt eigenes Polizeigesetz"},"content":{"rendered":"<p>Im Konzert der Polizeibeh\u00f6rden in Deutschland f\u00fchrt eine ein etwas abseitiges und fast unbemerktes Dasein: die Polizei des Deutschen Bundestages. Sie hat die Sicherung des Bundestages, seiner Geb\u00e4ude und des Parlamentsbetriebs zur Aufgabe. Schon vor Jahren wurden die eher unauff\u00e4lligen dunkelblauen Jacken mit der Aufschrift \u201ePolizei\u201c auf dem R\u00fccken und die ansonsten getragene Zivilkleidung durch Uniformen, Schutzwesten und offen getragene Pistolen ersetzt. Ihre rechtliche Grundlage findet die Bundestagspolizei ausschlie\u00dflich im Grundgesetz. Dort hei\u00dft es in Art. 40, Abs. 2: \u201eDer Pr\u00e4sident \u00fcbt das Hausrecht und die Polizeigewalt im Geb\u00e4ude des Bundestages aus.\u201c Dies wurde immer wieder moniert, f\u00fcr Grundrechtseingriffe wie beispielsweise die kurzzeitige Gewahrsamnahme von St\u00f6rer*innen auf der Bundestagstrib\u00fcne und der Feststellung ihrer Personalien brauche es eine echte Rechtsgrundlage.<!--more--><\/p>\n<p>Der Entwurf spiegelt grob den Stand aktueller Polizeigesetzgebung in der Bundesrepublik. Zum Teil d\u00fcrfte er verfassungswidrig sein, mindestens aber eine \u00fcberm\u00e4\u00dfige Befugnisf\u00fclle und reichlich Kollisionspotential mit der Polizei des Landes Berlin beinhalten. Diese ist derzeit f\u00fcr den Schutz des Au\u00dfenbereichs der Bundestagsliegenschaften zust\u00e4ndig. Nach dem Entwurf sollen aber auch ein unbestimmter Au\u00dfenbereich und \u201ealle Orte, an denen Veranstaltungen der Pr\u00e4sidentin oder des Pr\u00e4sidenten stattfinden\u201c, einbezogen werden. Hier ist bislang das Bundeskriminalamt im Rahmen seiner Sicherungsaufgaben f\u00fcr die Verfassungsorgane zust\u00e4ndig. Vorgesehen sind auch Befugnisse zum Tragen von Bodycams, zu Identit\u00e4tsfeststellungen, Hausdurchsuchungen, Ausschreibungen zur Beobachtung in polizeilichen Fahndungssystemen, Gewahrsamnahmen von bis zu vier Tagen und Bestandsdatenausk\u00fcnfte von Telekommunikations- und Telemediendiensten. Wie diese Befugnisse innerhalb des r\u00e4umlichen Zust\u00e4ndigkeitsbereiches \u201eim Geb\u00e4ude des Bundestages\u201c sinnvoll ausge\u00fcbt werden sollen, ist wohl noch Gegenstand der Beratungen in den zust\u00e4ndigen Bundestagsgremien. Ein Zeitplan hierf\u00fcr ist noch nicht bekannt.<\/p>\n","protected":false},"excerpt":{"rendered":"<p>Im Konzert der Polizeibeh\u00f6rden in Deutschland f\u00fchrt eine ein etwas abseitiges und fast unbemerktes Dasein:<\/p>\n","protected":false},"author":14,"featured_media":0,"comment_status":"open","ping_status":"open","sticky":false,"template":"","format":"standard","meta":{"footnotes":""},"categories":[137,146],"tags":[],"class_list":["post-21328","post","type-post","status-publish","format-standard","hentry","category-cilip-133","category-meldungen-inland"],"_links":{"self":[{"href":"https:\/\/wp-dev.daten.cool\/index.php?rest_route=\/wp\/v2\/posts\/21328","targetHints":{"allow":["GET"]}}],"collection":[{"href":"https:\/\/wp-dev.daten.cool\/index.php?rest_route=\/wp\/v2\/posts"}],"about":[{"href":"https:\/\/wp-dev.daten.cool\/index.php?rest_route=\/wp\/v2\/types\/post"}],"author":[{"embeddable":true,"href":"https:\/\/wp-dev.daten.cool\/index.php?rest_route=\/wp\/v2\/users\/14"}],"replies":[{"embeddable":true,"href":"https:\/\/wp-dev.daten.cool\/index.php?rest_route=%2Fwp%2Fv2%2Fcomments&post=21328"}],"version-history":[{"count":0,"href":"https:\/\/wp-dev.daten.cool\/index.php?rest_route=\/wp\/v2\/posts\/21328\/revisions"}],"wp:attachment":[{"href":"https:\/\/wp-dev.daten.cool\/index.php?rest_route=%2Fwp%2Fv2%2Fmedia&parent=21328"}],"wp:term":[{"taxonomy":"category","embeddable":true,"href":"https:\/\/wp-dev.daten.cool\/index.php?rest_route=%2Fwp%2Fv2%2Fcategories&post=21328"},{"taxonomy":"post_tag","embeddable":true,"href":"https:\/\/wp-dev.daten.cool\/index.php?rest_route=%2Fwp%2Fv2%2Ftags&post=21328"}],"curies":[{"name":"wp","href":"https:\/\/api.w.org\/{rel}","templated":true}]}}