{"id":21335,"date":"2023-11-13T22:02:26","date_gmt":"2023-11-13T22:02:26","guid":{"rendered":"https:\/\/www.cilip.de\/?p=21335"},"modified":"2023-11-13T22:02:26","modified_gmt":"2023-11-13T22:02:26","slug":"umfassende-aenderungen-fuer-versammlungen-in-sachsen","status":"publish","type":"post","link":"https:\/\/wp-dev.daten.cool\/?p=21335","title":{"rendered":"Umfassende \u00c4nderungen f\u00fcr Versammlungen in Sachsen"},"content":{"rendered":"<p>Bereits seit 2012 verf\u00fcgt Sachsen \u00fcber ein eigenes Versammlungsgesetz, nun legt die Staatsregierung einen Entwurf f\u00fcr dessen Neufassung vor.<a href=\"#_ftn1\" name=\"_ftnref1\">[1]<\/a> Dabei f\u00e4llt positiv auf, dass im Gesetzesentwurf der Schutz der freien Berichterstattung gest\u00e4rkt (\u00a7\u00a7\u00a03 Abs.\u00a01 Nr.\u00a04, 21 Abs.\u00a02) und das Mindestalter f\u00fcr Ordner*innen auf 16 Jahre herabgesetzt wird (\u00a7\u00a06 Abs.\u00a02). Im Sinne einer umfassenden Gew\u00e4hrleistung der Versammlungsfreiheit ist ebenfalls begr\u00fc\u00dfenswert, dass die Nichtanzeige geplanter Versammlungen zuk\u00fcnftig von einer Straftat zur Ordnungswidrigkeit herabgestuft und Versammlungen ohne Leiter*in nicht mehr aufgel\u00f6st, sondern ihre Durchf\u00fchrung erm\u00f6glicht werden sollen \u2013 auch wenn dies wohl ein Zugest\u00e4ndnis an das problematische Protestspektrum der \u201aCorona-Spazierg\u00e4nge\u2018 ist.<!--more--><\/p>\n<p>An anderen Stellen wird das ohnehin restriktive s\u00e4chsische Versammlungsrecht jedoch erheblich sch\u00e4rfer. So wird etwa das Kooperationsgebot, das Beh\u00f6rden eigentlich zu versammlungsfreundlichem Verhalten verpflichten soll, zu einem \u201eRegelwerk zur Disziplinierung von Veranstalter*innen\u201c<a href=\"#_ftn2\" name=\"_ftnref2\">[2]<\/a> umgewandelt, in dem es Beschr\u00e4nkungen der Versammlung in Aussicht stellt, sollte nicht umfassend mit staatlichen Stellen zusammengearbeitet werden (\u00a7 3 Abs. 3). Auch sieht der Entwurf vor, dass die Versammlungsbeh\u00f6rde Ausk\u00fcnfte zu Ordner*innen verlangen und diese als \u201eungeeignet\u201c ablehnen kann, wenn z. B. ein Ermittlungsverfahren wegen Widerstands gegen Vollstreckungsbeamt*innen oder Landfriedensbruch gegen die Person l\u00e4uft, ohne dass eine gerichtliche Verurteilung vorliegen muss (\u00a7 16). Auch umfassende \u00dcberwachungsbefugnisse sieht das Gesetz vor. Insgesamt wird wohl eher nicht der bestm\u00f6gliche \u201eSchutz der Versammlungsfreiheit\u201c, sondern ihrer polizeilichen Kontrolle angestrebt.<\/p>\n<h6><a href=\"#_ftnref1\" name=\"_ftn1\">[1]<\/a> \u00a0\u00a0 S\u00e4chsisches Staatsministerium des Innern: Novellierung des Versammlungsgesetzes, <a href=\"https:\/\/buergerbeteiligung.sachsen.de\/portal\/smi\/beteiligung\/themen\/1036793\">https:\/\/buergerbeteiligung.sachsen.de\/portal\/smi\/beteiligung\/themen\/1036793<\/a><\/h6>\n<h6><a href=\"#_ftnref2\" name=\"_ftn2\">[2]<\/a> \u00a0 Komitee f\u00fcr Grundrechte und Demokratie: Entwurf eines Gesetzes \u00fcber den Schutz der Versammlungsfreiheit im Freistaat Sachsen, Kabinettsentwurf vom 22. August 2023, Stellungnahme zur Anh\u00f6rung, K\u00f6ln 2023, S. 10, <a href=\"http:\/\/www.grundrechtekomitee.de\/fileadmin\/user_upload\/Stellungnahme_SachsenVersG_Komitee_fuer_Grundrechte_und_Demokratie_2023_09_29.pdf\">www.grundrechtekomitee.de\/fileadmin\/user_upload\/Stellungnahme_SachsenVersG_Komitee_fuer_Grundrechte_und_Demokratie_2023_09_29.pdf<\/a><\/h6>\n","protected":false},"excerpt":{"rendered":"<p>Bereits seit 2012 verf\u00fcgt Sachsen \u00fcber ein eigenes Versammlungsgesetz, nun legt die Staatsregierung einen Entwurf<\/p>\n","protected":false},"author":18,"featured_media":0,"comment_status":"open","ping_status":"open","sticky":false,"template":"","format":"standard","meta":{"footnotes":""},"categories":[137,146],"tags":[],"class_list":["post-21335","post","type-post","status-publish","format-standard","hentry","category-cilip-133","category-meldungen-inland"],"_links":{"self":[{"href":"https:\/\/wp-dev.daten.cool\/index.php?rest_route=\/wp\/v2\/posts\/21335","targetHints":{"allow":["GET"]}}],"collection":[{"href":"https:\/\/wp-dev.daten.cool\/index.php?rest_route=\/wp\/v2\/posts"}],"about":[{"href":"https:\/\/wp-dev.daten.cool\/index.php?rest_route=\/wp\/v2\/types\/post"}],"author":[{"embeddable":true,"href":"https:\/\/wp-dev.daten.cool\/index.php?rest_route=\/wp\/v2\/users\/18"}],"replies":[{"embeddable":true,"href":"https:\/\/wp-dev.daten.cool\/index.php?rest_route=%2Fwp%2Fv2%2Fcomments&post=21335"}],"version-history":[{"count":0,"href":"https:\/\/wp-dev.daten.cool\/index.php?rest_route=\/wp\/v2\/posts\/21335\/revisions"}],"wp:attachment":[{"href":"https:\/\/wp-dev.daten.cool\/index.php?rest_route=%2Fwp%2Fv2%2Fmedia&parent=21335"}],"wp:term":[{"taxonomy":"category","embeddable":true,"href":"https:\/\/wp-dev.daten.cool\/index.php?rest_route=%2Fwp%2Fv2%2Fcategories&post=21335"},{"taxonomy":"post_tag","embeddable":true,"href":"https:\/\/wp-dev.daten.cool\/index.php?rest_route=%2Fwp%2Fv2%2Ftags&post=21335"}],"curies":[{"name":"wp","href":"https:\/\/api.w.org\/{rel}","templated":true}]}}