{"id":21337,"date":"2023-11-13T22:06:07","date_gmt":"2023-11-13T22:06:07","guid":{"rendered":"https:\/\/www.cilip.de\/?p=21337"},"modified":"2023-11-13T22:06:07","modified_gmt":"2023-11-13T22:06:07","slug":"fingerabdruecke-im-personalausweis-selten-ueberprueft","status":"publish","type":"post","link":"https:\/\/wp-dev.daten.cool\/?p=21337","title":{"rendered":"Fingerabdr\u00fccke im Personalausweis selten \u00fcberpr\u00fcft"},"content":{"rendered":"<p>Mit der Verordnung 2019\/1157 vom 20. Juni 2019 wurde durch die EU die Pflicht zur Speicherung von Fingerabdr\u00fccken in Personalausweisen und Aufenthaltstiteln verf\u00fcgt. Sie sollen ein zus\u00e4tzliches Sicherheitsmerkmal sein, anhand dessen die Authentizit\u00e4t eines Personaldokuments \u00fcberpr\u00fcft werden kann. In Deutschland werden diese Fingerabdr\u00fccke ausschlie\u00dflich im Personaldokument selbst gespeichert. Der Aufbau der daf\u00fcr erforderlichen technischen Infrastruktur bei der Bundesdruckerei und in den kommunalen Passbeh\u00f6rden wurde \u00fcber die Anhebung der Geb\u00fchren auf die B\u00fcrgerinnen und B\u00fcrger umgelegt. Statt bis dahin 28,80 kostet der Personalausweis seit 2021 37 Euro.<!--more--><\/p>\n<p>Wie parlamentarische Anfragen nun ergeben haben, ist der tats\u00e4chliche Nutzen zumindest zweifelhaft. Die EU-Kommission gab auf eine Schriftliche Frage des Abgeordneten Patrick Breyer (Piraten\/Fraktion der Gr\u00fcnen) eher schmallippig bekannt, \u00fcber keine Informationen zur Praxis der \u00dcberpr\u00fcfung von Fingerabdr\u00fccken bei der Einreise in den Schengenraum zu verf\u00fcgen.<a href=\"#_ftn1\" name=\"_ftnref1\">[1]<\/a> \u00a0In ihrem Bericht zur Umsetzung der Verordnung betont die Kommission, derartige Daten seien im Zusammenhang mit der technischen Ausstattung der Grenz\u00fcbergangsstellen relevant, diese fiele aber ausschlie\u00dflich in die Zust\u00e4ndigkeit der Mitgliedstaaten. In einem niedrigen zweitstelligen Bereich vermelden wenige Mitgliedstaaten, dass es weiterhin gef\u00e4lschte Personalausweise und Aufenthaltsdokumente gebe. Die meisten Mitgliedsstaaten sind aber nicht in der Lage, dazu statistische Angaben zu machen.<a href=\"#_ftn2\" name=\"_ftnref2\">[2]<\/a> Die Bundesregierung gab auf eine Schriftliche Frage der Abgeordneten Martina Renner an, seit Inkrafttreten der Verordnung am 20. Juni 2019 habe die Bundespolizei in 14.000 F\u00e4llen Fingerabdr\u00fccke in P\u00e4ssen, Personalausweisen und Aufenthaltskarten \u00fcberpr\u00fcft. Die Pflicht zur Speicherung in Personalausweisen und Aufenthaltstiteln wird in Deutschland seit August 2021 umgesetzt, f\u00fcr Reisep\u00e4sse galt sie schon vorher. In 2.200 F\u00e4llen habe es eine Abweichung gegeben. In wie vielen F\u00e4llen tats\u00e4chlich festgestellt werden konnte, dass es sich um ge- oder verf\u00e4lschte Dokumente handelte oder es schlicht Fehler bei der Erfassung gegeben hat, kann die Bundesregierung nicht sagen.<\/p>\n<h6><a href=\"#_ftnref1\" name=\"_ftn1\">[1]<\/a> \u00a0\u00a0 EP Parlamentarische Anfrage E-002344\/2023 (ASW) v. 29.9.2023<\/h6>\n<h6><a href=\"#_ftnref2\" name=\"_ftn2\">[2]<\/a> \u00a0 KOM(2023) 538 final v. 20.9.2023<\/h6>\n","protected":false},"excerpt":{"rendered":"<p>Mit der Verordnung 2019\/1157 vom 20. Juni 2019 wurde durch die EU die Pflicht zur<\/p>\n","protected":false},"author":14,"featured_media":0,"comment_status":"open","ping_status":"open","sticky":false,"template":"","format":"standard","meta":{"footnotes":""},"categories":[137,145],"tags":[],"class_list":["post-21337","post","type-post","status-publish","format-standard","hentry","category-cilip-133","category-meldungen-europa"],"_links":{"self":[{"href":"https:\/\/wp-dev.daten.cool\/index.php?rest_route=\/wp\/v2\/posts\/21337","targetHints":{"allow":["GET"]}}],"collection":[{"href":"https:\/\/wp-dev.daten.cool\/index.php?rest_route=\/wp\/v2\/posts"}],"about":[{"href":"https:\/\/wp-dev.daten.cool\/index.php?rest_route=\/wp\/v2\/types\/post"}],"author":[{"embeddable":true,"href":"https:\/\/wp-dev.daten.cool\/index.php?rest_route=\/wp\/v2\/users\/14"}],"replies":[{"embeddable":true,"href":"https:\/\/wp-dev.daten.cool\/index.php?rest_route=%2Fwp%2Fv2%2Fcomments&post=21337"}],"version-history":[{"count":0,"href":"https:\/\/wp-dev.daten.cool\/index.php?rest_route=\/wp\/v2\/posts\/21337\/revisions"}],"wp:attachment":[{"href":"https:\/\/wp-dev.daten.cool\/index.php?rest_route=%2Fwp%2Fv2%2Fmedia&parent=21337"}],"wp:term":[{"taxonomy":"category","embeddable":true,"href":"https:\/\/wp-dev.daten.cool\/index.php?rest_route=%2Fwp%2Fv2%2Fcategories&post=21337"},{"taxonomy":"post_tag","embeddable":true,"href":"https:\/\/wp-dev.daten.cool\/index.php?rest_route=%2Fwp%2Fv2%2Ftags&post=21337"}],"curies":[{"name":"wp","href":"https:\/\/api.w.org\/{rel}","templated":true}]}}