{"id":21641,"date":"2024-03-18T21:14:38","date_gmt":"2024-03-18T21:14:38","guid":{"rendered":"https:\/\/www.cilip.de\/?p=21641"},"modified":"2024-03-18T21:14:38","modified_gmt":"2024-03-18T21:14:38","slug":"neuer-schengener-grenzkodex","status":"publish","type":"post","link":"https:\/\/wp-dev.daten.cool\/?p=21641","title":{"rendered":"Neuer Schengener Grenzkodex"},"content":{"rendered":"<p>Der belgische Ratsvorsitz hat sich mit dem EU-Parlament Anfang Februar auf die \u00c4nderung des Schengener Grenzkodex geeinigt.<a href=\"#_ftn1\" name=\"_ftnref1\">[1]<\/a> Unter anderem will die EU die Vorschriften im Zusammenhang mit der Wiedereinf\u00fchrung von Kontrollen an den Binnengrenzen neu regeln. M\u00f6glich ist dies bei \u201ebei vorhersehbaren Bedrohungen\u201c f\u00fcr bis zu zwei Jahren plus einer zweimaligen Verl\u00e4ngerung um jeweils sechs Monate. Im Fall einer \u201eunvorhersehbaren Bedrohung f\u00fcr die \u00f6ffentliche Ordnung oder die innere Sicherheit\u201c k\u00f6nnen die Kontrollen f\u00fcr einen Monat unverz\u00fcglich eingef\u00fchrt und um h\u00f6chstens drei Monate verl\u00e4ngert werden.<!--more--><\/p>\n<p>M\u00f6glich sind auch \u201ealternative polizeiliche Ma\u00dfnahmen\u201c, bei deren Aktivierung auf Binnengrenzkontrollen verzichtet werden kann. Hierzu geh\u00f6ren polizeiliche Streifen, wie sie in Deutschland als \u201eSchleierfahndung\u201c bekannt sind. Die dabei aufgegriffenen \u201eDrittstaatsangeh\u00f6rigen, die sich illegal in ihrem Hoheitsgebiet aufhalten\u201c, k\u00f6nnen von den betreffenden Staaten sofort in jenes Land \u201e\u00fcberstellt\u201c werden, aus dem sie \u201eeingetroffen\u201c sind.<\/p>\n<p>Diese Praxis f\u00fchrt zu mehr Polizeikontrollen, die auf \u201erassischen, ethnischen oder religi\u00f6sen Merkmalen\u201c basieren, warnt die Plattform f\u00fcr internationale Zusammenarbeit zur Sicherung sozialer Gerechtigkeit und\u00a0 Menschenrechte f\u00fcr undokumentierter Migrant*innen (PICUM), und legalisiere sogenannte \u201ePushbacks\u201c.<a href=\"#_ftn2\" name=\"_ftnref2\">[2]<\/a><\/p>\n<p>Auch Abschnitte von EU-Au\u00dfengrenzen k\u00f6nnen auf Grundlage des neuen Grenzkodex zweitweise geschlossen werden, etwa im Falle einer neuen Pandemie. Dann k\u00f6nnen die Zahl der Grenz\u00fcbergangsstellen reduziert oder deren \u00d6ffnungszeiten verk\u00fcrzt werden. Aufgenommen wurden auch Bestimmungen zur Au\u00dfengrenzschlie\u00dfung im Falle einer \u201eInstrumentalisierung von Migranten\u201c durch eine andere Regierung. Hierzu wird in der Verordnung die Definition der umstrittenen Krisenverordnung verwendet, darunter der \u201emassenhafte\u201c Ansturm, bei dem auch Gewalt eingesetzt wird. Zwar werden \u201ehumanit\u00e4re Hilfsma\u00dfnahmen\u201c in dem Gesetzestext ausgeklammert, jedoch nur dann, \u201ewenn sie nicht darauf abzielen, die Union oder einen Mitgliedstaat zu destabilisieren\u201c. Die Anwendung der Verordnung w\u00e4re also m\u00f6glich, wenn ein Staat einzelnen NGOs eine Absicht zur \u201eDestabilisierung\u201c unterstellt.<\/p>\n<h6><a href=\"#_ftnref1\" name=\"_ftn1\">[1]<\/a> \u00a0 Ratsdok. 6331\/24 v. 13.2.2024, online unter <a href=\"http:\/\/www.statewatch.org\/media\/4178\/eu-council-schengen-borders-code-final-compromise-6331-24.pdf\">www.statewatch.org\/media\/4178\/eu-council-schengen-borders-code-final-compromise-6331-24.pdf<\/a><\/h6>\n<h6><a href=\"#_ftnref2\" name=\"_ftn2\">[2]<\/a> \u00a0 <a href=\"https:\/\/picum.org\/blog\/racial-profiling-schengen-borders-code\">https:\/\/picum.org\/blog\/racial-profiling-schengen-borders-code<\/a><\/h6>\n","protected":false},"excerpt":{"rendered":"<p>Der belgische Ratsvorsitz hat sich mit dem EU-Parlament Anfang Februar auf die \u00c4nderung des Schengener<\/p>\n","protected":false},"author":3,"featured_media":0,"comment_status":"open","ping_status":"open","sticky":false,"template":"","format":"standard","meta":{"footnotes":""},"categories":[138,145],"tags":[],"class_list":["post-21641","post","type-post","status-publish","format-standard","hentry","category-cilip-134","category-meldungen-europa"],"_links":{"self":[{"href":"https:\/\/wp-dev.daten.cool\/index.php?rest_route=\/wp\/v2\/posts\/21641","targetHints":{"allow":["GET"]}}],"collection":[{"href":"https:\/\/wp-dev.daten.cool\/index.php?rest_route=\/wp\/v2\/posts"}],"about":[{"href":"https:\/\/wp-dev.daten.cool\/index.php?rest_route=\/wp\/v2\/types\/post"}],"author":[{"embeddable":true,"href":"https:\/\/wp-dev.daten.cool\/index.php?rest_route=\/wp\/v2\/users\/3"}],"replies":[{"embeddable":true,"href":"https:\/\/wp-dev.daten.cool\/index.php?rest_route=%2Fwp%2Fv2%2Fcomments&post=21641"}],"version-history":[{"count":0,"href":"https:\/\/wp-dev.daten.cool\/index.php?rest_route=\/wp\/v2\/posts\/21641\/revisions"}],"wp:attachment":[{"href":"https:\/\/wp-dev.daten.cool\/index.php?rest_route=%2Fwp%2Fv2%2Fmedia&parent=21641"}],"wp:term":[{"taxonomy":"category","embeddable":true,"href":"https:\/\/wp-dev.daten.cool\/index.php?rest_route=%2Fwp%2Fv2%2Fcategories&post=21641"},{"taxonomy":"post_tag","embeddable":true,"href":"https:\/\/wp-dev.daten.cool\/index.php?rest_route=%2Fwp%2Fv2%2Ftags&post=21641"}],"curies":[{"name":"wp","href":"https:\/\/api.w.org\/{rel}","templated":true}]}}