{"id":21681,"date":"2024-04-02T13:45:12","date_gmt":"2024-04-02T13:45:12","guid":{"rendered":"https:\/\/www.cilip.de\/?p=21681"},"modified":"2024-04-02T13:45:12","modified_gmt":"2024-04-02T13:45:12","slug":"redaktionsmitteilung-49","status":"publish","type":"post","link":"https:\/\/wp-dev.daten.cool\/?p=21681","title":{"rendered":"Redaktionsmitteilung"},"content":{"rendered":"<p>Seit die deutschen Polizeien Anfang der 1970er Jahre die Phase der Restauration verlie\u00dfen, geh\u00f6rt der Glaube an die technische Herstellbarkeit von Sicherheit zum Mantra polizeilicher Zukunftshoffnungen. Insofern ist es kein Wunder, dass der Hype um Digitalisierung und die ungeahnten M\u00f6glichkeiten K\u00fcnstlicher Intelligenz Eingang in Sicherheitsprogramme gefunden haben. Der Koalitionsvertrag von CDU und SPD in Hessen \u2013 um nur auf ein aktuelles Beispiel zu verweisen \u2013 \u00fcberschl\u00e4gt sich im Kapitel zum \u201estarken Staat\u201c mit entsprechenden Vorhaben: \u201etechnische Innovationen\u201c nutzbar machen, \u201edigitale L\u00f6sungen zur Effizienzsteigerung\u201c einf\u00fchren, \u201edie technischen und wissenschaftlichen Kompetenzen weiter \u2026 erh\u00f6hen\u201c, eine \u201esmarte Polizei\u201c soll geschaffen werden, \u201ePolizei-Cloud\u201c und \u201eInnovation Hub 110\u201c sollen ausgebaut und um eine \u201eDigital Academy 110\u201c erweitert werden. Daneben werden Investitionen in \u201eBody-Cams, Distanzelektroimpulsger\u00e4te (\u201aTaser\u2018), Car-Cams, Drohnen, Smartphones und IT-Ger\u00e4te\u201c angek\u00fcndigt. Lapidar vermerkt der Koalitionsvertrag, dass man die f\u00fcr den Einsatz erforderlichen Rechtsgrundlagen schaffen werde.<!--more--><\/p>\n<p>Im vorliegenden Heft k\u00f6nnen wir nur wenige Aspekte der j\u00fcngeren Entwicklung von Polizeitechnik beleuchten. Die Beitr\u00e4ge des Schwerpunkts verdeutlichen, dass der Digitalisierungshype auch die Amts- und Polizeif\u00fchrungen, die Wissenschaft und die Privatwirtschaft erfasst hat. Deutlich wird auch, dass die neuen Technologien nicht allein das \u201eRecht auf informationelle Selbstbestimmung\u201c verletzen, sondern sie geeignet sind, Prozesse sozialer Ausgrenzung und Diskriminierung zu verst\u00e4rken.<\/p>\n<p>***<\/p>\n<p>Die Gestaltung des Schwerpunkts unserer n\u00e4chsten Ausgabe haben wir einer externen Redaktionsgruppe \u00fcbertragen. Wir wollen in der Diskussion um den \u201eneuen Abolitionismus\u201c den Initiativen und Vereinigungen ein Forum bieten, die sich auf der Seite derjenigen sehen, die unmittelbar von staatlichen Repressionen betroffen sind.<\/p>\n","protected":false},"excerpt":{"rendered":"<p>Seit die deutschen Polizeien Anfang der 1970er Jahre die Phase der Restauration verlie\u00dfen, geh\u00f6rt der<\/p>\n","protected":false},"author":2,"featured_media":21682,"comment_status":"open","ping_status":"open","sticky":false,"template":"","format":"standard","meta":{"footnotes":""},"categories":[138,141],"tags":[],"class_list":["post-21681","post","type-post","status-publish","format-standard","has-post-thumbnail","hentry","category-cilip-134","category-editorials"],"_links":{"self":[{"href":"https:\/\/wp-dev.daten.cool\/index.php?rest_route=\/wp\/v2\/posts\/21681","targetHints":{"allow":["GET"]}}],"collection":[{"href":"https:\/\/wp-dev.daten.cool\/index.php?rest_route=\/wp\/v2\/posts"}],"about":[{"href":"https:\/\/wp-dev.daten.cool\/index.php?rest_route=\/wp\/v2\/types\/post"}],"author":[{"embeddable":true,"href":"https:\/\/wp-dev.daten.cool\/index.php?rest_route=\/wp\/v2\/users\/2"}],"replies":[{"embeddable":true,"href":"https:\/\/wp-dev.daten.cool\/index.php?rest_route=%2Fwp%2Fv2%2Fcomments&post=21681"}],"version-history":[{"count":0,"href":"https:\/\/wp-dev.daten.cool\/index.php?rest_route=\/wp\/v2\/posts\/21681\/revisions"}],"wp:featuredmedia":[{"embeddable":true,"href":"https:\/\/wp-dev.daten.cool\/index.php?rest_route=\/wp\/v2\/media\/21682"}],"wp:attachment":[{"href":"https:\/\/wp-dev.daten.cool\/index.php?rest_route=%2Fwp%2Fv2%2Fmedia&parent=21681"}],"wp:term":[{"taxonomy":"category","embeddable":true,"href":"https:\/\/wp-dev.daten.cool\/index.php?rest_route=%2Fwp%2Fv2%2Fcategories&post=21681"},{"taxonomy":"post_tag","embeddable":true,"href":"https:\/\/wp-dev.daten.cool\/index.php?rest_route=%2Fwp%2Fv2%2Ftags&post=21681"}],"curies":[{"name":"wp","href":"https:\/\/api.w.org\/{rel}","templated":true}]}}