{"id":21697,"date":"2024-03-24T08:59:04","date_gmt":"2024-03-24T08:59:04","guid":{"rendered":"https:\/\/www.cilip.de\/?p=21697"},"modified":"2024-03-24T08:59:04","modified_gmt":"2024-03-24T08:59:04","slug":"biplab-basu-kaempfte-jahrzehntelang-gegen-institutionellen-rassismus-ein-nachruf","status":"publish","type":"post","link":"https:\/\/wp-dev.daten.cool\/?p=21697","title":{"rendered":"Biplab Basu k\u00e4mpfte jahrzehntelang gegen institutionellen Rassismus. Ein Nachruf"},"content":{"rendered":"<div class=\"teaser\"><strong>Obwohl Biplab Basu jahrzehntelang gegen institutionellen Rassismus k\u00e4mpfte, ist er nicht an den Verh\u00e4ltnissen verzweifelt. Ein Nachruf auf den antirassistischen Aktivisten.<\/strong><\/div>\n<h3>Von Johanna Mohrfeldt, Katharina Schoenes und Sebastian Friedrich<\/h3>\n<p>Als sich die Nachricht vom Tod des Berliner Aktivisten Biplab Basu verbreitete, kamen Trauerbekundungen von Fl\u00fcchtlingsaktivisten, B\u00fcrgerrechtlerinnen, Politikern, Wissenschaftlerinnen und sogar von Ferda Ataman, der Antidiskriminierungsbeauftragten des Bundes. Die Anteilnahme in den Reihen der Polizei d\u00fcrfte sich dagegen in Grenzen halten, ist doch einer ihrer energischsten Kritiker gestorben.<\/p>\n<p>Biplab Basu wurde 1951 in Kalkutta geboren und war als junger Mann als Kommunist aktiv, weshalb er in Indien zeitweise untertauchen musste und im Gef\u00e4ngnis sa\u00df. 1979 kam er in die Bundesrepublik und fing an, sich mit institutionellem Rassismus auseinanderzusetzen. Das sollte sein zentrales politisches Thema werden. Rassismus war f\u00fcr ihn weit mehr als ein blo\u00dfes Vorurteil, vielmehr etwas, das die Gesellschaft strukturiert; etwas, das die Solidarit\u00e4t unter jenen, die im Kapitalismus das Nachsehen haben, verhindert. Die Auseinandersetzung mit Rassismus war f\u00fcr Basu eine Voraussetzung f\u00fcr den Kampf f\u00fcr eine andere Gesellschaft. Anfang der 1990er Jahre, er arbeitete gerade f\u00fcr eine PDS-Abgeordnete im Berliner Abgeordnetenhaus, kam er zur Antirassistischen Initiative.<!--more--><\/p>\n<p>Als 2001 seine Schwester, Sanchita Basu, mit anderen anfing, &#8222;Reach Out&#8220;, die Beratungsstelle f\u00fcr Betroffene rechter, rassistischer und antisemitischer Gewalt, aufzubauen, war schnell klar, dass auch Biplab Basu dabei sein m\u00fcsse. Das passte, denn er suchte immer den Austausch mit jenen, die den Rassismus am eigenen Leib erfuhren. Nicht nur, um diesen Menschen beiseitezustehen, sondern, weil er davon \u00fcberzeugt war, dass diejenigen, die es betrifft, die lautesten Stimmen gegen das Unrecht sind. F\u00fcr manche sei Rassismus ein interessantes Thema, f\u00fcr andere Alltag, sagte er oft.<\/p>\n<p>Er vermittelte praktische Hilfe, etwa Anw\u00e4lte, aber machte immer auch das Angebot, gegen das erfahrene Leid politisch vorzugehen. 2002 war er Mitbegr\u00fcnder der Kampagne f\u00fcr Opfer rassistischer Polizeigewalt (KOP), die bis heute in mehreren St\u00e4dten aktiv ist. Die Gruppe dokumentiert F\u00e4lle rassistischer Polizeigewalt, unterst\u00fctzt Betroffene, organisiert Aktionstage, Demos und Kundgebungen. Nur \u00f6ffentlich skandalisierte F\u00e4lle w\u00fcrden zu Ver\u00e4nderungen f\u00fchren, war Basu \u00fcberzeugt. Ebenso, dass die Betroffenen es sind, die der Behauptung von &#8222;bedauerlichen Einzelf\u00e4llen&#8220; etwas entgegensetzen k\u00f6nnten. Eine Behauptung, die er bei jeder Gelegenheit als kalkulierte L\u00fcge der Polizei bezeichnete.<\/p>\n<p>Seinen Alltag lebte Basu grenzenlos, das private und das politische Leben waren bei ihm oft kaum auseinanderzuhalten. Die Menschen, mit denen er bei &#8222;Reach Out&#8220; und KOP zusammenarbeitete, z\u00e4hlten oft zu seinen engsten Vertrauten.<\/p>\n<p>Biplab Basu war oft bei Veranstaltungen in Berlin zu sehen \u2013 im Publikum oder auf dem Podium. Dabei mischte er sich gerne ein und liebte es, zu provozieren. Als vor einiger Zeit in Kreuzberg ein Reader mit Texten zu Abolitionismus vorgestellt wurde und alle Podiumsteilnehmer etliche Male betont hatten, wie wichtig es sei, gewaltvolle Institutionen wie die Polizei nicht nur zu reformieren, sondern sie abzuschaffen, meldete er sich als erster und begann, sein Statement ironischerweise mit den Worten, er sei Reformist \u2013 er, der selbst immer wieder die Abschaffung der Polizei gefordert hatte.<\/p>\n<p>Obwohl Basu jahrzehntelang gegen institutionellen Rassismus k\u00e4mpfte, ist er nicht an den Verh\u00e4ltnissen verzweifelt. Er verband eine gewisse Sturheit in politischen Fragen mit einer bemerkenswerten Gelassenheit \u2013 so konnte man mit ihm nach Plena oder Podiumsdiskussionen herzhaft \u00fcber die Debatten lachen, auch \u00fcber sich selbst. Auff\u00e4llig an ihm war auch sein Kleidungsstil. Diese Angewohnheit soll aus vergangenen Zeiten stammen, als er in Indien aus politischen Gr\u00fcnden untertauchen musste. Ein Genosse habe ihm damals geraten, immer ein sauberes Hemd zu tragen, so k\u00f6nne man besser der Polizei entgehen.<\/p>\n<p>Basu hielt sich nie mit Kritik an staatlicher Gewalt zur\u00fcck, obwohl er als Mitarbeiter einer mit \u00f6ffentlichen Geldern gef\u00f6rderten Beratungsstelle mehr als einmal unter Druck geriet. In den letzten Monaten wurde KOP zu einem der wenigen Anlaufpunkte f\u00fcr Menschen, die auf Pal\u00e4stina-Demos Repressionen erfahren hatten. Das lag mit Sicherheit auch an Basus klarer Haltung gegen antimuslimischen und antipal\u00e4stinensischen Rassismus.<\/p>\n<p>Eine gute Freundin dr\u00fcckte es so aus: Wir haben nicht nur einen Freund und Genossen verloren, sondern ein Archiv der K\u00e4mpfe und einen zentralen Referenzpunkt im Berliner Universum. Biplab Basus Wirken hat Fr\u00fcchte getragen. Er wirkte als Mitgr\u00fcnder zahlreicher Initiativen, als Spender von Erfahrungs- und Sachwissen und durch seine F\u00e4higkeit, politisch Aktive zusammenzubringen. Bereits einen Tag nach seinem Tod wurden anl\u00e4sslich des Internationalen Tages gegen Polizeigewalt bundesweit auf Demonstrationen Reden zu seinen Ehren gehalten. Obwohl zur Trauerfeier am Donnerstag nicht \u00f6ffentlich eingeladen wurde, kamen Hunderte. &#8222;Reach Out&#8220; und KOP planen ein \u00f6ffentliches Gedenken, das den Charakter einer Kundgebung haben und Trauer mit Wut verbinden soll. Biplab Basu h\u00e4tte das gefallen.<\/p>\n<h3>Dieser Text <a href=\"https:\/\/www.jungewelt.de\/artikel\/471951.nachruf-ein-archiv-der-k%C3%A4mpfe.html\">erschien zuerst in der Zeitung junge Welt<\/a>.<\/h3>\n<h3>Beitragsbild: Biplab Basu bei einer Pressekonferenz im Jahr 2012 (Christian Ditsch).<\/h3>\n","protected":false},"excerpt":{"rendered":"<p>Obwohl Biplab Basu jahrzehntelang gegen institutionellen Rassismus k\u00e4mpfte, ist er nicht an den Verh\u00e4ltnissen verzweifelt.<\/p>\n","protected":false},"author":2,"featured_media":21699,"comment_status":"open","ping_status":"open","sticky":false,"template":"","format":"standard","meta":{"footnotes":""},"categories":[5],"tags":[],"class_list":["post-21697","post","type-post","status-publish","format-standard","has-post-thumbnail","hentry","category-blog"],"_links":{"self":[{"href":"https:\/\/wp-dev.daten.cool\/index.php?rest_route=\/wp\/v2\/posts\/21697","targetHints":{"allow":["GET"]}}],"collection":[{"href":"https:\/\/wp-dev.daten.cool\/index.php?rest_route=\/wp\/v2\/posts"}],"about":[{"href":"https:\/\/wp-dev.daten.cool\/index.php?rest_route=\/wp\/v2\/types\/post"}],"author":[{"embeddable":true,"href":"https:\/\/wp-dev.daten.cool\/index.php?rest_route=\/wp\/v2\/users\/2"}],"replies":[{"embeddable":true,"href":"https:\/\/wp-dev.daten.cool\/index.php?rest_route=%2Fwp%2Fv2%2Fcomments&post=21697"}],"version-history":[{"count":0,"href":"https:\/\/wp-dev.daten.cool\/index.php?rest_route=\/wp\/v2\/posts\/21697\/revisions"}],"wp:featuredmedia":[{"embeddable":true,"href":"https:\/\/wp-dev.daten.cool\/index.php?rest_route=\/wp\/v2\/media\/21699"}],"wp:attachment":[{"href":"https:\/\/wp-dev.daten.cool\/index.php?rest_route=%2Fwp%2Fv2%2Fmedia&parent=21697"}],"wp:term":[{"taxonomy":"category","embeddable":true,"href":"https:\/\/wp-dev.daten.cool\/index.php?rest_route=%2Fwp%2Fv2%2Fcategories&post=21697"},{"taxonomy":"post_tag","embeddable":true,"href":"https:\/\/wp-dev.daten.cool\/index.php?rest_route=%2Fwp%2Fv2%2Ftags&post=21697"}],"curies":[{"name":"wp","href":"https:\/\/api.w.org\/{rel}","templated":true}]}}