{"id":22873,"date":"1991-12-02T11:46:56","date_gmt":"1991-12-02T11:46:56","guid":{"rendered":"https:\/\/www.cilip.de\/?p=22873"},"modified":"1991-12-02T11:46:56","modified_gmt":"1991-12-02T11:46:56","slug":"redaktionelle-vorbemerkung-26","status":"publish","type":"post","link":"https:\/\/wp-dev.daten.cool\/?p=22873","title":{"rendered":"Redaktionelle Vorbemerkung"},"content":{"rendered":"<h3>von Otto Diederichs<\/h3>\n<p>Nach langen Jahren der Zusammenarbeit wird das vorliegende Heft nun das letzte sein, das \u00fcber den Kirschkern-Buchversand vertrieben wurde. lnnerbetriebliche Ver\u00e4nderungen bei B\u00fcrgerrechte &amp; Polizei\/CILIP sowie der mit ihr verbundenen &#8222;Arbeitsgruppe B\u00fcrgerrechte&#8220; an der FU Berlin haben diesen Schritt notwendig gemacht. Ab Ausgabe 41 (1\/1992) wird der Vertrieb dann direkt \u00fcber den CILIP-Verlag abgewickelt werden. Diese technische Umstellung ist zugleich auch der Grund daf\u00fcr, da\u00df dieses Heft nicht \u2013 wie gewohnt &#8211; noch im Dezember ausgeliefert werden konnte, sondern erst jetzt unsere LeserInnen erreicht. 1992 werden sich dar\u00fcber hinaus auch die Erscheinungstermine von B\u00fcrgerrechte &amp; Polizei\/CILIP ver\u00e4ndern. Mehr dazu im n\u00e4chsten Heft.<!--more--><\/p>\n<p>Zum Schwerpunkt:<\/p>\n<p>Im Februar will nun auch die Bundesregierung das im Jahr 1985 zwischen den EG-Staaten abgeschlossene sog. Schengener Abkommen endg\u00fcltig ratifizieren, nachdem dieser Schritt vor rund zwei Jahren wegen des bevorstehenden Beitrittes der damaligen DDR zur Bundesrepublik Deutschland zun\u00e4chst verschoben werden mu\u00dfte. Auf der Grundlage der Schengener Vertr\u00e4ge sollen dann zum l . Januar 1993 die Schlagb\u00e4ume an den Binnengrenzen der EG-Staaten endg\u00fcltig hochgehen. Sicherlich ist durch einen solchen Akt die politische Kleinstaaterei in Europa, verbunden mit Nationalismus und Chauvinismus noch lange nicht beendet, dennoch w\u00e4re die \u00d6ffnung der EG-Binnengrenzen und die hierdurch m\u00f6gliche gr\u00f6\u00dfere Freiz\u00fcgigkeit zun\u00e4chst grunds\u00e4tzlich zu begr\u00fc\u00dfen.<\/p>\n<p>Polizeistrategen und Sicherheitspolitiker allerdings beklagen bereits einen drohenden Sicherheitsverlust wegen des Wegfallens regelm\u00e4\u00dfiger Grenzkontrollen und bereiten, z. T. bereits seit Jahren, &#8222;Ausgleichsma\u00dfnahmen &#8220; vor. Demgegen\u00fcber bef\u00fcrchten B\u00fcrgerrechtsorganisationen, Anwaltsvereinigungen und insbesondere Ausl\u00e4nder- und Fl\u00fcchtlingsorganisationen durch das lnkrafttreten der Vertr\u00e4ge eher einen Abbau b\u00fcrgerlicher Freiheiten und Rechte. Betrachtet man die entsprechenden Passagen in den Schengener Vertr\u00e4gen und die mit ihrem lnkrafttreten verbundenen Diskussionen innerhalb der europ\u00e4ischen Sicherheitsapparate, so scheint ihre Sorge nicht unberechtigt. Besonders Fl\u00fcchtlinge &#8211; gleichg\u00fcltig ob als politisch Verfolgte oder&#8220;nur&#8220; als Armutsfl\u00fcchtlinge &#8211; werden ab 1993 noch mehr Schwierigkeiten haben, europ\u00e4ischen Boden \u00fcberhaupt zu erreichen. Die Au\u00dfengrenzen der EG-Staaten, dar\u00fcber herrscht Einigkeit, sollen zu einer &#8222;harten Au\u00dfenschale&#8220; werden. Doch auch das Klima im Innern wird durch die &#8222;Ausgleichsma\u00dfnahmen &#8220; verhindert werden.<\/p>\n<p>Mit diesem Schwerpunktheft von B\u00fcrgerrechte &amp; Polizei\/CILIP haben wir versucht, die verschiedenen Facetten zuk\u00fcnftiger europ\u00e4ischer Sicherheitspolitik darzustellen und Materialien f\u00fcr die notwendige Diskussion aufzubereiten. Dabei wurde bewu\u00dft darauf verzichtet, das umfangreiche Schengen-Abkommen auszugsweise zu dokumentieren. Es liegt bereits als Dokument vor und sollte bei Interesse in vollst\u00e4ndiger Form gelesen werden. (Siehe hierzu Seite 19).<\/p>\n<p>Die n\u00e4chste Ausgabe von B\u00fcrgerrechte &amp; Polizei\/CILIP (erscheint Ende M\u00e4rz) wird sich schwerpunktm\u00e4\u00dfig mit dem Thema &#8222;Polizeiliche Datenverarbeitung &#8220; auseinandersetzen. Im Gegensatz zum exekutiven Bereich polizeilichen Handelns ist der informationelle Sektor sinnlich nicht wahrnehmbar und damit f\u00fcr die meisten Menschen nicht durchschaubar und verst\u00e4ndlich. Dem soll das n\u00e4chste Heft etwas abhelfen.<\/p>\n<h5>Otto Diederichs ist Redakteur und Mitherausgeber von B\u00fcrgerrechte &amp; Polizei\/CILIP.<\/h5>\n","protected":false},"excerpt":{"rendered":"<p>von Otto Diederichs Nach langen Jahren der Zusammenarbeit wird das vorliegende Heft nun das letzte<\/p>\n","protected":false},"author":2,"featured_media":0,"comment_status":"open","ping_status":"open","sticky":false,"template":"","format":"standard","meta":{"footnotes":""},"categories":[46,141],"tags":[],"class_list":["post-22873","post","type-post","status-publish","format-standard","hentry","category-cilip-040","category-editorials"],"_links":{"self":[{"href":"https:\/\/wp-dev.daten.cool\/index.php?rest_route=\/wp\/v2\/posts\/22873","targetHints":{"allow":["GET"]}}],"collection":[{"href":"https:\/\/wp-dev.daten.cool\/index.php?rest_route=\/wp\/v2\/posts"}],"about":[{"href":"https:\/\/wp-dev.daten.cool\/index.php?rest_route=\/wp\/v2\/types\/post"}],"author":[{"embeddable":true,"href":"https:\/\/wp-dev.daten.cool\/index.php?rest_route=\/wp\/v2\/users\/2"}],"replies":[{"embeddable":true,"href":"https:\/\/wp-dev.daten.cool\/index.php?rest_route=%2Fwp%2Fv2%2Fcomments&post=22873"}],"version-history":[{"count":0,"href":"https:\/\/wp-dev.daten.cool\/index.php?rest_route=\/wp\/v2\/posts\/22873\/revisions"}],"wp:attachment":[{"href":"https:\/\/wp-dev.daten.cool\/index.php?rest_route=%2Fwp%2Fv2%2Fmedia&parent=22873"}],"wp:term":[{"taxonomy":"category","embeddable":true,"href":"https:\/\/wp-dev.daten.cool\/index.php?rest_route=%2Fwp%2Fv2%2Fcategories&post=22873"},{"taxonomy":"post_tag","embeddable":true,"href":"https:\/\/wp-dev.daten.cool\/index.php?rest_route=%2Fwp%2Fv2%2Ftags&post=22873"}],"curies":[{"name":"wp","href":"https:\/\/api.w.org\/{rel}","templated":true}]}}