{"id":22880,"date":"1991-02-02T11:56:17","date_gmt":"1991-02-02T11:56:17","guid":{"rendered":"https:\/\/www.cilip.de\/?p=22880"},"modified":"1991-02-02T11:56:17","modified_gmt":"1991-02-02T11:56:17","slug":"redaktionelle-vorbemerkung-27","status":"publish","type":"post","link":"https:\/\/wp-dev.daten.cool\/?p=22880","title":{"rendered":"Redaktionelle Vorbemerkung"},"content":{"rendered":"<h3>von Otto Diederichs<\/h3>\n<p>Die in der vorigen Ausgabe angek\u00fcndigten Ver\u00e4nderungen bei B\u00fcrgerrechte&amp; Polizei\/CILIP sind mit dem vorliegenden Heft umgesetzt. Nach mehrj\u00e4hrigem heftigen Engagement f\u00fcr dieses Blatt hat sich Falco Werkentin, etwas &#8222;amtsmilde&#8220; geworden, zum Jahresbeginn aus der unmittelbaren redaktionellen Verantwortung zur\u00fcckgezogen. Sein &#8222;Kind&#8220; ist in der Zwischenzeit gro\u00df geworden. Da\u00df CILIP heute ein anerkanntes Fachblatt ist, das selbst in Sicherheitskreisen beachtet und aufmerksam gelesen wird, ist in hohem Ma\u00dfe sein Verdienst. Hief\u00fcr danken ihm die Redaktion (der er weiterhin angeh\u00f6ren wird) und die Herausgeber.<\/p>\n<p>Wir haben den Wechsel in der Redaktionsleitung zugleich auch als M\u00f6glichkeit f\u00fcr weitere \u00c4nderungen im Erscheinungsbild von B\u00fcrgerrechte &amp; Polizei\/CILIP verstanden. Dies gilt nicht nur f\u00fcr den \u00e4u\u00dferen Eindruck, sondern ebenso f\u00fcr den Inhalt. Mit der jetzt vorliegenden Nummer 38 (1\/91) soll jede Ausgabe, konsequenter als bisher, k\u00fcnftig einen (m\u00f6glichst) aktuellen Schwerpunktteil erhalten. Zudem ist vorgesehen, durch Debattenbeitr\u00e4ge den &#8222;Gebrauchswert&#8220;zu erh\u00f6hen.<\/p>\n<p>Ob dies gelungen ist, dar\u00fcber entscheiden nun die LeserInnen. Damit sind die Neuerungen rund um CILIP allerdings noch nicht abgeschlossen. Wie aus dem beiliegenden Aufruf n\u00e4her zu ersehen ist, bem\u00fchen wir uns derzeit, die seit Jahren bestehende &#8222;Arbeitsgruppe B\u00fcrgerrechte&#8220; in ein, der Freien Universitdt Berlin angegliedertes Institut umzuwandeln. Erste Schritte in diese Richtung sind unternommen. Inwieweit sie Erfolg haben werden, mu\u00df sich nun erweisen. Wir w\u00fcrden uns freuen, in diesem Bem\u00fchen bei unserer Leserschaft auf Interesse und rege Unterst\u00fctzung zu treffen.<\/p>\n<p>Zum Schwerpunkt:<\/p>\n<p>Was sich gegenw\u00e4rtig &#8211; von der \u00d6ffentlichkeit unbeachtet &#8211; beim Aufbau neuer Polizeien in den L\u00e4ndern der fr\u00fcheren DDR vollzieht, ist nicht nur eine der gr\u00f6\u00dften Unternehmungen im Bereich Innerer Sicherheit. Es ist zugleich auch eine der gr\u00f6\u00dften verpa\u00dften Chancen, das Sicherheitskonzept der Bundesrepublik neu zu \u00fcberdenken.<\/p>\n<p>In welch hohem Ma\u00dfe die Polizei im &#8222;Beitrittsgebiet&#8220;, wie es unterdessen amtsoffiziell hei\u00dft, westgemacht wird, ist stellenweise verbl\u00fcffend. Der &#8222;Ossi&#8220; &#8211; ob als B\u00fcrger, k\u00fcnftiger Polizeibeamter oder amtierender Minister &#8211; spielt h\u00e4ufig nur noch eine Statistenrolle. Teilweise konnte man in hiesigen Polizeibl\u00e4ttern bereits lesen, war in den Ministerien der \u00f6stlichen \u201ePatenkindern\u201c Monate sp\u00e4ter im Entwurf vorgelegt wurde. So sehr wir uns auch bem\u00fcht haben, m\u00f6glichst umfassend alle greifbaren Informationen zusammenzutragen; ganz ist dies leider nicht gelungen. So fehlen bedauerlicherweise direkte Berichte aus der einstigen Vopo. Der Autor, den wir hierf\u00fcr gewonnen hatten, bekam im letzten Moment &#8222;kalte F\u00fc\u00dfe&#8220;. Schade.<\/p>\n<p>Die n\u00e4chste Ausgabe von B\u00fcrgerrechte &amp; Polizei\/CILIP (erscheint Ende August) wird sich schwerpunkm\u00e4\u00dfig mit der &#8222;Organisierten Kriminalit\u00e4t&#8220; auseinandersetzen. Dieses Thema r\u00fcckt seit Jahren kontinuierlich immer weiter in den Vordergrund, so da\u00df wir eine eigene Befassung mit der &#8222;OK&#8220; f\u00fcr l\u00e4ngst \u00fcberf\u00e4llig halten.<\/p>\n<p>Zum Schlu\u00df nun noch eine Bitte der Redaktion an die Planer in den Ministerien. Wenn wir mit dem Ergebnis auch alles andere als zufrieden sind, so hoffen wir doch, da\u00df mit dem gegenw\u00e4rtigen Verfarsungsschutzgesetz (BVerfschG) die Flut der Gesetzesentw\u00fcrfe endlich ein Ende gefunden hat.<\/p>\n<p>F\u00fchren sie &#8211; da Positives ohnehin nicht zu erwarten ist &#8211; doch einzig dazu, durch die notwendige Dokumentation und Kommentierung (siehe CILIP 21, 23, 29, 32, 36) in der Redaktion Kr\u00e4fte zu binden, die wir eigentlich gern nutzbringender einsetzen w\u00fcrden. Eine Gesetzes\u00e4nderung, hin zu einer St\u00e4rkung der B\u00fcrgerrechte allerdings, w\u00fcrden wir mit Freuden einmal besprechen.<\/p>\n<h5>Otto Diederichs ist Redakteur und Mitherausgeber von B\u00fcrgerrechte &amp; Polizei\/CILIP<\/h5>\n","protected":false},"excerpt":{"rendered":"<p>von Otto Diederichs Die in der vorigen Ausgabe angek\u00fcndigten Ver\u00e4nderungen bei B\u00fcrgerrechte&amp; Polizei\/CILIP sind mit<\/p>\n","protected":false},"author":2,"featured_media":0,"comment_status":"open","ping_status":"open","sticky":false,"template":"","format":"standard","meta":{"footnotes":""},"categories":[44,141],"tags":[],"class_list":["post-22880","post","type-post","status-publish","format-standard","hentry","category-cilip-038","category-editorials"],"_links":{"self":[{"href":"https:\/\/wp-dev.daten.cool\/index.php?rest_route=\/wp\/v2\/posts\/22880","targetHints":{"allow":["GET"]}}],"collection":[{"href":"https:\/\/wp-dev.daten.cool\/index.php?rest_route=\/wp\/v2\/posts"}],"about":[{"href":"https:\/\/wp-dev.daten.cool\/index.php?rest_route=\/wp\/v2\/types\/post"}],"author":[{"embeddable":true,"href":"https:\/\/wp-dev.daten.cool\/index.php?rest_route=\/wp\/v2\/users\/2"}],"replies":[{"embeddable":true,"href":"https:\/\/wp-dev.daten.cool\/index.php?rest_route=%2Fwp%2Fv2%2Fcomments&post=22880"}],"version-history":[{"count":0,"href":"https:\/\/wp-dev.daten.cool\/index.php?rest_route=\/wp\/v2\/posts\/22880\/revisions"}],"wp:attachment":[{"href":"https:\/\/wp-dev.daten.cool\/index.php?rest_route=%2Fwp%2Fv2%2Fmedia&parent=22880"}],"wp:term":[{"taxonomy":"category","embeddable":true,"href":"https:\/\/wp-dev.daten.cool\/index.php?rest_route=%2Fwp%2Fv2%2Fcategories&post=22880"},{"taxonomy":"post_tag","embeddable":true,"href":"https:\/\/wp-dev.daten.cool\/index.php?rest_route=%2Fwp%2Fv2%2Ftags&post=22880"}],"curies":[{"name":"wp","href":"https:\/\/api.w.org\/{rel}","templated":true}]}}