{"id":22889,"date":"1989-06-02T12:11:05","date_gmt":"1989-06-02T12:11:05","guid":{"rendered":"https:\/\/www.cilip.de\/?p=22889"},"modified":"1989-06-02T12:11:05","modified_gmt":"1989-06-02T12:11:05","slug":"editorial-21","status":"publish","type":"post","link":"https:\/\/wp-dev.daten.cool\/?p=22889","title":{"rendered":"Editorial"},"content":{"rendered":"<p>Vertraute Bilder, Nachrichten und Betroffenenberichte, die in den letzten Monaten aus der DDR zu uns kommen:<\/p>\n<p>Provokateure, die zu Ge\u00adwaltt\u00e4tigkeiten animieren,<br \/>\npolizeilicher Kessel,<br \/>\nSuche nach R\u00e4delsf\u00fchrern,<br \/>\nGreifkommandos,<br \/>\nED-Behandlung festgenommener DemonstrantInnen,<br \/>\nUrteile im Schnellverfahren,<br \/>\nPolizeiliche Dokumentations\u00adtrupps mit Videoger\u00e4ten und selbstverst\u00e4ndlich die direkte Pr\u00fcgel mit dem Kn\u00fcppel oder des Polizisten Faust.<\/p>\n<p>Man gewinnt den Eindruck, als h\u00e4tten wenigstens die Vopos und Stasi-Leute, wenn schon ansonsten niemand mehr willens war, von Schnitzlers mont\u00e4gliche Schrec\u00adkensbilder aus dem realen Kapita\u00adlismus anzuschauen, mit professio\u00adnellem Interesse die Eins\u00e4tze ihrer westlichen Kollegen im Schwarzen Kanal, im ZDF oder in der ARD verfolgt &#8211; mit sichtbarem Lerner\u00adfolg!<!--more--><\/p>\n<p>Denn, ob im Berliner &#8222;H\u00e4user\u00adkampf&#8220; oder bei Brokdorf-Demon\u00adstrationen, ob in Wackersdorf oder bei Polizeiaktionen w\u00e4hrend der Berliner IWF-Tagung etc. &#8211; wir kennen dieser Bilder. CILIP hat hinreichend oft vergleichbare Be\u00adtroffenenberichte und Einsatztakti\u00adken &#8222;un\u00adserer&#8220; Polizei dokumentie\u00adren m\u00fcssen.<\/p>\n<p>&#8222;Vom Westen lernen hei\u00dft siegen lernen&#8220; &#8211; die \u00f6stlichen &#8222;Staatssi\u00adcherer&#8220; haben sich diese Parole bereits zu eigen gemacht, noch bevor sie zur halbwegs generellen Devise in der DDR wurde, die Ausr\u00fcstung mit westl. &#8222;riot con\u00adtrol&#8220;-Ger\u00e4t eingeschlossen.<\/p>\n<p>Die Differenz der Bilder und Er\u00adeignisse wird nicht vom Vorgehen der &#8222;Sicherheitsor\u00adgane&#8220; bestimmt. Vielmehr sind es die Protestfor\u00admen, die den Unterschied ausma\u00adchen und &#8211; wer h\u00e4tte dies je er\u00adwartet &#8211; die Antworten der politi\u00adschen Kaste.<\/p>\n<p>F\u00fcr uns ein Traum:<\/p>\n<p>Da finden sich in Leipzig in den letzten Wochen nahezu regelm\u00e4\u00dfig bis zu 500.000 B\u00fcrge\u00adrInnen zu\u00adsammen, um ihren Wi\u00adderspruch gegen das politische Regime an\u00adzumelden. Wann gab es dies je bei uns an einem Ort &#8211; getragen al\u00adlein von der \u00f6rtlichen Bev\u00f6lkerung und nicht als einmaliger Effekt einer Demonstration, zu der bun\u00addesweit mobilisiert und angereist wurde?<\/p>\n<p>Und gewi\u00df, es ist es auch die Breite des Protestes, die Ge\u00adwi\u00dfheit eigener St\u00e4rke, die ge\u00adwaltt\u00e4tig-militante Aktionen auf Seiten der Demonstranten nahezu vollst\u00e4ndig verhinderte.<\/p>\n<p>Und die &#8222;Oberen&#8220; &#8211; die Alt-Neuen Oberen der DDR?<\/p>\n<p>Auch sie haben anders rea\u00adgiert, als wir es kennen. Ohne Zweifel, es stand in der DDR wohl auf der Kippe (wie nie in der Geschichte der Bundesre\u00adpublik), ob Milit\u00e4r ge\u00adgen die eigene Bev\u00f6lkerung los-mar\u00adschieren w\u00fcrde. Vorbereitet war man. Selbst nur konkrete Vor\u00adbereitungen auf einen sol\u00adchen Mi\u00adlit\u00e4reinsatz erwiesen sich in der bundesdeutschen Geschichte nie als notwendig, so sehr ent\u00adsprechende \u00c4ngste sich in verfassungsrechtli\u00adchen Ma\u00dfnahmen, so der Notstandsgesetzgebung des Jahres 1968, niedergeschlagen haben.<\/p>\n<p>Aber die L\u00f6sung, zu der politi\u00adsche Kr\u00e4fte aus dem Macht\u00adkartell der DDR sich ent\u00adschlossen &#8211; k\u00f6nnten wir darauf setzen, da\u00df unserem Machtkar\u00adtell in einer ver\u00adgleichbaren historischen Situation ent\u00adsprechendes einfiele?<\/p>\n<p>Unsere &#8222;Stasi&#8220;-Leute, soweit sie dem Bundesinnenminister unter\u00adstellt sind, haben j\u00fcngst in K\u00f6ln am Rhein ihr neues Geb\u00e4ude\u00a0 be\u00adzogen &#8211; 220 Mio. Neubaukosten f\u00fcr ca. 2.200 &#8222;verfassungssch\u00fct\u00adzende&#8220; Ar\u00adbeitspl\u00e4tze. Ihre Zahl, wie in der DDR, zumin\u00addest zu redu\u00adzieren, nachdem der alte &#8222;Feind&#8220; in Agonie dahinsiecht &#8211; wer h\u00e4tte von unseren Alt\u00adparteien, gar von der Regie\u00adrung je solche T\u00f6ne geh\u00f6rt?<\/p>\n<p>Hier gibt es keine Volksbewegung, die unseren Politikern dies einzu\u00adpauken willens und in der Lage w\u00e4re. In der DDR &#8211; wir wollen es nicht unterschlagen &#8211; stehen hinter diesen Forderungen ohne Zweifel in der Summe viel h\u00e4rtere und breitere Erfah\u00adrungen mit dem Spitzel- und Sanktionssystems der Stasi.<\/p>\n<p>Doch zeigt diese CILIP-Ausgabe einmal mehr (am Mordfall Schm\u00fccker wie am Schlu\u00dfbericht des parlamentar. Untersu\u00adchungs-ausschusses in Nieder\u00adsachen zum &#8222;Celler Loch&#8220; und zum Fall &#8222;Mauss&#8220;), wie dringlich es auch hier w\u00e4re, gegen\u00fcber dem politi\u00adschen &#8222;Sicherheits&#8220;-Kartell der Altparteien durch\u00adzusetzen, da\u00df auch unsere &#8222;Stasi&#8220;-Besch\u00e4ftigten zu ge\u00adsellschaftlich n\u00fctzlicher T\u00e4\u00adtigkeit verdammt werden!<\/p>\n<p>Wenn die DDR-Kollegen in den Tagebau m\u00fcssen, warum nicht ihre westlichen Kollegen in die Kohlen\u00adgruben des Ruhrgebiets oder in die Fischmehlfabriken an der Nordsee\u00adk\u00fcste?<\/p>\n<p>Die Fachgruppe VfS der \u00d6TV hat die Stasi-Kollegen schon zu Ge\u00adspr\u00e4chen aufgefordert &#8211; verst\u00e4nd\u00adlich, ist doch das B\u00fcro in K\u00f6ln oder in Berlin (O.) ein komforta\u00adbelerer Platz als der Tagebau um Halle oder die Kohlengruben an der Ruhr.<\/p>\n<p>Jedenfalls, eine Verst\u00e4ndigung der &#8222;Si\u00adcherheitsexperten&#8220; \u00fcber &#8222;Si\u00adcherheit&#8220;, die &#8222;gesamtdeutsch&#8220; den B\u00fcrgerInnen in Ost und West zu bieten w\u00e4re &#8211; dieser Alptraum ist gewi\u00df das letzte, was wir uns er\u00adhoffen w\u00fcrden.<\/p>\n<p>(FW)<\/p>\n","protected":false},"excerpt":{"rendered":"<p>Vertraute Bilder, Nachrichten und Betroffenenberichte, die in den letzten Monaten aus der DDR zu uns<\/p>\n","protected":false},"author":2,"featured_media":0,"comment_status":"open","ping_status":"open","sticky":false,"template":"","format":"standard","meta":{"footnotes":""},"categories":[40,141],"tags":[],"class_list":["post-22889","post","type-post","status-publish","format-standard","hentry","category-cilip-034-archiv","category-editorials"],"_links":{"self":[{"href":"https:\/\/wp-dev.daten.cool\/index.php?rest_route=\/wp\/v2\/posts\/22889","targetHints":{"allow":["GET"]}}],"collection":[{"href":"https:\/\/wp-dev.daten.cool\/index.php?rest_route=\/wp\/v2\/posts"}],"about":[{"href":"https:\/\/wp-dev.daten.cool\/index.php?rest_route=\/wp\/v2\/types\/post"}],"author":[{"embeddable":true,"href":"https:\/\/wp-dev.daten.cool\/index.php?rest_route=\/wp\/v2\/users\/2"}],"replies":[{"embeddable":true,"href":"https:\/\/wp-dev.daten.cool\/index.php?rest_route=%2Fwp%2Fv2%2Fcomments&post=22889"}],"version-history":[{"count":0,"href":"https:\/\/wp-dev.daten.cool\/index.php?rest_route=\/wp\/v2\/posts\/22889\/revisions"}],"wp:attachment":[{"href":"https:\/\/wp-dev.daten.cool\/index.php?rest_route=%2Fwp%2Fv2%2Fmedia&parent=22889"}],"wp:term":[{"taxonomy":"category","embeddable":true,"href":"https:\/\/wp-dev.daten.cool\/index.php?rest_route=%2Fwp%2Fv2%2Fcategories&post=22889"},{"taxonomy":"post_tag","embeddable":true,"href":"https:\/\/wp-dev.daten.cool\/index.php?rest_route=%2Fwp%2Fv2%2Ftags&post=22889"}],"curies":[{"name":"wp","href":"https:\/\/api.w.org\/{rel}","templated":true}]}}