{"id":23035,"date":"2024-06-12T20:35:13","date_gmt":"2024-06-12T20:35:13","guid":{"rendered":"https:\/\/www.cilip.de\/?p=23035"},"modified":"2024-06-12T20:35:13","modified_gmt":"2024-06-12T20:35:13","slug":"bundesweit-mobile-gesichtserkennung-aus-sachsen","status":"publish","type":"post","link":"https:\/\/wp-dev.daten.cool\/?p=23035","title":{"rendered":"Bundesweit mobile Gesichtserkennung aus Sachsen"},"content":{"rendered":"<p>Die Polizei in Berlin, Niedersachsen, Nordrhein-Westfalen, Brandenburg und Baden-W\u00fcrttemberg nutzt verdeckte Kameras am Stra\u00dfenrand, um vorbeifahrende Verd\u00e4chtige zu observieren.<a href=\"#_ftn1\" name=\"_ftnref1\">[1]<\/a> Damit werden die Bundesl\u00e4nder in Amtshilfe aus Sachsen in Verfahren wegen bandenm\u00e4\u00dfiger Eigentumskriminalit\u00e4t unterst\u00fctzt. Soweit bekannt stehen die Anlagen dabei an s\u00e4chsischen Stra\u00dfen. Die Polizei will dadurch etwa ermitteln, welche Fahrzeuge Personen von Interesse benutzen. Die Aufnahmen werden dazu mit Referenzdatenbanken abgeglichen, die Bilder aus erkennungsdienstlichen Ma\u00dfnahmen enthalten.<\/p>\n<p>Die Verwendung einer solchen Observationstechnik war im April aus Berlin bekannt geworden. Anfang Juni teilte die Polizeidirektion (PD) Hannover dazu weitere Informationen mit. Demnach handelt es sich um eine mobile Variante des \u201ePersonen-Identifikations-Systems\u201c (PerIS), das die Polizeidirektion G\u00f6rlitz mit der Firma OptoPrecision aus Bremen entwickelt hat. Mit fest installierten Kameras\u00e4ulen nimmt das PerIS an der Grenze zu Polen Gesichtsbilder und Kennzeichen auf.<!--more--><\/p>\n<p>Seit Februar 2021 verf\u00fcgt die G\u00f6rlitzer Polizei auch \u00fcber ein \u201ePerIS-Mobil\u201c in einem unscheinbaren Lieferwagen, sp\u00e4ter kam ein zweites hinzu. T\u00e4glich kann das System rund sechs Terrabyte Daten von Gesichtern und Kennzeichen speichern und durch eine \u201eeigens entwickelte komplexe Software\u201c auswerten.<\/p>\n<p>In Niedersachsen wird die Technik retrograd, also nicht in Echtzeit genutzt. Bei entsprechender rechtlichen Ausgangslage ist die \u201eautomatisierte Detektion\u201c von Gesichtern und Kennzeichen laut der PD Hannover auch in einem \u201eLive-Modus\u201c m\u00f6glich. Ein solcher Echtzeit-Einsatz erfolgte nach Auskunft der dortigen Staatsanwaltschaft f\u00fcr Berlin. Einsatzgrundlage sei demnach der Rasterfahndungs-Paragraf 98a StPO gewesen. Er erlaubt bei einer Straftat von erheblicher Bedeutung, dass Daten \u00fcberwachter Personen \u201emit anderen Daten maschinell abgeglichen werden\u201c.<\/p>\n<h6><a href=\"#_ftnref1\" name=\"_ftn1\">[1]<\/a> \u00a0 Heimliche Gesichtserkennung auch in Niedersachsen, netzpolitik.org v. 11.6.2024<\/h6>\n","protected":false},"excerpt":{"rendered":"<p>Die Polizei in Berlin, Niedersachsen, Nordrhein-Westfalen, Brandenburg und Baden-W\u00fcrttemberg nutzt verdeckte Kameras am Stra\u00dfenrand, um<\/p>\n","protected":false},"author":3,"featured_media":0,"comment_status":"open","ping_status":"open","sticky":false,"template":"","format":"standard","meta":{"footnotes":""},"categories":[139,146],"tags":[],"class_list":["post-23035","post","type-post","status-publish","format-standard","hentry","category-cilip-135","category-meldungen-inland"],"_links":{"self":[{"href":"https:\/\/wp-dev.daten.cool\/index.php?rest_route=\/wp\/v2\/posts\/23035","targetHints":{"allow":["GET"]}}],"collection":[{"href":"https:\/\/wp-dev.daten.cool\/index.php?rest_route=\/wp\/v2\/posts"}],"about":[{"href":"https:\/\/wp-dev.daten.cool\/index.php?rest_route=\/wp\/v2\/types\/post"}],"author":[{"embeddable":true,"href":"https:\/\/wp-dev.daten.cool\/index.php?rest_route=\/wp\/v2\/users\/3"}],"replies":[{"embeddable":true,"href":"https:\/\/wp-dev.daten.cool\/index.php?rest_route=%2Fwp%2Fv2%2Fcomments&post=23035"}],"version-history":[{"count":0,"href":"https:\/\/wp-dev.daten.cool\/index.php?rest_route=\/wp\/v2\/posts\/23035\/revisions"}],"wp:attachment":[{"href":"https:\/\/wp-dev.daten.cool\/index.php?rest_route=%2Fwp%2Fv2%2Fmedia&parent=23035"}],"wp:term":[{"taxonomy":"category","embeddable":true,"href":"https:\/\/wp-dev.daten.cool\/index.php?rest_route=%2Fwp%2Fv2%2Fcategories&post=23035"},{"taxonomy":"post_tag","embeddable":true,"href":"https:\/\/wp-dev.daten.cool\/index.php?rest_route=%2Fwp%2Fv2%2Ftags&post=23035"}],"curies":[{"name":"wp","href":"https:\/\/api.w.org\/{rel}","templated":true}]}}