{"id":23041,"date":"2024-06-12T20:39:01","date_gmt":"2024-06-12T20:39:01","guid":{"rendered":"https:\/\/www.cilip.de\/?p=23041"},"modified":"2024-06-12T20:39:01","modified_gmt":"2024-06-12T20:39:01","slug":"frontex-wirft-jetzt-rettungsinseln-ab","status":"publish","type":"post","link":"https:\/\/wp-dev.daten.cool\/?p=23041","title":{"rendered":"Frontex wirft jetzt Rettungsinseln ab"},"content":{"rendered":"<p>Seit 2017 hat Frontex im zentralen Mittelmeer einen Luft\u00fcberwachungsdienst aus gecharterten Flugzeugen und Drohnen aufgebaut. Einige davon sind inzwischen auch mit Rettungsmitteln ausger\u00fcstet. Das belegt ein Einsatz vom 24. M\u00e4rz im zentralen Mittelmeer, bei dem ein Flugzeug im Auftrag der EU-Grenzagentur offenbar erstmals ein solches Rettungsmittel abgeworfen hat. Der in Panama registrierte Tanker \u201eVault\u201c hatte 138 Menschen an Bord genommen, deren mit besch\u00e4digtem Motor treibendes Boot von einem Flugzeug der Seenotrettungsorganisation Sea-Watch entdeckt wurde.<a href=\"#_ftn1\" name=\"_ftnref1\">[1]<\/a> Als das Boot in Schieflage geriet, waren einige der Insassen in Panik ins Wasser gesprungen. Daraufhin warf das f\u00fcr Frontex betriebene Charterflugzeug \u201eEagle 1\u201c die Rettungsinsel ab. Die Ma\u00dfnahme habe \u201eeine entscheidende Rolle\u201c bei der Rettung geleistet, sagte ein Frontex-Sprecher. \u00dcberlebende erkl\u00e4rten jedoch, drei M\u00e4nner aus Syrien, \u00c4thiopien und Bangladesch seien bei dem Schiffbruch ertrunken.<!--more--><\/p>\n<p>Neben der \u201eEagle 1\u201c hat Frontex mit einer zweimotorigen Dornier ein noch gr\u00f6\u00dferes Flugzeug in Betrieb, das ebenfalls Rettungsausr\u00fcstung abwerfen kann. Diese als \u201eEagle 3\u201c oder \u201eOsprey 4\u201c bezeichnete Maschine fliegt \u00fcber dem Mittelmeer und dem \u00c4rmelkanal. Laut Frontex hat die \u201eEagle 1\u201c zwei Rettungsinseln f\u00fcr je sechs Personen an Bord, die Dornier drei Rettungsinseln f\u00fcr je elf Personen.<a href=\"#_ftn2\" name=\"_ftnref2\">[2]<\/a><\/p>\n<p>Den Rahmenvertrag f\u00fcr seine Luft\u00fcberwachungsdienste erneuert Frontex regelm\u00e4\u00dfig, laut einer Ausschreibung f\u00fcr 2025 sollen allein die Eins\u00e4tze von Langstreckenflugzeugen 169 Millionen Euro kosten,<a href=\"#_ftn3\" name=\"_ftnref3\">[3]<\/a> das ist rund ein F\u00fcnftel des Gesamtbudgets der Agentur. Das Mitf\u00fchren von Rettungsausr\u00fcstung ist auch in diesen Vertr\u00e4gen vorgesehen.<\/p>\n<p>W\u00e4hrend Frontex f\u00fcr die gemeinsame Migrationsabwehr der 27 EU-Staaten zust\u00e4ndig ist, soll die Agentur f\u00fcr die maritime Sicherheit (EMSA) deren K\u00fcstenwachen koordinieren. Im EMSA-Auftrag sind seit 2021 vier Drohnen unterwegs, die ebenfalls Rettungsinseln f\u00fcr jeweils acht Personen abwerfen k\u00f6nnen.<a href=\"#_ftn4\" name=\"_ftnref4\">[4]<\/a> Den Rahmenvertrag dieser \u201eAR5\u201c von Tekever aus Portugal hat die Agentur bis 2025 verl\u00e4ngert. \u00dcber einen Einsatz wurde bisher noch nicht berichtet.<\/p>\n<h6><a href=\"#_ftnref1\" name=\"_ftn1\">[1]<\/a> \u00a0 <a href=\"https:\/\/x.com\/seawatch_intl\/status\/1771974600735281488\">https:\/\/x.com\/seawatch_intl\/status\/1771974600735281488<\/a><\/h6>\n<h6><a href=\"#_ftnref2\" name=\"_ftn2\">[2]<\/a> \u00a0 Antwort der EU-Kommission auf die Schriftliche Frage P-000828\/2024 v. 18.4.2024<\/h6>\n<h6><a href=\"#_ftnref3\" name=\"_ftn3\">[3]<\/a> \u00a0 <a href=\"https:\/\/ted.europa.eu\/en\/notice\/-\/detail\/667293-2023\">https:\/\/ted.europa.eu\/en\/notice\/-\/detail\/667293-2023<\/a><\/h6>\n<h6><a href=\"#_ftnref4\" name=\"_ftn4\">[4]<\/a> \u00a0 Antwort der EU-Kommission auf die Schriftliche Frage E-001483\/2022 v. 3.6.2022<\/h6>\n","protected":false},"excerpt":{"rendered":"<p>Seit 2017 hat Frontex im zentralen Mittelmeer einen Luft\u00fcberwachungsdienst aus gecharterten Flugzeugen und Drohnen aufgebaut.<\/p>\n","protected":false},"author":3,"featured_media":0,"comment_status":"open","ping_status":"open","sticky":false,"template":"","format":"standard","meta":{"footnotes":""},"categories":[139,145],"tags":[],"class_list":["post-23041","post","type-post","status-publish","format-standard","hentry","category-cilip-135","category-meldungen-europa"],"_links":{"self":[{"href":"https:\/\/wp-dev.daten.cool\/index.php?rest_route=\/wp\/v2\/posts\/23041","targetHints":{"allow":["GET"]}}],"collection":[{"href":"https:\/\/wp-dev.daten.cool\/index.php?rest_route=\/wp\/v2\/posts"}],"about":[{"href":"https:\/\/wp-dev.daten.cool\/index.php?rest_route=\/wp\/v2\/types\/post"}],"author":[{"embeddable":true,"href":"https:\/\/wp-dev.daten.cool\/index.php?rest_route=\/wp\/v2\/users\/3"}],"replies":[{"embeddable":true,"href":"https:\/\/wp-dev.daten.cool\/index.php?rest_route=%2Fwp%2Fv2%2Fcomments&post=23041"}],"version-history":[{"count":0,"href":"https:\/\/wp-dev.daten.cool\/index.php?rest_route=\/wp\/v2\/posts\/23041\/revisions"}],"wp:attachment":[{"href":"https:\/\/wp-dev.daten.cool\/index.php?rest_route=%2Fwp%2Fv2%2Fmedia&parent=23041"}],"wp:term":[{"taxonomy":"category","embeddable":true,"href":"https:\/\/wp-dev.daten.cool\/index.php?rest_route=%2Fwp%2Fv2%2Fcategories&post=23041"},{"taxonomy":"post_tag","embeddable":true,"href":"https:\/\/wp-dev.daten.cool\/index.php?rest_route=%2Fwp%2Fv2%2Ftags&post=23041"}],"curies":[{"name":"wp","href":"https:\/\/api.w.org\/{rel}","templated":true}]}}