{"id":23113,"date":"2024-07-19T05:09:42","date_gmt":"2024-07-19T05:09:42","guid":{"rendered":"https:\/\/www.cilip.de\/?p=23113"},"modified":"2024-08-06T21:01:23","modified_gmt":"2024-08-06T21:01:23","slug":"135-juli-2024-abolitionismus-impulse-aus-der-praxis","status":"publish","type":"post","link":"https:\/\/wp-dev.daten.cool\/?p=23113","title":{"rendered":"135 (Juli 2024) Abolitionismus \u2013 Impulse aus der Praxis"},"content":{"rendered":"<p><a href=\"https:\/\/www.cilip.de\/2024\/07\/19\/redaktionsmitteilung-50\/\"><strong>Redaktionsmitteilung<\/strong><\/a><br \/>\n<a href=\"https:\/\/www.cilip.de\/2024\/07\/19\/vorwort\/\"><strong>Vorwort<\/strong><\/a><\/p>\n<p><a href=\"https:\/\/www.cilip.de\/2024\/07\/19\/warum-abolitionismus-theorie-und-praxis-einer-nicht-neuen-bewegung\/\"><strong>Warum Abolitionismus?<\/strong><\/a><br \/>\nHannah V\u00f6gele, Lara M\u00f6ller, Rebecca Merdes<br \/>\n<strong>Die Konsequenz ist Widerstand<\/strong><br \/>\nMigrantifa Berlin<br \/>\n<strong>\u201eCommunity schafft keine Sicherheit\u201c<\/strong><br \/>\nInterview mit Bethi Ngari von Women in Exile<br \/>\n<strong>Praxis der Widerspr\u00fcche<\/strong><br \/>\nCriminals for Freedom<br \/>\n<strong>Vom Berliner Flughafen zu EU-Grenzen<\/strong><br \/>\nEve M., Sophia D.<br \/>\n<strong>Alternative Sicherheit in Kurdistan<\/strong><br \/>\nCen\u00ee &#8211; Kurdisches Frauenb\u00fcro f\u00fcr Frieden<br \/>\n<strong>Antisemitismus als Grenzmechanismus<\/strong><br \/>\nMa\u2019ayan Ashash, Danna Marshall<br \/>\n<strong>Alternativen lebbar machen<\/strong><br \/>\nEin Gespr\u00e4ch zu Abolitionismus in Europa<br \/>\n<a href=\"https:\/\/www.cilip.de\/2024\/07\/19\/nachruf-auf-biplab-basu-solidarity-is-a-weapon\/\"><strong>Nachruf auf Biplab Basu<\/strong><\/a><br \/>\nLina Schmid, Gonca Sa\u011flam f\u00fcr KOP Berlin<\/p>\n<p><strong>Die AfD an der Macht<\/strong><br \/>\nArne Semsrott<br \/>\n<strong>Strafrecht statt Sozialarbeit<\/strong><br \/>\nNorbert P\u00fctter<\/p>\n<p><strong>Inland aktuell<\/strong><br \/>\n<strong>Meldungen aus Europa<\/strong><br \/>\n<a href=\"https:\/\/www.cilip.de\/2024\/07\/19\/literatur-77\/\"><strong>Literatur<\/strong><\/a><br \/>\n<strong>Mitarbeiter*innen dieser Ausgabe<\/strong><\/p>\n","protected":false},"excerpt":{"rendered":"<p>Redaktionsmitteilung Vorwort Warum Abolitionismus? Hannah V\u00f6gele, Lara M\u00f6ller, Rebecca Merdes Die Konsequenz ist Widerstand Migrantifa<\/p>\n","protected":false},"author":2,"featured_media":23100,"comment_status":"open","ping_status":"open","sticky":false,"template":"","format":"standard","meta":{"footnotes":""},"categories":[143],"tags":[1576],"class_list":["post-23113","post","type-post","status-publish","format-standard","has-post-thumbnail","hentry","category-inhalt","tag-featured"],"_links":{"self":[{"href":"https:\/\/wp-dev.daten.cool\/index.php?rest_route=\/wp\/v2\/posts\/23113","targetHints":{"allow":["GET"]}}],"collection":[{"href":"https:\/\/wp-dev.daten.cool\/index.php?rest_route=\/wp\/v2\/posts"}],"about":[{"href":"https:\/\/wp-dev.daten.cool\/index.php?rest_route=\/wp\/v2\/types\/post"}],"author":[{"embeddable":true,"href":"https:\/\/wp-dev.daten.cool\/index.php?rest_route=\/wp\/v2\/users\/2"}],"replies":[{"embeddable":true,"href":"https:\/\/wp-dev.daten.cool\/index.php?rest_route=%2Fwp%2Fv2%2Fcomments&post=23113"}],"version-history":[{"count":1,"href":"https:\/\/wp-dev.daten.cool\/index.php?rest_route=\/wp\/v2\/posts\/23113\/revisions"}],"predecessor-version":[{"id":23595,"href":"https:\/\/wp-dev.daten.cool\/index.php?rest_route=\/wp\/v2\/posts\/23113\/revisions\/23595"}],"wp:featuredmedia":[{"embeddable":true,"href":"https:\/\/wp-dev.daten.cool\/index.php?rest_route=\/wp\/v2\/media\/23100"}],"wp:attachment":[{"href":"https:\/\/wp-dev.daten.cool\/index.php?rest_route=%2Fwp%2Fv2%2Fmedia&parent=23113"}],"wp:term":[{"taxonomy":"category","embeddable":true,"href":"https:\/\/wp-dev.daten.cool\/index.php?rest_route=%2Fwp%2Fv2%2Fcategories&post=23113"},{"taxonomy":"post_tag","embeddable":true,"href":"https:\/\/wp-dev.daten.cool\/index.php?rest_route=%2Fwp%2Fv2%2Ftags&post=23113"}],"curies":[{"name":"wp","href":"https:\/\/api.w.org\/{rel}","templated":true}]}}