{"id":23319,"date":"2002-01-23T22:39:00","date_gmt":"2002-01-23T21:39:00","guid":{"rendered":"https:\/\/www.cilip.de\/?p=23319"},"modified":"2002-01-23T22:39:00","modified_gmt":"2002-01-23T21:39:00","slug":"rasterfahndung-in-berlin-unzulaessig","status":"publish","type":"post","link":"https:\/\/wp-dev.daten.cool\/?p=23319","title":{"rendered":"Rasterfahndung in Berlin unzul\u00e4ssig"},"content":{"rendered":"\n<p><em>Deutsche Vereinigung f\u00fcr Datenschutz e.V<br \/>DVD-Gesch\u00e4ftsstelle<br \/>Bonner Talweg 33-35 &#8211; 53113 Bonn<\/em><\/p>\n\n\n\n<h2 class=\"wp-block-heading\">Pressemitteilung vom 23.1.2002<\/h2>\n\n\n\n<p>Im Zuge der bundesweiten Rasterfahndung der Landeskriminal\u00e4mter wurde in Berlin seit dem 21.09.2001 in einer Vielzahl nicht- polizeilicher Datenbest\u00e4nde nach mutma\u00dflichen Schl\u00e4fern islamischer terroristischer Organisationen gefahndet. Betroffen waren Studierende aus Herkunftsl\u00e4ndern mit islamischer Bev\u00f6lkerung, aber auch aus Israel und Frankreich. F\u00fcr die Rasterfahndung wurde auch eine bundesweite polizeiliche Verbunddatei eingerichtet.<!--more--><\/p>\n\n\n\n<p>In einer am 22.01.2002 ver\u00f6ffentlichten Entscheidung setzt sich das Landgericht Berlin ausf\u00fchrlich mit den polizeirechtlichen Grundlagen der Rasterfahndung auseinander und kommt zu dem Schluss, dass &#8222;nicht die blo\u00dfe M\u00f6glichkeit, dass es zu terroristischen Handlungen kommen k\u00f6nnte, sondern nur eine Gefahr, die zu sofortigem Einschreiten n\u00f6tigt, um konkret drohende Sch\u00e4den zu vermeiden&#8220;, eine Rasterfahndung rechtfertigen k\u00f6nne. Mehr als Mutma\u00dfungen konnte das Landeskriminalamt trotz monatelanger intensiver Fahndung nicht darlegen. Das Gericht konnte sich hingegen auf eine Vielzahl von Entwarnungsverlautbarungen der Bundesregierung und zuletzt den Bundesminister des Inneren beziehen, der noch j\u00fcngst die Sicherheitslage als entspannt bezeichnet hatte.<\/p>\n\n\n\n<p>Der bundesweit bisher leider einmalige Beschluss entscheidet gegen eine diffuse \u00f6ffentliche Angst vor islamischem Terror und f\u00fcr einen sachlichen Umgang mit den Instrumenten der Gefahrenabwehr. Er entscheidet auch f\u00fcr die Grundrechte einer Vielzahl von ausl\u00e4ndischen Studierenden, die \u00fcber Monate polizeilich durchleuchtet wurden &#8211; zumeist ohne davon Kenntnis zu erhalten.<\/p>\n\n\n\n<p>Der Beschluss ist sofort wirksam. Berlins Innensenator K\u00f6rting steht jetzt vor der Aufgabe, die Rasterfahndung in Berlin sofort einzustellen, die Verwendung der erhobenen Daten zu untersagen und zu verhindern, dass andere Landeskriminal\u00e4mter und das Bundeskriminalamt berliner Rasterfahndungsdaten weiterhin verwenden oder weitergeben.<\/p>\n\n\n<hr class=\"wp-block-separator has-alpha-channel-opacity\" \/>\n\n\n<p><strong>Bei R\u00fcckfragen:<\/strong><br \/>S\u00f6nke Hilbrans, Immanuelkirchstr. 3 &#8211; 4, 10405 Berlin<\/p>\n","protected":false},"excerpt":{"rendered":"<p>Deutsche Vereinigung f\u00fcr Datenschutz e.VDVD-Gesch\u00e4ftsstelleBonner Talweg 33-35 &#8211; 53113 Bonn Pressemitteilung vom 23.1.2002 Im Zuge<\/p>\n","protected":false},"author":2,"featured_media":0,"comment_status":"open","ping_status":"open","sticky":false,"template":"","format":"standard","meta":{"footnotes":""},"categories":[140],"tags":[],"class_list":["post-23319","post","type-post","status-publish","format-standard","hentry","category-dokumente"],"_links":{"self":[{"href":"https:\/\/wp-dev.daten.cool\/index.php?rest_route=\/wp\/v2\/posts\/23319","targetHints":{"allow":["GET"]}}],"collection":[{"href":"https:\/\/wp-dev.daten.cool\/index.php?rest_route=\/wp\/v2\/posts"}],"about":[{"href":"https:\/\/wp-dev.daten.cool\/index.php?rest_route=\/wp\/v2\/types\/post"}],"author":[{"embeddable":true,"href":"https:\/\/wp-dev.daten.cool\/index.php?rest_route=\/wp\/v2\/users\/2"}],"replies":[{"embeddable":true,"href":"https:\/\/wp-dev.daten.cool\/index.php?rest_route=%2Fwp%2Fv2%2Fcomments&post=23319"}],"version-history":[{"count":0,"href":"https:\/\/wp-dev.daten.cool\/index.php?rest_route=\/wp\/v2\/posts\/23319\/revisions"}],"wp:attachment":[{"href":"https:\/\/wp-dev.daten.cool\/index.php?rest_route=%2Fwp%2Fv2%2Fmedia&parent=23319"}],"wp:term":[{"taxonomy":"category","embeddable":true,"href":"https:\/\/wp-dev.daten.cool\/index.php?rest_route=%2Fwp%2Fv2%2Fcategories&post=23319"},{"taxonomy":"post_tag","embeddable":true,"href":"https:\/\/wp-dev.daten.cool\/index.php?rest_route=%2Fwp%2Fv2%2Ftags&post=23319"}],"curies":[{"name":"wp","href":"https:\/\/api.w.org\/{rel}","templated":true}]}}