{"id":23391,"date":"2001-11-26T23:54:55","date_gmt":"2001-11-26T22:54:55","guid":{"rendered":"https:\/\/www.cilip.de\/?p=23391"},"modified":"2001-11-26T23:54:55","modified_gmt":"2001-11-26T22:54:55","slug":"stellungnahme-von-aktion-courage-zum-terrorismusbekaempfungsgesetz","status":"publish","type":"post","link":"https:\/\/wp-dev.daten.cool\/?p=23391","title":{"rendered":"Stellungnahme von Aktion Courage zum Terrorismusbek\u00e4mpfungsgesetz"},"content":{"rendered":"<p>An die<br \/>\nVorsitzende des Innenausschusses<br \/>\ndes Deutschen Bundestags<br \/>\nFrau Ute Vogt MdB<br \/>\nPlatz der Republik 1<br \/>\n11011 Berlin<\/p>\n<h2>Terrorismusbek\u00e4mpfungsgesetz<\/h2>\n<p>Sehr geehrte Frau Vorsitzende,<\/p>\n<p>als Mitglied des Forums Menschenrechte teilen wir die im Schreiben des Forums vom 22.11.2001 an die Mitglieder des Rechts- und Innenausschusses des Deutschen Bundestags formulierten schwerwiegenden politischen und rechtlichen Bedenken gegen das von der Bundesregierung am 7.11.2001 beschlossene Terrorismusbek\u00e4mpfungsgesetz, das am 30.11. Gegenstand eines Hearings im Innenausschuss sein wird.<!--more--><\/p>\n<p>Da sich Aktion Courage mit ihren vielfach ausgezeichneten Projekten um den Abbau von Fremdenfeindlichkeit und die Integration der in Deutschland lebenden Menschen ausl\u00e4ndischer Herkunft k\u00fcmmert, gilt unsere besondere Aufmerksamkeit den auf diese Personengruppe zielenden Bestimmungen des genannten Gesetzes.<\/p>\n<p>Die vorgesehenen \u00c4nderungen des Ausl\u00e4ndergesetzes, des Asylverfahrensgesetzes und des Ausl\u00e4nderzentralregistergesetzes versto\u00dfen unseres Erachtens gegen die Grunds\u00e4tze der Erforderlichkeit, der Verh\u00e4ltnism\u00e4\u00dfigkeit und der Geeignetheit- Ma\u00dfst\u00e4be, an denen sich nach unserer Rechtsordnung Gesetzesvorhaben messen lassen m\u00fcssen. F\u00fcr besonders gravierend und mit unserer Verfassung nicht vereinbar halten wir es, dass staatliches Handeln, z.B. bei Abschiebungen, auf blo\u00dfen Verdacht gest\u00fctzt und Rechtsmittel dagegen ausgeschlossen werden k\u00f6nnen. Auf die Bedenken gegen die vorgesehene umfassende Daten\u00fcbermittlungspflicht des Bundesamts f\u00fcr die Anerkennung ausl\u00e4ndischer Fl\u00fcchtlinge und der Ausl\u00e4nderbeh\u00f6rden an den Verfassungsschutz haben die Datensch\u00fctzer bereits zu Recht hingewiesen.<\/p>\n<p>Schlie\u00dflich ist unseres Erachtens die Erhebung und Speicherung der Religionszugeh\u00f6rigkeit im Ausl\u00e4nderzentralregister nicht mit unserer Verfassung zu vereinbaren. Die Freiwilligkeit vermag das nicht einzuschr\u00e4nken, denn wer sich der Erhebung verweigert, wird sich in praxi automatisch verd\u00e4chtig machen.<\/p>\n<p>Die auf Menschen ausl\u00e4ndischer Herkunft zielenden Gesetzes\u00e4nderungen werden, wie wir aus unserer Arbeit wissen, von dieser Personengruppe zu Recht als Generalverdacht empfunden. Sie sehen sich als potentielle Straft\u00e4ter behandelt. Dies gilt insbesondere f\u00fcr die zahlreichen in Deutschland lebenden Muslime, bei denen sich zunehmend \u00c4ngste und Sorgen \u00fcber ihr k\u00fcnftiges Leben in Deutschland breitmachen. Die erfreuliche Tendenz der letzten Jahre zu mehr Offenheit und Bereitschaft zur Integration, welche wir u.a. mit unserem vom Bundesarbeitsministerium finanzierten Projekt &#8222;Integration von Muslimen und muslimischen Organisationen&#8220; gef\u00f6rdert haben, droht wieder ins Gegenteil, n\u00e4mlich Ausgrenzung und Selbstausgrenzung mit allen negativen Folgen f\u00fcr unser Gemeinwesen, umzuschlagen.<\/p>\n<p>Abschlie\u00dfend m\u00f6chten wir auf einen Aspekt hinweisen, der in der bisherigen Diskussion noch keine Rolle gespielt hat: Wir bef\u00fcrchten, dass sich Rechtsextremisten in unserem Land in ihrer ausl\u00e4nderfeindlichen Haltung best\u00e4rkt sehen, sollten die prim\u00e4r gegen Ausl\u00e4nder gerichteten Versch\u00e4rfungen Gesetz werden.<\/p>\n<p>Wir w\u00fcrden uns freuen, wenn unsere Bedenken bei Ihnen auf Geh\u00f6r stie\u00dfen.<\/p>\n<p>Wir bitten Sie, dieses Schreiben auch den Mitgliedern des Innenausschusses zug\u00e4nglich zu machen.<\/p>\n<p>Mit freundlichen Gr\u00fc\u00dfen<\/p>\n<p>Dr. Gerd Pflaumer<\/p>\n","protected":false},"excerpt":{"rendered":"<p>An die Vorsitzende des Innenausschusses des Deutschen Bundestags Frau Ute Vogt MdB Platz der Republik<\/p>\n","protected":false},"author":2,"featured_media":0,"comment_status":"open","ping_status":"open","sticky":false,"template":"","format":"standard","meta":{"footnotes":""},"categories":[140],"tags":[],"class_list":["post-23391","post","type-post","status-publish","format-standard","hentry","category-dokumente"],"_links":{"self":[{"href":"https:\/\/wp-dev.daten.cool\/index.php?rest_route=\/wp\/v2\/posts\/23391","targetHints":{"allow":["GET"]}}],"collection":[{"href":"https:\/\/wp-dev.daten.cool\/index.php?rest_route=\/wp\/v2\/posts"}],"about":[{"href":"https:\/\/wp-dev.daten.cool\/index.php?rest_route=\/wp\/v2\/types\/post"}],"author":[{"embeddable":true,"href":"https:\/\/wp-dev.daten.cool\/index.php?rest_route=\/wp\/v2\/users\/2"}],"replies":[{"embeddable":true,"href":"https:\/\/wp-dev.daten.cool\/index.php?rest_route=%2Fwp%2Fv2%2Fcomments&post=23391"}],"version-history":[{"count":0,"href":"https:\/\/wp-dev.daten.cool\/index.php?rest_route=\/wp\/v2\/posts\/23391\/revisions"}],"wp:attachment":[{"href":"https:\/\/wp-dev.daten.cool\/index.php?rest_route=%2Fwp%2Fv2%2Fmedia&parent=23391"}],"wp:term":[{"taxonomy":"category","embeddable":true,"href":"https:\/\/wp-dev.daten.cool\/index.php?rest_route=%2Fwp%2Fv2%2Fcategories&post=23391"},{"taxonomy":"post_tag","embeddable":true,"href":"https:\/\/wp-dev.daten.cool\/index.php?rest_route=%2Fwp%2Fv2%2Ftags&post=23391"}],"curies":[{"name":"wp","href":"https:\/\/api.w.org\/{rel}","templated":true}]}}