{"id":23399,"date":"2001-11-06T00:06:03","date_gmt":"2001-11-05T23:06:03","guid":{"rendered":"https:\/\/www.cilip.de\/?p=23399"},"modified":"2001-11-06T00:06:03","modified_gmt":"2001-11-05T23:06:03","slug":"mit-dem-terrorismus-bekaempfungsgesetz-in-den-ueberwachungsstaat","status":"publish","type":"post","link":"https:\/\/wp-dev.daten.cool\/?p=23399","title":{"rendered":"Mit dem &#8222;Terrorismus&#8220;-Bek\u00e4mpfungsgesetz in den \u00dcberwachungsstaat!"},"content":{"rendered":"<h2>Presseerkl\u00e4rung von \u00fcber 20 B\u00fcrgerrechts- und Datenschutzorganisationen zum &#8222;Terror-Paket&#8220;<\/h2>\n<p>B\u00fcrgerrechts- und Datenschutzorganisationen halten das Verhandlungsergebnis zwischen Bundesinnenminster Otto Schily und der Bundestagsfraktion von B\u00fcndnis 90\/ Die Gr\u00fcnen zum sog. Terrorismusbek\u00e4mpfungsgesetz f\u00fcr eine Katastrophe.<\/p>\n<p>Nach den ersten Verlautbarungen bestand zun\u00e4chst noch Hoffnung, dass die b\u00fcndnisgr\u00fcne Bundestagsfraktion die schlimmsten Ausw\u00fcchse verhindern k\u00f6nnte. Der bisher bekannt gewordene \u00fcberarbeitete Gesetzesentwurf belehrt uns eines Schlechteren. Einzelnen Zugest\u00e4ndnissen Schilys an die Gr\u00fcnen stehen massive Verschlimmerungen gegen\u00fcber.<!--more--><\/p>\n<p>Eine \u00f6ffentliche Auseinandersetzung mit dem Ergebnis der Verhandlungen konnte bisher nicht stattfinden. Angesichts der gravierenden Eingriffe in Grundfreiheiten, die in dem Gesetzespaket vorgesehen sind, w\u00e4re eine solche kritische Auseinandersetzung mit dessen Folgen unverzichtbar, bevor sich das Kabinett auf einen Gesetzentwurf einigt und der Bundestag dar\u00fcber entscheidet. Es bleibt bei der Kritik, dass diese Demontage des Rechtsstaates in einem geheimen Verfahren zwischen den Parteien ohne Einflussm\u00f6glichkeiten der demokratischen \u00d6ffentlichkeit durchgepeitscht werden soll.<\/p>\n<p>Die wesentlichen Kritikpunkte der B\u00fcrgerrechts- und Datenschutzorganisationen bleiben bestehen. Keine einzige der im Gesetzesvorhaben vorgeschlagenen Ma\u00dfnahmen w\u00e4re geeignet, Anschl\u00e4ge wie die Attentate von New York zu verhindern. Demgegen\u00fcber werden verb\u00fcrgte Grund- und Freiheitsrechte sowohl deutscher wie nichtdeutscher B\u00fcrgerInnen durch die geplanten Ma\u00dfnahmen ungerechtfertigt eingeschr\u00e4nkt. Von den uns gegenw\u00e4rtig bekannten Ma\u00dfnahmen gef\u00e4hrden die folgenden B\u00fcrgerrechte und Demokratie in besonderem Ma\u00dfe:<\/p>\n<ul>\n<li>Verdacht auf Gef\u00e4hrdung der freiheitlichen demokratischen Grundordnung als zwingender Versagungsgrund f\u00fcr die Erteilung oder Verl\u00e4ngerung einer Aufenthaltsgenehmigung. F\u00fcr hier lebende Ausl\u00e4nder wird dies zudem ein Ausweisungsgrund. Hinzu kommt k\u00fcnftig die sofortige Vollziehbarkeit dieser und anderer Ausweisungen.<\/li>\n<li>Aufhebung der Trennung von Geheimdiensten und Polizeien: Uneingeschr\u00e4nkter Zugriff der Geheimdienste auf die polizeiliche Verbunddatei INPOL und neuerdings auch die Beteiligung von MAD, BND, Zollkriminalamt und Bundesverfassungsschutz am Visumsverfahren. Zum ersten Mal in der Geschichte der Bundesrepublik bekommt der Verfassungsschutz polizei\u00e4hnliche Exekutivbefugnisse.<\/li>\n<li>Im Ausl\u00e4nderzentralregistergesetz soll die M\u00f6glichkeit der Polizei und Geheimdienste festgeschrieben werden, auf den gesamten Datenbestand im automatisierten Verfahren zuzugreifen.<\/li>\n<li>Eine identit\u00e4tssichernde Sprachaufzeichnung bei Ausl\u00e4ndern und Asylsuchenden zum Nachweis des &#8222;wirklichen&#8220; Herkunftslandes, um deren Abschiebung zu erleichtern.<\/li>\n<li>Fingerabdr\u00fccke &#8222;und andere (&#8230;) identit\u00e4tssichernde Unterlagen&#8220; von allen Asylsuchenden sollen zehn Jahre aufbewahrt und automatisch mit den polizeilichen Tatortspuren des BKA abgeglichen werden.<\/li>\n<li>Verbot von ausl\u00e4ndischen Vereinen, soweit ihre Zwecke oder ihre T\u00e4tigkeit die politische Willensbildung oder sonstige erhebliche Interessen der Bundesrepublik Deutschland beeintr\u00e4chtigen oder gef\u00e4hrden.<\/li>\n<li>Zugriffsrechte auf elektronisch speicherbare Telekommunikationsdaten: wer mit wem E-Mails austauscht oder telefoniert, Standortdaten sowie die pauschale Speicherung der Kommunikationsinhalte; neue Zugriffsrechte f\u00fcr die Geheimdienste auf die bei Telekommunikations-, Postund Bankunternehmen anfallenden Daten.<\/li>\n<\/ul>\n<p>Kaum eingesch\u00e4tzt werden k\u00f6nnen die verwendeten unbestimmten Rechtsbegriffe, deren Auslegung wohl der beh\u00f6rdlichen Praxis \u00fcberlassen wird. Wer bestimmt die Definition von &#8222;Unterst\u00fctzung des internationalen Terrorismus&#8220;? Wer grenzt &#8222;Terroristen&#8220; von &#8222;Freiheitsk\u00e4mpfern&#8220; ab?<\/p>\n<p>Zwar ist die nunmehr vorgesehene Befristung der Gesetzesvorhaben auf f\u00fcnf Jahre mit dann erfolgender \u00dcberpr\u00fcfung eine zumindest formale Verbesserung. Nicht vergessen werden darf jedoch, dass die neu geschaffenen Strukturen mit Sicherheit ein gro\u00dfes Interesse haben werden, &#8222;Erfolge&#8220; vorzuweisen. Einmal festgelegte \u00dcberwachungsma\u00dfnahmen werden erfahrungsgem\u00e4\u00df nur im Ausnahmefall wieder aufgehoben. Auch wird die festgelegte unabh\u00e4ngige wissenschaftliche \u00dcberpr\u00fcfung der vorgeschlagenen Ma\u00dfnahmen infolge der strukturellen Beteiligung der Geheimdienste faktisch erschwert.<\/p>\n<p>Die diese Erkl\u00e4rung unterst\u00fctzenden Organisationen halten die Gesetzentw\u00fcrfe f\u00fcr falsch. Die gro\u00dfe Eile, in der das Gesetzesvorhaben durchgezogen werden soll, wird der hohen Bedeutung der Grundrechte, in die hier eingegriffen wird, an keinem Punkt gerecht.<\/p>\n<p>Die Terroranschl\u00e4ge und deren Vorgeschichte m\u00fcssen auch zum Anla\u00df genommen werden, das Wirken der Geheimdienste sehr kritisch zu \u00fcberpr\u00fcfen; f\u00fcr massive zus\u00e4tzliche Erm\u00e4chtigungen dieser letztlich unkontrollierbaren Apparate gibt es kein vern\u00fcnftiges und demokratisch vertretbares Argument.<\/p>\n<p>Die \u00c4nderungen im Ausl\u00e4nder- und Asylverfahrensgesetz sprechen eine deutlich rassistische Sprache und taugen nicht dazu, Sicherheit zu gewinnen, sondern verst\u00e4rken pauschale Vorurteile und Ressentiments in der Bev\u00f6lkerung. Faire Asylverfahren werden so mehr denn je unm\u00f6glich sein.<\/p>\n<p>Festzuhalten bleibt, dass die geplanten Ma\u00dfnahmen nicht alleine auf Nichtdeutsche und Ausl\u00e4nderInnen zielen, sondern auf die gesamte Bev\u00f6lkerung. Die B\u00fcrgerinnen und B\u00fcrger sowie das Grundgesetz sind keine Versuchskaninchen. Um seiner Verantwortung gerecht zu werden, kann der Bundestag \u00fcber einen solchen Gesetzesentwurf nur auf der Grundlage einer sorgf\u00e4ltigen Diskussion entscheiden, nicht vor deren Beginn. In eine Diskussion sind die B\u00fcrgerrechts- und Datenschutzorganisationen einzubeziehen!<\/p>\n<ul>\n<li><b>Humanistische Union (HU)<\/b>, Vors. Dr. Till M\u00fcller-Heidelberg<\/li>\n<li><b>Republikanischer Anw\u00e4ltinnen und Anw\u00e4lteverein (RAV)<\/b>, Vors. Wolfgang Kaleck<\/li>\n<li><b>Internationale Liga f\u00fcr Menschenrechte<\/b>, Wahied Wahdat-Hagh, Kilian Stein<\/li>\n<li><b>Strafverteidigervereinigungen, Organisationsb\u00fcro<\/b>, Margarete v. Galen, Jasper v. Schlieffen<\/li>\n<li><b>Vereinigung Berliner Strafverteidiger<\/b>, R\u00fcdiger Portius<\/li>\n<li><b>B\u00fcrgerrechte &amp; Polizei \/ CILIP<\/b>, Dr. Norbert P\u00fctter, Martina Kant<\/li>\n<li><b>Deutsche Vereinigung f\u00fcr Datenschutz (DVD)<\/b>, S\u00f6nke Hilbrans<\/li>\n<li><b>Vereinigung Demokratischer Juristinnen u. Juristen (VDJ)<\/b>, Vors. Prof. Dr. Martin Kutscha<\/li>\n<li><b>Komitee f\u00fcr Grundrechte und Demokratie<\/b>, Sprecher: Prof. Dr. Wolf-Dieter Narr<\/li>\n<li><b>Chaos Computer Club<\/b>, Sprecher: Andy M\u00fcller-Maguhn,<\/li>\n<li><b>JungdemokratInnen\/Junge Linke, Bundesverband<\/b>, Bundesvors. Danielle Herrmann<\/li>\n<li><b>JungdemokratInnen\/Junge Linke, Landesverband Berlin<\/b>, Vors.: Katja Grote<\/li>\n<li><b>Kampagne gegen Wehrpflicht, Zwangsdienste und Milit\u00e4r<\/b>, Ralf Siemens<\/li>\n<li><b>Gustav Heinemann-Initiative<\/b>, Sprecher: Ulrich Finckh<\/li>\n<li><b>Redaktion &#8222;ak analyse &amp; kritik&#8220;<\/b>, Martin Beck<\/li>\n<li><b>Forum InformatikerInnen f\u00fcr Frieden und gesellschaftliche Verantwortung e.V.<\/b><\/li>\n<li><b>Fl\u00fcchtlingsrat Berlin<\/b>, Jens-Uwe Thomas, Georg Classen<\/li>\n<li><b>&#8222;bis gleich&#8230;&#8220; Initiative f\u00fcr die Freilassung und gegen den Paragraphen 129a<\/b>, Sprecher: Dominique John<\/li>\n<li><b>Netzwerk Neue Medien<\/b>, Jan Schallab\u00f6ck, Ralf Bendrath, Markus Beckedahl,<\/li>\n<li><b>Redaktion &#8222;Ossietzky&#8220;<\/b>, Eckart Spoo<\/li>\n<li><b>AG gegen internationale sexuelle und rassistische Ausbeutung (agisra)<\/b>, Christiane Howe<\/li>\n<li><b>Dr. Sebastian Pflugbeil<\/b>, Gesellschaft f\u00fcr Strahlenschutz e.V., Neues Forum<\/li>\n<li><b>Volker Eick<\/b>, Mitglied im Interdisziplin\u00e4ren Arbeitskreis Innere Sicherheit (AKIS), Arbeitskreis Politikfeldanalyse Innere Sicherheit in der Deutschen Vereinigung f\u00fcr Politikwissenschaft<\/li>\n<\/ul>\n<h4>R\u00fcckfragen \u00fcber:<\/h4>\n<p>RAV &#8211; Gesch\u00e4ftsstelle Hohenzollernstr. 7, 30161 Hannover<br \/>\nGesch\u00e4ftsf\u00fchrung (Berlin):<br \/>\nHannes Honecker<\/p>\n<p>oder:<\/p>\n<p>Humanistische Union &#8211; Bundesgesch\u00e4ftstelle (Tobias Baur):<br \/>\nHaus der Demokratie und Menschenrechte<br \/>\nGreifswalder Str. 4, 10405 Berlin<\/p>\n","protected":false},"excerpt":{"rendered":"<p>Presseerkl\u00e4rung von \u00fcber 20 B\u00fcrgerrechts- und Datenschutzorganisationen zum &#8222;Terror-Paket&#8220; B\u00fcrgerrechts- und Datenschutzorganisationen halten das Verhandlungsergebnis<\/p>\n","protected":false},"author":2,"featured_media":0,"comment_status":"open","ping_status":"open","sticky":false,"template":"","format":"standard","meta":{"footnotes":""},"categories":[140],"tags":[],"class_list":["post-23399","post","type-post","status-publish","format-standard","hentry","category-dokumente"],"_links":{"self":[{"href":"https:\/\/wp-dev.daten.cool\/index.php?rest_route=\/wp\/v2\/posts\/23399","targetHints":{"allow":["GET"]}}],"collection":[{"href":"https:\/\/wp-dev.daten.cool\/index.php?rest_route=\/wp\/v2\/posts"}],"about":[{"href":"https:\/\/wp-dev.daten.cool\/index.php?rest_route=\/wp\/v2\/types\/post"}],"author":[{"embeddable":true,"href":"https:\/\/wp-dev.daten.cool\/index.php?rest_route=\/wp\/v2\/users\/2"}],"replies":[{"embeddable":true,"href":"https:\/\/wp-dev.daten.cool\/index.php?rest_route=%2Fwp%2Fv2%2Fcomments&post=23399"}],"version-history":[{"count":0,"href":"https:\/\/wp-dev.daten.cool\/index.php?rest_route=\/wp\/v2\/posts\/23399\/revisions"}],"wp:attachment":[{"href":"https:\/\/wp-dev.daten.cool\/index.php?rest_route=%2Fwp%2Fv2%2Fmedia&parent=23399"}],"wp:term":[{"taxonomy":"category","embeddable":true,"href":"https:\/\/wp-dev.daten.cool\/index.php?rest_route=%2Fwp%2Fv2%2Fcategories&post=23399"},{"taxonomy":"post_tag","embeddable":true,"href":"https:\/\/wp-dev.daten.cool\/index.php?rest_route=%2Fwp%2Fv2%2Ftags&post=23399"}],"curies":[{"name":"wp","href":"https:\/\/api.w.org\/{rel}","templated":true}]}}